{"id":10012,"date":"2019-05-06T18:11:33","date_gmt":"2019-05-06T18:11:33","guid":{"rendered":"https:\/\/larevistadigital.com.ar\/blog\/?p=10012"},"modified":"2019-05-06T18:11:33","modified_gmt":"2019-05-06T18:11:33","slug":"chascomus-cuando-la-desidia-provoca-accidentes-que-podrian-ser-desgracias","status":"publish","type":"post","link":"https:\/\/larevistadigital.com.ar\/blog\/chascomus-cuando-la-desidia-provoca-accidentes-que-podrian-ser-desgracias\/","title":{"rendered":"CHASCOMUS: CUANDO LA DESIDIA PROVOCA ACCIDENTES QUE PODR\u00cdAN SER DESGRACIAS."},"content":{"rendered":"<p>Durante la noche de ayer, una joven vecina de Chascom\u00fas, sufri\u00f3 un accidente que a pesar de ser grave, podr\u00eda haber sido much\u00edsimo peor, y tener consecuencias irremediables. Aunque en realidad, y mientras repasamos los hechos, podemos afirmar que esto no es un accidente, sino consecuencia de cosas que se hacen mal, y no se remedian hasta el momento.<\/p>\n<blockquote>\n<h3>Esto, adem\u00e1s de ser una advertencia para las autoridades, explica el porqu\u00e9 de nuestra posici\u00f3n con respecto a algunos temas, como el arreglo del centro que termin\u00f3 siendo un cambio de baldosas, que podr\u00eda haber esperado ya que no revest\u00eda urgencia alguna, para poner \u00e9nfasis en lugares y barrios que son realmente intransitables, como por ejemplo el Barrio 30 de Mayo, donde habitan alrededor de 700 familias, o lugares como el de esta historia, que pudo terminar en desgracia.<\/h3>\n<\/blockquote>\n<p>Sucede que una chica de 19 a\u00f1os de edad llamada <strong>Florencia<\/strong>, circulaba con su moto por calle Per\u00fa, en la zona recientemente asfaltada, cuando se detuvo a socorrer a una persona que se hab\u00eda ca\u00eddo de su moto, llamando a la ambulancia, y esperando que lleven al herido para su tratamiento.<\/p>\n<p>Una vez se retir\u00f3 la ambulancia, <strong>Florencia<\/strong> continu\u00f3 su camino, y al llegar a la pr\u00f3xima esquina (Per\u00fa y General Paz) cuando quiso doblar, algo la roz\u00f3.\u00a0 Sinti\u00f3 un fuerte dolor en su pie, pero no alcanz\u00f3 a ver qu\u00e9 le hab\u00eda ocurrido, porque el lugar no tiene buena iluminaci\u00f3n, pero sigui\u00f3 una cuadra m\u00e1s, hasta la casa de una amiga que la esperaba.<\/p>\n<p><strong>Florencia<\/strong>, lleg\u00f3 muy dolorida. En casa de su amiga, pudo corroborar algo terrible: su zapatilla estaba totalmente tajeada y llena de sangre, y al quitarla advirti\u00f3 que algo le hab\u00eda provocado un corte enorme en el pie.<\/p>\n<blockquote>\n<h3>Su amiga entonces, la llev\u00f3 a la guardia del Hospital Municipal, donde fue debidamente atendida, y adem\u00e1s de los analg\u00e9sicos y antibi\u00f3ticos, debi\u00f3 ser vacunada contra el t\u00e9tanos y recibi\u00f3 por el corte, siete puntos de sutura.<\/h3>\n<\/blockquote>\n<p>\u00bfQu\u00e9 origin\u00f3 semejante lesi\u00f3n?: La \u00abno terminaci\u00f3n\u00bb de la obra cuando se hizo el asfalto de calle Per\u00fa. Obra que trajo m\u00e1s de una pol\u00e9mica por diversas razones, que ahora no viene al caso recordar, pero que como testigo de la mala ejecuci\u00f3n de la misma, ha dejado unos fierros al aire, que provocaron el corte en el pie de<strong> Florencia<\/strong>, y que podr\u00edan provocar lesiones much\u00edsimo peores. Adjuntamos las fotos que nos acerc\u00f3 la mam\u00e1 de <strong>Florencia<\/strong>.<\/p>\n<h3><strong>AQU\u00cd LAS FOTOS DE LOS FIERROS QUE DEJARON IRRESPONSABLEMENTE, E HIRIERON A FLORENCIA (PER\u00da ESQUINA GRAL. PAZ)<\/strong><\/h3>\n<p><a href=\"https:\/\/i0.wp.com\/larevistadigital.com.ar\/blog\/wp-content\/uploads\/2019\/05\/WhatsApp-Image-2019-05-06-at-08.10.44-1.jpeg?ssl=1\"><img data-recalc-dims=\"1\" loading=\"lazy\" decoding=\"async\" class=\"alignnone size-full wp-image-10014\" src=\"https:\/\/i0.wp.com\/larevistadigital.com.ar\/blog\/wp-content\/uploads\/2019\/05\/WhatsApp-Image-2019-05-06-at-08.10.44-1.jpeg?resize=960%2C1280&#038;ssl=1\" alt=\"\" width=\"960\" height=\"1280\" srcset=\"https:\/\/i0.wp.com\/larevistadigital.com.ar\/blog\/wp-content\/uploads\/2019\/05\/WhatsApp-Image-2019-05-06-at-08.10.44-1.jpeg?w=960&amp;ssl=1 960w, https:\/\/i0.wp.com\/larevistadigital.com.ar\/blog\/wp-content\/uploads\/2019\/05\/WhatsApp-Image-2019-05-06-at-08.10.44-1.jpeg?resize=225%2C300&amp;ssl=1 225w, https:\/\/i0.wp.com\/larevistadigital.com.ar\/blog\/wp-content\/uploads\/2019\/05\/WhatsApp-Image-2019-05-06-at-08.10.44-1.jpeg?resize=768%2C1024&amp;ssl=1 768w\" sizes=\"auto, (max-width: 960px) 100vw, 960px\" \/><\/a> <a href=\"https:\/\/i0.wp.com\/larevistadigital.com.ar\/blog\/wp-content\/uploads\/2019\/05\/WhatsApp-Image-2019-05-06-at-08.10.59.jpeg?ssl=1\"><img data-recalc-dims=\"1\" loading=\"lazy\" decoding=\"async\" class=\"alignnone size-full wp-image-10015\" src=\"https:\/\/i0.wp.com\/larevistadigital.com.ar\/blog\/wp-content\/uploads\/2019\/05\/WhatsApp-Image-2019-05-06-at-08.10.59.jpeg?resize=1280%2C960&#038;ssl=1\" alt=\"\" width=\"1280\" height=\"960\" srcset=\"https:\/\/i0.wp.com\/larevistadigital.com.ar\/blog\/wp-content\/uploads\/2019\/05\/WhatsApp-Image-2019-05-06-at-08.10.59.jpeg?w=1280&amp;ssl=1 1280w, https:\/\/i0.wp.com\/larevistadigital.com.ar\/blog\/wp-content\/uploads\/2019\/05\/WhatsApp-Image-2019-05-06-at-08.10.59.jpeg?resize=300%2C225&amp;ssl=1 300w, https:\/\/i0.wp.com\/larevistadigital.com.ar\/blog\/wp-content\/uploads\/2019\/05\/WhatsApp-Image-2019-05-06-at-08.10.59.jpeg?resize=768%2C576&amp;ssl=1 768w, https:\/\/i0.wp.com\/larevistadigital.com.ar\/blog\/wp-content\/uploads\/2019\/05\/WhatsApp-Image-2019-05-06-at-08.10.59.jpeg?resize=1024%2C768&amp;ssl=1 1024w, https:\/\/i0.wp.com\/larevistadigital.com.ar\/blog\/wp-content\/uploads\/2019\/05\/WhatsApp-Image-2019-05-06-at-08.10.59.jpeg?resize=678%2C509&amp;ssl=1 678w, https:\/\/i0.wp.com\/larevistadigital.com.ar\/blog\/wp-content\/uploads\/2019\/05\/WhatsApp-Image-2019-05-06-at-08.10.59.jpeg?resize=326%2C245&amp;ssl=1 326w, https:\/\/i0.wp.com\/larevistadigital.com.ar\/blog\/wp-content\/uploads\/2019\/05\/WhatsApp-Image-2019-05-06-at-08.10.59.jpeg?resize=80%2C60&amp;ssl=1 80w\" sizes=\"auto, (max-width: 1000px) 100vw, 1000px\" \/><\/a> <a href=\"https:\/\/i0.wp.com\/larevistadigital.com.ar\/blog\/wp-content\/uploads\/2019\/05\/WhatsApp-Image-2019-05-06-at-08.11.05.jpeg?ssl=1\"><img data-recalc-dims=\"1\" loading=\"lazy\" decoding=\"async\" class=\"alignnone size-full wp-image-10016\" src=\"https:\/\/i0.wp.com\/larevistadigital.com.ar\/blog\/wp-content\/uploads\/2019\/05\/WhatsApp-Image-2019-05-06-at-08.11.05.jpeg?resize=1280%2C960&#038;ssl=1\" alt=\"\" width=\"1280\" height=\"960\" srcset=\"https:\/\/i0.wp.com\/larevistadigital.com.ar\/blog\/wp-content\/uploads\/2019\/05\/WhatsApp-Image-2019-05-06-at-08.11.05.jpeg?w=1280&amp;ssl=1 1280w, https:\/\/i0.wp.com\/larevistadigital.com.ar\/blog\/wp-content\/uploads\/2019\/05\/WhatsApp-Image-2019-05-06-at-08.11.05.jpeg?resize=300%2C225&amp;ssl=1 300w, https:\/\/i0.wp.com\/larevistadigital.com.ar\/blog\/wp-content\/uploads\/2019\/05\/WhatsApp-Image-2019-05-06-at-08.11.05.jpeg?resize=768%2C576&amp;ssl=1 768w, https:\/\/i0.wp.com\/larevistadigital.com.ar\/blog\/wp-content\/uploads\/2019\/05\/WhatsApp-Image-2019-05-06-at-08.11.05.jpeg?resize=1024%2C768&amp;ssl=1 1024w, https:\/\/i0.wp.com\/larevistadigital.com.ar\/blog\/wp-content\/uploads\/2019\/05\/WhatsApp-Image-2019-05-06-at-08.11.05.jpeg?resize=678%2C509&amp;ssl=1 678w, https:\/\/i0.wp.com\/larevistadigital.com.ar\/blog\/wp-content\/uploads\/2019\/05\/WhatsApp-Image-2019-05-06-at-08.11.05.jpeg?resize=326%2C245&amp;ssl=1 326w, https:\/\/i0.wp.com\/larevistadigital.com.ar\/blog\/wp-content\/uploads\/2019\/05\/WhatsApp-Image-2019-05-06-at-08.11.05.jpeg?resize=80%2C60&amp;ssl=1 80w\" sizes=\"auto, (max-width: 1000px) 100vw, 1000px\" \/><\/a><\/p>\n<p>Como se aprecia en las im\u00e1genes, esos fierros, pueden provocar da\u00f1os mayores. Solamente el imaginar lo que hubiera sucedido si <strong>Florencia<\/strong> hubiera ca\u00eddo sobre ellos, o alguna otra persona.<\/p>\n<p>Esperamos que se tomen medidas y se arregle eso que es un peligro para todos los vecinos, sobre todo para los m\u00e1s chicos.<\/p>\n","protected":false},"excerpt":{"rendered":"<div class=\"mh-excerpt\"><p>Durante la noche de ayer, una joven vecina de Chascom\u00fas, sufri\u00f3 un accidente que a pesar de ser grave, podr\u00eda haber sido much\u00edsimo peor, y tener consecuencias irremediables. Aunque en realidad, y mientras repasamos los <a class=\"mh-excerpt-more\" href=\"https:\/\/larevistadigital.com.ar\/blog\/chascomus-cuando-la-desidia-provoca-accidentes-que-podrian-ser-desgracias\/\" title=\"CHASCOMUS: CUANDO LA DESIDIA PROVOCA ACCIDENTES QUE PODR\u00cdAN SER DESGRACIAS.\">[Leer M\u00e1s]<\/a><\/p>\n<\/div>","protected":false},"author":3,"featured_media":10013,"comment_status":"open","ping_status":"open","sticky":false,"template":"","format":"standard","meta":{"_jetpack_memberships_contains_paid_content":false,"footnotes":"","jetpack_publicize_message":"","jetpack_publicize_feature_enabled":true,"jetpack_social_post_already_shared":true,"jetpack_social_options":{"image_generator_settings":{"template":"highway","default_image_id":0,"font":"","enabled":false},"version":2}},"categories":[41],"tags":[],"class_list":{"0":"post-10012","1":"post","2":"type-post","3":"status-publish","4":"format-standard","5":"has-post-thumbnail","7":"category-destacadas"},"jetpack_publicize_connections":[],"jetpack_featured_media_url":"https:\/\/i0.wp.com\/larevistadigital.com.ar\/blog\/wp-content\/uploads\/2019\/05\/calleperu_06dejuniode2108_elfuerte.jpg?fit=737%2C415&ssl=1","jetpack_sharing_enabled":true,"jetpack_shortlink":"https:\/\/wp.me\/p8qtrQ-2Bu","jetpack-related-posts":[{"id":14374,"url":"https:\/\/larevistadigital.com.ar\/blog\/chascomus-la-irresponsabilidad-a-la-vista-de-todos\/","url_meta":{"origin":10012,"position":0},"title":"CHASCOM\u00daS: LA IRRESPONSABILIDAD A LA VISTA DE TODOS","author":"Alejandro Sosa Ruda","date":"26 enero, 2020","format":false,"excerpt":"El d\u00eda s\u00e1bado, algunos vecinos nos hicieron llegar unas fotos de algo que observaron en la plazoleta en donde se encuentra ubicado el \"Paseo de los Artesanos\", y que podr\u00eda haber ocasionado que alguien, adulto o ni\u00f1o resultara electrocutado con todo lo que eso significa. Resulta que se utiliz\u00f3 una\u2026","rel":"","context":"En \u00abDESTACADAS\u00bb","block_context":{"text":"DESTACADAS","link":"https:\/\/larevistadigital.com.ar\/blog\/category\/destacadas\/"},"img":{"alt_text":"","src":"https:\/\/i0.wp.com\/larevistadigital.com.ar\/blog\/wp-content\/uploads\/WhatsApp-Image-2020-01-25-at-21.21.53.jpeg?fit=675%2C1200&ssl=1&resize=350%2C200","width":350,"height":200,"srcset":"https:\/\/i0.wp.com\/larevistadigital.com.ar\/blog\/wp-content\/uploads\/WhatsApp-Image-2020-01-25-at-21.21.53.jpeg?fit=675%2C1200&ssl=1&resize=350%2C200 1x, https:\/\/i0.wp.com\/larevistadigital.com.ar\/blog\/wp-content\/uploads\/WhatsApp-Image-2020-01-25-at-21.21.53.jpeg?fit=675%2C1200&ssl=1&resize=525%2C300 1.5x"},"classes":[]},{"id":21558,"url":"https:\/\/larevistadigital.com.ar\/blog\/micro-cae-a-la-zanja-de-lastra-y-12-de-octubre-por-el-desvio-de-las-obras-del-municipio\/","url_meta":{"origin":10012,"position":1},"title":"MICRO CAE A LA ZANJA DE LASTRA Y 12 DE OCTUBRE POR EL DESV\u00cdO DE LAS OBRAS DEL MUNICIPIO.","author":"Alejandro Sosa Ruda","date":"14 agosto, 2021","format":false,"excerpt":"CHASCOM\u00daS -\u00a0 Hoy por la ma\u00f1ana ocurri\u00f3 un accidente que podr\u00eda haber sido mucho peor de lo que pas\u00f3. Un micro, de la empresa Rutatl\u00e1ntica qued\u00f3 literalmente \"encallado\" en una zanja ubicada en el cruce de Avenida Alfons\u00edn (ex Lastra) y 12 de Octubre, lugar elegido por el municipio para\u2026","rel":"","context":"En \u00abINTERES GENERAL\u00bb","block_context":{"text":"INTERES GENERAL","link":"https:\/\/larevistadigital.com.ar\/blog\/category\/interes-general\/"},"img":{"alt_text":"","src":"https:\/\/i0.wp.com\/larevistadigital.com.ar\/blog\/wp-content\/uploads\/WhatsApp-Image-2021-08-14-at-09.31.54.jpeg?fit=1156%2C867&ssl=1&resize=350%2C200","width":350,"height":200,"srcset":"https:\/\/i0.wp.com\/larevistadigital.com.ar\/blog\/wp-content\/uploads\/WhatsApp-Image-2021-08-14-at-09.31.54.jpeg?fit=1156%2C867&ssl=1&resize=350%2C200 1x, https:\/\/i0.wp.com\/larevistadigital.com.ar\/blog\/wp-content\/uploads\/WhatsApp-Image-2021-08-14-at-09.31.54.jpeg?fit=1156%2C867&ssl=1&resize=525%2C300 1.5x, https:\/\/i0.wp.com\/larevistadigital.com.ar\/blog\/wp-content\/uploads\/WhatsApp-Image-2021-08-14-at-09.31.54.jpeg?fit=1156%2C867&ssl=1&resize=700%2C400 2x, https:\/\/i0.wp.com\/larevistadigital.com.ar\/blog\/wp-content\/uploads\/WhatsApp-Image-2021-08-14-at-09.31.54.jpeg?fit=1156%2C867&ssl=1&resize=1050%2C600 3x"},"classes":[]},{"id":30315,"url":"https:\/\/larevistadigital.com.ar\/blog\/fallece-vecino-de-chascomus-en-un-accidente-vial-en-san-andres-de-giles\/","url_meta":{"origin":10012,"position":2},"title":"FALLECE VECINO DE CHASCOM\u00daS EN UN ACCIDENTE VIAL EN SAN ANDR\u00c9S DE GILES","author":"Alejandro Sosa Ruda","date":"2 marzo, 2023","format":false,"excerpt":"Sucedi\u00f3 en la ruta N\u00b07 a la altura de San Andr\u00e9s de Giles. Choc\u00f3 contra un cami\u00f3n con acoplado. 2 de marzo de 2023 SAN ANDRES DE GILES -\u00a0 Se conoci\u00f3 a trav\u00e9s de una publicaci\u00f3n en el portal \"Infocielo\", del lamentable accidente sufrido por un vecino de Chascom\u00fas, identificado\u2026","rel":"","context":"En \u00abDESTACADAS\u00bb","block_context":{"text":"DESTACADAS","link":"https:\/\/larevistadigital.com.ar\/blog\/category\/destacadas\/"},"img":{"alt_text":"","src":"https:\/\/i0.wp.com\/larevistadigital.com.ar\/blog\/wp-content\/uploads\/d.png?fit=900%2C451&ssl=1&resize=350%2C200","width":350,"height":200,"srcset":"https:\/\/i0.wp.com\/larevistadigital.com.ar\/blog\/wp-content\/uploads\/d.png?fit=900%2C451&ssl=1&resize=350%2C200 1x, https:\/\/i0.wp.com\/larevistadigital.com.ar\/blog\/wp-content\/uploads\/d.png?fit=900%2C451&ssl=1&resize=525%2C300 1.5x, https:\/\/i0.wp.com\/larevistadigital.com.ar\/blog\/wp-content\/uploads\/d.png?fit=900%2C451&ssl=1&resize=700%2C400 2x"},"classes":[]},{"id":27090,"url":"https:\/\/larevistadigital.com.ar\/blog\/chascomus-fotos-fatal-accidente-en-la-costanera-con-una-joven-fallecida\/","url_meta":{"origin":10012,"position":3},"title":"CHASCOM\u00daS: [fotos] FATAL ACCIDENTE EN LA COSTANERA, CON UNA JOVEN FALLECIDA","author":"Alejandro Sosa Ruda","date":"13 agosto, 2022","format":false,"excerpt":"Fue por la madrugada, en Costanera entre Lastra y Mu\u00f1iz, donde la v\u00edctima de 17 a\u00f1os circulaba como acompa\u00f1ante en la parte trasera de una moto y colision\u00f3 con un autom\u00f3vil. 13 de agosto de 2022 CHASCOM\u00daS - Durante la madrugada, se produjo un lamentable y luctuoso accidente entre una\u2026","rel":"","context":"En \u00abDESTACADAS\u00bb","block_context":{"text":"DESTACADAS","link":"https:\/\/larevistadigital.com.ar\/blog\/category\/destacadas\/"},"img":{"alt_text":"","src":"https:\/\/i0.wp.com\/larevistadigital.com.ar\/blog\/wp-content\/uploads\/298835278_10227570230776448_3294696304837466845_n.jpg?fit=1200%2C900&ssl=1&resize=350%2C200","width":350,"height":200,"srcset":"https:\/\/i0.wp.com\/larevistadigital.com.ar\/blog\/wp-content\/uploads\/298835278_10227570230776448_3294696304837466845_n.jpg?fit=1200%2C900&ssl=1&resize=350%2C200 1x, https:\/\/i0.wp.com\/larevistadigital.com.ar\/blog\/wp-content\/uploads\/298835278_10227570230776448_3294696304837466845_n.jpg?fit=1200%2C900&ssl=1&resize=525%2C300 1.5x, https:\/\/i0.wp.com\/larevistadigital.com.ar\/blog\/wp-content\/uploads\/298835278_10227570230776448_3294696304837466845_n.jpg?fit=1200%2C900&ssl=1&resize=700%2C400 2x, https:\/\/i0.wp.com\/larevistadigital.com.ar\/blog\/wp-content\/uploads\/298835278_10227570230776448_3294696304837466845_n.jpg?fit=1200%2C900&ssl=1&resize=1050%2C600 3x"},"classes":[]},{"id":28207,"url":"https:\/\/larevistadigital.com.ar\/blog\/cnel-vidal-un-muerto-tras-choque-en-la-ruta-55\/","url_meta":{"origin":10012,"position":4},"title":"CNEL. VIDAL: UN MUERTO TRAS CHOQUE EN LA RUTA 55","author":"Alejandro Sosa Ruda","date":"2 octubre, 2022","format":false,"excerpt":"Fue entre una camioneta y un cami\u00f3n. Pudo ser como consecuencia de la gran niebla. 02 de Octubre de 2022 CORONEL VIDAL -\u00a0 El accidente sucedi\u00f3 durante la ma\u00f1ana de ayer, a la altura de Coronel Vidal en la\u00a0 ruta 55, donde un hombre de 65 a\u00f1os de edad, result\u00f3\u2026","rel":"","context":"En \u00abPOLICIALES\u00bb","block_context":{"text":"POLICIALES","link":"https:\/\/larevistadigital.com.ar\/blog\/category\/policiales\/"},"img":{"alt_text":"","src":"https:\/\/i0.wp.com\/larevistadigital.com.ar\/blog\/wp-content\/uploads\/f837c0c7427de0636a5e002abf5c8a555fa2a72a.jpg?fit=1140%2C641&ssl=1&resize=350%2C200","width":350,"height":200,"srcset":"https:\/\/i0.wp.com\/larevistadigital.com.ar\/blog\/wp-content\/uploads\/f837c0c7427de0636a5e002abf5c8a555fa2a72a.jpg?fit=1140%2C641&ssl=1&resize=350%2C200 1x, https:\/\/i0.wp.com\/larevistadigital.com.ar\/blog\/wp-content\/uploads\/f837c0c7427de0636a5e002abf5c8a555fa2a72a.jpg?fit=1140%2C641&ssl=1&resize=525%2C300 1.5x, https:\/\/i0.wp.com\/larevistadigital.com.ar\/blog\/wp-content\/uploads\/f837c0c7427de0636a5e002abf5c8a555fa2a72a.jpg?fit=1140%2C641&ssl=1&resize=700%2C400 2x, https:\/\/i0.wp.com\/larevistadigital.com.ar\/blog\/wp-content\/uploads\/f837c0c7427de0636a5e002abf5c8a555fa2a72a.jpg?fit=1140%2C641&ssl=1&resize=1050%2C600 3x"},"classes":[]},{"id":13029,"url":"https:\/\/larevistadigital.com.ar\/blog\/importante-accidente-en-el-acceso-a-chascomus\/","url_meta":{"origin":10012,"position":5},"title":"IMPORTANTE ACCIDENTE EN EL ACCESO A CHASCOM\u00daS","author":"Alejandro Sosa Ruda","date":"4 noviembre, 2019","format":false,"excerpt":"Los Bomberos Voluntarios de Chascom\u00fas, dieron a conocer a trav\u00e9s de su p\u00e1gina de Facebook, un accidente ocurrido a las tres y media de la madrugada de ayer, en avenida Juan Manuel de Rosas y Diagonal 30 de Mayo, de acuerdo a lo consignado por los bomberos voluntarios, en su\u2026","rel":"","context":"En \u00abINTERES GENERAL\u00bb","block_context":{"text":"INTERES GENERAL","link":"https:\/\/larevistadigital.com.ar\/blog\/category\/interes-general\/"},"img":{"alt_text":"","src":"https:\/\/i0.wp.com\/larevistadigital.com.ar\/blog\/wp-content\/uploads\/accidente_03denoviembrede2019_elfuerte.jpg?fit=737%2C415&ssl=1&resize=350%2C200","width":350,"height":200,"srcset":"https:\/\/i0.wp.com\/larevistadigital.com.ar\/blog\/wp-content\/uploads\/accidente_03denoviembrede2019_elfuerte.jpg?fit=737%2C415&ssl=1&resize=350%2C200 1x, https:\/\/i0.wp.com\/larevistadigital.com.ar\/blog\/wp-content\/uploads\/accidente_03denoviembrede2019_elfuerte.jpg?fit=737%2C415&ssl=1&resize=525%2C300 1.5x, https:\/\/i0.wp.com\/larevistadigital.com.ar\/blog\/wp-content\/uploads\/accidente_03denoviembrede2019_elfuerte.jpg?fit=737%2C415&ssl=1&resize=700%2C400 2x"},"classes":[]}],"_links":{"self":[{"href":"https:\/\/larevistadigital.com.ar\/blog\/wp-json\/wp\/v2\/posts\/10012","targetHints":{"allow":["GET"]}}],"collection":[{"href":"https:\/\/larevistadigital.com.ar\/blog\/wp-json\/wp\/v2\/posts"}],"about":[{"href":"https:\/\/larevistadigital.com.ar\/blog\/wp-json\/wp\/v2\/types\/post"}],"author":[{"embeddable":true,"href":"https:\/\/larevistadigital.com.ar\/blog\/wp-json\/wp\/v2\/users\/3"}],"replies":[{"embeddable":true,"href":"https:\/\/larevistadigital.com.ar\/blog\/wp-json\/wp\/v2\/comments?post=10012"}],"version-history":[{"count":1,"href":"https:\/\/larevistadigital.com.ar\/blog\/wp-json\/wp\/v2\/posts\/10012\/revisions"}],"predecessor-version":[{"id":10017,"href":"https:\/\/larevistadigital.com.ar\/blog\/wp-json\/wp\/v2\/posts\/10012\/revisions\/10017"}],"wp:featuredmedia":[{"embeddable":true,"href":"https:\/\/larevistadigital.com.ar\/blog\/wp-json\/wp\/v2\/media\/10013"}],"wp:attachment":[{"href":"https:\/\/larevistadigital.com.ar\/blog\/wp-json\/wp\/v2\/media?parent=10012"}],"wp:term":[{"taxonomy":"category","embeddable":true,"href":"https:\/\/larevistadigital.com.ar\/blog\/wp-json\/wp\/v2\/categories?post=10012"},{"taxonomy":"post_tag","embeddable":true,"href":"https:\/\/larevistadigital.com.ar\/blog\/wp-json\/wp\/v2\/tags?post=10012"}],"curies":[{"name":"wp","href":"https:\/\/api.w.org\/{rel}","templated":true}]}}