{"id":10018,"date":"2019-05-06T18:15:37","date_gmt":"2019-05-06T18:15:37","guid":{"rendered":"https:\/\/larevistadigital.com.ar\/blog\/?p=10018"},"modified":"2019-05-06T18:15:37","modified_gmt":"2019-05-06T18:15:37","slug":"lezama-por-concurso-se-cubrira-el-cargo-de-secretario-tecnico-del-consejo-escolar-de-lezama","status":"publish","type":"post","link":"https:\/\/larevistadigital.com.ar\/blog\/lezama-por-concurso-se-cubrira-el-cargo-de-secretario-tecnico-del-consejo-escolar-de-lezama\/","title":{"rendered":"LEZAMA: POR CONCURSO SE CUBRIR\u00c1 EL CARGO DE SECRETARIO T\u00c9CNICO DEL CONSEJO ESCOLAR DE LEZAMA"},"content":{"rendered":"<p>La inscripci\u00f3n comienza este Lunes 6 y finalizar\u00e1 el viernes 10 de mayo. Es la primera vez en 12 a\u00f1os que se acceder\u00e1 a estos espacios por concurso en la provincia.<\/p>\n<p>Consejo Escolar de Lezama informa que por Resoluci\u00f3n RESFC-2019-1052-GDEBA-DGCYE se llama a Concurso P\u00fablico y Abierto de Oposici\u00f3n y Antecedentes con el fin de cubrir los cargos de Secretario T\u00e9cnico de los Consejos Escolares\u00a0<span class=\"text_exposed_show\">de A. Gonzales Chaves, Avellaneda. Bol\u00edvar, Ezeiza, Gral. Las Heras, Gral. Madariaga, Hurlingham, Lezama, Quilmes, San Antonio de Areco, Tandil y Tres arroyos.<br \/>\nLa inscripci\u00f3n se debe realizar personalmente en la sede de la Direcci\u00f3n Provincial de Consejos Escolares, ubicada en calle 8 N\u00ba 715 entre 46 y 47, Piso 1 de la ciudad de La Plata, en el horario de 8 a 17 hs.<br \/>\nEl Pliego de Bases y Condiciones como as\u00ed tambi\u00e9n toda la informaci\u00f3n al respecto se encuentra publicada en la p\u00e1gina web abc.gob.ar.<\/span><\/p>\n<p>&nbsp;<\/p>\n","protected":false},"excerpt":{"rendered":"<div class=\"mh-excerpt\"><p>La inscripci\u00f3n comienza este Lunes 6 y finalizar\u00e1 el viernes 10 de mayo. Es la primera vez en 12 a\u00f1os que se acceder\u00e1 a estos espacios por concurso en la provincia. Consejo Escolar de Lezama <a class=\"mh-excerpt-more\" href=\"https:\/\/larevistadigital.com.ar\/blog\/lezama-por-concurso-se-cubrira-el-cargo-de-secretario-tecnico-del-consejo-escolar-de-lezama\/\" title=\"LEZAMA: POR CONCURSO SE CUBRIR\u00c1 EL CARGO DE SECRETARIO T\u00c9CNICO DEL CONSEJO ESCOLAR DE LEZAMA\">[Leer M\u00e1s]<\/a><\/p>\n<\/div>","protected":false},"author":3,"featured_media":10019,"comment_status":"open","ping_status":"open","sticky":false,"template":"","format":"standard","meta":{"_jetpack_memberships_contains_paid_content":false,"footnotes":"","jetpack_publicize_message":"","jetpack_publicize_feature_enabled":true,"jetpack_social_post_already_shared":true,"jetpack_social_options":{"image_generator_settings":{"template":"highway","default_image_id":0,"font":"","enabled":false},"version":2}},"categories":[7,12],"tags":[],"class_list":{"0":"post-10018","1":"post","2":"type-post","3":"status-publish","4":"format-standard","5":"has-post-thumbnail","7":"category-lezama","8":"category-politica"},"jetpack_publicize_connections":[],"jetpack_featured_media_url":"https:\/\/i0.wp.com\/larevistadigital.com.ar\/blog\/wp-content\/uploads\/2019\/05\/59894475_1453156631543700_7741494335597707264_o.jpg?fit=1200%2C674&ssl=1","jetpack_sharing_enabled":true,"jetpack_shortlink":"https:\/\/wp.me\/p8qtrQ-2BA","jetpack-related-posts":[{"id":8541,"url":"https:\/\/larevistadigital.com.ar\/blog\/lezama-el-consejo-escolar-recibio-nuevo-equipamiento-tecnologico\/","url_meta":{"origin":10018,"position":0},"title":"LEZAMA: EL CONSEJO ESCOLAR RECIBI\u00d3 NUEVO EQUIPAMIENTO TECNOL\u00d3GICO","author":"Alejandro Sosa Ruda","date":"19 febrero, 2019","format":false,"excerpt":"Zirza H\u00e9rroz, presidenta del Consejo Escolar de Lezama, inform\u00f3 que se recibieron d\u00edas atr\u00e1s computadoras que ser\u00e1n destinadas al mejoramiento del trabajo administrativo que desarrolla ese organismo.Las unidades fueron entregadas a las autoridades de Lezama por la Direcci\u00f3n Provincial de Consejos Escolares de la Direcci\u00f3n General de Cultura y Educaci\u00f3n,\u2026","rel":"","context":"En \u00abLEZAMA\u00bb","block_context":{"text":"LEZAMA","link":"https:\/\/larevistadigital.com.ar\/blog\/category\/lezama\/"},"img":{"alt_text":"","src":"https:\/\/i0.wp.com\/larevistadigital.com.ar\/blog\/wp-content\/uploads\/2019\/02\/52394549_1407041799488517_5510714229298036736_n.jpg?fit=872%2C654&ssl=1&resize=350%2C200","width":350,"height":200,"srcset":"https:\/\/i0.wp.com\/larevistadigital.com.ar\/blog\/wp-content\/uploads\/2019\/02\/52394549_1407041799488517_5510714229298036736_n.jpg?fit=872%2C654&ssl=1&resize=350%2C200 1x, https:\/\/i0.wp.com\/larevistadigital.com.ar\/blog\/wp-content\/uploads\/2019\/02\/52394549_1407041799488517_5510714229298036736_n.jpg?fit=872%2C654&ssl=1&resize=525%2C300 1.5x, https:\/\/i0.wp.com\/larevistadigital.com.ar\/blog\/wp-content\/uploads\/2019\/02\/52394549_1407041799488517_5510714229298036736_n.jpg?fit=872%2C654&ssl=1&resize=700%2C400 2x"},"classes":[]},{"id":8737,"url":"https:\/\/larevistadigital.com.ar\/blog\/lezama-se-cubrira-en-marzo-el-cargo-de-cocinero-para-el-nuevo-servicio-de-comedor-escolar-de-el-destino\/","url_meta":{"origin":10018,"position":1},"title":"LEZAMA: SE CUBRIR\u00c1 EN MARZO EL CARGO DE COCINERO PARA EL NUEVO SERVICIO DE COMEDOR ESCOLAR DE \u201cEL DESTINO\u201d","author":"Alejandro Sosa Ruda","date":"26 febrero, 2019","format":false,"excerpt":"El Consejo Escolar de Lezama comunica que el d\u00eda 19 de marzo, a las 14 horas, se realizar\u00e1 en el edificio (Blandengues 271) Ronda de Titulares de auxiliares para cubrir el cargo creado de cocinero para la EP N\u00b0 7 del paraje \"El Destino\". Los interesados deber\u00e1n concurrir con fotocopia\u2026","rel":"","context":"En \u00abLEZAMA\u00bb","block_context":{"text":"LEZAMA","link":"https:\/\/larevistadigital.com.ar\/blog\/category\/lezama\/"},"img":{"alt_text":"","src":"https:\/\/i0.wp.com\/larevistadigital.com.ar\/blog\/wp-content\/uploads\/2019\/02\/Screenshot_4.jpg?fit=728%2C478&ssl=1&resize=350%2C200","width":350,"height":200,"srcset":"https:\/\/i0.wp.com\/larevistadigital.com.ar\/blog\/wp-content\/uploads\/2019\/02\/Screenshot_4.jpg?fit=728%2C478&ssl=1&resize=350%2C200 1x, https:\/\/i0.wp.com\/larevistadigital.com.ar\/blog\/wp-content\/uploads\/2019\/02\/Screenshot_4.jpg?fit=728%2C478&ssl=1&resize=525%2C300 1.5x, https:\/\/i0.wp.com\/larevistadigital.com.ar\/blog\/wp-content\/uploads\/2019\/02\/Screenshot_4.jpg?fit=728%2C478&ssl=1&resize=700%2C400 2x"},"classes":[]},{"id":8649,"url":"https:\/\/larevistadigital.com.ar\/blog\/lezama-atencion-proveedores-del-consejo-escolar-deberan-notificarse-de-cambios-en-las-prestaciones\/","url_meta":{"origin":10018,"position":2},"title":"LEZAMA: ATENCI\u00d3N PROVEEDORES DEL CONSEJO ESCOLAR: DEBER\u00c1N NOTIFICARSE DE CAMBIOS EN LAS PRESTACIONES","author":"Alejandro Sosa Ruda","date":"22 febrero, 2019","format":false,"excerpt":"La D.G.C. y E. emiti\u00f3 un nuevo instructivo que deber\u00e1n cumplimentar quienes trabajan para el Consejo en los rubros obras y servicios, alimentaci\u00f3n y transporte. Consejo Escolar de Lezama solicita a quienes son o deseen ser proveedores a acercarse al edificio (Blandengues 267), en el horario de 7 a 14\u2026","rel":"","context":"En \u00abLEZAMA\u00bb","block_context":{"text":"LEZAMA","link":"https:\/\/larevistadigital.com.ar\/blog\/category\/lezama\/"},"img":{"alt_text":"","src":"https:\/\/i0.wp.com\/larevistadigital.com.ar\/blog\/wp-content\/uploads\/2019\/02\/52522682_1409465562579474_7790930130729172992_n.jpg?fit=960%2C627&ssl=1&resize=350%2C200","width":350,"height":200,"srcset":"https:\/\/i0.wp.com\/larevistadigital.com.ar\/blog\/wp-content\/uploads\/2019\/02\/52522682_1409465562579474_7790930130729172992_n.jpg?fit=960%2C627&ssl=1&resize=350%2C200 1x, https:\/\/i0.wp.com\/larevistadigital.com.ar\/blog\/wp-content\/uploads\/2019\/02\/52522682_1409465562579474_7790930130729172992_n.jpg?fit=960%2C627&ssl=1&resize=525%2C300 1.5x, https:\/\/i0.wp.com\/larevistadigital.com.ar\/blog\/wp-content\/uploads\/2019\/02\/52522682_1409465562579474_7790930130729172992_n.jpg?fit=960%2C627&ssl=1&resize=700%2C400 2x"},"classes":[]},{"id":8350,"url":"https:\/\/larevistadigital.com.ar\/blog\/lezama-nueva-obra-en-el-jardin-901-se-convoca-a-constructores-por-renovacion-de-la-cubierta\/","url_meta":{"origin":10018,"position":3},"title":"LEZAMA: NUEVA OBRA EN EL JARD\u00cdN 901. SE CONVOCA A CONSTRUCTORES POR RENOVACI\u00d3N DE LA CUBIERTA","author":"Alejandro Sosa Ruda","date":"12 febrero, 2019","format":false,"excerpt":"Consejo Escolar de Lezama invita a quienes quieran participar de la Contrataci\u00f3n Directa 01\/2019, tendiente a lograr la ejecuci\u00f3n de la obra: cambio de cubierta en el edificio en uso del Jard\u00edn N\u00b0 901 de la ciudad de Lezama (calle Per\u00f3n) a retirar la documentaci\u00f3n y la correspondiente memoria t\u00e9cnica\u2026","rel":"","context":"En \u00abLEZAMA\u00bb","block_context":{"text":"LEZAMA","link":"https:\/\/larevistadigital.com.ar\/blog\/category\/lezama\/"},"img":{"alt_text":"","src":"https:\/\/i0.wp.com\/larevistadigital.com.ar\/blog\/wp-content\/uploads\/2019\/02\/52047674_1402212456638118_7925493410322972672_n.jpg?fit=960%2C641&ssl=1&resize=350%2C200","width":350,"height":200,"srcset":"https:\/\/i0.wp.com\/larevistadigital.com.ar\/blog\/wp-content\/uploads\/2019\/02\/52047674_1402212456638118_7925493410322972672_n.jpg?fit=960%2C641&ssl=1&resize=350%2C200 1x, https:\/\/i0.wp.com\/larevistadigital.com.ar\/blog\/wp-content\/uploads\/2019\/02\/52047674_1402212456638118_7925493410322972672_n.jpg?fit=960%2C641&ssl=1&resize=525%2C300 1.5x, https:\/\/i0.wp.com\/larevistadigital.com.ar\/blog\/wp-content\/uploads\/2019\/02\/52047674_1402212456638118_7925493410322972672_n.jpg?fit=960%2C641&ssl=1&resize=700%2C400 2x"},"classes":[]},{"id":7969,"url":"https:\/\/larevistadigital.com.ar\/blog\/lezama-culminaron-la-obra-de-los-banos-del-ep-11\/","url_meta":{"origin":10018,"position":4},"title":"LEZAMA: CULMINARON LA OBRA DE LOS BA\u00d1OS DEL EP 11","author":"Alejandro Sosa Ruda","date":"26 enero, 2019","format":false,"excerpt":"Confirm\u00f3 el Consejo Escolar que a mediados de esta semana se terminaron los nuevos revestimientos de los sanitarios en la Escuela Primaria N\u00b0 11, una obra que se realiz\u00f3 a buen ritmo y renov\u00f3 los ba\u00f1os de la instituci\u00f3n para que alumnos y docentes reciban el nuevo ciclo lectivo con\u2026","rel":"","context":"En \u00abLEZAMA\u00bb","block_context":{"text":"LEZAMA","link":"https:\/\/larevistadigital.com.ar\/blog\/category\/lezama\/"},"img":{"alt_text":"","src":"https:\/\/i0.wp.com\/larevistadigital.com.ar\/blog\/wp-content\/uploads\/2019\/01\/50561728_1390223814503649_1809849495698014208_n.jpg?fit=720%2C960&ssl=1&resize=350%2C200","width":350,"height":200,"srcset":"https:\/\/i0.wp.com\/larevistadigital.com.ar\/blog\/wp-content\/uploads\/2019\/01\/50561728_1390223814503649_1809849495698014208_n.jpg?fit=720%2C960&ssl=1&resize=350%2C200 1x, https:\/\/i0.wp.com\/larevistadigital.com.ar\/blog\/wp-content\/uploads\/2019\/01\/50561728_1390223814503649_1809849495698014208_n.jpg?fit=720%2C960&ssl=1&resize=525%2C300 1.5x, https:\/\/i0.wp.com\/larevistadigital.com.ar\/blog\/wp-content\/uploads\/2019\/01\/50561728_1390223814503649_1809849495698014208_n.jpg?fit=720%2C960&ssl=1&resize=700%2C400 2x"},"classes":[]},{"id":16861,"url":"https:\/\/larevistadigital.com.ar\/blog\/lezama-llega-el-xx-concurso-literario-pedro-boloqui-inscribite\/","url_meta":{"origin":10018,"position":5},"title":"LEZAMA: LLEGA EL XX CONCURSO LITERARIO PEDRO BOLOQUI: \u00a1INSCRIBITE!","author":"Alejandro Sosa Ruda","date":"8 octubre, 2020","format":false,"excerpt":"El Concurso Literario Pedro Boloqui, organizado por el Departamento de Comunicaciones de la E.E.S.N\u00b01, ya se encuentra abierto y hasta el pr\u00f3ximo 13 de noviembre hay tiempo para presentar las obras que deseen participar. Este a\u00f1o el concurso cuenta con la particularidad de que se se suman nuevos g\u00e9neros como\u2026","rel":"","context":"En \u00abLEZAMA\u00bb","block_context":{"text":"LEZAMA","link":"https:\/\/larevistadigital.com.ar\/blog\/category\/lezama\/"},"img":{"alt_text":"","src":"https:\/\/i0.wp.com\/larevistadigital.com.ar\/blog\/wp-content\/uploads\/121134922_1887581331434559_3512288416578750960_o.jpg?fit=1200%2C830&ssl=1&resize=350%2C200","width":350,"height":200,"srcset":"https:\/\/i0.wp.com\/larevistadigital.com.ar\/blog\/wp-content\/uploads\/121134922_1887581331434559_3512288416578750960_o.jpg?fit=1200%2C830&ssl=1&resize=350%2C200 1x, https:\/\/i0.wp.com\/larevistadigital.com.ar\/blog\/wp-content\/uploads\/121134922_1887581331434559_3512288416578750960_o.jpg?fit=1200%2C830&ssl=1&resize=525%2C300 1.5x, https:\/\/i0.wp.com\/larevistadigital.com.ar\/blog\/wp-content\/uploads\/121134922_1887581331434559_3512288416578750960_o.jpg?fit=1200%2C830&ssl=1&resize=700%2C400 2x, https:\/\/i0.wp.com\/larevistadigital.com.ar\/blog\/wp-content\/uploads\/121134922_1887581331434559_3512288416578750960_o.jpg?fit=1200%2C830&ssl=1&resize=1050%2C600 3x"},"classes":[]}],"_links":{"self":[{"href":"https:\/\/larevistadigital.com.ar\/blog\/wp-json\/wp\/v2\/posts\/10018","targetHints":{"allow":["GET"]}}],"collection":[{"href":"https:\/\/larevistadigital.com.ar\/blog\/wp-json\/wp\/v2\/posts"}],"about":[{"href":"https:\/\/larevistadigital.com.ar\/blog\/wp-json\/wp\/v2\/types\/post"}],"author":[{"embeddable":true,"href":"https:\/\/larevistadigital.com.ar\/blog\/wp-json\/wp\/v2\/users\/3"}],"replies":[{"embeddable":true,"href":"https:\/\/larevistadigital.com.ar\/blog\/wp-json\/wp\/v2\/comments?post=10018"}],"version-history":[{"count":1,"href":"https:\/\/larevistadigital.com.ar\/blog\/wp-json\/wp\/v2\/posts\/10018\/revisions"}],"predecessor-version":[{"id":10020,"href":"https:\/\/larevistadigital.com.ar\/blog\/wp-json\/wp\/v2\/posts\/10018\/revisions\/10020"}],"wp:featuredmedia":[{"embeddable":true,"href":"https:\/\/larevistadigital.com.ar\/blog\/wp-json\/wp\/v2\/media\/10019"}],"wp:attachment":[{"href":"https:\/\/larevistadigital.com.ar\/blog\/wp-json\/wp\/v2\/media?parent=10018"}],"wp:term":[{"taxonomy":"category","embeddable":true,"href":"https:\/\/larevistadigital.com.ar\/blog\/wp-json\/wp\/v2\/categories?post=10018"},{"taxonomy":"post_tag","embeddable":true,"href":"https:\/\/larevistadigital.com.ar\/blog\/wp-json\/wp\/v2\/tags?post=10018"}],"curies":[{"name":"wp","href":"https:\/\/api.w.org\/{rel}","templated":true}]}}