{"id":10021,"date":"2019-05-06T22:39:08","date_gmt":"2019-05-06T22:39:08","guid":{"rendered":"https:\/\/larevistadigital.com.ar\/blog\/?p=10021"},"modified":"2019-05-06T22:39:08","modified_gmt":"2019-05-06T22:39:08","slug":"chascomus-vecina-fotografia-extrano-animal-en-las-alcantarillas","status":"publish","type":"post","link":"https:\/\/larevistadigital.com.ar\/blog\/chascomus-vecina-fotografia-extrano-animal-en-las-alcantarillas\/","title":{"rendered":"CHASCOM\u00daS: VECINA FOTOGRAF\u00cdA EXTRA\u00d1O ANIMAL EN LAS ALCANTARILLAS"},"content":{"rendered":"<h2><em>\u00bfNutria albina?&#8230;\u00bfCarpincho blanco?&#8230;\u00bfSuper rata?<\/em><\/h2>\n<p><strong>Milagros<\/strong> y<strong> Luis<\/strong>, por intermedio de nuestro amigo y colaborador<strong> Miguel \u00c1ngel \u00abTato\u00bb Mart\u00ednez<\/strong>, nos hicieron llegar la foto de un extra\u00f1o animal que se encontraba muy tranquilo en la boca de una de las alcantarillas que dan a la laguna.<\/p>\n<p>Realmente nos resulta muy extra\u00f1o por su tama\u00f1o y forma. Creemos que no se trata de un tipo de carpincho, por la forma de su hocico y el color blanquesino, aunque se trata de un tipo de roedor de gran tama\u00f1o.<\/p>\n<p>\u00bfPodr\u00eda ser una nutria de ese color? &#8230;Posiblemente, aunque no nos termina de convencer esta posibilidad, por el largo que se aprecia de sus patas. Nos inclinar\u00edamos por el notable parecido con una rata, pero nos parece imposible, dado el tama\u00f1o del animal.<\/p>\n<p>Buscando en la Web, nuestro amigo <strong>Miguel<\/strong> encontr\u00f3 un animal bastante parecido que es el \u00abCapibar\u00e1 del Amazonas\u00bb, pero en ese caso la pregunta ser\u00eda \u00bfC\u00f3mo lleg\u00f3 a nuestra laguna?.<\/p>\n<p>Ustedes \u00bfqu\u00e9 opinan? Escuchamos hip\u00f3tesis.<\/p>\n<p><em><strong>Gracias Yusepina, Miguel, Milagros y Luis!<\/strong><\/em><\/p>\n","protected":false},"excerpt":{"rendered":"<div class=\"mh-excerpt\"><p>\u00bfNutria albina?&#8230;\u00bfCarpincho blanco?&#8230;\u00bfSuper rata? Milagros y Luis, por intermedio de nuestro amigo y colaborador Miguel \u00c1ngel \u00abTato\u00bb Mart\u00ednez, nos hicieron llegar la foto de un extra\u00f1o animal que se encontraba muy tranquilo en la boca <a class=\"mh-excerpt-more\" href=\"https:\/\/larevistadigital.com.ar\/blog\/chascomus-vecina-fotografia-extrano-animal-en-las-alcantarillas\/\" title=\"CHASCOM\u00daS: VECINA FOTOGRAF\u00cdA EXTRA\u00d1O ANIMAL EN LAS ALCANTARILLAS\">[Leer M\u00e1s]<\/a><\/p>\n<\/div>","protected":false},"author":3,"featured_media":10022,"comment_status":"open","ping_status":"open","sticky":false,"template":"","format":"standard","meta":{"_jetpack_memberships_contains_paid_content":false,"footnotes":"","jetpack_publicize_message":"","jetpack_publicize_feature_enabled":true,"jetpack_social_post_already_shared":true,"jetpack_social_options":{"image_generator_settings":{"template":"highway","default_image_id":0,"font":"","enabled":false},"version":2}},"categories":[11,12],"tags":[],"class_list":{"0":"post-10021","1":"post","2":"type-post","3":"status-publish","4":"format-standard","5":"has-post-thumbnail","7":"category-curiosas","8":"category-politica"},"jetpack_publicize_connections":[],"jetpack_featured_media_url":"https:\/\/i0.wp.com\/larevistadigital.com.ar\/blog\/wp-content\/uploads\/2019\/05\/WhatsApp-Image-2019-05-06-at-18.54.13.jpeg?fit=670%2C1280&ssl=1","jetpack_sharing_enabled":true,"jetpack_shortlink":"https:\/\/wp.me\/p8qtrQ-2BD","jetpack-related-posts":[{"id":42600,"url":"https:\/\/larevistadigital.com.ar\/blog\/ruta-2-un-auto-embistio-a-un-carpincho-que-cruzaba-la-ruta\/","url_meta":{"origin":10021,"position":0},"title":"Ruta 2: Un auto embisti\u00f3 a un carpincho que cruzaba la ruta","author":"Alejandro Sosa Ruda","date":"24 noviembre, 2025","format":false,"excerpt":"Ocurri\u00f3 a la altura de Vivorat\u00e1. Los cinco ocupantes del veh\u00edculo resultaron ilesos, mientras que el animal muri\u00f3 en el acto. 24 de Noviembre de 2025 MAR CHIQUITA -\u00a0 \u00a0Un autom\u00f3vil Peugeot 308 sufri\u00f3 da\u00f1os de consideraci\u00f3n este s\u00e1bado por la madrugada, luego de chocar contra un carpincho de gran\u2026","rel":"","context":"En \u00abPOLICIALES\u00bb","block_context":{"text":"POLICIALES","link":"https:\/\/larevistadigital.com.ar\/blog\/category\/policiales\/"},"img":{"alt_text":"","src":"https:\/\/i0.wp.com\/larevistadigital.com.ar\/blog\/wp-content\/uploads\/3fd82325ba45e598690f5cdce57be598dde177a1.jpg?fit=1140%2C622&ssl=1&resize=350%2C200","width":350,"height":200,"srcset":"https:\/\/i0.wp.com\/larevistadigital.com.ar\/blog\/wp-content\/uploads\/3fd82325ba45e598690f5cdce57be598dde177a1.jpg?fit=1140%2C622&ssl=1&resize=350%2C200 1x, https:\/\/i0.wp.com\/larevistadigital.com.ar\/blog\/wp-content\/uploads\/3fd82325ba45e598690f5cdce57be598dde177a1.jpg?fit=1140%2C622&ssl=1&resize=525%2C300 1.5x, https:\/\/i0.wp.com\/larevistadigital.com.ar\/blog\/wp-content\/uploads\/3fd82325ba45e598690f5cdce57be598dde177a1.jpg?fit=1140%2C622&ssl=1&resize=700%2C400 2x, https:\/\/i0.wp.com\/larevistadigital.com.ar\/blog\/wp-content\/uploads\/3fd82325ba45e598690f5cdce57be598dde177a1.jpg?fit=1140%2C622&ssl=1&resize=1050%2C600 3x"},"classes":[]},{"id":6162,"url":"https:\/\/larevistadigital.com.ar\/blog\/extrano-ritual-de-brujeria-para-el-amor-esta-extinguiendo-los-colibries-en-mexico\/","url_meta":{"origin":10021,"position":1},"title":"EXTRA\u00d1O RITUAL DE BRUJER\u00cdA PARA EL AMOR EST\u00c1 EXTINGUIENDO LOS COLIBR\u00cdES EN MEXICO","author":"Alejandro Sosa Ruda","date":"6 agosto, 2018","format":false,"excerpt":"En M\u00e9xico hay un dicho sobre el amor que reza: \"Si es para ti aunque te quites, si no es para ti, aunque te pongas\", en referencia a que nadie puede obligar a una persona a estar al lado de otra. Pero hay quienes se niegan a aceptarlo y recurren\u2026","rel":"","context":"En \u00abCURIOSAS\u00bb","block_context":{"text":"CURIOSAS","link":"https:\/\/larevistadigital.com.ar\/blog\/category\/curiosas\/"},"img":{"alt_text":"","src":"https:\/\/i0.wp.com\/larevistadigital.com.ar\/blog\/wp-content\/uploads\/2018\/08\/Colibri-1-1.jpg?fit=1200%2C675&ssl=1&resize=350%2C200","width":350,"height":200,"srcset":"https:\/\/i0.wp.com\/larevistadigital.com.ar\/blog\/wp-content\/uploads\/2018\/08\/Colibri-1-1.jpg?fit=1200%2C675&ssl=1&resize=350%2C200 1x, https:\/\/i0.wp.com\/larevistadigital.com.ar\/blog\/wp-content\/uploads\/2018\/08\/Colibri-1-1.jpg?fit=1200%2C675&ssl=1&resize=525%2C300 1.5x, https:\/\/i0.wp.com\/larevistadigital.com.ar\/blog\/wp-content\/uploads\/2018\/08\/Colibri-1-1.jpg?fit=1200%2C675&ssl=1&resize=700%2C400 2x, https:\/\/i0.wp.com\/larevistadigital.com.ar\/blog\/wp-content\/uploads\/2018\/08\/Colibri-1-1.jpg?fit=1200%2C675&ssl=1&resize=1050%2C600 3x"},"classes":[]},{"id":33021,"url":"https:\/\/larevistadigital.com.ar\/blog\/dolores-choco-un-carpincho-en-la-ruta-2-volco-y-casi-muere-ahogado\/","url_meta":{"origin":10021,"position":2},"title":"DOLORES: CHOC\u00d3 UN CARPINCHO EN LA RUTA 2, VOLC\u00d3 Y CASI MUERE AHOGADO","author":"Alejandro Sosa Ruda","date":"26 agosto, 2023","format":false,"excerpt":"\u201cNos salvamos de milagro\u201d, dijo el conductor de la camioneta, que qued\u00f3 con la cabeza bajo del agua, inconsciente, hasta que fue rescatado por sus amigos. 26 de agosto de 2023 DOLORES\u00a0 -\u00a0 Cuatro individuos que se desplazaban a bordo de una camioneta por la Ruta 2 sufrieron un vuelco\u2026","rel":"","context":"En \u00abDOLORES\u00bb","block_context":{"text":"DOLORES","link":"https:\/\/larevistadigital.com.ar\/blog\/category\/dolores\/"},"img":{"alt_text":"","src":"https:\/\/i0.wp.com\/larevistadigital.com.ar\/blog\/wp-content\/uploads\/549fb590741e8f9315714c805563a2dd9390f451.jpg?fit=1140%2C640&ssl=1&resize=350%2C200","width":350,"height":200,"srcset":"https:\/\/i0.wp.com\/larevistadigital.com.ar\/blog\/wp-content\/uploads\/549fb590741e8f9315714c805563a2dd9390f451.jpg?fit=1140%2C640&ssl=1&resize=350%2C200 1x, https:\/\/i0.wp.com\/larevistadigital.com.ar\/blog\/wp-content\/uploads\/549fb590741e8f9315714c805563a2dd9390f451.jpg?fit=1140%2C640&ssl=1&resize=525%2C300 1.5x, https:\/\/i0.wp.com\/larevistadigital.com.ar\/blog\/wp-content\/uploads\/549fb590741e8f9315714c805563a2dd9390f451.jpg?fit=1140%2C640&ssl=1&resize=700%2C400 2x, https:\/\/i0.wp.com\/larevistadigital.com.ar\/blog\/wp-content\/uploads\/549fb590741e8f9315714c805563a2dd9390f451.jpg?fit=1140%2C640&ssl=1&resize=1050%2C600 3x"},"classes":[]},{"id":12780,"url":"https:\/\/larevistadigital.com.ar\/blog\/que-es-eso-fotografian-extrano-animal-en-la-laguna-de-chascomus\/","url_meta":{"origin":10021,"position":3},"title":"\u00bfQU\u00c9 ES ESO? : FOTOGRAF\u00cdAN EXTRA\u00d1O ANIMAL EN LA LAGUNA DE CHASCOM\u00daS","author":"Alejandro Sosa Ruda","date":"22 octubre, 2019","format":false,"excerpt":"En la jornada de ayer, el camar\u00f3grafo y periodista del canal de noticias SOMOS CHASCOMUS, Mariano Mart\u00edn Cerimele, logr\u00f3 fotografiar un extra\u00f1o animal que asomaba en la orilla de la laguna. El animal, que para algunos es una raya, y otros opinan que es un pez conocido como \"vieja de\u2026","rel":"","context":"En \u00abCURIOSAS\u00bb","block_context":{"text":"CURIOSAS","link":"https:\/\/larevistadigital.com.ar\/blog\/category\/curiosas\/"},"img":{"alt_text":"","src":"https:\/\/i0.wp.com\/larevistadigital.com.ar\/blog\/wp-content\/uploads\/51709033_969339613267616_5072928101147607040_n.jpg?fit=805%2C960&ssl=1&resize=350%2C200","width":350,"height":200,"srcset":"https:\/\/i0.wp.com\/larevistadigital.com.ar\/blog\/wp-content\/uploads\/51709033_969339613267616_5072928101147607040_n.jpg?fit=805%2C960&ssl=1&resize=350%2C200 1x, https:\/\/i0.wp.com\/larevistadigital.com.ar\/blog\/wp-content\/uploads\/51709033_969339613267616_5072928101147607040_n.jpg?fit=805%2C960&ssl=1&resize=525%2C300 1.5x, https:\/\/i0.wp.com\/larevistadigital.com.ar\/blog\/wp-content\/uploads\/51709033_969339613267616_5072928101147607040_n.jpg?fit=805%2C960&ssl=1&resize=700%2C400 2x"},"classes":[]},{"id":40381,"url":"https:\/\/larevistadigital.com.ar\/blog\/chascomus-joven-herido-tras-chocar-con-un-carpincho-en-el-camino-de-cirvunvalacion\/","url_meta":{"origin":10021,"position":4},"title":"Chascom\u00fas: J\u00f3ven herido tras chocar con un carpincho en el camino de cirvunvalaci\u00f3n","author":"Alejandro Sosa Ruda","date":"8 julio, 2025","format":false,"excerpt":"El incidente ocurri\u00f3 en la tarde del domingo, en una zona rural de Chascom\u00fas. El conductor debi\u00f3 ser trasladado al hospital. 08 de Julio de 2025 CHASCOM\u00daS -\u00a0 Un ins\u00f3lito accidente de tr\u00e1nsito ocurri\u00f3 este domingo por la tarde en Chascom\u00fas, cuando un joven motociclista impact\u00f3 contra un enorme carpincho\u2026","rel":"","context":"En \u00abDESTACADAS\u00bb","block_context":{"text":"DESTACADAS","link":"https:\/\/larevistadigital.com.ar\/blog\/category\/destacadas\/"},"img":{"alt_text":"","src":"https:\/\/i0.wp.com\/larevistadigital.com.ar\/blog\/wp-content\/uploads\/Captura-de-pantalla-2025-07-08-192729.jpg?fit=935%2C455&ssl=1&resize=350%2C200","width":350,"height":200,"srcset":"https:\/\/i0.wp.com\/larevistadigital.com.ar\/blog\/wp-content\/uploads\/Captura-de-pantalla-2025-07-08-192729.jpg?fit=935%2C455&ssl=1&resize=350%2C200 1x, https:\/\/i0.wp.com\/larevistadigital.com.ar\/blog\/wp-content\/uploads\/Captura-de-pantalla-2025-07-08-192729.jpg?fit=935%2C455&ssl=1&resize=525%2C300 1.5x, https:\/\/i0.wp.com\/larevistadigital.com.ar\/blog\/wp-content\/uploads\/Captura-de-pantalla-2025-07-08-192729.jpg?fit=935%2C455&ssl=1&resize=700%2C400 2x"},"classes":[]},{"id":44019,"url":"https:\/\/larevistadigital.com.ar\/blog\/tragedia-en-la-ruta-88-murio-un-hombre-tras-un-choque-en-cadena-provocado-por-un-carpincho\/","url_meta":{"origin":10021,"position":5},"title":"Tragedia en la Ruta 88: muri\u00f3 un hombre tras un choque en cadena provocado por un carpincho","author":"Alejandro Sosa Ruda","date":"15 febrero, 2026","format":false,"excerpt":"El siniestro ocurri\u00f3 a la altura del kil\u00f3metro 65. Un automovilista embisti\u00f3 al animal y, en medio de la asistencia, otro veh\u00edculo atropell\u00f3 a un trabajador rural que hab\u00eda acudido a ayudar. 15 de febrero de 2026 Un tr\u00e1gico accidente se registr\u00f3 en la Ruta 88, a la altura del\u2026","rel":"","context":"En \u00abPOLICIALES\u00bb","block_context":{"text":"POLICIALES","link":"https:\/\/larevistadigital.com.ar\/blog\/category\/policiales\/"},"img":{"alt_text":"","src":"https:\/\/i0.wp.com\/larevistadigital.com.ar\/blog\/wp-content\/uploads\/55782ee2da9816635c726bc41e2d4a4770e80e31.jpg?fit=1140%2C856&ssl=1&resize=350%2C200","width":350,"height":200,"srcset":"https:\/\/i0.wp.com\/larevistadigital.com.ar\/blog\/wp-content\/uploads\/55782ee2da9816635c726bc41e2d4a4770e80e31.jpg?fit=1140%2C856&ssl=1&resize=350%2C200 1x, https:\/\/i0.wp.com\/larevistadigital.com.ar\/blog\/wp-content\/uploads\/55782ee2da9816635c726bc41e2d4a4770e80e31.jpg?fit=1140%2C856&ssl=1&resize=525%2C300 1.5x, https:\/\/i0.wp.com\/larevistadigital.com.ar\/blog\/wp-content\/uploads\/55782ee2da9816635c726bc41e2d4a4770e80e31.jpg?fit=1140%2C856&ssl=1&resize=700%2C400 2x, https:\/\/i0.wp.com\/larevistadigital.com.ar\/blog\/wp-content\/uploads\/55782ee2da9816635c726bc41e2d4a4770e80e31.jpg?fit=1140%2C856&ssl=1&resize=1050%2C600 3x"},"classes":[]}],"_links":{"self":[{"href":"https:\/\/larevistadigital.com.ar\/blog\/wp-json\/wp\/v2\/posts\/10021","targetHints":{"allow":["GET"]}}],"collection":[{"href":"https:\/\/larevistadigital.com.ar\/blog\/wp-json\/wp\/v2\/posts"}],"about":[{"href":"https:\/\/larevistadigital.com.ar\/blog\/wp-json\/wp\/v2\/types\/post"}],"author":[{"embeddable":true,"href":"https:\/\/larevistadigital.com.ar\/blog\/wp-json\/wp\/v2\/users\/3"}],"replies":[{"embeddable":true,"href":"https:\/\/larevistadigital.com.ar\/blog\/wp-json\/wp\/v2\/comments?post=10021"}],"version-history":[{"count":1,"href":"https:\/\/larevistadigital.com.ar\/blog\/wp-json\/wp\/v2\/posts\/10021\/revisions"}],"predecessor-version":[{"id":10023,"href":"https:\/\/larevistadigital.com.ar\/blog\/wp-json\/wp\/v2\/posts\/10021\/revisions\/10023"}],"wp:featuredmedia":[{"embeddable":true,"href":"https:\/\/larevistadigital.com.ar\/blog\/wp-json\/wp\/v2\/media\/10022"}],"wp:attachment":[{"href":"https:\/\/larevistadigital.com.ar\/blog\/wp-json\/wp\/v2\/media?parent=10021"}],"wp:term":[{"taxonomy":"category","embeddable":true,"href":"https:\/\/larevistadigital.com.ar\/blog\/wp-json\/wp\/v2\/categories?post=10021"},{"taxonomy":"post_tag","embeddable":true,"href":"https:\/\/larevistadigital.com.ar\/blog\/wp-json\/wp\/v2\/tags?post=10021"}],"curies":[{"name":"wp","href":"https:\/\/api.w.org\/{rel}","templated":true}]}}