{"id":10065,"date":"2019-05-08T16:44:18","date_gmt":"2019-05-08T16:44:18","guid":{"rendered":"https:\/\/larevistadigital.com.ar\/blog\/?p=10065"},"modified":"2019-05-08T16:44:18","modified_gmt":"2019-05-08T16:44:18","slug":"nuevas-autoridades-en-la-patrulla-rural","status":"publish","type":"post","link":"https:\/\/larevistadigital.com.ar\/blog\/nuevas-autoridades-en-la-patrulla-rural\/","title":{"rendered":"NUEVAS AUTORIDADES EN LA PATRULLA RURAL"},"content":{"rendered":"<p>Durante el programa \u00abBuenos Muchachos\u00bb, que se emite por la FM Por Siempre (97.3 mhtz), informaron que ha habido un cambio de autoridades en la Patrulla Rural de Chascom\u00fas.<\/p>\n<p>Hay un nuevo titular de la Patrulla Rural, que es el sub comisario <strong>Javier Liforena, <\/strong>reemplazando desde el d\u00eda de ayer al comisario <strong>Ivan Berloch<\/strong>,. El mismo, mantuvo un di\u00e1logo con el m\u00f3vil a cargo de Juan Sullings, y el period\u00edsta <strong>Marcelo Caggiano,\u00a0<\/strong>a qui\u00e9n coment\u00f3 que viene del CPR de la Costa, y que el comisario <strong>Berloch<\/strong> se hizo cargo de la Sub Coordinaci\u00f3n Ca\u00f1uelas, agregando que <strong><em>\u00aba futuro va a tener base en Gandara\u00bb<\/em><\/strong>.<\/p>\n<p>Tambi\u00e9n, mencion\u00f3 que este, <em><strong>\u00abFue un proyecto que present\u00f3 Ivan y fue aprobado por el Superintendente nuestro, el Coordinador\u00bb<\/strong><\/em><\/p>\n<blockquote>\n<h3>Cuando se lo consult\u00f3 acerca de c\u00f3mo se obtiene el permiso de Caza, el flamante titular de la Patrulla Rural, dijo que el mismo se gestiona ante el Ministerio de Agroindustria en la ciudad de La Plata, y que la caza est\u00e1 vedada.<\/h3>\n<\/blockquote>\n<p><strong><em>\u00abhay gente que con ese permiso, y con la autorizaci\u00f3n del propietario del establecimiento se puede llevar a cabo, sino, no\u00bb<\/em><\/strong>, asegur\u00f3.<\/p>\n<p>Por \u00faltimo, dijo que la<em><strong> \u00abgesti\u00f3n de Ivan, fue aplaudida por los productores y por los diferentes comisarios, ya que hizo una gesti\u00f3n admirable en Chascom\u00fas\u00bb<\/strong><\/em>.<\/p>\n<p>&nbsp;<\/p>\n<p>&nbsp;<\/p>\n<p>&nbsp;<\/p>\n","protected":false},"excerpt":{"rendered":"<div class=\"mh-excerpt\"><p>Durante el programa \u00abBuenos Muchachos\u00bb, que se emite por la FM Por Siempre (97.3 mhtz), informaron que ha habido un cambio de autoridades en la Patrulla Rural de Chascom\u00fas. Hay un nuevo titular de la <a class=\"mh-excerpt-more\" href=\"https:\/\/larevistadigital.com.ar\/blog\/nuevas-autoridades-en-la-patrulla-rural\/\" title=\"NUEVAS AUTORIDADES EN LA PATRULLA RURAL\">[Leer M\u00e1s]<\/a><\/p>\n<\/div>","protected":false},"author":3,"featured_media":10067,"comment_status":"open","ping_status":"open","sticky":false,"template":"","format":"standard","meta":{"_jetpack_memberships_contains_paid_content":false,"footnotes":"","jetpack_publicize_message":"","jetpack_publicize_feature_enabled":true,"jetpack_social_post_already_shared":true,"jetpack_social_options":{"image_generator_settings":{"template":"highway","default_image_id":0,"font":"","enabled":false},"version":2}},"categories":[6],"tags":[],"class_list":{"0":"post-10065","1":"post","2":"type-post","3":"status-publish","4":"format-standard","5":"has-post-thumbnail","7":"category-chascomus"},"jetpack_publicize_connections":[],"jetpack_featured_media_url":"https:\/\/i0.wp.com\/larevistadigital.com.ar\/blog\/wp-content\/uploads\/2019\/05\/Screenshot_1-6.jpg?fit=650%2C987&ssl=1","jetpack_sharing_enabled":true,"jetpack_shortlink":"https:\/\/wp.me\/p8qtrQ-2Cl","jetpack-related-posts":[{"id":29589,"url":"https:\/\/larevistadigital.com.ar\/blog\/chascomus-el-intendente-acompano-los-actos-por-la-creacion-de-la-policia-bonaerense\/","url_meta":{"origin":10065,"position":0},"title":"CHASCOM\u00daS: EL INTENDENTE ACOMPA\u00d1\u00d3 LOS ACTOS POR LA CREACI\u00d3N DE LA POLIC\u00cdA BONAERENSE","author":"Alejandro Sosa Ruda","date":"23 diciembre, 2022","format":false,"excerpt":"El intendente municipal Javier Gast\u00f3n, estuvo junto a la Secretaria de Seguridad Comunal Mariela Moscarellla en el acto de conmemoraci\u00f3n de los 201 a\u00f1os de la creaci\u00f3n de la Polic\u00eda Provincial, donde se entregaron reconocimientos y distinciones. CHASCOM\u00daS -\u00a0 En un muy emotivo acto, donde se percibi\u00f3 la gran camarader\u00eda\u2026","rel":"","context":"En \u00abCHASCOM\u00daS\u00bb","block_context":{"text":"CHASCOM\u00daS","link":"https:\/\/larevistadigital.com.ar\/blog\/category\/chascomus\/"},"img":{"alt_text":"","src":"https:\/\/i0.wp.com\/larevistadigital.com.ar\/blog\/wp-content\/uploads\/2022_12_23_00_27_06_1031904.jpg?fit=600%2C401&ssl=1&resize=350%2C200","width":350,"height":200,"srcset":"https:\/\/i0.wp.com\/larevistadigital.com.ar\/blog\/wp-content\/uploads\/2022_12_23_00_27_06_1031904.jpg?fit=600%2C401&ssl=1&resize=350%2C200 1x, https:\/\/i0.wp.com\/larevistadigital.com.ar\/blog\/wp-content\/uploads\/2022_12_23_00_27_06_1031904.jpg?fit=600%2C401&ssl=1&resize=525%2C300 1.5x"},"classes":[]},{"id":36922,"url":"https:\/\/larevistadigital.com.ar\/blog\/chascomus-se-fortalecen-las-estrategias-de-prevencion-en-el-sector-rural\/","url_meta":{"origin":10065,"position":1},"title":"CHASCOM\u00daS: SE FORTALECEN LAS ESTRAT\u00c9GIAS DE PREVENCI\u00d3N EN EL SECTOR RURAL","author":"Alejandro Sosa Ruda","date":"11 agosto, 2024","format":false,"excerpt":"La secretaria municipal de Seguridad Ciudadana, Mariela Moscarella, mantuvo una reuni\u00f3n con representantes del Comando de Patrulla Rural de Chascom\u00fas (CPR), con la finalidad de fortalecer las estrategias de prevenci\u00f3n en las zonas rurales. 11 de Agosto de 2024 CHASCOM\u00daS\u00a0 -\u00a0\u00a0 Tomaron parte de la reuni\u00f3n el director Operativo Sur,\u2026","rel":"","context":"En \u00abINTERES GENERAL\u00bb","block_context":{"text":"INTERES GENERAL","link":"https:\/\/larevistadigital.com.ar\/blog\/category\/interes-general\/"},"img":{"alt_text":"","src":"https:\/\/i0.wp.com\/larevistadigital.com.ar\/blog\/wp-content\/uploads\/66b4fa4b2032c.png?fit=668%2C445&ssl=1&resize=350%2C200","width":350,"height":200,"srcset":"https:\/\/i0.wp.com\/larevistadigital.com.ar\/blog\/wp-content\/uploads\/66b4fa4b2032c.png?fit=668%2C445&ssl=1&resize=350%2C200 1x, https:\/\/i0.wp.com\/larevistadigital.com.ar\/blog\/wp-content\/uploads\/66b4fa4b2032c.png?fit=668%2C445&ssl=1&resize=525%2C300 1.5x"},"classes":[]},{"id":36984,"url":"https:\/\/larevistadigital.com.ar\/blog\/chascomus-nuevamente-la-patrulla-rural-interceptpo-en-flagrancia-a-galgueros-que-realizaban-caza-ilegal\/","url_meta":{"origin":10065,"position":2},"title":"CHASCOM\u00daS: NUEVAMENTE LA PATRULLA RURAL INTERCEPTPO EN FLAGRANCIA A GALGUEROS QUE REALIZABAN CAZA ILEGAL","author":"Alejandro Sosa Ruda","date":"17 agosto, 2024","format":false,"excerpt":"Nueva interceptaci\u00f3n de galgueros por la patrulla rural. 17 de Agosto de 2024 CHASCOM\u00daS -\u00a0\u00a0El d\u00eda jueves pasado, personal de S.S. RURAL \/ DO SUR \/ COORD. DOLORES \/ - CPR CHASCOMUS, luego de recibir una alerta telef\u00f3nica, procedi\u00f3 a interceptar cuatro sujetos que estaban realizando tareas de caza ilegal.\u2026","rel":"","context":"En \u00abDESTACADAS\u00bb","block_context":{"text":"DESTACADAS","link":"https:\/\/larevistadigital.com.ar\/blog\/category\/destacadas\/"},"img":{"alt_text":"","src":"https:\/\/i0.wp.com\/larevistadigital.com.ar\/blog\/wp-content\/uploads\/WhatsApp-Image-2024-08-15-at-17.01.05-e1723906648710.jpeg?fit=1200%2C673&ssl=1&resize=350%2C200","width":350,"height":200,"srcset":"https:\/\/i0.wp.com\/larevistadigital.com.ar\/blog\/wp-content\/uploads\/WhatsApp-Image-2024-08-15-at-17.01.05-e1723906648710.jpeg?fit=1200%2C673&ssl=1&resize=350%2C200 1x, https:\/\/i0.wp.com\/larevistadigital.com.ar\/blog\/wp-content\/uploads\/WhatsApp-Image-2024-08-15-at-17.01.05-e1723906648710.jpeg?fit=1200%2C673&ssl=1&resize=525%2C300 1.5x, https:\/\/i0.wp.com\/larevistadigital.com.ar\/blog\/wp-content\/uploads\/WhatsApp-Image-2024-08-15-at-17.01.05-e1723906648710.jpeg?fit=1200%2C673&ssl=1&resize=700%2C400 2x, https:\/\/i0.wp.com\/larevistadigital.com.ar\/blog\/wp-content\/uploads\/WhatsApp-Image-2024-08-15-at-17.01.05-e1723906648710.jpeg?fit=1200%2C673&ssl=1&resize=1050%2C600 3x"},"classes":[]},{"id":36899,"url":"https:\/\/larevistadigital.com.ar\/blog\/chascomus-la-patrulla-rural-con-apoyo-de-vial-chascomus-sorprendio-a-galgueros-provenientes-de-la-plata\/","url_meta":{"origin":10065,"position":3},"title":"CHASCOM\u00daS: LA PATRULLA RURAL CON APOYO DE VIAL CHASCOM\u00daS SORPRENDI\u00d3 A GALGUEROS PROVENIENTES DE LA PLATA","author":"Alejandro Sosa Ruda","date":"3 agosto, 2024","format":false,"excerpt":"Fueron atrapados infraganti cuando se dedicaban a la caza con 4 perros galgos. 03 de Agosto de 2024 CHASCOM\u00daS -\u00a0 Cuatro sujetos oriundos de la ciudad de La Plata fueron detectados por la Patrulla Rural con ayuda de la Vial Chascom\u00fas, cuando se encontraban cazando con ayuda de 4 perros\u2026","rel":"","context":"En \u00abDESTACADAS\u00bb","block_context":{"text":"DESTACADAS","link":"https:\/\/larevistadigital.com.ar\/blog\/category\/destacadas\/"},"img":{"alt_text":"GALGUEROS","src":"https:\/\/i0.wp.com\/larevistadigital.com.ar\/blog\/wp-content\/uploads\/WhatsApp-Image-2024-08-03-at-20.33.05-e1722737532565.jpeg?fit=1200%2C796&ssl=1&resize=350%2C200","width":350,"height":200,"srcset":"https:\/\/i0.wp.com\/larevistadigital.com.ar\/blog\/wp-content\/uploads\/WhatsApp-Image-2024-08-03-at-20.33.05-e1722737532565.jpeg?fit=1200%2C796&ssl=1&resize=350%2C200 1x, https:\/\/i0.wp.com\/larevistadigital.com.ar\/blog\/wp-content\/uploads\/WhatsApp-Image-2024-08-03-at-20.33.05-e1722737532565.jpeg?fit=1200%2C796&ssl=1&resize=525%2C300 1.5x, https:\/\/i0.wp.com\/larevistadigital.com.ar\/blog\/wp-content\/uploads\/WhatsApp-Image-2024-08-03-at-20.33.05-e1722737532565.jpeg?fit=1200%2C796&ssl=1&resize=700%2C400 2x, https:\/\/i0.wp.com\/larevistadigital.com.ar\/blog\/wp-content\/uploads\/WhatsApp-Image-2024-08-03-at-20.33.05-e1722737532565.jpeg?fit=1200%2C796&ssl=1&resize=1050%2C600 3x"},"classes":[]},{"id":30769,"url":"https:\/\/larevistadigital.com.ar\/blog\/chascomus-la-patrulla-rural-detecto-e-intercepto-a-cazadores-furtivos\/","url_meta":{"origin":10065,"position":4},"title":"CHASCOM\u00daS: LA PATRULLA RURAL DETECT\u00d3 E INTERCEPT\u00d3 A CAZADORES FURTIVOS","author":"Alejandro Sosa Ruda","date":"29 marzo, 2023","format":false,"excerpt":"Sucedi\u00f3 en la Estancia El Carmel del Cuartel X. 29 de marzo de 2023 CHASCOM\u00daS -\u00a0\u00a0 Durante la jornada de ayer, personal de la Patrulla Rural destacado en la zona de LA CORONA intercept\u00f3 a seis (6) ciudadanos los cuales se encontraban cazando animales en una propiedad privada sin previa\u2026","rel":"","context":"En \u00abCHASCOM\u00daS\u00bb","block_context":{"text":"CHASCOM\u00daS","link":"https:\/\/larevistadigital.com.ar\/blog\/category\/chascomus\/"},"img":{"alt_text":"","src":"https:\/\/i0.wp.com\/larevistadigital.com.ar\/blog\/wp-content\/uploads\/patrulla-rural-tandil-2020.jpg?fit=1140%2C761&ssl=1&resize=350%2C200","width":350,"height":200,"srcset":"https:\/\/i0.wp.com\/larevistadigital.com.ar\/blog\/wp-content\/uploads\/patrulla-rural-tandil-2020.jpg?fit=1140%2C761&ssl=1&resize=350%2C200 1x, https:\/\/i0.wp.com\/larevistadigital.com.ar\/blog\/wp-content\/uploads\/patrulla-rural-tandil-2020.jpg?fit=1140%2C761&ssl=1&resize=525%2C300 1.5x, https:\/\/i0.wp.com\/larevistadigital.com.ar\/blog\/wp-content\/uploads\/patrulla-rural-tandil-2020.jpg?fit=1140%2C761&ssl=1&resize=700%2C400 2x, https:\/\/i0.wp.com\/larevistadigital.com.ar\/blog\/wp-content\/uploads\/patrulla-rural-tandil-2020.jpg?fit=1140%2C761&ssl=1&resize=1050%2C600 3x"},"classes":[]},{"id":29224,"url":"https:\/\/larevistadigital.com.ar\/blog\/chascomus-la-patrulla-rural-intercepto-cazadores-furtivos\/","url_meta":{"origin":10065,"position":5},"title":"CHASCOM\u00daS: LA PATRULLA RURAL INTERCEPT\u00d3 CAZADORES FURTIVOS","author":"Alejandro Sosa Ruda","date":"2 diciembre, 2022","format":false,"excerpt":"Los descubri\u00f3 mientras recorr\u00eda y hac\u00edan trabajos de prevenci\u00f3n. Los operativos vienen dando muy buenos resultados. 2 de diciembre de 2022 CHASCOM\u00daS -\u00a0\u00a0Durante la jornada de ayer, personal de la Patrulla Rural de Chascom\u00fas se encontraba realizando tareas de prevenci\u00f3n de delitos y faltas en todas sus gamas, y en\u2026","rel":"","context":"En \u00abDESTACADAS\u00bb","block_context":{"text":"DESTACADAS","link":"https:\/\/larevistadigital.com.ar\/blog\/category\/destacadas\/"},"img":{"alt_text":"","src":"https:\/\/i0.wp.com\/larevistadigital.com.ar\/blog\/wp-content\/uploads\/WhatsApp-Image-2022-12-01-at-22.53.12.jpeg?fit=1200%2C675&ssl=1&resize=350%2C200","width":350,"height":200,"srcset":"https:\/\/i0.wp.com\/larevistadigital.com.ar\/blog\/wp-content\/uploads\/WhatsApp-Image-2022-12-01-at-22.53.12.jpeg?fit=1200%2C675&ssl=1&resize=350%2C200 1x, https:\/\/i0.wp.com\/larevistadigital.com.ar\/blog\/wp-content\/uploads\/WhatsApp-Image-2022-12-01-at-22.53.12.jpeg?fit=1200%2C675&ssl=1&resize=525%2C300 1.5x, https:\/\/i0.wp.com\/larevistadigital.com.ar\/blog\/wp-content\/uploads\/WhatsApp-Image-2022-12-01-at-22.53.12.jpeg?fit=1200%2C675&ssl=1&resize=700%2C400 2x, https:\/\/i0.wp.com\/larevistadigital.com.ar\/blog\/wp-content\/uploads\/WhatsApp-Image-2022-12-01-at-22.53.12.jpeg?fit=1200%2C675&ssl=1&resize=1050%2C600 3x"},"classes":[]}],"_links":{"self":[{"href":"https:\/\/larevistadigital.com.ar\/blog\/wp-json\/wp\/v2\/posts\/10065","targetHints":{"allow":["GET"]}}],"collection":[{"href":"https:\/\/larevistadigital.com.ar\/blog\/wp-json\/wp\/v2\/posts"}],"about":[{"href":"https:\/\/larevistadigital.com.ar\/blog\/wp-json\/wp\/v2\/types\/post"}],"author":[{"embeddable":true,"href":"https:\/\/larevistadigital.com.ar\/blog\/wp-json\/wp\/v2\/users\/3"}],"replies":[{"embeddable":true,"href":"https:\/\/larevistadigital.com.ar\/blog\/wp-json\/wp\/v2\/comments?post=10065"}],"version-history":[{"count":1,"href":"https:\/\/larevistadigital.com.ar\/blog\/wp-json\/wp\/v2\/posts\/10065\/revisions"}],"predecessor-version":[{"id":10068,"href":"https:\/\/larevistadigital.com.ar\/blog\/wp-json\/wp\/v2\/posts\/10065\/revisions\/10068"}],"wp:featuredmedia":[{"embeddable":true,"href":"https:\/\/larevistadigital.com.ar\/blog\/wp-json\/wp\/v2\/media\/10067"}],"wp:attachment":[{"href":"https:\/\/larevistadigital.com.ar\/blog\/wp-json\/wp\/v2\/media?parent=10065"}],"wp:term":[{"taxonomy":"category","embeddable":true,"href":"https:\/\/larevistadigital.com.ar\/blog\/wp-json\/wp\/v2\/categories?post=10065"},{"taxonomy":"post_tag","embeddable":true,"href":"https:\/\/larevistadigital.com.ar\/blog\/wp-json\/wp\/v2\/tags?post=10065"}],"curies":[{"name":"wp","href":"https:\/\/api.w.org\/{rel}","templated":true}]}}