{"id":10069,"date":"2019-05-08T16:49:33","date_gmt":"2019-05-08T16:49:33","guid":{"rendered":"https:\/\/larevistadigital.com.ar\/blog\/?p=10069"},"modified":"2019-05-08T16:49:33","modified_gmt":"2019-05-08T16:49:33","slug":"nueva-feria-de-artesanos-y-emprendedores-en-brandsen","status":"publish","type":"post","link":"https:\/\/larevistadigital.com.ar\/blog\/nueva-feria-de-artesanos-y-emprendedores-en-brandsen\/","title":{"rendered":"NUEVA FERIA DE ARTESANOS Y EMPRENDEDORES EN BRANDSEN"},"content":{"rendered":"<div class=\"mvp-post-soc-wrap left relative\">\n<p>El pr\u00f3ximo domingo 12 de mayo a partir de las 11:00 horas, se llevar\u00e1 a cabo en la ciudad de Brandsen, una nueva Feria de Artesanos y Emprendedores en la Plaza Hip\u00f3lito Yrigoyen.<\/p>\n<\/div>\n<div class=\"mvp-post-soc-in\">\n<div id=\"mvp-content-body\" class=\"left relative\">\n<div id=\"mvp-content-body-top\" class=\"left\">\n<div id=\"mvp-content-main\" class=\"left relative\">\n<div id=\"tps_slideContainer_17482\" class=\"theiaPostSlider_slides\">\n<div class=\"theiaPostSlider_preloadedSlide\">\n<div>La misma es organizada por la Municipalidad de Brandsen, a trav\u00e9s de la Direcci\u00f3n de Producci\u00f3n y Empleo, y\u00a0 contar\u00e1 con puestos gastron\u00f3micos y artesan\u00edas para poder pasar una tarde en familia en la Plaza.<\/div>\n<div><\/div>\n<div><img data-recalc-dims=\"1\" loading=\"lazy\" decoding=\"async\" class=\"aligncenter size-full wp-image-17484\" src=\"https:\/\/i0.wp.com\/detrasdelanoticia.com.ar\/wp-content\/uploads\/2019\/05\/abf8f52f6b326c2036cd65e08863a048.jpg?resize=640%2C427&#038;ssl=1\" alt=\"\" width=\"640\" height=\"427\" \/><\/div>\n<div><\/div>\n<div>En esta oportunidad, se festejar\u00e1 el Mes de la Patria,y todos los puestos se vestir\u00e1n\u00a0de celeste y blanco y se podr\u00e1\u00a0disfrutar de comidas t\u00edpicas tradicionales.<\/div>\n<\/div>\n<\/div>\n<\/div>\n<\/div>\n<\/div>\n<\/div>\n","protected":false},"excerpt":{"rendered":"<div class=\"mh-excerpt\"><p>El pr\u00f3ximo domingo 12 de mayo a partir de las 11:00 horas, se llevar\u00e1 a cabo en la ciudad de Brandsen, una nueva Feria de Artesanos y Emprendedores en la Plaza Hip\u00f3lito Yrigoyen. La misma <a class=\"mh-excerpt-more\" href=\"https:\/\/larevistadigital.com.ar\/blog\/nueva-feria-de-artesanos-y-emprendedores-en-brandsen\/\" title=\"NUEVA FERIA DE ARTESANOS Y EMPRENDEDORES EN BRANDSEN\">[Leer M\u00e1s]<\/a><\/p>\n<\/div>","protected":false},"author":3,"featured_media":10070,"comment_status":"open","ping_status":"open","sticky":false,"template":"","format":"standard","meta":{"_jetpack_memberships_contains_paid_content":false,"footnotes":"","jetpack_publicize_message":"","jetpack_publicize_feature_enabled":true,"jetpack_social_post_already_shared":true,"jetpack_social_options":{"image_generator_settings":{"template":"highway","default_image_id":0,"font":"","enabled":false},"version":2}},"categories":[12,29],"tags":[],"class_list":{"0":"post-10069","1":"post","2":"type-post","3":"status-publish","4":"format-standard","5":"has-post-thumbnail","7":"category-politica","8":"category-sociedad"},"jetpack_publicize_connections":[],"jetpack_featured_media_url":"https:\/\/i0.wp.com\/larevistadigital.com.ar\/blog\/wp-content\/uploads\/2019\/05\/IMG_20190312_113128.jpg?fit=986%2C555&ssl=1","jetpack_sharing_enabled":true,"jetpack_shortlink":"https:\/\/wp.me\/p8qtrQ-2Cp","jetpack-related-posts":[{"id":38575,"url":"https:\/\/larevistadigital.com.ar\/blog\/la-feria-de-emprendedores-y-artesanos-amplia-su-horario-en-verano\/","url_meta":{"origin":10069,"position":0},"title":"La Feria de Emprendedores y Artesanos ampl\u00eda su horario en verano","author":"Alejandro Sosa Ruda","date":"29 enero, 2025","format":false,"excerpt":"Los visitantes tambi\u00e9n podr\u00e1n recorrer los viernes el tradicional paseo de la costanera. 29 de enero de\u00a0 2025 CHASCOM\u00daS -\u00a0 La Feria de Emprendedores y Artesanos de Chascom\u00fas, ubicada en Avenida Costanera Espa\u00f1a y Presidente Per\u00f3n, ampl\u00eda su horario de atenci\u00f3n durante la temporada de verano.\u00a0 Adem\u00e1s de los d\u00edas\u2026","rel":"","context":"En \u00abCHASCOM\u00daS\u00bb","block_context":{"text":"CHASCOM\u00daS","link":"https:\/\/larevistadigital.com.ar\/blog\/category\/chascomus\/"},"img":{"alt_text":"","src":"https:\/\/i0.wp.com\/larevistadigital.com.ar\/blog\/wp-content\/uploads\/67991270a6307.png?fit=668%2C445&ssl=1&resize=350%2C200","width":350,"height":200,"srcset":"https:\/\/i0.wp.com\/larevistadigital.com.ar\/blog\/wp-content\/uploads\/67991270a6307.png?fit=668%2C445&ssl=1&resize=350%2C200 1x, https:\/\/i0.wp.com\/larevistadigital.com.ar\/blog\/wp-content\/uploads\/67991270a6307.png?fit=668%2C445&ssl=1&resize=525%2C300 1.5x"},"classes":[]},{"id":8839,"url":"https:\/\/larevistadigital.com.ar\/blog\/brandsen-impactante-accidente-auto-termina-arriba-de-una-plaza\/","url_meta":{"origin":10069,"position":1},"title":"BRANDSEN: IMPACTANTE ACCIDENTE. AUTO TERMINA ARRIBA DE UNA PLAZA","author":"Alejandro Sosa Ruda","date":"3 marzo, 2019","format":false,"excerpt":"Pasadas las 20hs de este s\u00e1bado 2 de marzo\u00a0se produjo un impactante accidente en pleno centro de la ciudad de Brandsen, donde se vieron involucrados tres veh\u00edculos,\u00a0un Peugeot 207 color negro, un Peugeot 206 azul y una Chevrolet Captiva color Gris. Seg\u00fan informaron fuentes policiales a\u00a0DLN, el conductor de la\u2026","rel":"","context":"En \u00abPOLITICA\u00bb","block_context":{"text":"POLITICA","link":"https:\/\/larevistadigital.com.ar\/blog\/category\/politica\/"},"img":{"alt_text":"","src":"https:\/\/i0.wp.com\/larevistadigital.com.ar\/blog\/wp-content\/uploads\/2019\/03\/20190302_205028.jpg?fit=1024%2C574&ssl=1&resize=350%2C200","width":350,"height":200,"srcset":"https:\/\/i0.wp.com\/larevistadigital.com.ar\/blog\/wp-content\/uploads\/2019\/03\/20190302_205028.jpg?fit=1024%2C574&ssl=1&resize=350%2C200 1x, https:\/\/i0.wp.com\/larevistadigital.com.ar\/blog\/wp-content\/uploads\/2019\/03\/20190302_205028.jpg?fit=1024%2C574&ssl=1&resize=525%2C300 1.5x, https:\/\/i0.wp.com\/larevistadigital.com.ar\/blog\/wp-content\/uploads\/2019\/03\/20190302_205028.jpg?fit=1024%2C574&ssl=1&resize=700%2C400 2x"},"classes":[]},{"id":18811,"url":"https:\/\/larevistadigital.com.ar\/blog\/ranchos-se-llevaran-a-cabo-actividades-artisticas-en-la-laguna-para-disfrutar-en-familia\/","url_meta":{"origin":10069,"position":2},"title":"RANCHOS: SE LLEVAR\u00c1N A CABO ACTIVIDADES ART\u00cdSTICAS EN LA LAGUNA PARA DISFRUTAR EN FAMILIA","author":"Alejandro Sosa Ruda","date":"9 febrero, 2021","format":false,"excerpt":"El pr\u00f3ximo fin de semana, en distintos puntos del distrito, se desarrollar\u00e1n actividades art\u00edsticas y culturales organizadas por la Subsecretar\u00eda de Cultura y la Direcci\u00f3n de Pol\u00edticas de G\u00e9nero y Diversidad Sexual, dependientes de la Municipalidad de General Paz. RANCHOS El s\u00e1bado 13 a las 13:00 hs., tendr\u00e1 lugar una\u2026","rel":"","context":"En \u00abREGIONALES\u00bb","block_context":{"text":"REGIONALES","link":"https:\/\/larevistadigital.com.ar\/blog\/category\/regionales\/"},"img":{"alt_text":"","src":"https:\/\/i0.wp.com\/larevistadigital.com.ar\/blog\/wp-content\/uploads\/1612911371499.jpg?fit=1200%2C778&ssl=1&resize=350%2C200","width":350,"height":200,"srcset":"https:\/\/i0.wp.com\/larevistadigital.com.ar\/blog\/wp-content\/uploads\/1612911371499.jpg?fit=1200%2C778&ssl=1&resize=350%2C200 1x, https:\/\/i0.wp.com\/larevistadigital.com.ar\/blog\/wp-content\/uploads\/1612911371499.jpg?fit=1200%2C778&ssl=1&resize=525%2C300 1.5x, https:\/\/i0.wp.com\/larevistadigital.com.ar\/blog\/wp-content\/uploads\/1612911371499.jpg?fit=1200%2C778&ssl=1&resize=700%2C400 2x, https:\/\/i0.wp.com\/larevistadigital.com.ar\/blog\/wp-content\/uploads\/1612911371499.jpg?fit=1200%2C778&ssl=1&resize=1050%2C600 3x"},"classes":[]},{"id":31892,"url":"https:\/\/larevistadigital.com.ar\/blog\/brandsen-alerta-por-una-nueva-modalidad-de-robo-como-actuan-los-delincuentes\/","url_meta":{"origin":10069,"position":3},"title":"BRANDSEN: ALERTA POR UNA NUEVA MODALIDAD DE ROBO. C\u00d3MO ACT\u00daAN LOS DELINCUENTES","author":"Alejandro Sosa Ruda","date":"9 junio, 2023","format":false,"excerpt":"Hay alerta por esta nueva modalidad. 9 de junio de 2023 BRANDSEN -\u00a0 En las \u00faltimas horas ha salido a la luz una nueva modalidad de robo en Brandsen, lo que ha generado gran preocupaci\u00f3n entre los residentes. En el transcurso del d\u00eda de ayer, aproximadamente a las 22:00 horas,\u2026","rel":"","context":"En \u00abPOLICIALES\u00bb","block_context":{"text":"POLICIALES","link":"https:\/\/larevistadigital.com.ar\/blog\/category\/policiales\/"},"img":{"alt_text":"","src":"https:\/\/i0.wp.com\/larevistadigital.com.ar\/blog\/wp-content\/uploads\/20230313183828_patrullero2-1.jpg?fit=880%2C512&ssl=1&resize=350%2C200","width":350,"height":200,"srcset":"https:\/\/i0.wp.com\/larevistadigital.com.ar\/blog\/wp-content\/uploads\/20230313183828_patrullero2-1.jpg?fit=880%2C512&ssl=1&resize=350%2C200 1x, https:\/\/i0.wp.com\/larevistadigital.com.ar\/blog\/wp-content\/uploads\/20230313183828_patrullero2-1.jpg?fit=880%2C512&ssl=1&resize=525%2C300 1.5x, https:\/\/i0.wp.com\/larevistadigital.com.ar\/blog\/wp-content\/uploads\/20230313183828_patrullero2-1.jpg?fit=880%2C512&ssl=1&resize=700%2C400 2x"},"classes":[]},{"id":12768,"url":"https:\/\/larevistadigital.com.ar\/blog\/kicillof-culmina-su-gira-por-la-provincia-junto-al-diputado-cote-rossi-en-lobos-y-brandsen\/","url_meta":{"origin":10069,"position":4},"title":"KICILLOF CULMINA SU GIRA POR LA PROVINCIA JUNTO AL DIPUTADO COTE ROSSI EN LOBOS Y BRANDSEN","author":"Alejandro Sosa Ruda","date":"21 octubre, 2019","format":false,"excerpt":"El candidato a gobernador bonaerense del Frente de Todos concluir\u00e1 su gira el mi\u00e9rcoles por los dos distritos que a\u00fan no visit\u00f3 y la capital provincial. El pr\u00f3ximo mi\u00e9rcoles 23 de octubre antes de las elecciones, Axel Kicillof desembarcar\u00e1 en la estrat\u00e9gica Tercera Secci\u00f3n Electoral donde buscar\u00e1 sumar votos de\u2026","rel":"","context":"En \u00abPOLITICA PROVINCIAL\u00bb","block_context":{"text":"POLITICA PROVINCIAL","link":"https:\/\/larevistadigital.com.ar\/blog\/category\/politica\/politica-provincial\/"},"img":{"alt_text":"","src":"https:\/\/i0.wp.com\/larevistadigital.com.ar\/blog\/wp-content\/uploads\/20191018_153444.jpg?fit=1080%2C696&ssl=1&resize=350%2C200","width":350,"height":200,"srcset":"https:\/\/i0.wp.com\/larevistadigital.com.ar\/blog\/wp-content\/uploads\/20191018_153444.jpg?fit=1080%2C696&ssl=1&resize=350%2C200 1x, https:\/\/i0.wp.com\/larevistadigital.com.ar\/blog\/wp-content\/uploads\/20191018_153444.jpg?fit=1080%2C696&ssl=1&resize=525%2C300 1.5x, https:\/\/i0.wp.com\/larevistadigital.com.ar\/blog\/wp-content\/uploads\/20191018_153444.jpg?fit=1080%2C696&ssl=1&resize=700%2C400 2x, https:\/\/i0.wp.com\/larevistadigital.com.ar\/blog\/wp-content\/uploads\/20191018_153444.jpg?fit=1080%2C696&ssl=1&resize=1050%2C600 3x"},"classes":[]},{"id":44085,"url":"https:\/\/larevistadigital.com.ar\/blog\/chascomus-el-proximo-martes-habra-una-nueva-feria-de-mercados-bonaerenses\/","url_meta":{"origin":10069,"position":5},"title":"Chascom\u00fas:  El pr\u00f3ximo martes habr\u00e1 una nueva feria de Mercados Bonaerenses","author":"Alejandro Sosa Ruda","date":"20 febrero, 2026","format":false,"excerpt":"Ser\u00e1 en la Plazoleta Newton, donde se podr\u00e1n adquirir productos de calidad, directamente del productor al consumidor El pr\u00f3ximo martes 24 de febrero, de 9 a 13 horas, en el espacio verde situado en Belgrano y Mazzini, se instalar\u00e1n puestos de venta de emprendedores locales en los que se podr\u00e1n\u2026","rel":"","context":"En \u00abCHASCOM\u00daS\u00bb","block_context":{"text":"CHASCOM\u00daS","link":"https:\/\/larevistadigital.com.ar\/blog\/category\/chascomus\/"},"img":{"alt_text":"","src":"https:\/\/i0.wp.com\/larevistadigital.com.ar\/blog\/wp-content\/uploads\/699891384b6c9.png?fit=668%2C445&ssl=1&resize=350%2C200","width":350,"height":200,"srcset":"https:\/\/i0.wp.com\/larevistadigital.com.ar\/blog\/wp-content\/uploads\/699891384b6c9.png?fit=668%2C445&ssl=1&resize=350%2C200 1x, https:\/\/i0.wp.com\/larevistadigital.com.ar\/blog\/wp-content\/uploads\/699891384b6c9.png?fit=668%2C445&ssl=1&resize=525%2C300 1.5x"},"classes":[]}],"_links":{"self":[{"href":"https:\/\/larevistadigital.com.ar\/blog\/wp-json\/wp\/v2\/posts\/10069","targetHints":{"allow":["GET"]}}],"collection":[{"href":"https:\/\/larevistadigital.com.ar\/blog\/wp-json\/wp\/v2\/posts"}],"about":[{"href":"https:\/\/larevistadigital.com.ar\/blog\/wp-json\/wp\/v2\/types\/post"}],"author":[{"embeddable":true,"href":"https:\/\/larevistadigital.com.ar\/blog\/wp-json\/wp\/v2\/users\/3"}],"replies":[{"embeddable":true,"href":"https:\/\/larevistadigital.com.ar\/blog\/wp-json\/wp\/v2\/comments?post=10069"}],"version-history":[{"count":1,"href":"https:\/\/larevistadigital.com.ar\/blog\/wp-json\/wp\/v2\/posts\/10069\/revisions"}],"predecessor-version":[{"id":10071,"href":"https:\/\/larevistadigital.com.ar\/blog\/wp-json\/wp\/v2\/posts\/10069\/revisions\/10071"}],"wp:featuredmedia":[{"embeddable":true,"href":"https:\/\/larevistadigital.com.ar\/blog\/wp-json\/wp\/v2\/media\/10070"}],"wp:attachment":[{"href":"https:\/\/larevistadigital.com.ar\/blog\/wp-json\/wp\/v2\/media?parent=10069"}],"wp:term":[{"taxonomy":"category","embeddable":true,"href":"https:\/\/larevistadigital.com.ar\/blog\/wp-json\/wp\/v2\/categories?post=10069"},{"taxonomy":"post_tag","embeddable":true,"href":"https:\/\/larevistadigital.com.ar\/blog\/wp-json\/wp\/v2\/tags?post=10069"}],"curies":[{"name":"wp","href":"https:\/\/api.w.org\/{rel}","templated":true}]}}