{"id":10073,"date":"2019-05-08T17:27:14","date_gmt":"2019-05-08T17:27:14","guid":{"rendered":"https:\/\/larevistadigital.com.ar\/blog\/?p=10073"},"modified":"2019-05-08T17:27:14","modified_gmt":"2019-05-08T17:27:14","slug":"madre-desesperada-busca-a-su-hija-tras-ser-arrebatada-por-su-ex","status":"publish","type":"post","link":"https:\/\/larevistadigital.com.ar\/blog\/madre-desesperada-busca-a-su-hija-tras-ser-arrebatada-por-su-ex\/","title":{"rendered":"MADRE DESESPERADA BUSCA A SU HIJA TRAS SER ARREBATADA POR SU EX"},"content":{"rendered":"<h2><em><strong>El pap\u00e1 se la llev\u00f3 el 1\u00b0 de mayo, y desde ese entonces, Silvana, no sabe nada sobre el paradero de su peque\u00f1a hija de tan s\u00f3lo 8 a\u00f1os.<\/strong><\/em><\/h2>\n<div class=\"mvp-post-main-in\">\n<div id=\"mvp-post-content\" class=\"left relative\">\n<div id=\"mvp-content-wrap\" class=\"left relative\">\n<div class=\"mvp-post-soc-out right relative\">\n<div class=\"mvp-post-soc-in\">\n<div id=\"mvp-content-body\" class=\"left relative\">\n<div id=\"mvp-content-body-top\" class=\"left\">\n<div id=\"mvp-content-main\" class=\"left relative\">\n<div id=\"tps_slideContainer_17476\" class=\"theiaPostSlider_slides\">\n<div class=\"theiaPostSlider_preloadedSlide\">\n<p><strong>Silvana Russo<\/strong>, tiene 38 a\u00f1os, es oriunda de la localidad de Longchamps, partido de Almirante Brown y\u00a0est\u00e1 desesperada porque desde hace <strong>8 d\u00edas que no sabe nada de su hija\u00a0<u>Luna Solange Maciel<\/u>\u00a0de 8 a\u00f1os de edad, luego de que el pap\u00e1,<u>Sebasti\u00e1n Maciel<\/u><\/strong>, se la llevara.<\/p>\n<div class=\"j70Vfe9B\"><\/div>\n<p><img data-recalc-dims=\"1\" loading=\"lazy\" decoding=\"async\" class=\"alignnone size-full wp-image-17473\" src=\"https:\/\/i0.wp.com\/detrasdelanoticia.com.ar\/wp-content\/uploads\/2019\/05\/20190508_012255.jpg?resize=780%2C860&#038;ssl=1\" width=\"780\" height=\"860\" \/><\/p>\n<p>La mujer realiz\u00f3 la denuncia en la comisar\u00eda de la mujer, en\u00a0<strong>Burzaco<\/strong>, sin embargo hasta el momento no hay ninguna novedad.<\/p>\n<p>\u201cHice la denuncia, pero me dicen que no pueden hacer nada. Ya no se que m\u00e1s hacer, estoy desesperada. No se si no me ayudan porque no tengo plata, porque ven que estoy sola en esto, o cual es el tema, me estoy muriendo en vida, no se nada de mi hija\u201d refiri\u00f3 la mujer en di\u00e1logo con\u00a0<a href=\"http:\/\/www.detrasdelanoticia.com.ar\/\">detrasdelanoticia.com.ar<\/a><\/p>\n<p><img data-recalc-dims=\"1\" loading=\"lazy\" decoding=\"async\" class=\"alignnone size-full wp-image-17474\" src=\"https:\/\/i0.wp.com\/detrasdelanoticia.com.ar\/wp-content\/uploads\/2019\/05\/20190508_012244.jpg?resize=960%2C817&#038;ssl=1\" width=\"960\" height=\"817\" \/><\/p>\n<p>Y sigui\u00f3: \u201cel pap\u00e1 la tiene secuestrada, se fue de la casa y no donde est\u00e1, su familia me dice que tampoco sabe, no me quieren decir, fui a averiguar al colegio y tampoco la est\u00e1 llevando. Me contacto con ustedes porque necesito que esto se haga p\u00fablico y poder encontrar a Luna\u201d Finaliz\u00f3 la mam\u00e1<\/p>\n<p>Silvana dej\u00f3 su n\u00famero de contacto para quienes puedan aportar informaci\u00f3n, o sepa donde est\u00e1 la menor\u00a0<strong><u>1125991352<\/u><\/strong>.<\/p>\n<\/div>\n<\/div>\n<\/div>\n<\/div>\n<\/div>\n<\/div>\n<\/div>\n<\/div>\n<\/div>\n<\/div>\n<div id=\"mvp-side-wrap\" class=\"left relative\">\n<section id=\"text-23\" class=\"mvp-side-widget widget_text\">\n<div class=\"textwidget\"><\/div>\n<\/section>\n<\/div>\n","protected":false},"excerpt":{"rendered":"<div class=\"mh-excerpt\"><p>El pap\u00e1 se la llev\u00f3 el 1\u00b0 de mayo, y desde ese entonces, Silvana, no sabe nada sobre el paradero de su peque\u00f1a hija de tan s\u00f3lo 8 a\u00f1os. Silvana Russo, tiene 38 a\u00f1os, es <a class=\"mh-excerpt-more\" href=\"https:\/\/larevistadigital.com.ar\/blog\/madre-desesperada-busca-a-su-hija-tras-ser-arrebatada-por-su-ex\/\" title=\"MADRE DESESPERADA BUSCA A SU HIJA TRAS SER ARREBATADA POR SU EX\">[Leer M\u00e1s]<\/a><\/p>\n<\/div>","protected":false},"author":3,"featured_media":10075,"comment_status":"open","ping_status":"open","sticky":false,"template":"","format":"standard","meta":{"_jetpack_memberships_contains_paid_content":false,"footnotes":"","jetpack_publicize_message":"","jetpack_publicize_feature_enabled":true,"jetpack_social_post_already_shared":true,"jetpack_social_options":{"image_generator_settings":{"template":"highway","default_image_id":0,"font":"","enabled":false},"version":2}},"categories":[44,12],"tags":[],"class_list":{"0":"post-10073","1":"post","2":"type-post","3":"status-publish","4":"format-standard","5":"has-post-thumbnail","7":"category-policiales","8":"category-politica"},"jetpack_publicize_connections":[],"jetpack_featured_media_url":"https:\/\/i0.wp.com\/larevistadigital.com.ar\/blog\/wp-content\/uploads\/2019\/05\/Screenshot_1-7.jpg?fit=1019%2C697&ssl=1","jetpack_sharing_enabled":true,"jetpack_shortlink":"https:\/\/wp.me\/p8qtrQ-2Ct","jetpack-related-posts":[{"id":12599,"url":"https:\/\/larevistadigital.com.ar\/blog\/desesperada-busqueda-de-una-criatura-de-10-anos-en-punta-indio\/","url_meta":{"origin":10073,"position":0},"title":"DESESPERADA B\u00daSQUEDA DE UNA CRIATURA DE 10 A\u00d1OS EN PUNTA INDIO","author":"Alejandro Sosa Ruda","date":"11 octubre, 2019","format":false,"excerpt":"La chica se llama Abril. Vive con su madre en una finca ubicada a 30 metros de la costa, en la zona del Peric\u00f3n. Ayer estuvieron en la playa y la menor regres\u00f3 sola porque se hab\u00eda olvidado una mu\u00f1eca. Desde entonces nada se sabe de ella. Rastrillan la zona\u2026","rel":"","context":"En \u00abREGIONALES\u00bb","block_context":{"text":"REGIONALES","link":"https:\/\/larevistadigital.com.ar\/blog\/category\/regionales\/"},"img":{"alt_text":"","src":"https:\/\/i0.wp.com\/larevistadigital.com.ar\/blog\/wp-content\/uploads\/abril-cavalle.jpg?fit=800%2C582&ssl=1&resize=350%2C200","width":350,"height":200,"srcset":"https:\/\/i0.wp.com\/larevistadigital.com.ar\/blog\/wp-content\/uploads\/abril-cavalle.jpg?fit=800%2C582&ssl=1&resize=350%2C200 1x, https:\/\/i0.wp.com\/larevistadigital.com.ar\/blog\/wp-content\/uploads\/abril-cavalle.jpg?fit=800%2C582&ssl=1&resize=525%2C300 1.5x, https:\/\/i0.wp.com\/larevistadigital.com.ar\/blog\/wp-content\/uploads\/abril-cavalle.jpg?fit=800%2C582&ssl=1&resize=700%2C400 2x"},"classes":[]},{"id":11135,"url":"https:\/\/larevistadigital.com.ar\/blog\/mujer-denuncio-a-hombre-que-la-acosaba-por-facebook-y-desaparecio\/","url_meta":{"origin":10073,"position":1},"title":"MUJER DENUNCI\u00d3 A HOMBRE QUE LA ACOSABA POR FACEBOOK Y DESAPARECI\u00d3","author":"Alejandro Sosa Ruda","date":"8 julio, 2019","format":false,"excerpt":"La joven de 25 a\u00f1os, que fue vista por \u00faltima vez hace m\u00e1s de 48 horas\u00a0cuando llev\u00f3 a su hijo al jard\u00edn de infantes en la ciudad cordobesa de Unquillo, es intensamente buscada por la polic\u00eda y su familia est\u00e1 desesperada. Dalma Ianini\u00a0desparaci\u00f3 el viernes al mediod\u00eda cuando fue a\u2026","rel":"","context":"En \u00abINTERES GENERAL\u00bb","block_context":{"text":"INTERES GENERAL","link":"https:\/\/larevistadigital.com.ar\/blog\/category\/interes-general\/"},"img":{"alt_text":"","src":"https:\/\/i0.wp.com\/larevistadigital.com.ar\/blog\/wp-content\/uploads\/Screenshot_1-21.jpg?fit=1200%2C674&ssl=1&resize=350%2C200","width":350,"height":200,"srcset":"https:\/\/i0.wp.com\/larevistadigital.com.ar\/blog\/wp-content\/uploads\/Screenshot_1-21.jpg?fit=1200%2C674&ssl=1&resize=350%2C200 1x, https:\/\/i0.wp.com\/larevistadigital.com.ar\/blog\/wp-content\/uploads\/Screenshot_1-21.jpg?fit=1200%2C674&ssl=1&resize=525%2C300 1.5x, https:\/\/i0.wp.com\/larevistadigital.com.ar\/blog\/wp-content\/uploads\/Screenshot_1-21.jpg?fit=1200%2C674&ssl=1&resize=700%2C400 2x, https:\/\/i0.wp.com\/larevistadigital.com.ar\/blog\/wp-content\/uploads\/Screenshot_1-21.jpg?fit=1200%2C674&ssl=1&resize=1050%2C600 3x"},"classes":[]},{"id":11713,"url":"https:\/\/larevistadigital.com.ar\/blog\/lomas-de-zamora-desesperada-busqueda-de-una-menor-que-desaparecio-el-domingo\/","url_meta":{"origin":10073,"position":2},"title":"LOMAS DE ZAMORA: DESESPERADA B\u00daSQUEDA DE UNA MENOR QUE DESAPARECI\u00d3 EL DOMINGO","author":"Alejandro Sosa Ruda","date":"3 agosto, 2019","format":false,"excerpt":"Familiares, amigos y docentes de Nadia Varela, una adolescente de 16 a\u00f1os que desapareci\u00f3 de su casa de Lomas de Zamora el \u00faltimo domingo, la buscan intensamente y solicitan que quien la haya visto aporte informaci\u00f3n para dar con ella. La menor desapareci\u00f3 de su hogar \u2013 ubicado cerca de\u2026","rel":"","context":"En \u00abINTERES GENERAL\u00bb","block_context":{"text":"INTERES GENERAL","link":"https:\/\/larevistadigital.com.ar\/blog\/category\/interes-general\/"},"img":{"alt_text":"","src":"https:\/\/i0.wp.com\/larevistadigital.com.ar\/blog\/wp-content\/uploads\/1564607942642.jpg?fit=1200%2C674&ssl=1&resize=350%2C200","width":350,"height":200,"srcset":"https:\/\/i0.wp.com\/larevistadigital.com.ar\/blog\/wp-content\/uploads\/1564607942642.jpg?fit=1200%2C674&ssl=1&resize=350%2C200 1x, https:\/\/i0.wp.com\/larevistadigital.com.ar\/blog\/wp-content\/uploads\/1564607942642.jpg?fit=1200%2C674&ssl=1&resize=525%2C300 1.5x, https:\/\/i0.wp.com\/larevistadigital.com.ar\/blog\/wp-content\/uploads\/1564607942642.jpg?fit=1200%2C674&ssl=1&resize=700%2C400 2x, https:\/\/i0.wp.com\/larevistadigital.com.ar\/blog\/wp-content\/uploads\/1564607942642.jpg?fit=1200%2C674&ssl=1&resize=1050%2C600 3x"},"classes":[]},{"id":13665,"url":"https:\/\/larevistadigital.com.ar\/blog\/la-plata-intensa-busqueda-de-una-estudiante-de-medicina-desaparecida-desde-el-lunes\/","url_meta":{"origin":10073,"position":3},"title":"LA PLATA: INTENSA B\u00daSQUEDA DE UNA ESTUDIANTE DE MEDICINA DESAPARECIDA DESDE EL LUNES","author":"Alejandro Sosa Ruda","date":"13 diciembre, 2019","format":false,"excerpt":"Jennifer Almir\u00f3n\u00a0tiene 20 a\u00f1os y cursa el primer a\u00f1o en la Facultad de Ciencias M\u00e9dicas de la UNLP. El lunes pasado sali\u00f3 de su casa, despu\u00e9s de decirle a su madre que iba a encontrarse con unas compa\u00f1eras en el centro platense, y que probablemente se viera con un chico\u2026","rel":"","context":"En \u00abPOLICIALES\u00bb","block_context":{"text":"POLICIALES","link":"https:\/\/larevistadigital.com.ar\/blog\/category\/policiales\/"},"img":{"alt_text":"","src":"https:\/\/i0.wp.com\/larevistadigital.com.ar\/blog\/wp-content\/uploads\/jennifer.jpg?fit=800%2C474&ssl=1&resize=350%2C200","width":350,"height":200,"srcset":"https:\/\/i0.wp.com\/larevistadigital.com.ar\/blog\/wp-content\/uploads\/jennifer.jpg?fit=800%2C474&ssl=1&resize=350%2C200 1x, https:\/\/i0.wp.com\/larevistadigital.com.ar\/blog\/wp-content\/uploads\/jennifer.jpg?fit=800%2C474&ssl=1&resize=525%2C300 1.5x, https:\/\/i0.wp.com\/larevistadigital.com.ar\/blog\/wp-content\/uploads\/jennifer.jpg?fit=800%2C474&ssl=1&resize=700%2C400 2x"},"classes":[]},{"id":14076,"url":"https:\/\/larevistadigital.com.ar\/blog\/san-vicente-desesperada-busqueda-de-una-chica-con-esquizofrenia\/","url_meta":{"origin":10073,"position":4},"title":"SAN VICENTE: DESESPERADA B\u00daSQUEDA DE UNA CHICA CON ESQUIZOFRENIA","author":"Alejandro Sosa Ruda","date":"8 enero, 2020","format":false,"excerpt":"Fue vista por \u00faltima vez el martes a la ma\u00f1ana. Temen a que se la hayan llevado enga\u00f1ada. La localidad de Domselaar, partido de San Vicente, est\u00e1 en alerta porque desde este martes 7 de enero a la ma\u00f1ana, no sabe nada sobre el paradero de Mar\u00eda Luciana Benitez, una\u2026","rel":"","context":"En \u00abPOLICIALES\u00bb","block_context":{"text":"POLICIALES","link":"https:\/\/larevistadigital.com.ar\/blog\/category\/policiales\/"},"img":{"alt_text":"","src":"https:\/\/i0.wp.com\/larevistadigital.com.ar\/blog\/wp-content\/uploads\/1578462062520.jpg?fit=1200%2C674&ssl=1&resize=350%2C200","width":350,"height":200,"srcset":"https:\/\/i0.wp.com\/larevistadigital.com.ar\/blog\/wp-content\/uploads\/1578462062520.jpg?fit=1200%2C674&ssl=1&resize=350%2C200 1x, https:\/\/i0.wp.com\/larevistadigital.com.ar\/blog\/wp-content\/uploads\/1578462062520.jpg?fit=1200%2C674&ssl=1&resize=525%2C300 1.5x, https:\/\/i0.wp.com\/larevistadigital.com.ar\/blog\/wp-content\/uploads\/1578462062520.jpg?fit=1200%2C674&ssl=1&resize=700%2C400 2x, https:\/\/i0.wp.com\/larevistadigital.com.ar\/blog\/wp-content\/uploads\/1578462062520.jpg?fit=1200%2C674&ssl=1&resize=1050%2C600 3x"},"classes":[]},{"id":9384,"url":"https:\/\/larevistadigital.com.ar\/blog\/chascomus-la-solidaridad-de-la-gente-hizo-lo-que-no-hicieron-las-autoridades-y-sofia-recibio-su-medicacion\/","url_meta":{"origin":10073,"position":5},"title":"CHASCOM\u00daS: LA SOLIDARIDAD DE LA GENTE HIZO LO QUE NO HICIERON LAS AUTORIDADES, Y SOF\u00cdA RECIBI\u00d3 SU MEDICACI\u00d3N","author":"Alejandro Sosa Ruda","date":"26 marzo, 2019","format":false,"excerpt":"Antes de ayer, publicamos una nota referida a una triste y complicada situaci\u00f3n que est\u00e1 viviendo una nena de 8 a\u00f1itos de edad, vecina de Chascom\u00fas, y que su mam\u00e1 hizo p\u00fablica desde su perfil de la red social Facebook. All\u00ed, la se\u00f1ora llamada M\u00f3nica, cont\u00f3 que la criatura padece\u2026","rel":"","context":"En \u00abDESTACADAS\u00bb","block_context":{"text":"DESTACADAS","link":"https:\/\/larevistadigital.com.ar\/blog\/category\/destacadas\/"},"img":{"alt_text":"","src":"https:\/\/i0.wp.com\/larevistadigital.com.ar\/blog\/wp-content\/uploads\/2019\/03\/10425160_10204550095378469_7421364511969916628_n.jpg?fit=960%2C640&ssl=1&resize=350%2C200","width":350,"height":200,"srcset":"https:\/\/i0.wp.com\/larevistadigital.com.ar\/blog\/wp-content\/uploads\/2019\/03\/10425160_10204550095378469_7421364511969916628_n.jpg?fit=960%2C640&ssl=1&resize=350%2C200 1x, https:\/\/i0.wp.com\/larevistadigital.com.ar\/blog\/wp-content\/uploads\/2019\/03\/10425160_10204550095378469_7421364511969916628_n.jpg?fit=960%2C640&ssl=1&resize=525%2C300 1.5x, https:\/\/i0.wp.com\/larevistadigital.com.ar\/blog\/wp-content\/uploads\/2019\/03\/10425160_10204550095378469_7421364511969916628_n.jpg?fit=960%2C640&ssl=1&resize=700%2C400 2x"},"classes":[]}],"_links":{"self":[{"href":"https:\/\/larevistadigital.com.ar\/blog\/wp-json\/wp\/v2\/posts\/10073","targetHints":{"allow":["GET"]}}],"collection":[{"href":"https:\/\/larevistadigital.com.ar\/blog\/wp-json\/wp\/v2\/posts"}],"about":[{"href":"https:\/\/larevistadigital.com.ar\/blog\/wp-json\/wp\/v2\/types\/post"}],"author":[{"embeddable":true,"href":"https:\/\/larevistadigital.com.ar\/blog\/wp-json\/wp\/v2\/users\/3"}],"replies":[{"embeddable":true,"href":"https:\/\/larevistadigital.com.ar\/blog\/wp-json\/wp\/v2\/comments?post=10073"}],"version-history":[{"count":1,"href":"https:\/\/larevistadigital.com.ar\/blog\/wp-json\/wp\/v2\/posts\/10073\/revisions"}],"predecessor-version":[{"id":10074,"href":"https:\/\/larevistadigital.com.ar\/blog\/wp-json\/wp\/v2\/posts\/10073\/revisions\/10074"}],"wp:featuredmedia":[{"embeddable":true,"href":"https:\/\/larevistadigital.com.ar\/blog\/wp-json\/wp\/v2\/media\/10075"}],"wp:attachment":[{"href":"https:\/\/larevistadigital.com.ar\/blog\/wp-json\/wp\/v2\/media?parent=10073"}],"wp:term":[{"taxonomy":"category","embeddable":true,"href":"https:\/\/larevistadigital.com.ar\/blog\/wp-json\/wp\/v2\/categories?post=10073"},{"taxonomy":"post_tag","embeddable":true,"href":"https:\/\/larevistadigital.com.ar\/blog\/wp-json\/wp\/v2\/tags?post=10073"}],"curies":[{"name":"wp","href":"https:\/\/api.w.org\/{rel}","templated":true}]}}