{"id":10078,"date":"2019-05-08T22:06:03","date_gmt":"2019-05-08T22:06:03","guid":{"rendered":"https:\/\/larevistadigital.com.ar\/blog\/?p=10078"},"modified":"2019-05-08T22:06:03","modified_gmt":"2019-05-08T22:06:03","slug":"la-ucr-de-chascomus-a-traves-de-su-comite-emitio-un-duro-documento-con-criticas-a-la-gestion-municipal","status":"publish","type":"post","link":"https:\/\/larevistadigital.com.ar\/blog\/la-ucr-de-chascomus-a-traves-de-su-comite-emitio-un-duro-documento-con-criticas-a-la-gestion-municipal\/","title":{"rendered":"LA UCR DE CHASCOM\u00daS, A TRAV\u00c9S DE SU COMIT\u00c9, EMITI\u00d3 UN DURO DOCUMENTO CON CR\u00cdTICAS A LA GESTI\u00d3N MUNICIPAL"},"content":{"rendered":"<p><strong>UNI\u00d3N C\u00cdVICA RADICAL<\/strong><br \/>\n<strong>COMIT\u00c9 CHASCOM\u00daS<\/strong><\/p>\n<p><strong>DECLARACI\u00d3N<\/strong><br \/>\n<strong>LO PRIMERO ES LO PRIMERO,PRIORIZAR ES EL SENTIDO.<\/strong><\/p>\n<div class=\"text_exposed_show\">\n<p>Calles en mal estado, barrios sin ning\u00fan tipo de atenci\u00f3n, falta de acompa\u00f1amiento y asistencia para familias en estado de vulnerabilidad ante situaciones de toda \u00edndole. Este planteo no tiene en miras \u00fanicamente la situaci\u00f3n econ\u00f3mica desfavorable (la cual podr\u00eda atribuirse al ser una consecuencia del estado general de la econom\u00eda), sino principalmente el abordaje y seguimiento de otras causas que permiten revertir problem\u00e1ticas.<br \/>\nFalta de atenci\u00f3n en los servicios esenciales en el hospital, falta de profesionales, ausencia de programas alimentarios eficaces, falta de atenci\u00f3n en infancia, en tercera edad, en adolescencia, y podr\u00edamos continuar objetando la ausencia de pol\u00edticas sociales de esta gesti\u00f3n.<br \/>\nSi bien es cierto que el Municipio tiene una serie de competencias en esos temas, ser\u00eda bueno saber cu\u00e1l es la delimitaci\u00f3n de las mismas,que si bien se entiende como una cartera de servicios, es indispensable tambi\u00e9n fijar prioridades de acuerdo a las necesidades existentes y palpables que tiene nuestra poblaci\u00f3n.<br \/>\nEsto requiere dise\u00f1ar e implementar de manera estrat\u00e9gica aut\u00e9nticas pol\u00edticas p\u00fablicas y formular democr\u00e1ticamente un plan que permita programar acciones que fortalezcan niveles \u00f3ptimos de bienestar con equidad para los vecinos.<br \/>\nDicho esto, nos preguntamos: \u00bfse priorizan los barrios?,\u00bflas familias m\u00e1s vulnerables est\u00e1n asistidas bajo alg\u00fan programa?,\u00bfse contempla una mirada m\u00e1s social o solamente se efectivizan obras para el casco urbano olvid\u00e1ndose de las zonas perif\u00e9ricas? Y justamente \u00e9sto nos lleva a otra pregunta: \u00bfera prioritario el recambio de las veredas de la calle Libres del Sur?,\u00bfo era m\u00e1s importante hacer en etapas obras de saneamiento, cloacas y limpieza de cunetas (muchas de ellas con agua servidas y micro basurales)?, \u00bfo mejorado de calles de tierra?, \u00bfo construcci\u00f3n de viviendas?, \u00bfu obras de iluminaci\u00f3n para brindar algo m\u00e1s de apoyo a la ya m\u00e1s que preocupante situaci\u00f3n de inseguridad en toda la ciudad?<br \/>\nNo cabe duda de que esta gesti\u00f3n municipal tiene un gran acompa\u00f1amiento presupuestario provincial, que otras gestiones no tuvieron por ser de distinto signo pol\u00edtico que el ocasional gobierno de turno provincial, pero se observa que esos recursos no est\u00e1n bien direccionados. Justamente consideramos que es necesario que la actual gesti\u00f3n se replante\u00e9 cu\u00e1les son las acciones prioritarias, y que no se impongan acciones que no lo son, y que no favorecen a los vecinos que tienen problem\u00e1ticas latentes y sin respuestas.<\/p>\n<\/div>\n","protected":false},"excerpt":{"rendered":"<div class=\"mh-excerpt\"><p>UNI\u00d3N C\u00cdVICA RADICAL COMIT\u00c9 CHASCOM\u00daS DECLARACI\u00d3N LO PRIMERO ES LO PRIMERO,PRIORIZAR ES EL SENTIDO. Calles en mal estado, barrios sin ning\u00fan tipo de atenci\u00f3n, falta de acompa\u00f1amiento y asistencia para familias en estado de vulnerabilidad <a class=\"mh-excerpt-more\" href=\"https:\/\/larevistadigital.com.ar\/blog\/la-ucr-de-chascomus-a-traves-de-su-comite-emitio-un-duro-documento-con-criticas-a-la-gestion-municipal\/\" title=\"LA UCR DE CHASCOM\u00daS, A TRAV\u00c9S DE SU COMIT\u00c9, EMITI\u00d3 UN DURO DOCUMENTO CON CR\u00cdTICAS A LA GESTI\u00d3N MUNICIPAL\">[Leer M\u00e1s]<\/a><\/p>\n<\/div>","protected":false},"author":3,"featured_media":10079,"comment_status":"open","ping_status":"open","sticky":false,"template":"","format":"standard","meta":{"_jetpack_memberships_contains_paid_content":false,"footnotes":"","jetpack_publicize_message":"","jetpack_publicize_feature_enabled":true,"jetpack_social_post_already_shared":true,"jetpack_social_options":{"image_generator_settings":{"template":"highway","default_image_id":0,"font":"","enabled":false},"version":2}},"categories":[41],"tags":[],"class_list":{"0":"post-10078","1":"post","2":"type-post","3":"status-publish","4":"format-standard","5":"has-post-thumbnail","7":"category-destacadas"},"jetpack_publicize_connections":[],"jetpack_featured_media_url":"https:\/\/i0.wp.com\/larevistadigital.com.ar\/blog\/wp-content\/uploads\/2019\/05\/59734114_807885076252758_726900820888518656_n-1.png?fit=960%2C960&ssl=1","jetpack_sharing_enabled":true,"jetpack_shortlink":"https:\/\/wp.me\/p8qtrQ-2Cy","jetpack-related-posts":[{"id":14041,"url":"https:\/\/larevistadigital.com.ar\/blog\/san-vicente-preocupacion-por-el-estado-del-hospital-local\/","url_meta":{"origin":10078,"position":0},"title":"SAN VICENTE: PREOCUPACI\u00d3N POR EL ESTADO DEL HOSPITAL LOCAL","author":"Alejandro Sosa Ruda","date":"6 enero, 2020","format":false,"excerpt":"El municipio de San Vicente\u00a0difundi\u00f3 un fuerte comunicado en el que deja en evidencia el estado en el que recibi\u00f3 al hospital local tras el cambio de gesti\u00f3n: \"tenemos la obligaci\u00f3n de exponer ante la opini\u00f3n p\u00fablica el estado en el que hemos recibido el principal efector sanitario del distrito\u2026","rel":"","context":"En \u00abREGIONALES\u00bb","block_context":{"text":"REGIONALES","link":"https:\/\/larevistadigital.com.ar\/blog\/category\/regionales\/"},"img":{"alt_text":"","src":"https:\/\/i0.wp.com\/larevistadigital.com.ar\/blog\/wp-content\/uploads\/1578353727604_wm.jpg?fit=1200%2C674&ssl=1&resize=350%2C200","width":350,"height":200,"srcset":"https:\/\/i0.wp.com\/larevistadigital.com.ar\/blog\/wp-content\/uploads\/1578353727604_wm.jpg?fit=1200%2C674&ssl=1&resize=350%2C200 1x, https:\/\/i0.wp.com\/larevistadigital.com.ar\/blog\/wp-content\/uploads\/1578353727604_wm.jpg?fit=1200%2C674&ssl=1&resize=525%2C300 1.5x, https:\/\/i0.wp.com\/larevistadigital.com.ar\/blog\/wp-content\/uploads\/1578353727604_wm.jpg?fit=1200%2C674&ssl=1&resize=700%2C400 2x, https:\/\/i0.wp.com\/larevistadigital.com.ar\/blog\/wp-content\/uploads\/1578353727604_wm.jpg?fit=1200%2C674&ssl=1&resize=1050%2C600 3x"},"classes":[]},{"id":16771,"url":"https:\/\/larevistadigital.com.ar\/blog\/chascomus-vecinos-del-barrio-san-cayetano-cortan-el-acceso-a-la-ciudad-ante-la-falta-de-respuestas-del-municipio\/","url_meta":{"origin":10078,"position":1},"title":"CHASCOM\u00daS: VECINOS DEL BARRIO SAN CAYETANO CORTAN EL ACCESO A LA CIUDAD ANTE LA FALTA DE RESPUESTAS DEL MUNICIPIO","author":"Alejandro Sosa Ruda","date":"6 octubre, 2020","format":false,"excerpt":"Tal como lo hab\u00edan anunciado, los vecinos del barrio San Cayetano est\u00e1n cortando el acceso a Chascom\u00fas por la nula atenci\u00f3n que el municipio les brinda a los reclamos que vienen haciendo hace a\u00f1os, y en particular desde los cinco a\u00f1os que llevan la gesti\u00f3n de Javier Gast\u00f3n. Los vecinos,\u2026","rel":"","context":"En \u00abDESTACADAS\u00bb","block_context":{"text":"DESTACADAS","link":"https:\/\/larevistadigital.com.ar\/blog\/category\/destacadas\/"},"img":{"alt_text":"","src":"https:\/\/i0.wp.com\/larevistadigital.com.ar\/blog\/wp-content\/uploads\/VECINOS-CORTAN-ACCESO-1.jpg?fit=1000%2C321&ssl=1&resize=350%2C200","width":350,"height":200,"srcset":"https:\/\/i0.wp.com\/larevistadigital.com.ar\/blog\/wp-content\/uploads\/VECINOS-CORTAN-ACCESO-1.jpg?fit=1000%2C321&ssl=1&resize=350%2C200 1x, https:\/\/i0.wp.com\/larevistadigital.com.ar\/blog\/wp-content\/uploads\/VECINOS-CORTAN-ACCESO-1.jpg?fit=1000%2C321&ssl=1&resize=525%2C300 1.5x, https:\/\/i0.wp.com\/larevistadigital.com.ar\/blog\/wp-content\/uploads\/VECINOS-CORTAN-ACCESO-1.jpg?fit=1000%2C321&ssl=1&resize=700%2C400 2x"},"classes":[]},{"id":18618,"url":"https:\/\/larevistadigital.com.ar\/blog\/el-municipio-incorpora-un-canal-de-autogestion-digital-por-reclamos-al-147-mientras-los-vecinos-se-quejan-de-la-falta-de-atencion\/","url_meta":{"origin":10078,"position":2},"title":"EL MUNICIPIO INCORPORA UN CANAL DE \u00abAUTOGESTI\u00d3N DIGITAL\u00bb POR RECLAMOS AL 147 MIENTRAS LOS VECINOS SE QUEJAN DE LA FALTA DE ATENCI\u00d3N","author":"Alejandro Sosa Ruda","date":"14 enero, 2021","format":false,"excerpt":"Mientras los vecinos de Chascom\u00fas protestan indignados porque no son escuchados, ni atendidos en tiempo y forma cuando realizaron reclamos al tel\u00e9fono 147 que supuestamente cumplir\u00eda esa funci\u00f3n, desde la Municipalidad de Chascom\u00fas, anuncian la creaci\u00f3n de un espacio en la web como para que uno ingrese, y en \"f\u00e1ciles\u2026","rel":"","context":"En \u00abDESTACADAS\u00bb","block_context":{"text":"DESTACADAS","link":"https:\/\/larevistadigital.com.ar\/blog\/category\/destacadas\/"},"img":{"alt_text":"","src":"https:\/\/i0.wp.com\/larevistadigital.com.ar\/blog\/wp-content\/uploads\/147-uxch-scaled.jpg?fit=1200%2C700&ssl=1&resize=350%2C200","width":350,"height":200,"srcset":"https:\/\/i0.wp.com\/larevistadigital.com.ar\/blog\/wp-content\/uploads\/147-uxch-scaled.jpg?fit=1200%2C700&ssl=1&resize=350%2C200 1x, https:\/\/i0.wp.com\/larevistadigital.com.ar\/blog\/wp-content\/uploads\/147-uxch-scaled.jpg?fit=1200%2C700&ssl=1&resize=525%2C300 1.5x, https:\/\/i0.wp.com\/larevistadigital.com.ar\/blog\/wp-content\/uploads\/147-uxch-scaled.jpg?fit=1200%2C700&ssl=1&resize=700%2C400 2x, https:\/\/i0.wp.com\/larevistadigital.com.ar\/blog\/wp-content\/uploads\/147-uxch-scaled.jpg?fit=1200%2C700&ssl=1&resize=1050%2C600 3x"},"classes":[]},{"id":5622,"url":"https:\/\/larevistadigital.com.ar\/blog\/chascomus-vecinos-molestos-por-la-falta-de-recoleccion-de-ramas-y-residuos\/","url_meta":{"origin":10078,"position":3},"title":"CHASCOM\u00daS: VECINOS MOLESTOS POR LA FALTA DE RECOLECCI\u00d3N DE RAMAS Y RESIDUOS","author":"Alejandro Sosa Ruda","date":"22 mayo, 2018","format":false,"excerpt":"Vecinos de Chascom\u00fas que viven en las proximidades del hotel Howard Jhonson, nos han hecho llegar un reclamo por la falta de recolecci\u00f3n de las ramas y residuos en la zona. Nos refieren que hace m\u00e1s de un mes que se reclama que se atienda la demanda y se cumpla\u2026","rel":"","context":"En \u00abDESTACADAS\u00bb","block_context":{"text":"DESTACADAS","link":"https:\/\/larevistadigital.com.ar\/blog\/category\/destacadas\/"},"img":{"alt_text":"","src":"https:\/\/i0.wp.com\/larevistadigital.com.ar\/blog\/wp-content\/uploads\/2018\/05\/33158310_2079317042334647_2969338477746847744_n.jpg?fit=720%2C960&ssl=1&resize=350%2C200","width":350,"height":200,"srcset":"https:\/\/i0.wp.com\/larevistadigital.com.ar\/blog\/wp-content\/uploads\/2018\/05\/33158310_2079317042334647_2969338477746847744_n.jpg?fit=720%2C960&ssl=1&resize=350%2C200 1x, https:\/\/i0.wp.com\/larevistadigital.com.ar\/blog\/wp-content\/uploads\/2018\/05\/33158310_2079317042334647_2969338477746847744_n.jpg?fit=720%2C960&ssl=1&resize=525%2C300 1.5x, https:\/\/i0.wp.com\/larevistadigital.com.ar\/blog\/wp-content\/uploads\/2018\/05\/33158310_2079317042334647_2969338477746847744_n.jpg?fit=720%2C960&ssl=1&resize=700%2C400 2x"},"classes":[]},{"id":40601,"url":"https:\/\/larevistadigital.com.ar\/blog\/chascomus-por-falta-de-kits-se-suspenden-entregas-de-carnets-de-licencias-de-conducir-fisicas\/","url_meta":{"origin":10078,"position":4},"title":"Chascom\u00fas: Por falta de kits se suspenden entregas de carnets de licencias de conducir f\u00edsicas","author":"Alejandro Sosa Ruda","date":"26 julio, 2025","format":false,"excerpt":"Autoridades municipales buscan soluciones excepcionales ante la falta de respuesta del gobierno nacional. 26 de Julio de 2025 CHASCOM\u00daS -\u00a0 \u00a0El faltante de kits para la impresi\u00f3n de los carnets de las licencias de conducir se produce con posterioridad a la disoluci\u00f3n de la Agencia Nacional de Seguridad Vial (ANSV)\u2026","rel":"","context":"En \u00abCHASCOM\u00daS\u00bb","block_context":{"text":"CHASCOM\u00daS","link":"https:\/\/larevistadigital.com.ar\/blog\/category\/chascomus\/"},"img":{"alt_text":"","src":"https:\/\/i0.wp.com\/larevistadigital.com.ar\/blog\/wp-content\/uploads\/6883c7acdee0c.png?fit=668%2C445&ssl=1&resize=350%2C200","width":350,"height":200,"srcset":"https:\/\/i0.wp.com\/larevistadigital.com.ar\/blog\/wp-content\/uploads\/6883c7acdee0c.png?fit=668%2C445&ssl=1&resize=350%2C200 1x, https:\/\/i0.wp.com\/larevistadigital.com.ar\/blog\/wp-content\/uploads\/6883c7acdee0c.png?fit=668%2C445&ssl=1&resize=525%2C300 1.5x"},"classes":[]},{"id":20525,"url":"https:\/\/larevistadigital.com.ar\/blog\/la-comision-de-salud-de-la-ucr-de-chascomus-expresa-su-preocupacion-por-la-crisis-sanitaria-que-atraviesa-nuestro-distrito\/","url_meta":{"origin":10078,"position":5},"title":"LA COMISION DE SALUD DE LA UCR DE CHASCOMUS EXPRESA SU PREOCUPACION POR LA CRISIS SANITARIA QUE ATRAVIESA NUESTRO DISTRITO","author":"Alejandro Sosa Ruda","date":"28 mayo, 2021","format":false,"excerpt":"Con motivo de analizar la situaci\u00f3n sanitaria que atraviesa nuestro pa\u00eds, y en especial nuestro distrito, se llev\u00f3 adelante el primer encuentro virtual de la Comisi\u00f3n con m\u00e1s de 50 vecinos. Con los datos de dicha reuni\u00f3n, la cual resulto muy fruct\u00edfera, pudimos arribar a las siguientes conclusiones: \uf076 Nos\u2026","rel":"","context":"En \u00abINTERES GENERAL\u00bb","block_context":{"text":"INTERES GENERAL","link":"https:\/\/larevistadigital.com.ar\/blog\/category\/interes-general\/"},"img":{"alt_text":"","src":"https:\/\/i0.wp.com\/larevistadigital.com.ar\/blog\/wp-content\/uploads\/HOSPITAL-DE-CHASCOMUS-1.jpg?fit=1200%2C675&ssl=1&resize=350%2C200","width":350,"height":200,"srcset":"https:\/\/i0.wp.com\/larevistadigital.com.ar\/blog\/wp-content\/uploads\/HOSPITAL-DE-CHASCOMUS-1.jpg?fit=1200%2C675&ssl=1&resize=350%2C200 1x, https:\/\/i0.wp.com\/larevistadigital.com.ar\/blog\/wp-content\/uploads\/HOSPITAL-DE-CHASCOMUS-1.jpg?fit=1200%2C675&ssl=1&resize=525%2C300 1.5x, https:\/\/i0.wp.com\/larevistadigital.com.ar\/blog\/wp-content\/uploads\/HOSPITAL-DE-CHASCOMUS-1.jpg?fit=1200%2C675&ssl=1&resize=700%2C400 2x, https:\/\/i0.wp.com\/larevistadigital.com.ar\/blog\/wp-content\/uploads\/HOSPITAL-DE-CHASCOMUS-1.jpg?fit=1200%2C675&ssl=1&resize=1050%2C600 3x"},"classes":[]}],"_links":{"self":[{"href":"https:\/\/larevistadigital.com.ar\/blog\/wp-json\/wp\/v2\/posts\/10078","targetHints":{"allow":["GET"]}}],"collection":[{"href":"https:\/\/larevistadigital.com.ar\/blog\/wp-json\/wp\/v2\/posts"}],"about":[{"href":"https:\/\/larevistadigital.com.ar\/blog\/wp-json\/wp\/v2\/types\/post"}],"author":[{"embeddable":true,"href":"https:\/\/larevistadigital.com.ar\/blog\/wp-json\/wp\/v2\/users\/3"}],"replies":[{"embeddable":true,"href":"https:\/\/larevistadigital.com.ar\/blog\/wp-json\/wp\/v2\/comments?post=10078"}],"version-history":[{"count":1,"href":"https:\/\/larevistadigital.com.ar\/blog\/wp-json\/wp\/v2\/posts\/10078\/revisions"}],"predecessor-version":[{"id":10080,"href":"https:\/\/larevistadigital.com.ar\/blog\/wp-json\/wp\/v2\/posts\/10078\/revisions\/10080"}],"wp:featuredmedia":[{"embeddable":true,"href":"https:\/\/larevistadigital.com.ar\/blog\/wp-json\/wp\/v2\/media\/10079"}],"wp:attachment":[{"href":"https:\/\/larevistadigital.com.ar\/blog\/wp-json\/wp\/v2\/media?parent=10078"}],"wp:term":[{"taxonomy":"category","embeddable":true,"href":"https:\/\/larevistadigital.com.ar\/blog\/wp-json\/wp\/v2\/categories?post=10078"},{"taxonomy":"post_tag","embeddable":true,"href":"https:\/\/larevistadigital.com.ar\/blog\/wp-json\/wp\/v2\/tags?post=10078"}],"curies":[{"name":"wp","href":"https:\/\/api.w.org\/{rel}","templated":true}]}}