{"id":10081,"date":"2019-05-09T01:15:19","date_gmt":"2019-05-09T01:15:19","guid":{"rendered":"https:\/\/larevistadigital.com.ar\/blog\/?p=10081"},"modified":"2019-05-09T01:15:19","modified_gmt":"2019-05-09T01:15:19","slug":"chascomus-ya-se-encuentran-operativos-tres-puntos-de-wifi-libre-y-gratuito","status":"publish","type":"post","link":"https:\/\/larevistadigital.com.ar\/blog\/chascomus-ya-se-encuentran-operativos-tres-puntos-de-wifi-libre-y-gratuito\/","title":{"rendered":"CHASCOMUS: YA SE ENCUENTRAN OPERATIVOS TRES PUNTOS DE WIFI LIBRE Y GRATUITO"},"content":{"rendered":"<p class=\"notaIntro\">En el marco de los procesos de modernizaci\u00f3n y conectividad llevados adelante por el municipio, y como forma de ampliar los servicios de valor para la comunidad y fomentar la inclusi\u00f3n digital, avanza la cobertura de wifi libre en diversos espacios p\u00fablicos de Chascom\u00fas. El plan est\u00e1 a cargo de la Direcci\u00f3n de Sistemas.<\/p>\n<p class=\"notaTexto\">Desde ahora, los vecinos y turistas que frecuenten la plaza Libertad, la plaza Independencia y el Parque Libres del Sur (frente a la entrada del muelle) dispondr\u00e1n de conectividad gratuita a Internet, provista por la Municipalidad de Chascom\u00fas.<\/p>\n<p>Asimismo, en breve se pondr\u00e1n en funcionamiento los puntos wifi del Paseo de los Artesanos, la plaza La Barraca, el Paseo Costanera (Bajadita) y el Centro Cultural \u201cVieja Estaci\u00f3n\u201d.<\/p>\n<p>La red figura como \u201cWIFI CHASCOMUS LIBRE\u201d.<\/p>\n","protected":false},"excerpt":{"rendered":"<div class=\"mh-excerpt\"><p>En el marco de los procesos de modernizaci\u00f3n y conectividad llevados adelante por el municipio, y como forma de ampliar los servicios de valor para la comunidad y fomentar la inclusi\u00f3n digital, avanza la cobertura <a class=\"mh-excerpt-more\" href=\"https:\/\/larevistadigital.com.ar\/blog\/chascomus-ya-se-encuentran-operativos-tres-puntos-de-wifi-libre-y-gratuito\/\" title=\"CHASCOMUS: YA SE ENCUENTRAN OPERATIVOS TRES PUNTOS DE WIFI LIBRE Y GRATUITO\">[Leer M\u00e1s]<\/a><\/p>\n<\/div>","protected":false},"author":3,"featured_media":10082,"comment_status":"open","ping_status":"open","sticky":false,"template":"","format":"standard","meta":{"_jetpack_memberships_contains_paid_content":false,"footnotes":"","jetpack_publicize_message":"","jetpack_publicize_feature_enabled":true,"jetpack_social_post_already_shared":true,"jetpack_social_options":{"image_generator_settings":{"template":"highway","default_image_id":0,"font":"","enabled":false},"version":2}},"categories":[12],"tags":[],"class_list":{"0":"post-10081","1":"post","2":"type-post","3":"status-publish","4":"format-standard","5":"has-post-thumbnail","7":"category-politica"},"jetpack_publicize_connections":[],"jetpack_featured_media_url":"https:\/\/i0.wp.com\/larevistadigital.com.ar\/blog\/wp-content\/uploads\/2019\/05\/59781605_2422321514455386_299147766406316032_n.jpg?fit=600%2C558&ssl=1","jetpack_sharing_enabled":true,"jetpack_shortlink":"https:\/\/wp.me\/p8qtrQ-2CB","jetpack-related-posts":[{"id":20539,"url":"https:\/\/larevistadigital.com.ar\/blog\/la-ucr-y-la-juventud-radical-insisten-en-la-habilitacion-de-wi-fi-de-acceso-libre-en-oficinas-y-o-espacios-publicos-pedido-de-publicacion\/","url_meta":{"origin":10081,"position":0},"title":"LA UCR Y LA JUVENTUD RADICAL INSISTEN EN LA HABILITACION DE WI FI DE ACCESO LIBRE EN OFICINAS Y\/O ESPACIOS PUBLICOS (Pedido de Publicaci\u00f3n)","author":"Alejandro Sosa Ruda","date":"30 mayo, 2021","format":false,"excerpt":"Dado el contexto de pandemia en el que transitamos y que dentro de las obligaciones del estado es fundamental garantizar el derecho a la conectividad. Sobre todo teniendo en cuenta el acceso para que las alumnas\/os puedan realizar las tareas educativas v\u00eda online, es que, a propuesta de la Juventud\u2026","rel":"","context":"En \u00abCHASCOM\u00daS\u00bb","block_context":{"text":"CHASCOM\u00daS","link":"https:\/\/larevistadigital.com.ar\/blog\/category\/chascomus\/"},"img":{"alt_text":"","src":"https:\/\/i0.wp.com\/larevistadigital.com.ar\/blog\/wp-content\/uploads\/ucr_elfuerte-02deoctubre.jpg?fit=737%2C415&ssl=1&resize=350%2C200","width":350,"height":200,"srcset":"https:\/\/i0.wp.com\/larevistadigital.com.ar\/blog\/wp-content\/uploads\/ucr_elfuerte-02deoctubre.jpg?fit=737%2C415&ssl=1&resize=350%2C200 1x, https:\/\/i0.wp.com\/larevistadigital.com.ar\/blog\/wp-content\/uploads\/ucr_elfuerte-02deoctubre.jpg?fit=737%2C415&ssl=1&resize=525%2C300 1.5x, https:\/\/i0.wp.com\/larevistadigital.com.ar\/blog\/wp-content\/uploads\/ucr_elfuerte-02deoctubre.jpg?fit=737%2C415&ssl=1&resize=700%2C400 2x"},"classes":[]},{"id":37685,"url":"https:\/\/larevistadigital.com.ar\/blog\/agenda-del-fin-de-semana-en-chascomus-teatro-y-mucho-mas\/","url_meta":{"origin":10081,"position":1},"title":"Agenda del fin de semana en Chascom\u00fas: Teatro y mucho m\u00e1s!","author":"Alejandro Sosa Ruda","date":"31 octubre, 2024","format":false,"excerpt":"Se anuncia un finde para disfrutar de muchas alternativas en Chascom\u00fas, pasando por la 10\u00b0 Marat\u00f3n de Teatro hasta las numerosas muestras fotogr\u00e1ficas y art\u00edsticas en los espacios patrimoniales. 31 de Octubre de 2024 CHASCOM\u00daS -\u00a0 \u00a0Se anuncian distintas actividades para vivir un fin de semana con mucha diversi\u00f3n, entretenimientos\u2026","rel":"","context":"En \u00abCHASCOM\u00daS\u00bb","block_context":{"text":"CHASCOM\u00daS","link":"https:\/\/larevistadigital.com.ar\/blog\/category\/chascomus\/"},"img":{"alt_text":"","src":"https:\/\/i0.wp.com\/larevistadigital.com.ar\/blog\/wp-content\/uploads\/6723be568ea68.png?fit=668%2C445&ssl=1&resize=350%2C200","width":350,"height":200,"srcset":"https:\/\/i0.wp.com\/larevistadigital.com.ar\/blog\/wp-content\/uploads\/6723be568ea68.png?fit=668%2C445&ssl=1&resize=350%2C200 1x, https:\/\/i0.wp.com\/larevistadigital.com.ar\/blog\/wp-content\/uploads\/6723be568ea68.png?fit=668%2C445&ssl=1&resize=525%2C300 1.5x"},"classes":[]},{"id":37269,"url":"https:\/\/larevistadigital.com.ar\/blog\/llega-la-primavera-en-un-finde-que-se-define-a-puro-campo-en-chascomus\/","url_meta":{"origin":10081,"position":2},"title":"Llega la primavera en un finde que se define a puro campo en Chascom\u00fas","author":"Alejandro Sosa Ruda","date":"20 septiembre, 2024","format":false,"excerpt":"Sin lugar a dudas llega la estaci\u00f3n m\u00e1s hermosa del a\u00f1o y, con ella, seguimos disfrutando de Chascom\u00fas y las actividades que propone el encuentro del Caballo y el Carruaje. 20 de septiembre de 2024 CHASCOM\u00daS -\u00a0 Este fin de semana en Chascom\u00fas estar\u00e1 signado por el 10\u00ba encuentro del\u2026","rel":"","context":"En \u00abINTERES GENERAL\u00bb","block_context":{"text":"INTERES GENERAL","link":"https:\/\/larevistadigital.com.ar\/blog\/category\/interes-general\/"},"img":{"alt_text":"","src":"https:\/\/i0.wp.com\/larevistadigital.com.ar\/blog\/wp-content\/uploads\/66ec57525fd86.png?fit=668%2C445&ssl=1&resize=350%2C200","width":350,"height":200,"srcset":"https:\/\/i0.wp.com\/larevistadigital.com.ar\/blog\/wp-content\/uploads\/66ec57525fd86.png?fit=668%2C445&ssl=1&resize=350%2C200 1x, https:\/\/i0.wp.com\/larevistadigital.com.ar\/blog\/wp-content\/uploads\/66ec57525fd86.png?fit=668%2C445&ssl=1&resize=525%2C300 1.5x"},"classes":[]},{"id":38869,"url":"https:\/\/larevistadigital.com.ar\/blog\/se-viene-un-fin-de-semana-largo-con-toda-la-alegria-del-carnaval\/","url_meta":{"origin":10081,"position":3},"title":"Se viene un fin de semana largo con toda la alegr\u00eda del carnaval","author":"Alejandro Sosa Ruda","date":"27 febrero, 2025","format":false,"excerpt":"Con el anuncio de cuatro noches que le aportar\u00e1n magia y alegr\u00eda a nuestra ciudad, viviremos un finde con muchas propuestas para disfrutar. 27 De Febrero de 2025 CHASCOM\u00daS -\u00a0 En este espacio te contamos todo lo que ten\u00e9s que saber para disfrutar de un fin de semana largo carnavalesco,\u2026","rel":"","context":"En \u00abCHASCOM\u00daS\u00bb","block_context":{"text":"CHASCOM\u00daS","link":"https:\/\/larevistadigital.com.ar\/blog\/category\/chascomus\/"},"img":{"alt_text":"","src":"https:\/\/i0.wp.com\/larevistadigital.com.ar\/blog\/wp-content\/uploads\/67c09ca44ca97.png?fit=668%2C445&ssl=1&resize=350%2C200","width":350,"height":200,"srcset":"https:\/\/i0.wp.com\/larevistadigital.com.ar\/blog\/wp-content\/uploads\/67c09ca44ca97.png?fit=668%2C445&ssl=1&resize=350%2C200 1x, https:\/\/i0.wp.com\/larevistadigital.com.ar\/blog\/wp-content\/uploads\/67c09ca44ca97.png?fit=668%2C445&ssl=1&resize=525%2C300 1.5x"},"classes":[]},{"id":38575,"url":"https:\/\/larevistadigital.com.ar\/blog\/la-feria-de-emprendedores-y-artesanos-amplia-su-horario-en-verano\/","url_meta":{"origin":10081,"position":4},"title":"La Feria de Emprendedores y Artesanos ampl\u00eda su horario en verano","author":"Alejandro Sosa Ruda","date":"29 enero, 2025","format":false,"excerpt":"Los visitantes tambi\u00e9n podr\u00e1n recorrer los viernes el tradicional paseo de la costanera. 29 de enero de\u00a0 2025 CHASCOM\u00daS -\u00a0 La Feria de Emprendedores y Artesanos de Chascom\u00fas, ubicada en Avenida Costanera Espa\u00f1a y Presidente Per\u00f3n, ampl\u00eda su horario de atenci\u00f3n durante la temporada de verano.\u00a0 Adem\u00e1s de los d\u00edas\u2026","rel":"","context":"En \u00abCHASCOM\u00daS\u00bb","block_context":{"text":"CHASCOM\u00daS","link":"https:\/\/larevistadigital.com.ar\/blog\/category\/chascomus\/"},"img":{"alt_text":"","src":"https:\/\/i0.wp.com\/larevistadigital.com.ar\/blog\/wp-content\/uploads\/67991270a6307.png?fit=668%2C445&ssl=1&resize=350%2C200","width":350,"height":200,"srcset":"https:\/\/i0.wp.com\/larevistadigital.com.ar\/blog\/wp-content\/uploads\/67991270a6307.png?fit=668%2C445&ssl=1&resize=350%2C200 1x, https:\/\/i0.wp.com\/larevistadigital.com.ar\/blog\/wp-content\/uploads\/67991270a6307.png?fit=668%2C445&ssl=1&resize=525%2C300 1.5x"},"classes":[]},{"id":39600,"url":"https:\/\/larevistadigital.com.ar\/blog\/chascomus-un-finde-xxl-con-imperdibles-propuestas-para-disfrutar\/","url_meta":{"origin":10081,"position":5},"title":"Chascom\u00fas: Un finde XXL con imperdibles propuestas para disfrutar","author":"Alejandro Sosa Ruda","date":"1 mayo, 2025","format":false,"excerpt":"Chascom\u00fas se disfruta todo el a\u00f1o y este finde no es la excepci\u00f3n. En una amplia cartelera se ofrecen actividades para compartir con la familia, la pareja o amigos. 01 de Mayo de 2025 CHASCOM\u00daS -\u00a0 La ciudad espera a los turistas en este fin de semana largo, con una\u2026","rel":"","context":"En \u00abCHASCOM\u00daS\u00bb","block_context":{"text":"CHASCOM\u00daS","link":"https:\/\/larevistadigital.com.ar\/blog\/category\/chascomus\/"},"img":{"alt_text":"","src":"https:\/\/i0.wp.com\/larevistadigital.com.ar\/blog\/wp-content\/uploads\/681251f544e8e.png?fit=668%2C445&ssl=1&resize=350%2C200","width":350,"height":200,"srcset":"https:\/\/i0.wp.com\/larevistadigital.com.ar\/blog\/wp-content\/uploads\/681251f544e8e.png?fit=668%2C445&ssl=1&resize=350%2C200 1x, https:\/\/i0.wp.com\/larevistadigital.com.ar\/blog\/wp-content\/uploads\/681251f544e8e.png?fit=668%2C445&ssl=1&resize=525%2C300 1.5x"},"classes":[]}],"_links":{"self":[{"href":"https:\/\/larevistadigital.com.ar\/blog\/wp-json\/wp\/v2\/posts\/10081","targetHints":{"allow":["GET"]}}],"collection":[{"href":"https:\/\/larevistadigital.com.ar\/blog\/wp-json\/wp\/v2\/posts"}],"about":[{"href":"https:\/\/larevistadigital.com.ar\/blog\/wp-json\/wp\/v2\/types\/post"}],"author":[{"embeddable":true,"href":"https:\/\/larevistadigital.com.ar\/blog\/wp-json\/wp\/v2\/users\/3"}],"replies":[{"embeddable":true,"href":"https:\/\/larevistadigital.com.ar\/blog\/wp-json\/wp\/v2\/comments?post=10081"}],"version-history":[{"count":1,"href":"https:\/\/larevistadigital.com.ar\/blog\/wp-json\/wp\/v2\/posts\/10081\/revisions"}],"predecessor-version":[{"id":10083,"href":"https:\/\/larevistadigital.com.ar\/blog\/wp-json\/wp\/v2\/posts\/10081\/revisions\/10083"}],"wp:featuredmedia":[{"embeddable":true,"href":"https:\/\/larevistadigital.com.ar\/blog\/wp-json\/wp\/v2\/media\/10082"}],"wp:attachment":[{"href":"https:\/\/larevistadigital.com.ar\/blog\/wp-json\/wp\/v2\/media?parent=10081"}],"wp:term":[{"taxonomy":"category","embeddable":true,"href":"https:\/\/larevistadigital.com.ar\/blog\/wp-json\/wp\/v2\/categories?post=10081"},{"taxonomy":"post_tag","embeddable":true,"href":"https:\/\/larevistadigital.com.ar\/blog\/wp-json\/wp\/v2\/tags?post=10081"}],"curies":[{"name":"wp","href":"https:\/\/api.w.org\/{rel}","templated":true}]}}