{"id":10086,"date":"2019-05-09T12:19:50","date_gmt":"2019-05-09T12:19:50","guid":{"rendered":"https:\/\/larevistadigital.com.ar\/blog\/?p=10086"},"modified":"2019-05-09T12:19:50","modified_gmt":"2019-05-09T12:19:50","slug":"balearon-al-diputado-hector-olivares-en-la-esquina-del-congreso-y-muere-la-persona-que-lo-acompanaba","status":"publish","type":"post","link":"https:\/\/larevistadigital.com.ar\/blog\/balearon-al-diputado-hector-olivares-en-la-esquina-del-congreso-y-muere-la-persona-que-lo-acompanaba\/","title":{"rendered":"BALEARON AL DIPUTADO H\u00c9CTOR OLIVARES EN LA ESQUINA DEL CONGRESO Y MUERE LA PERSONA QUE LO ACOMPA\u00d1ABA"},"content":{"rendered":"<p>El hecho sucedi\u00f3 alrededor de las 7 am. en la esquina del Congreso Nacional, cuando un auto se acerc\u00f3 al diputado mientras caminaba junto a otra persona, les dispar\u00f3 y sigui\u00f3 su camino, en una acci\u00f3n propia de un \u00absicario\u00bb.<\/p>\n<p>Esto sucedi\u00f3 en la esquina de calles Rivadavia y Rodr\u00edguez Pe\u00f1a, y su estado reviste gravedad. Su acompa\u00f1ante falleci\u00f3, y su nombre es\u00a0<strong>Miguel Marcelo Yadon.<\/strong><\/p>\n<p>Se conoce que los agresores ser\u00edan dos masculinos que se desplazaban en un auto.<\/p>\n<p>Esta lamentable agresi\u00f3n, al Diputado nacional de Cambiamos por la Provincia de La Rioja, es casualmente en un momento que <strong>Olivares<\/strong> est\u00e1 participando en una llamada \u00abley antibarras\u00bb, aunque no se puede asegurar que el atentado contra el legislador sea por esa causa.<\/p>\n<p>El diputado est\u00e1 en estos momentos siendo operado en el Hospital Ramos Mej\u00eda.<\/p>\n<p>NOTICIA EN DESARROLLO<\/p>\n","protected":false},"excerpt":{"rendered":"<div class=\"mh-excerpt\"><p>El hecho sucedi\u00f3 alrededor de las 7 am. en la esquina del Congreso Nacional, cuando un auto se acerc\u00f3 al diputado mientras caminaba junto a otra persona, les dispar\u00f3 y sigui\u00f3 su camino, en una <a class=\"mh-excerpt-more\" href=\"https:\/\/larevistadigital.com.ar\/blog\/balearon-al-diputado-hector-olivares-en-la-esquina-del-congreso-y-muere-la-persona-que-lo-acompanaba\/\" title=\"BALEARON AL DIPUTADO H\u00c9CTOR OLIVARES EN LA ESQUINA DEL CONGRESO Y MUERE LA PERSONA QUE LO ACOMPA\u00d1ABA\">[Leer M\u00e1s]<\/a><\/p>\n<\/div>","protected":false},"author":3,"featured_media":10087,"comment_status":"open","ping_status":"open","sticky":false,"template":"","format":"standard","meta":{"_jetpack_memberships_contains_paid_content":false,"footnotes":"","jetpack_publicize_message":"","jetpack_publicize_feature_enabled":true,"jetpack_social_post_already_shared":true,"jetpack_social_options":{"image_generator_settings":{"template":"highway","default_image_id":0,"font":"","enabled":false},"version":2}},"categories":[41],"tags":[],"class_list":{"0":"post-10086","1":"post","2":"type-post","3":"status-publish","4":"format-standard","5":"has-post-thumbnail","7":"category-destacadas"},"jetpack_publicize_connections":[],"jetpack_featured_media_url":"https:\/\/i0.wp.com\/larevistadigital.com.ar\/blog\/wp-content\/uploads\/2019\/05\/115968_1536938994.jpg?fit=760%2C450&ssl=1","jetpack_sharing_enabled":true,"jetpack_shortlink":"https:\/\/wp.me\/p8qtrQ-2CG","jetpack-related-posts":[{"id":10094,"url":"https:\/\/larevistadigital.com.ar\/blog\/video-asi-fue-el-ataque-al-diputado-y-al-funcionario-de-cambiemos\/","url_meta":{"origin":10086,"position":0},"title":"VIDEO: AS\u00cd FUE EL ATAQUE AL DIPUTADO Y AL FUNCIONARIO DE CAMBIEMOS","author":"Alejandro Sosa Ruda","date":"9 mayo, 2019","format":false,"excerpt":"El video del ataque a H\u00e9ctor Olivares y a Miguel Yad\u00f3n, que demostar\u00eda que el ataque fue al funcionario, y no al diputado. Como informamos m\u00e1s temprano, el diputado nacional H\u00e9ctor Olivares\u00a0y su amigo, el funcionario\u00a0Miguel Yad\u00f3n, fueron atacados a tiros a metros del Congreso de la Naci\u00f3n. Olivares fue\u2026","rel":"","context":"En \u00abDESTACADAS\u00bb","block_context":{"text":"DESTACADAS","link":"https:\/\/larevistadigital.com.ar\/blog\/category\/destacadas\/"},"img":{"alt_text":"","src":"https:\/\/i0.wp.com\/larevistadigital.com.ar\/blog\/wp-content\/uploads\/2019\/05\/Screenshot_2-4.jpg?fit=933%2C521&ssl=1&resize=350%2C200","width":350,"height":200,"srcset":"https:\/\/i0.wp.com\/larevistadigital.com.ar\/blog\/wp-content\/uploads\/2019\/05\/Screenshot_2-4.jpg?fit=933%2C521&ssl=1&resize=350%2C200 1x, https:\/\/i0.wp.com\/larevistadigital.com.ar\/blog\/wp-content\/uploads\/2019\/05\/Screenshot_2-4.jpg?fit=933%2C521&ssl=1&resize=525%2C300 1.5x, https:\/\/i0.wp.com\/larevistadigital.com.ar\/blog\/wp-content\/uploads\/2019\/05\/Screenshot_2-4.jpg?fit=933%2C521&ssl=1&resize=700%2C400 2x"},"classes":[]},{"id":10948,"url":"https:\/\/larevistadigital.com.ar\/blog\/increible-el-manifestante-del-mortero-casero-sera-candidato-a-diputado-nacional\/","url_meta":{"origin":10086,"position":1},"title":"INCRE\u00cdBLE: EL MANIFESTANTE DEL \u00abMORTERO CASERO\u00bb SER\u00c1 CANDIDATO A DIPUTADO NACIONAL","author":"Alejandro Sosa Ruda","date":"30 junio, 2019","format":false,"excerpt":"Daniel Oscar Ruiz\u00a0salt\u00f3 a la fama despu\u00e9s de ser fotografiado cuando disparaba un mortero casero durante una manifestaci\u00f3n frente al Congreso Nacional en diciembre de 2017, durante el debate legislativo sobre la reforma previsional de aquel a\u00f1o. Ruiz fue quien, junto a Sebasti\u00e1n Romero, utiliz\u00f3 un mortero de fabricaci\u00f3n casera\u2026","rel":"","context":"En \u00abINTERES GENERAL\u00bb","block_context":{"text":"INTERES GENERAL","link":"https:\/\/larevistadigital.com.ar\/blog\/category\/interes-general\/"},"img":{"alt_text":"","src":"https:\/\/i0.wp.com\/larevistadigital.com.ar\/blog\/wp-content\/uploads\/Screenshot_2-14.jpg?fit=780%2C517&ssl=1&resize=350%2C200","width":350,"height":200,"srcset":"https:\/\/i0.wp.com\/larevistadigital.com.ar\/blog\/wp-content\/uploads\/Screenshot_2-14.jpg?fit=780%2C517&ssl=1&resize=350%2C200 1x, https:\/\/i0.wp.com\/larevistadigital.com.ar\/blog\/wp-content\/uploads\/Screenshot_2-14.jpg?fit=780%2C517&ssl=1&resize=525%2C300 1.5x, https:\/\/i0.wp.com\/larevistadigital.com.ar\/blog\/wp-content\/uploads\/Screenshot_2-14.jpg?fit=780%2C517&ssl=1&resize=700%2C400 2x"},"classes":[]},{"id":2684,"url":"https:\/\/larevistadigital.com.ar\/blog\/chascomus-candidato-del-randazzismo-visito-chascomus\/","url_meta":{"origin":10086,"position":2},"title":"CHASCOM\u00daS: CANDIDATO DEL RANDAZZISMO VISIT\u00d3 CHASCOM\u00daS","author":"Alejandro Sosa Ruda","date":"20 julio, 2017","format":false,"excerpt":"Oscar Romero cuarto candidato a diputado nacional de CUMPLIR, acompa\u00f1o a Alexa Oyhamburu en una recorrida por la ciudad El candidato a diputado en cuarto lugar de la lista nacional de\u00a0CUMPLIR, espacio que lidera\u00a0Florencio Randazzo,\u00a0Oscar Romero, visito en la tarde de ayer nuestra ciudad. El actual Presidente del Bloque PJ\u2026","rel":"","context":"En \u00abCHASCOM\u00daS\u00bb","block_context":{"text":"CHASCOM\u00daS","link":"https:\/\/larevistadigital.com.ar\/blog\/category\/chascomus\/"},"img":{"alt_text":"","src":"https:\/\/i0.wp.com\/larevistadigital.com.ar\/blog\/wp-content\/uploads\/2017\/07\/REUNION-EN-EL-LOCAL-1.jpg?fit=1200%2C1151&ssl=1&resize=350%2C200","width":350,"height":200,"srcset":"https:\/\/i0.wp.com\/larevistadigital.com.ar\/blog\/wp-content\/uploads\/2017\/07\/REUNION-EN-EL-LOCAL-1.jpg?fit=1200%2C1151&ssl=1&resize=350%2C200 1x, https:\/\/i0.wp.com\/larevistadigital.com.ar\/blog\/wp-content\/uploads\/2017\/07\/REUNION-EN-EL-LOCAL-1.jpg?fit=1200%2C1151&ssl=1&resize=525%2C300 1.5x, https:\/\/i0.wp.com\/larevistadigital.com.ar\/blog\/wp-content\/uploads\/2017\/07\/REUNION-EN-EL-LOCAL-1.jpg?fit=1200%2C1151&ssl=1&resize=700%2C400 2x, https:\/\/i0.wp.com\/larevistadigital.com.ar\/blog\/wp-content\/uploads\/2017\/07\/REUNION-EN-EL-LOCAL-1.jpg?fit=1200%2C1151&ssl=1&resize=1050%2C600 3x"},"classes":[]},{"id":1431,"url":"https:\/\/larevistadigital.com.ar\/blog\/sola-con-el-blanqueo-de-familiares-macri-demostro-que-no-le-importa-lo-que-el-congreso-dictamina\/","url_meta":{"origin":10086,"position":3},"title":"Sol\u00e1: \u201cCon el blanqueo de familiares Macri demostr\u00f3 que no le importa lo que el Congreso dictamina\u201d","author":"editor","date":"18 marzo, 2017","format":false,"excerpt":"El diputado nacional Felipe Sol\u00e1 se refiri\u00f3 al fallo en primera instancia que permite a los familiares de funcionarios puedan ingresar al blanqueo de capitales. \u201c\u00bfD\u00f3nde est\u00e1n los defensores de la Rep\u00fablica? Es una verg\u00fcenza que se adjudiquen la condici\u00f3n de jueces morales y avalen este decreto\u201d, indic\u00f3. Felipe Sol\u00e1\u2026","rel":"","context":"En \u00abPOLITICA\u00bb","block_context":{"text":"POLITICA","link":"https:\/\/larevistadigital.com.ar\/blog\/category\/politica\/"},"img":{"alt_text":"","src":"https:\/\/i0.wp.com\/larevistadigital.com.ar\/blog\/wp-content\/uploads\/2017\/03\/Felipe-Sola.jpg?fit=1200%2C675&ssl=1&resize=350%2C200","width":350,"height":200,"srcset":"https:\/\/i0.wp.com\/larevistadigital.com.ar\/blog\/wp-content\/uploads\/2017\/03\/Felipe-Sola.jpg?fit=1200%2C675&ssl=1&resize=350%2C200 1x, https:\/\/i0.wp.com\/larevistadigital.com.ar\/blog\/wp-content\/uploads\/2017\/03\/Felipe-Sola.jpg?fit=1200%2C675&ssl=1&resize=525%2C300 1.5x, https:\/\/i0.wp.com\/larevistadigital.com.ar\/blog\/wp-content\/uploads\/2017\/03\/Felipe-Sola.jpg?fit=1200%2C675&ssl=1&resize=700%2C400 2x, https:\/\/i0.wp.com\/larevistadigital.com.ar\/blog\/wp-content\/uploads\/2017\/03\/Felipe-Sola.jpg?fit=1200%2C675&ssl=1&resize=1050%2C600 3x"},"classes":[]},{"id":19638,"url":"https:\/\/larevistadigital.com.ar\/blog\/ruta-11-el-diputado-juan-pablo-de-jesus-rescato-a-la-victima-de-un-vuelco\/","url_meta":{"origin":10086,"position":4},"title":"RUTA 11: EL DIPUTADO JUAN PABLO DE JES\u00daS RESCAT\u00d3 A LA V\u00cdCTIMA DE UN VUELCO","author":"Alejandro Sosa Ruda","date":"13 abril, 2021","format":false,"excerpt":"El ex intendente del Partido de La Costa y actual diputado provincial por la Quinta Secci\u00f3n transitaba por el lugar cuando advirti\u00f3 el accidente ocurrido en las inmediaciones de la Rotonda Mar de Ajo. Ayer por la noche, un hombre de 63 a\u00f1os circulaba por la ruta 11, a la\u2026","rel":"","context":"En \u00abREGIONALES\u00bb","block_context":{"text":"REGIONALES","link":"https:\/\/larevistadigital.com.ar\/blog\/category\/regionales\/"},"img":{"alt_text":"","src":"https:\/\/i0.wp.com\/larevistadigital.com.ar\/blog\/wp-content\/uploads\/5ce04015d2636de2158bc42544ef8b862d4cd8be.jpg?fit=1140%2C641&ssl=1&resize=350%2C200","width":350,"height":200,"srcset":"https:\/\/i0.wp.com\/larevistadigital.com.ar\/blog\/wp-content\/uploads\/5ce04015d2636de2158bc42544ef8b862d4cd8be.jpg?fit=1140%2C641&ssl=1&resize=350%2C200 1x, https:\/\/i0.wp.com\/larevistadigital.com.ar\/blog\/wp-content\/uploads\/5ce04015d2636de2158bc42544ef8b862d4cd8be.jpg?fit=1140%2C641&ssl=1&resize=525%2C300 1.5x, https:\/\/i0.wp.com\/larevistadigital.com.ar\/blog\/wp-content\/uploads\/5ce04015d2636de2158bc42544ef8b862d4cd8be.jpg?fit=1140%2C641&ssl=1&resize=700%2C400 2x, https:\/\/i0.wp.com\/larevistadigital.com.ar\/blog\/wp-content\/uploads\/5ce04015d2636de2158bc42544ef8b862d4cd8be.jpg?fit=1140%2C641&ssl=1&resize=1050%2C600 3x"},"classes":[]},{"id":25915,"url":"https:\/\/larevistadigital.com.ar\/blog\/grueso-error-ritondo-envio-sus-condolencias-a-la-familia-de-un-dirigente-que-esta-vivo\/","url_meta":{"origin":10086,"position":5},"title":"GRUESO ERROR: RITONDO ENVI\u00d3 SUS CONDOLENCIAS A LA FAMILIA DE UN DIRIGENTE QUE EST\u00c1 VIVO","author":"Alejandro Sosa Ruda","date":"14 junio, 2022","format":false,"excerpt":"La noche del domingo la provincia se conmocion\u00f3 al enterarse del fallecimiento del intendente de Rojas, Cristi\u00e1n Ford. Todo el arco pol\u00edtico bonaerense expres\u00f3 su dolor y respeto para la familia. El exministro de Seguridad de Mar\u00eda Eugenia Vidal, Cristian Ritondo, no quiso quedarse fuera, y se sum\u00f3 a los\u2026","rel":"","context":"En \u00abINTERES GENERAL\u00bb","block_context":{"text":"INTERES GENERAL","link":"https:\/\/larevistadigital.com.ar\/blog\/category\/interes-general\/"},"img":{"alt_text":"","src":"https:\/\/i0.wp.com\/larevistadigital.com.ar\/blog\/wp-content\/uploads\/20220614153541_ritondo.jpg?fit=880%2C512&ssl=1&resize=350%2C200","width":350,"height":200,"srcset":"https:\/\/i0.wp.com\/larevistadigital.com.ar\/blog\/wp-content\/uploads\/20220614153541_ritondo.jpg?fit=880%2C512&ssl=1&resize=350%2C200 1x, https:\/\/i0.wp.com\/larevistadigital.com.ar\/blog\/wp-content\/uploads\/20220614153541_ritondo.jpg?fit=880%2C512&ssl=1&resize=525%2C300 1.5x, https:\/\/i0.wp.com\/larevistadigital.com.ar\/blog\/wp-content\/uploads\/20220614153541_ritondo.jpg?fit=880%2C512&ssl=1&resize=700%2C400 2x"},"classes":[]}],"_links":{"self":[{"href":"https:\/\/larevistadigital.com.ar\/blog\/wp-json\/wp\/v2\/posts\/10086","targetHints":{"allow":["GET"]}}],"collection":[{"href":"https:\/\/larevistadigital.com.ar\/blog\/wp-json\/wp\/v2\/posts"}],"about":[{"href":"https:\/\/larevistadigital.com.ar\/blog\/wp-json\/wp\/v2\/types\/post"}],"author":[{"embeddable":true,"href":"https:\/\/larevistadigital.com.ar\/blog\/wp-json\/wp\/v2\/users\/3"}],"replies":[{"embeddable":true,"href":"https:\/\/larevistadigital.com.ar\/blog\/wp-json\/wp\/v2\/comments?post=10086"}],"version-history":[{"count":1,"href":"https:\/\/larevistadigital.com.ar\/blog\/wp-json\/wp\/v2\/posts\/10086\/revisions"}],"predecessor-version":[{"id":10088,"href":"https:\/\/larevistadigital.com.ar\/blog\/wp-json\/wp\/v2\/posts\/10086\/revisions\/10088"}],"wp:featuredmedia":[{"embeddable":true,"href":"https:\/\/larevistadigital.com.ar\/blog\/wp-json\/wp\/v2\/media\/10087"}],"wp:attachment":[{"href":"https:\/\/larevistadigital.com.ar\/blog\/wp-json\/wp\/v2\/media?parent=10086"}],"wp:term":[{"taxonomy":"category","embeddable":true,"href":"https:\/\/larevistadigital.com.ar\/blog\/wp-json\/wp\/v2\/categories?post=10086"},{"taxonomy":"post_tag","embeddable":true,"href":"https:\/\/larevistadigital.com.ar\/blog\/wp-json\/wp\/v2\/tags?post=10086"}],"curies":[{"name":"wp","href":"https:\/\/api.w.org\/{rel}","templated":true}]}}