{"id":10090,"date":"2019-05-09T15:16:20","date_gmt":"2019-05-09T15:16:20","guid":{"rendered":"https:\/\/larevistadigital.com.ar\/blog\/?p=10090"},"modified":"2019-05-09T15:16:20","modified_gmt":"2019-05-09T15:16:20","slug":"chascomus-aumentaron-los-valores-del-estacionamiento-medido","status":"publish","type":"post","link":"https:\/\/larevistadigital.com.ar\/blog\/chascomus-aumentaron-los-valores-del-estacionamiento-medido\/","title":{"rendered":"CHASCOM\u00daS: AUMENTARON LOS VALORES DEL ESTACIONAMIENTO MEDIDO"},"content":{"rendered":"<h3><em>El valor por hora es de $12, recarga m\u00ednima $100 y pago voluntario $240.<\/em><br \/>\n<em>De acuerdo lo establecido por la ordenanza impositiva, sancionada en enero de 2019 y debido al nuevo aumento en el valor de los combustibles, a partir del pasado lunes 6 de mayo, se registraron las citadas modificaciones en los montos para el Sistema de Estacionamiento Medido.<\/em><\/h3>\n","protected":false},"excerpt":{"rendered":"<div class=\"mh-excerpt\"><p>El valor por hora es de $12, recarga m\u00ednima $100 y pago voluntario $240. De acuerdo lo establecido por la ordenanza impositiva, sancionada en enero de 2019 y debido al nuevo aumento en el valor <a class=\"mh-excerpt-more\" href=\"https:\/\/larevistadigital.com.ar\/blog\/chascomus-aumentaron-los-valores-del-estacionamiento-medido\/\" title=\"CHASCOM\u00daS: AUMENTARON LOS VALORES DEL ESTACIONAMIENTO MEDIDO\">[Leer M\u00e1s]<\/a><\/p>\n<\/div>","protected":false},"author":3,"featured_media":10091,"comment_status":"open","ping_status":"open","sticky":false,"template":"","format":"standard","meta":{"_jetpack_memberships_contains_paid_content":false,"footnotes":"","jetpack_publicize_message":"","jetpack_publicize_feature_enabled":true,"jetpack_social_post_already_shared":true,"jetpack_social_options":{"image_generator_settings":{"template":"highway","default_image_id":0,"font":"","enabled":false},"version":2}},"categories":[12],"tags":[],"class_list":{"0":"post-10090","1":"post","2":"type-post","3":"status-publish","4":"format-standard","5":"has-post-thumbnail","7":"category-politica"},"jetpack_publicize_connections":[],"jetpack_featured_media_url":"https:\/\/i0.wp.com\/larevistadigital.com.ar\/blog\/wp-content\/uploads\/2019\/05\/aumento-estacionamiento-medido.jpg?fit=600%2C531&ssl=1","jetpack_sharing_enabled":true,"jetpack_shortlink":"https:\/\/wp.me\/p8qtrQ-2CK","jetpack-related-posts":[{"id":18299,"url":"https:\/\/larevistadigital.com.ar\/blog\/desde-enero-vuelve-el-estacionamiento-medido-en-chascomus\/","url_meta":{"origin":10090,"position":0},"title":"DESDE ENERO, VUELVE EL ESTACIONAMIENTO MEDIDO EN CHASCOM\u00daS","author":"Alejandro Sosa Ruda","date":"22 diciembre, 2020","format":false,"excerpt":"Comenzar\u00e1 a regir a partir del 16 de enero de 2021 con la posibilidad de abonar una tarifa plana bonificada, por 7, 15 o 30 d\u00edas, que permitir\u00e1 estacionar libremente durante dicho per\u00edodo. Cabe destacar que el valor de la hora de estacionamiento se reduce, dado que se toma el\u2026","rel":"","context":"En \u00abCHASCOM\u00daS\u00bb","block_context":{"text":"CHASCOM\u00daS","link":"https:\/\/larevistadigital.com.ar\/blog\/category\/chascomus\/"},"img":{"alt_text":"","src":"https:\/\/i0.wp.com\/larevistadigital.com.ar\/blog\/wp-content\/uploads\/sem_elfuerte-15demarzode2020.jpg?fit=737%2C415&ssl=1&resize=350%2C200","width":350,"height":200,"srcset":"https:\/\/i0.wp.com\/larevistadigital.com.ar\/blog\/wp-content\/uploads\/sem_elfuerte-15demarzode2020.jpg?fit=737%2C415&ssl=1&resize=350%2C200 1x, https:\/\/i0.wp.com\/larevistadigital.com.ar\/blog\/wp-content\/uploads\/sem_elfuerte-15demarzode2020.jpg?fit=737%2C415&ssl=1&resize=525%2C300 1.5x, https:\/\/i0.wp.com\/larevistadigital.com.ar\/blog\/wp-content\/uploads\/sem_elfuerte-15demarzode2020.jpg?fit=737%2C415&ssl=1&resize=700%2C400 2x"},"classes":[]},{"id":4220,"url":"https:\/\/larevistadigital.com.ar\/blog\/chascomus-municipio-recuerda-enero-comienza-regir-la-ampliacion-del-estacionemiento-medido\/","url_meta":{"origin":10090,"position":1},"title":"CHASCOM\u00daS: EL MUNICIPIO RECUERDA QUE EN ENERO COMIENZA A REGIR LA AMPLIACI\u00d3N DEL ESTACIONEMIENTO MEDIDO","author":"Alejandro Sosa Ruda","date":"13 diciembre, 2017","format":false,"excerpt":"Desde la p\u00e1gina oficial de Facebook de la Municipalidad, se recuerda a los ciudadanos que desde el d\u00eda 1\u00b0 de enero, comienza a regir la ampliaci\u00f3n del Estacionamiento Medido. A PARTIR DEL 1\u00ba DE ENERO COMIENZA A REGIR LA AMPLIACI\u00d3N DEL ESTACIONAMIENTO MEDIDO Seg\u00fan lo establece la Ordenanza N\u00ba 5046\u2026","rel":"","context":"En \u00abCHASCOM\u00daS\u00bb","block_context":{"text":"CHASCOM\u00daS","link":"https:\/\/larevistadigital.com.ar\/blog\/category\/chascomus\/"},"img":{"alt_text":"","src":"https:\/\/i0.wp.com\/larevistadigital.com.ar\/blog\/wp-content\/uploads\/2017\/12\/25158398_1714869178533960_4369261589333084778_n.jpg?fit=960%2C544&ssl=1&resize=350%2C200","width":350,"height":200,"srcset":"https:\/\/i0.wp.com\/larevistadigital.com.ar\/blog\/wp-content\/uploads\/2017\/12\/25158398_1714869178533960_4369261589333084778_n.jpg?fit=960%2C544&ssl=1&resize=350%2C200 1x, https:\/\/i0.wp.com\/larevistadigital.com.ar\/blog\/wp-content\/uploads\/2017\/12\/25158398_1714869178533960_4369261589333084778_n.jpg?fit=960%2C544&ssl=1&resize=525%2C300 1.5x, https:\/\/i0.wp.com\/larevistadigital.com.ar\/blog\/wp-content\/uploads\/2017\/12\/25158398_1714869178533960_4369261589333084778_n.jpg?fit=960%2C544&ssl=1&resize=700%2C400 2x"},"classes":[]},{"id":44569,"url":"https:\/\/larevistadigital.com.ar\/blog\/fuerte-aumento-del-estacionamiento-medido-en-la-plata-sube-hasta-1-000-la-hora\/","url_meta":{"origin":10090,"position":2},"title":"Fuerte aumento del estacionamiento medido en La Plata: sube hasta $1.000 la hora","author":"Alejandro Sosa Ruda","date":"17 marzo, 2026","format":false,"excerpt":"La tarifa se duplic\u00f3 por decisi\u00f3n de la Agencia Platense de Recaudaci\u00f3n. El nuevo esquema comenzar\u00e1 a regir desde este mi\u00e9rcoles y ya genera pol\u00e9mica pol\u00edtica. 17 de marzo de 2026 La Agencia Platense de Recaudaci\u00f3n dispuso un aumento del 100% en el estacionamiento medido en La Plata, lo que\u2026","rel":"","context":"En \u00abREGIONALES\u00bb","block_context":{"text":"REGIONALES","link":"https:\/\/larevistadigital.com.ar\/blog\/category\/regionales\/"},"img":{"alt_text":"","src":"https:\/\/i0.wp.com\/larevistadigital.com.ar\/blog\/wp-content\/uploads\/Captura-de-pantalla-2026-03-17-173837.jpg?fit=754%2C515&ssl=1&resize=350%2C200","width":350,"height":200,"srcset":"https:\/\/i0.wp.com\/larevistadigital.com.ar\/blog\/wp-content\/uploads\/Captura-de-pantalla-2026-03-17-173837.jpg?fit=754%2C515&ssl=1&resize=350%2C200 1x, https:\/\/i0.wp.com\/larevistadigital.com.ar\/blog\/wp-content\/uploads\/Captura-de-pantalla-2026-03-17-173837.jpg?fit=754%2C515&ssl=1&resize=525%2C300 1.5x, https:\/\/i0.wp.com\/larevistadigital.com.ar\/blog\/wp-content\/uploads\/Captura-de-pantalla-2026-03-17-173837.jpg?fit=754%2C515&ssl=1&resize=700%2C400 2x"},"classes":[]},{"id":18955,"url":"https:\/\/larevistadigital.com.ar\/blog\/jose-ochoa-solicito-la-banca-abierta-para-tratar-el-tema-de-los-15-minutos-del-estacionamiento-medido-y-el-proyecto-de-seguridad\/","url_meta":{"origin":10090,"position":3},"title":"JOS\u00c9 OCHOA, SOLICIT\u00d3 LA BANCA ABIERTA PARA TRATAR EL TEMA DE LOS 15 MINUTOS DEL ESTACIONAMIENTO MEDIDO, Y EL PROYECTO DE SEGURIDAD","author":"Alejandro Sosa Ruda","date":"22 febrero, 2021","format":false,"excerpt":"Desde hace tiempo, el prestigioso abogado y Presidente del partido vecinalista \"Juntos por Chascom\u00fas\" Jos\u00e9 Ignacio Ochoa, se viene preparando para afrontar las responsabilidades de conducir un municipio. As\u00ed lo hizo, y nunca se detuvo, porque con confianza cree firmemente que en alg\u00fan momento de su vida, conseguir\u00e1 ocupar ese\u2026","rel":"","context":"En \u00abINTERES GENERAL\u00bb","block_context":{"text":"INTERES GENERAL","link":"https:\/\/larevistadigital.com.ar\/blog\/category\/interes-general\/"},"img":{"alt_text":"","src":"https:\/\/i0.wp.com\/larevistadigital.com.ar\/blog\/wp-content\/uploads\/ochoa-foto.jpg?fit=800%2C937&ssl=1&resize=350%2C200","width":350,"height":200,"srcset":"https:\/\/i0.wp.com\/larevistadigital.com.ar\/blog\/wp-content\/uploads\/ochoa-foto.jpg?fit=800%2C937&ssl=1&resize=350%2C200 1x, https:\/\/i0.wp.com\/larevistadigital.com.ar\/blog\/wp-content\/uploads\/ochoa-foto.jpg?fit=800%2C937&ssl=1&resize=525%2C300 1.5x, https:\/\/i0.wp.com\/larevistadigital.com.ar\/blog\/wp-content\/uploads\/ochoa-foto.jpg?fit=800%2C937&ssl=1&resize=700%2C400 2x"},"classes":[]},{"id":19672,"url":"https:\/\/larevistadigital.com.ar\/blog\/el-doctor-jose-ochoa-en-la-banca-abierta-los-vecinos-piden-ser-escuchados-hay-que-sacar-el-estacionamiento-medido-y-ahora-depende-de-ustedes\/","url_meta":{"origin":10090,"position":4},"title":"EL DOCTOR JOS\u00c9 OCHOA, EN LA BANCA ABIERTA: \u00abLOS VECINOS PIDEN SER ESCUCHADOS, HAY QUE SACAR EL ESTACIONAMIENTO MEDIDO Y AHORA DEPENDE DE USTEDES\u00bb","author":"Alejandro Sosa Ruda","date":"15 abril, 2021","format":false,"excerpt":"CHASCOM\u00daS - Durante la ma\u00f1ana de hoy, y tal como estaba previsto, Jos\u00e9 Ochoa, presidente del partido Juntos Por Chascom\u00fas\", y prestigioso abogado hizo uso de la \"Banca Abierta\" que hab\u00eda solicitado oportunamente, para referirse del pol\u00e9mico tema del \"estacionamiento medido\", sus nuevas restricciones y alcances. En principio se refiri\u00f3\u2026","rel":"","context":"En \u00abINTERES GENERAL\u00bb","block_context":{"text":"INTERES GENERAL","link":"https:\/\/larevistadigital.com.ar\/blog\/category\/interes-general\/"},"img":{"alt_text":"","src":"https:\/\/i0.wp.com\/larevistadigital.com.ar\/blog\/wp-content\/uploads\/Captura-de-pantalla-2021-04-15-153006.png?fit=1152%2C870&ssl=1&resize=350%2C200","width":350,"height":200,"srcset":"https:\/\/i0.wp.com\/larevistadigital.com.ar\/blog\/wp-content\/uploads\/Captura-de-pantalla-2021-04-15-153006.png?fit=1152%2C870&ssl=1&resize=350%2C200 1x, https:\/\/i0.wp.com\/larevistadigital.com.ar\/blog\/wp-content\/uploads\/Captura-de-pantalla-2021-04-15-153006.png?fit=1152%2C870&ssl=1&resize=525%2C300 1.5x, https:\/\/i0.wp.com\/larevistadigital.com.ar\/blog\/wp-content\/uploads\/Captura-de-pantalla-2021-04-15-153006.png?fit=1152%2C870&ssl=1&resize=700%2C400 2x, https:\/\/i0.wp.com\/larevistadigital.com.ar\/blog\/wp-content\/uploads\/Captura-de-pantalla-2021-04-15-153006.png?fit=1152%2C870&ssl=1&resize=1050%2C600 3x"},"classes":[]},{"id":7228,"url":"https:\/\/larevistadigital.com.ar\/blog\/chascomus-gabriel-macchi-fijo-su-posicion-respecto-del-proyecto-de-unidad-por-chascomus-de-instaurar-el-estacionamiento-medido-en-toda-la-laguna\/","url_meta":{"origin":10090,"position":5},"title":"CHASCOM\u00daS: GABRIEL MACCHI FIJ\u00d3 SU POSICI\u00d3N RESPECTO DEL PROYECTO DE UNIDAD POR CHASCOM\u00daS DE INSTAURAR EL ESTACIONAMIENTO MEDIDO EN TODA LA LAGUNA","author":"Alejandro Sosa Ruda","date":"15 diciembre, 2018","format":false,"excerpt":"Luego que desde el gobierno local se promueva la instauraci\u00f3n de una especie de \"estacionamiento medido\" en toda la circunvalaci\u00f3n de la laguna, muchos han manifestado su descontento con la iniciativa. Es para destacar, que esta iniciativa forma parte de la ordenanza fiscal e impositiva, impulsada por el ejecutivo, y\u2026","rel":"","context":"En \u00abPOLITICA\u00bb","block_context":{"text":"POLITICA","link":"https:\/\/larevistadigital.com.ar\/blog\/category\/politica\/"},"img":{"alt_text":"","src":"https:\/\/i0.wp.com\/larevistadigital.com.ar\/blog\/wp-content\/uploads\/2018\/12\/43672906_2166112250079909_6168682319734374400_n.jpg?fit=720%2C720&ssl=1&resize=350%2C200","width":350,"height":200,"srcset":"https:\/\/i0.wp.com\/larevistadigital.com.ar\/blog\/wp-content\/uploads\/2018\/12\/43672906_2166112250079909_6168682319734374400_n.jpg?fit=720%2C720&ssl=1&resize=350%2C200 1x, https:\/\/i0.wp.com\/larevistadigital.com.ar\/blog\/wp-content\/uploads\/2018\/12\/43672906_2166112250079909_6168682319734374400_n.jpg?fit=720%2C720&ssl=1&resize=525%2C300 1.5x, https:\/\/i0.wp.com\/larevistadigital.com.ar\/blog\/wp-content\/uploads\/2018\/12\/43672906_2166112250079909_6168682319734374400_n.jpg?fit=720%2C720&ssl=1&resize=700%2C400 2x"},"classes":[]}],"_links":{"self":[{"href":"https:\/\/larevistadigital.com.ar\/blog\/wp-json\/wp\/v2\/posts\/10090","targetHints":{"allow":["GET"]}}],"collection":[{"href":"https:\/\/larevistadigital.com.ar\/blog\/wp-json\/wp\/v2\/posts"}],"about":[{"href":"https:\/\/larevistadigital.com.ar\/blog\/wp-json\/wp\/v2\/types\/post"}],"author":[{"embeddable":true,"href":"https:\/\/larevistadigital.com.ar\/blog\/wp-json\/wp\/v2\/users\/3"}],"replies":[{"embeddable":true,"href":"https:\/\/larevistadigital.com.ar\/blog\/wp-json\/wp\/v2\/comments?post=10090"}],"version-history":[{"count":1,"href":"https:\/\/larevistadigital.com.ar\/blog\/wp-json\/wp\/v2\/posts\/10090\/revisions"}],"predecessor-version":[{"id":10092,"href":"https:\/\/larevistadigital.com.ar\/blog\/wp-json\/wp\/v2\/posts\/10090\/revisions\/10092"}],"wp:featuredmedia":[{"embeddable":true,"href":"https:\/\/larevistadigital.com.ar\/blog\/wp-json\/wp\/v2\/media\/10091"}],"wp:attachment":[{"href":"https:\/\/larevistadigital.com.ar\/blog\/wp-json\/wp\/v2\/media?parent=10090"}],"wp:term":[{"taxonomy":"category","embeddable":true,"href":"https:\/\/larevistadigital.com.ar\/blog\/wp-json\/wp\/v2\/categories?post=10090"},{"taxonomy":"post_tag","embeddable":true,"href":"https:\/\/larevistadigital.com.ar\/blog\/wp-json\/wp\/v2\/tags?post=10090"}],"curies":[{"name":"wp","href":"https:\/\/api.w.org\/{rel}","templated":true}]}}