{"id":10133,"date":"2019-05-11T18:32:35","date_gmt":"2019-05-11T18:32:35","guid":{"rendered":"https:\/\/larevistadigital.com.ar\/blog\/?p=10133"},"modified":"2019-05-11T18:32:35","modified_gmt":"2019-05-11T18:32:35","slug":"chascomus-quedo-habilitada-la-nueva-iluminacion-en-el-nuevo-paseo-la-bajadita","status":"publish","type":"post","link":"https:\/\/larevistadigital.com.ar\/blog\/chascomus-quedo-habilitada-la-nueva-iluminacion-en-el-nuevo-paseo-la-bajadita\/","title":{"rendered":"CHASCOM\u00daS: QUED\u00d3 HABILITADA LA NUEVA ILUMINACI\u00d3N EN EL NUEVO PASEO \u00abLA BAJADITA\u00bb"},"content":{"rendered":"<p>El flamante paseo costanero de la Bajadita, anoche se encendi\u00f3 con las nuevas luminarias que se suman a los trabajos desplegados en ese sector de la laguna de Chascom\u00fas.<\/p>\n<blockquote>\n<h3>Esta es sin dudas una buena iniciativa de la Secretar\u00eda de Turismo, que ha embellecido el lugar, dot\u00e1ndolo a lo largo de todo el trayecto de bancos que permiten disfrutar de una vista inmejorable del espejo lacustre en cualquiera de los momentos del d\u00eda.<\/h3>\n<\/blockquote>\n<p>El lugar, aparece muy bonito y cuidado, y seguramente con el tiempo se ir\u00e1n agregando cosas para mejorar a\u00fan m\u00e1s su aspecto, o sumando alguna otra actividad o idea.<\/p>\n<p>Sin dudas, una buena para la gesti\u00f3n.<\/p>\n<p>FUENTE E IM\u00c1GEN: DIARIO EL CRONISTA<\/p>\n","protected":false},"excerpt":{"rendered":"<div class=\"mh-excerpt\"><p>El flamante paseo costanero de la Bajadita, anoche se encendi\u00f3 con las nuevas luminarias que se suman a los trabajos desplegados en ese sector de la laguna de Chascom\u00fas. Esta es sin dudas una buena <a class=\"mh-excerpt-more\" href=\"https:\/\/larevistadigital.com.ar\/blog\/chascomus-quedo-habilitada-la-nueva-iluminacion-en-el-nuevo-paseo-la-bajadita\/\" title=\"CHASCOM\u00daS: QUED\u00d3 HABILITADA LA NUEVA ILUMINACI\u00d3N EN EL NUEVO PASEO \u00abLA BAJADITA\u00bb\">[Leer M\u00e1s]<\/a><\/p>\n<\/div>","protected":false},"author":3,"featured_media":10134,"comment_status":"open","ping_status":"open","sticky":false,"template":"","format":"standard","meta":{"_jetpack_memberships_contains_paid_content":false,"footnotes":"","jetpack_publicize_message":"","jetpack_publicize_feature_enabled":true,"jetpack_social_post_already_shared":true,"jetpack_social_options":{"image_generator_settings":{"template":"highway","default_image_id":0,"font":"","enabled":false},"version":2}},"categories":[6],"tags":[],"class_list":{"0":"post-10133","1":"post","2":"type-post","3":"status-publish","4":"format-standard","5":"has-post-thumbnail","7":"category-chascomus"},"jetpack_publicize_connections":[],"jetpack_featured_media_url":"https:\/\/i0.wp.com\/larevistadigital.com.ar\/blog\/wp-content\/uploads\/2019\/05\/60299567_2755109387863419_2971242183346094080_o.jpg?fit=1280%2C853&ssl=1","jetpack_sharing_enabled":true,"jetpack_shortlink":"https:\/\/wp.me\/p8qtrQ-2Dr","jetpack-related-posts":[{"id":8643,"url":"https:\/\/larevistadigital.com.ar\/blog\/chascomus-continua-la-remodelacion-y-puesta-en-valor-de-la-bajadita\/","url_meta":{"origin":10133,"position":0},"title":"CHASCOM\u00daS: CONTIN\u00daA LA REMODELACI\u00d3N Y PUESTA EN VALOR DE \u00abLA BAJADITA\u00bb","author":"Alejandro Sosa Ruda","date":"22 febrero, 2019","format":false,"excerpt":"En el marco de la revalorizaci\u00f3n de los espacios p\u00fablicos que lleva adelante el gobierno municipal, se colocaron nuevos bancos, columnas de alumbrado y se avanz\u00f3 con el hidrolavado de la muralla del tradicional paseo. El principal objetivo se centra en promover y favorecer la peatonalizaci\u00f3n de los lugares de\u2026","rel":"","context":"En \u00abCHASCOM\u00daS\u00bb","block_context":{"text":"CHASCOM\u00daS","link":"https:\/\/larevistadigital.com.ar\/blog\/category\/chascomus\/"},"img":{"alt_text":"","src":"https:\/\/i0.wp.com\/larevistadigital.com.ar\/blog\/wp-content\/uploads\/2019\/02\/2019_02_21_17_55_35_2299500.jpg?fit=600%2C402&ssl=1&resize=350%2C200","width":350,"height":200,"srcset":"https:\/\/i0.wp.com\/larevistadigital.com.ar\/blog\/wp-content\/uploads\/2019\/02\/2019_02_21_17_55_35_2299500.jpg?fit=600%2C402&ssl=1&resize=350%2C200 1x, https:\/\/i0.wp.com\/larevistadigital.com.ar\/blog\/wp-content\/uploads\/2019\/02\/2019_02_21_17_55_35_2299500.jpg?fit=600%2C402&ssl=1&resize=525%2C300 1.5x"},"classes":[]},{"id":10081,"url":"https:\/\/larevistadigital.com.ar\/blog\/chascomus-ya-se-encuentran-operativos-tres-puntos-de-wifi-libre-y-gratuito\/","url_meta":{"origin":10133,"position":1},"title":"CHASCOMUS: YA SE ENCUENTRAN OPERATIVOS TRES PUNTOS DE WIFI LIBRE Y GRATUITO","author":"Alejandro Sosa Ruda","date":"9 mayo, 2019","format":false,"excerpt":"En el marco de los procesos de modernizaci\u00f3n y conectividad llevados adelante por el municipio, y como forma de ampliar los servicios de valor para la comunidad y fomentar la inclusi\u00f3n digital, avanza la cobertura de wifi libre en diversos espacios p\u00fablicos de Chascom\u00fas. El plan est\u00e1 a cargo de\u2026","rel":"","context":"En \u00abPOLITICA\u00bb","block_context":{"text":"POLITICA","link":"https:\/\/larevistadigital.com.ar\/blog\/category\/politica\/"},"img":{"alt_text":"","src":"https:\/\/i0.wp.com\/larevistadigital.com.ar\/blog\/wp-content\/uploads\/2019\/05\/59781605_2422321514455386_299147766406316032_n.jpg?fit=600%2C558&ssl=1&resize=350%2C200","width":350,"height":200,"srcset":"https:\/\/i0.wp.com\/larevistadigital.com.ar\/blog\/wp-content\/uploads\/2019\/05\/59781605_2422321514455386_299147766406316032_n.jpg?fit=600%2C558&ssl=1&resize=350%2C200 1x, https:\/\/i0.wp.com\/larevistadigital.com.ar\/blog\/wp-content\/uploads\/2019\/05\/59781605_2422321514455386_299147766406316032_n.jpg?fit=600%2C558&ssl=1&resize=525%2C300 1.5x"},"classes":[]},{"id":4647,"url":"https:\/\/larevistadigital.com.ar\/blog\/detienen-tres-jovenes-chascomus-drogas-secuestran-vehiculo-la-bajadita\/","url_meta":{"origin":10133,"position":2},"title":"DETIENEN A TRES J\u00d3VENES DE CHASCOM\u00daS CON DROGAS Y SECUESTRAN SU VEH\u00cdCULO EN \u00abLA BAJADITA\u00bb","author":"Alejandro Sosa Ruda","date":"27 enero, 2018","format":false,"excerpt":"En la madrugada de hoy, aproximadamente a las 03:00 horas, personal de la Estaci\u00f3n de Polic\u00eda Comunal de Chascom\u00fas, junto a personal del Grupo GAD en la esquina de Avenida Costanera y Corrientes, sector denominado \u201cLa Bajadita\u201d, procede a interceptar un autom\u00f3vil marca Renault modelo Cl\u00edo. El veh\u00edculo de color\u2026","rel":"","context":"En \u00abDESTACADAS\u00bb","block_context":{"text":"DESTACADAS","link":"https:\/\/larevistadigital.com.ar\/blog\/category\/destacadas\/"},"img":{"alt_text":"","src":"https:\/\/i0.wp.com\/larevistadigital.com.ar\/blog\/wp-content\/uploads\/2018\/01\/WhatsApp-Image-2018-01-27-at-03.18.50.jpeg?fit=1080%2C1080&ssl=1&resize=350%2C200","width":350,"height":200,"srcset":"https:\/\/i0.wp.com\/larevistadigital.com.ar\/blog\/wp-content\/uploads\/2018\/01\/WhatsApp-Image-2018-01-27-at-03.18.50.jpeg?fit=1080%2C1080&ssl=1&resize=350%2C200 1x, https:\/\/i0.wp.com\/larevistadigital.com.ar\/blog\/wp-content\/uploads\/2018\/01\/WhatsApp-Image-2018-01-27-at-03.18.50.jpeg?fit=1080%2C1080&ssl=1&resize=525%2C300 1.5x, https:\/\/i0.wp.com\/larevistadigital.com.ar\/blog\/wp-content\/uploads\/2018\/01\/WhatsApp-Image-2018-01-27-at-03.18.50.jpeg?fit=1080%2C1080&ssl=1&resize=700%2C400 2x, https:\/\/i0.wp.com\/larevistadigital.com.ar\/blog\/wp-content\/uploads\/2018\/01\/WhatsApp-Image-2018-01-27-at-03.18.50.jpeg?fit=1080%2C1080&ssl=1&resize=1050%2C600 3x"},"classes":[]},{"id":18345,"url":"https:\/\/larevistadigital.com.ar\/blog\/festejos-navidenos-en-algun-momento-de-la-noche-hubo-un-herido-de-arma-blanca-que-fue-atendido-en-el-hospital-y-la-policia-desalojo-la-bajadita-a-las-7-am\/","url_meta":{"origin":10133,"position":3},"title":"FESTEJOS NAVIDE\u00d1OS: EN ALG\u00daN MOMENTO DE LA NOCHE HUBO UN HERIDO DE ARMA BLANCA QUE FUE ATENDIDO EN EL HOSPITAL, Y LA POLIC\u00cdA DESALOJ\u00d3 \u00abLA BAJADITA\u00bb A LAS 7 AM.","author":"Alejandro Sosa Ruda","date":"26 diciembre, 2020","format":false,"excerpt":"Lo inform\u00f3 el portal Chascom\u00fasciudad, sin detallar d\u00f3nde ocurri\u00f3 el incidente con el herido. Hubo presencia policial durante la noche, pero a las 7 de la ma\u00f1ana, las autoridades policiales procedieron a desalojar la bajadita. Tambi\u00e9n hubieron festejos en varios puntos de la costanera, y se habla de otro herido\u2026","rel":"","context":"En \u00abCHASCOM\u00daS\u00bb","block_context":{"text":"CHASCOM\u00daS","link":"https:\/\/larevistadigital.com.ar\/blog\/category\/chascomus\/"},"img":{"alt_text":"","src":"https:\/\/i0.wp.com\/larevistadigital.com.ar\/blog\/wp-content\/uploads\/133128067_2862655400682957_8169293739554723468_n.jpg?fit=540%2C960&ssl=1&resize=350%2C200","width":350,"height":200,"srcset":"https:\/\/i0.wp.com\/larevistadigital.com.ar\/blog\/wp-content\/uploads\/133128067_2862655400682957_8169293739554723468_n.jpg?fit=540%2C960&ssl=1&resize=350%2C200 1x, https:\/\/i0.wp.com\/larevistadigital.com.ar\/blog\/wp-content\/uploads\/133128067_2862655400682957_8169293739554723468_n.jpg?fit=540%2C960&ssl=1&resize=525%2C300 1.5x"},"classes":[]},{"id":5671,"url":"https:\/\/larevistadigital.com.ar\/blog\/chascomus-actuaciones-policiales\/","url_meta":{"origin":10133,"position":4},"title":"CHASCOM\u00daS: ACTUACIONES POLICIALES","author":"Alejandro Sosa Ruda","date":"27 mayo, 2018","format":false,"excerpt":"Ayer a las 19:00 hs en Av. Costanera y Manuel Fresco (la Bajadita) personal de la E.P.C Chascomus junto al personal del Grupo GAD Interceptan Fiat Siena en el cual dos j\u00f3venes uno de ellos de 21 a\u00f1os masculino y otra de 19 a\u00f1os (hermanos) ambos domiciliados en CABA a\u2026","rel":"","context":"En \u00abPOLICIALES\u00bb","block_context":{"text":"POLICIALES","link":"https:\/\/larevistadigital.com.ar\/blog\/category\/policiales\/"},"img":{"alt_text":"","src":"https:\/\/i0.wp.com\/larevistadigital.com.ar\/blog\/wp-content\/uploads\/2018\/05\/WhatsApp-Image-2018-05-27-at-01.15.50.jpeg?fit=600%2C1066&ssl=1&resize=350%2C200","width":350,"height":200,"srcset":"https:\/\/i0.wp.com\/larevistadigital.com.ar\/blog\/wp-content\/uploads\/2018\/05\/WhatsApp-Image-2018-05-27-at-01.15.50.jpeg?fit=600%2C1066&ssl=1&resize=350%2C200 1x, https:\/\/i0.wp.com\/larevistadigital.com.ar\/blog\/wp-content\/uploads\/2018\/05\/WhatsApp-Image-2018-05-27-at-01.15.50.jpeg?fit=600%2C1066&ssl=1&resize=525%2C300 1.5x"},"classes":[]},{"id":27717,"url":"https:\/\/larevistadigital.com.ar\/blog\/chascomus-con-la-ayuda-de-afiliados-amigos-y-dirigentes-la-ucr-restaura-el-frente-del-comite\/","url_meta":{"origin":10133,"position":5},"title":"CHASCOM\u00daS: CON LA AYUDA DE AFILIADOS, AMIGOS Y DIRIGENTES, LA UCR RESTAURA EL FRENTE DEL COMIT\u00c9","author":"Alejandro Sosa Ruda","date":"13 septiembre, 2022","format":false,"excerpt":"Publicaron en Instagram. Est\u00e1n restaurando el frente del Comit\u00e9. 13 de septiembre de 2022 CHASCOM\u00daS -\u00a0\u00a0En la cuenta de la red social Instagram de la UCR de Chascom\u00fas, publicaron la noticia que est\u00e1n restaurando el frente del tradicional Comit\u00e9 ubicado en calle Mazzini. Seg\u00fan informan, los trabajos los est\u00e1n realizando\u2026","rel":"","context":"En \u00abCHASCOM\u00daS\u00bb","block_context":{"text":"CHASCOM\u00daS","link":"https:\/\/larevistadigital.com.ar\/blog\/category\/chascomus\/"},"img":{"alt_text":"","src":"https:\/\/i0.wp.com\/larevistadigital.com.ar\/blog\/wp-content\/uploads\/Captura-de-pantalla-2022-09-13-103340.png?fit=700%2C630&ssl=1&resize=350%2C200","width":350,"height":200,"srcset":"https:\/\/i0.wp.com\/larevistadigital.com.ar\/blog\/wp-content\/uploads\/Captura-de-pantalla-2022-09-13-103340.png?fit=700%2C630&ssl=1&resize=350%2C200 1x, https:\/\/i0.wp.com\/larevistadigital.com.ar\/blog\/wp-content\/uploads\/Captura-de-pantalla-2022-09-13-103340.png?fit=700%2C630&ssl=1&resize=525%2C300 1.5x, https:\/\/i0.wp.com\/larevistadigital.com.ar\/blog\/wp-content\/uploads\/Captura-de-pantalla-2022-09-13-103340.png?fit=700%2C630&ssl=1&resize=700%2C400 2x"},"classes":[]}],"_links":{"self":[{"href":"https:\/\/larevistadigital.com.ar\/blog\/wp-json\/wp\/v2\/posts\/10133","targetHints":{"allow":["GET"]}}],"collection":[{"href":"https:\/\/larevistadigital.com.ar\/blog\/wp-json\/wp\/v2\/posts"}],"about":[{"href":"https:\/\/larevistadigital.com.ar\/blog\/wp-json\/wp\/v2\/types\/post"}],"author":[{"embeddable":true,"href":"https:\/\/larevistadigital.com.ar\/blog\/wp-json\/wp\/v2\/users\/3"}],"replies":[{"embeddable":true,"href":"https:\/\/larevistadigital.com.ar\/blog\/wp-json\/wp\/v2\/comments?post=10133"}],"version-history":[{"count":2,"href":"https:\/\/larevistadigital.com.ar\/blog\/wp-json\/wp\/v2\/posts\/10133\/revisions"}],"predecessor-version":[{"id":10136,"href":"https:\/\/larevistadigital.com.ar\/blog\/wp-json\/wp\/v2\/posts\/10133\/revisions\/10136"}],"wp:featuredmedia":[{"embeddable":true,"href":"https:\/\/larevistadigital.com.ar\/blog\/wp-json\/wp\/v2\/media\/10134"}],"wp:attachment":[{"href":"https:\/\/larevistadigital.com.ar\/blog\/wp-json\/wp\/v2\/media?parent=10133"}],"wp:term":[{"taxonomy":"category","embeddable":true,"href":"https:\/\/larevistadigital.com.ar\/blog\/wp-json\/wp\/v2\/categories?post=10133"},{"taxonomy":"post_tag","embeddable":true,"href":"https:\/\/larevistadigital.com.ar\/blog\/wp-json\/wp\/v2\/tags?post=10133"}],"curies":[{"name":"wp","href":"https:\/\/api.w.org\/{rel}","templated":true}]}}