{"id":10176,"date":"2019-05-15T13:14:00","date_gmt":"2019-05-15T13:14:00","guid":{"rendered":"https:\/\/larevistadigital.com.ar\/blog\/?p=10176"},"modified":"2019-05-15T13:14:00","modified_gmt":"2019-05-15T13:14:00","slug":"lezama-por-cuarta-vez-consecutiva-personal-de-educacion-viajo-a-la-feria-del-libro","status":"publish","type":"post","link":"https:\/\/larevistadigital.com.ar\/blog\/lezama-por-cuarta-vez-consecutiva-personal-de-educacion-viajo-a-la-feria-del-libro\/","title":{"rendered":"LEZAMA: POR CUARTA VEZ CONSECUTIVA, PERSONAL DE EDUCACI\u00d3N VIAJ\u00d3 A LA FERIA DEL LIBRO"},"content":{"rendered":"<p>50 docentes, auxiliares y estudiantes de establecimientos locales disfrutaron de la 45\u00b0 edici\u00f3n del evento internacional en un paseo coordinado por el Consejo Escolar y la Municipalidad de Lezama.<\/p>\n<blockquote>\n<h3>Un contingente integrado por trabajadores de distintos niveles del sistema educativo local viaj\u00f3 en la ma\u00f1ana del s\u00e1bado 11 de mayo a la 45\u00b0 Feria Internacional del Libro de Buenos Aires, en una actividad\u00a0<span class=\"text_exposed_show\">gratuita que cada a\u00f1o realiza el Consejo Escolar conjuntamente con el municipio.<\/span><\/h3>\n<\/blockquote>\n<p><span class=\"text_exposed_show\">Docentes, directivos, auxiliares y estudiantes del nivel terciario se anotaron en sus respectivas instituciones en los d\u00edas previos y partieron el s\u00e1bado hacia el predio ferial La Rural, en el colectivo municipal, ofrecido de forma totalmente gratuita a los viajeros. Luego de recorrer la feria, que se desarroll\u00f3 durante dos semanas y culmina hoy \u2013 lunes 13-, realizar compras a nivel personal e institucional y participar de presentaciones, espect\u00e1culos y charlas, emprendieron el regreso arribando a Lezama al atardecer.<\/span><\/p>\n","protected":false},"excerpt":{"rendered":"<div class=\"mh-excerpt\"><p>50 docentes, auxiliares y estudiantes de establecimientos locales disfrutaron de la 45\u00b0 edici\u00f3n del evento internacional en un paseo coordinado por el Consejo Escolar y la Municipalidad de Lezama. Un contingente integrado por trabajadores de <a class=\"mh-excerpt-more\" href=\"https:\/\/larevistadigital.com.ar\/blog\/lezama-por-cuarta-vez-consecutiva-personal-de-educacion-viajo-a-la-feria-del-libro\/\" title=\"LEZAMA: POR CUARTA VEZ CONSECUTIVA, PERSONAL DE EDUCACI\u00d3N VIAJ\u00d3 A LA FERIA DEL LIBRO\">[Leer M\u00e1s]<\/a><\/p>\n<\/div>","protected":false},"author":3,"featured_media":10177,"comment_status":"open","ping_status":"open","sticky":false,"template":"","format":"standard","meta":{"_jetpack_memberships_contains_paid_content":false,"footnotes":"","jetpack_publicize_message":"","jetpack_publicize_feature_enabled":true,"jetpack_social_post_already_shared":true,"jetpack_social_options":{"image_generator_settings":{"template":"highway","default_image_id":0,"font":"","enabled":false},"version":2}},"categories":[7,12],"tags":[],"class_list":{"0":"post-10176","1":"post","2":"type-post","3":"status-publish","4":"format-standard","5":"has-post-thumbnail","7":"category-lezama","8":"category-politica"},"jetpack_publicize_connections":[],"jetpack_featured_media_url":"https:\/\/i0.wp.com\/larevistadigital.com.ar\/blog\/wp-content\/uploads\/2019\/05\/60254262_1457567744435922_4076896095391711232_o.jpg?fit=1139%2C539&ssl=1","jetpack_sharing_enabled":true,"jetpack_shortlink":"https:\/\/wp.me\/p8qtrQ-2E8","jetpack-related-posts":[{"id":8737,"url":"https:\/\/larevistadigital.com.ar\/blog\/lezama-se-cubrira-en-marzo-el-cargo-de-cocinero-para-el-nuevo-servicio-de-comedor-escolar-de-el-destino\/","url_meta":{"origin":10176,"position":0},"title":"LEZAMA: SE CUBRIR\u00c1 EN MARZO EL CARGO DE COCINERO PARA EL NUEVO SERVICIO DE COMEDOR ESCOLAR DE \u201cEL DESTINO\u201d","author":"Alejandro Sosa Ruda","date":"26 febrero, 2019","format":false,"excerpt":"El Consejo Escolar de Lezama comunica que el d\u00eda 19 de marzo, a las 14 horas, se realizar\u00e1 en el edificio (Blandengues 271) Ronda de Titulares de auxiliares para cubrir el cargo creado de cocinero para la EP N\u00b0 7 del paraje \"El Destino\". Los interesados deber\u00e1n concurrir con fotocopia\u2026","rel":"","context":"En \u00abLEZAMA\u00bb","block_context":{"text":"LEZAMA","link":"https:\/\/larevistadigital.com.ar\/blog\/category\/lezama\/"},"img":{"alt_text":"","src":"https:\/\/i0.wp.com\/larevistadigital.com.ar\/blog\/wp-content\/uploads\/2019\/02\/Screenshot_4.jpg?fit=728%2C478&ssl=1&resize=350%2C200","width":350,"height":200,"srcset":"https:\/\/i0.wp.com\/larevistadigital.com.ar\/blog\/wp-content\/uploads\/2019\/02\/Screenshot_4.jpg?fit=728%2C478&ssl=1&resize=350%2C200 1x, https:\/\/i0.wp.com\/larevistadigital.com.ar\/blog\/wp-content\/uploads\/2019\/02\/Screenshot_4.jpg?fit=728%2C478&ssl=1&resize=525%2C300 1.5x, https:\/\/i0.wp.com\/larevistadigital.com.ar\/blog\/wp-content\/uploads\/2019\/02\/Screenshot_4.jpg?fit=728%2C478&ssl=1&resize=700%2C400 2x"},"classes":[]},{"id":7969,"url":"https:\/\/larevistadigital.com.ar\/blog\/lezama-culminaron-la-obra-de-los-banos-del-ep-11\/","url_meta":{"origin":10176,"position":1},"title":"LEZAMA: CULMINARON LA OBRA DE LOS BA\u00d1OS DEL EP 11","author":"Alejandro Sosa Ruda","date":"26 enero, 2019","format":false,"excerpt":"Confirm\u00f3 el Consejo Escolar que a mediados de esta semana se terminaron los nuevos revestimientos de los sanitarios en la Escuela Primaria N\u00b0 11, una obra que se realiz\u00f3 a buen ritmo y renov\u00f3 los ba\u00f1os de la instituci\u00f3n para que alumnos y docentes reciban el nuevo ciclo lectivo con\u2026","rel":"","context":"En \u00abLEZAMA\u00bb","block_context":{"text":"LEZAMA","link":"https:\/\/larevistadigital.com.ar\/blog\/category\/lezama\/"},"img":{"alt_text":"","src":"https:\/\/i0.wp.com\/larevistadigital.com.ar\/blog\/wp-content\/uploads\/2019\/01\/50561728_1390223814503649_1809849495698014208_n.jpg?fit=720%2C960&ssl=1&resize=350%2C200","width":350,"height":200,"srcset":"https:\/\/i0.wp.com\/larevistadigital.com.ar\/blog\/wp-content\/uploads\/2019\/01\/50561728_1390223814503649_1809849495698014208_n.jpg?fit=720%2C960&ssl=1&resize=350%2C200 1x, https:\/\/i0.wp.com\/larevistadigital.com.ar\/blog\/wp-content\/uploads\/2019\/01\/50561728_1390223814503649_1809849495698014208_n.jpg?fit=720%2C960&ssl=1&resize=525%2C300 1.5x, https:\/\/i0.wp.com\/larevistadigital.com.ar\/blog\/wp-content\/uploads\/2019\/01\/50561728_1390223814503649_1809849495698014208_n.jpg?fit=720%2C960&ssl=1&resize=700%2C400 2x"},"classes":[]},{"id":8541,"url":"https:\/\/larevistadigital.com.ar\/blog\/lezama-el-consejo-escolar-recibio-nuevo-equipamiento-tecnologico\/","url_meta":{"origin":10176,"position":2},"title":"LEZAMA: EL CONSEJO ESCOLAR RECIBI\u00d3 NUEVO EQUIPAMIENTO TECNOL\u00d3GICO","author":"Alejandro Sosa Ruda","date":"19 febrero, 2019","format":false,"excerpt":"Zirza H\u00e9rroz, presidenta del Consejo Escolar de Lezama, inform\u00f3 que se recibieron d\u00edas atr\u00e1s computadoras que ser\u00e1n destinadas al mejoramiento del trabajo administrativo que desarrolla ese organismo.Las unidades fueron entregadas a las autoridades de Lezama por la Direcci\u00f3n Provincial de Consejos Escolares de la Direcci\u00f3n General de Cultura y Educaci\u00f3n,\u2026","rel":"","context":"En \u00abLEZAMA\u00bb","block_context":{"text":"LEZAMA","link":"https:\/\/larevistadigital.com.ar\/blog\/category\/lezama\/"},"img":{"alt_text":"","src":"https:\/\/i0.wp.com\/larevistadigital.com.ar\/blog\/wp-content\/uploads\/2019\/02\/52394549_1407041799488517_5510714229298036736_n.jpg?fit=872%2C654&ssl=1&resize=350%2C200","width":350,"height":200,"srcset":"https:\/\/i0.wp.com\/larevistadigital.com.ar\/blog\/wp-content\/uploads\/2019\/02\/52394549_1407041799488517_5510714229298036736_n.jpg?fit=872%2C654&ssl=1&resize=350%2C200 1x, https:\/\/i0.wp.com\/larevistadigital.com.ar\/blog\/wp-content\/uploads\/2019\/02\/52394549_1407041799488517_5510714229298036736_n.jpg?fit=872%2C654&ssl=1&resize=525%2C300 1.5x, https:\/\/i0.wp.com\/larevistadigital.com.ar\/blog\/wp-content\/uploads\/2019\/02\/52394549_1407041799488517_5510714229298036736_n.jpg?fit=872%2C654&ssl=1&resize=700%2C400 2x"},"classes":[]},{"id":8649,"url":"https:\/\/larevistadigital.com.ar\/blog\/lezama-atencion-proveedores-del-consejo-escolar-deberan-notificarse-de-cambios-en-las-prestaciones\/","url_meta":{"origin":10176,"position":3},"title":"LEZAMA: ATENCI\u00d3N PROVEEDORES DEL CONSEJO ESCOLAR: DEBER\u00c1N NOTIFICARSE DE CAMBIOS EN LAS PRESTACIONES","author":"Alejandro Sosa Ruda","date":"22 febrero, 2019","format":false,"excerpt":"La D.G.C. y E. emiti\u00f3 un nuevo instructivo que deber\u00e1n cumplimentar quienes trabajan para el Consejo en los rubros obras y servicios, alimentaci\u00f3n y transporte. Consejo Escolar de Lezama solicita a quienes son o deseen ser proveedores a acercarse al edificio (Blandengues 267), en el horario de 7 a 14\u2026","rel":"","context":"En \u00abLEZAMA\u00bb","block_context":{"text":"LEZAMA","link":"https:\/\/larevistadigital.com.ar\/blog\/category\/lezama\/"},"img":{"alt_text":"","src":"https:\/\/i0.wp.com\/larevistadigital.com.ar\/blog\/wp-content\/uploads\/2019\/02\/52522682_1409465562579474_7790930130729172992_n.jpg?fit=960%2C627&ssl=1&resize=350%2C200","width":350,"height":200,"srcset":"https:\/\/i0.wp.com\/larevistadigital.com.ar\/blog\/wp-content\/uploads\/2019\/02\/52522682_1409465562579474_7790930130729172992_n.jpg?fit=960%2C627&ssl=1&resize=350%2C200 1x, https:\/\/i0.wp.com\/larevistadigital.com.ar\/blog\/wp-content\/uploads\/2019\/02\/52522682_1409465562579474_7790930130729172992_n.jpg?fit=960%2C627&ssl=1&resize=525%2C300 1.5x, https:\/\/i0.wp.com\/larevistadigital.com.ar\/blog\/wp-content\/uploads\/2019\/02\/52522682_1409465562579474_7790930130729172992_n.jpg?fit=960%2C627&ssl=1&resize=700%2C400 2x"},"classes":[]},{"id":10018,"url":"https:\/\/larevistadigital.com.ar\/blog\/lezama-por-concurso-se-cubrira-el-cargo-de-secretario-tecnico-del-consejo-escolar-de-lezama\/","url_meta":{"origin":10176,"position":4},"title":"LEZAMA: POR CONCURSO SE CUBRIR\u00c1 EL CARGO DE SECRETARIO T\u00c9CNICO DEL CONSEJO ESCOLAR DE LEZAMA","author":"Alejandro Sosa Ruda","date":"6 mayo, 2019","format":false,"excerpt":"La inscripci\u00f3n comienza este Lunes 6 y finalizar\u00e1 el viernes 10 de mayo. Es la primera vez en 12 a\u00f1os que se acceder\u00e1 a estos espacios por concurso en la provincia. Consejo Escolar de Lezama informa que por Resoluci\u00f3n RESFC-2019-1052-GDEBA-DGCYE se llama a Concurso P\u00fablico y Abierto de Oposici\u00f3n y\u2026","rel":"","context":"En \u00abLEZAMA\u00bb","block_context":{"text":"LEZAMA","link":"https:\/\/larevistadigital.com.ar\/blog\/category\/lezama\/"},"img":{"alt_text":"","src":"https:\/\/i0.wp.com\/larevistadigital.com.ar\/blog\/wp-content\/uploads\/2019\/05\/59894475_1453156631543700_7741494335597707264_o.jpg?fit=1200%2C674&ssl=1&resize=350%2C200","width":350,"height":200,"srcset":"https:\/\/i0.wp.com\/larevistadigital.com.ar\/blog\/wp-content\/uploads\/2019\/05\/59894475_1453156631543700_7741494335597707264_o.jpg?fit=1200%2C674&ssl=1&resize=350%2C200 1x, https:\/\/i0.wp.com\/larevistadigital.com.ar\/blog\/wp-content\/uploads\/2019\/05\/59894475_1453156631543700_7741494335597707264_o.jpg?fit=1200%2C674&ssl=1&resize=525%2C300 1.5x, https:\/\/i0.wp.com\/larevistadigital.com.ar\/blog\/wp-content\/uploads\/2019\/05\/59894475_1453156631543700_7741494335597707264_o.jpg?fit=1200%2C674&ssl=1&resize=700%2C400 2x, https:\/\/i0.wp.com\/larevistadigital.com.ar\/blog\/wp-content\/uploads\/2019\/05\/59894475_1453156631543700_7741494335597707264_o.jpg?fit=1200%2C674&ssl=1&resize=1050%2C600 3x"},"classes":[]},{"id":8350,"url":"https:\/\/larevistadigital.com.ar\/blog\/lezama-nueva-obra-en-el-jardin-901-se-convoca-a-constructores-por-renovacion-de-la-cubierta\/","url_meta":{"origin":10176,"position":5},"title":"LEZAMA: NUEVA OBRA EN EL JARD\u00cdN 901. SE CONVOCA A CONSTRUCTORES POR RENOVACI\u00d3N DE LA CUBIERTA","author":"Alejandro Sosa Ruda","date":"12 febrero, 2019","format":false,"excerpt":"Consejo Escolar de Lezama invita a quienes quieran participar de la Contrataci\u00f3n Directa 01\/2019, tendiente a lograr la ejecuci\u00f3n de la obra: cambio de cubierta en el edificio en uso del Jard\u00edn N\u00b0 901 de la ciudad de Lezama (calle Per\u00f3n) a retirar la documentaci\u00f3n y la correspondiente memoria t\u00e9cnica\u2026","rel":"","context":"En \u00abLEZAMA\u00bb","block_context":{"text":"LEZAMA","link":"https:\/\/larevistadigital.com.ar\/blog\/category\/lezama\/"},"img":{"alt_text":"","src":"https:\/\/i0.wp.com\/larevistadigital.com.ar\/blog\/wp-content\/uploads\/2019\/02\/52047674_1402212456638118_7925493410322972672_n.jpg?fit=960%2C641&ssl=1&resize=350%2C200","width":350,"height":200,"srcset":"https:\/\/i0.wp.com\/larevistadigital.com.ar\/blog\/wp-content\/uploads\/2019\/02\/52047674_1402212456638118_7925493410322972672_n.jpg?fit=960%2C641&ssl=1&resize=350%2C200 1x, https:\/\/i0.wp.com\/larevistadigital.com.ar\/blog\/wp-content\/uploads\/2019\/02\/52047674_1402212456638118_7925493410322972672_n.jpg?fit=960%2C641&ssl=1&resize=525%2C300 1.5x, https:\/\/i0.wp.com\/larevistadigital.com.ar\/blog\/wp-content\/uploads\/2019\/02\/52047674_1402212456638118_7925493410322972672_n.jpg?fit=960%2C641&ssl=1&resize=700%2C400 2x"},"classes":[]}],"_links":{"self":[{"href":"https:\/\/larevistadigital.com.ar\/blog\/wp-json\/wp\/v2\/posts\/10176","targetHints":{"allow":["GET"]}}],"collection":[{"href":"https:\/\/larevistadigital.com.ar\/blog\/wp-json\/wp\/v2\/posts"}],"about":[{"href":"https:\/\/larevistadigital.com.ar\/blog\/wp-json\/wp\/v2\/types\/post"}],"author":[{"embeddable":true,"href":"https:\/\/larevistadigital.com.ar\/blog\/wp-json\/wp\/v2\/users\/3"}],"replies":[{"embeddable":true,"href":"https:\/\/larevistadigital.com.ar\/blog\/wp-json\/wp\/v2\/comments?post=10176"}],"version-history":[{"count":1,"href":"https:\/\/larevistadigital.com.ar\/blog\/wp-json\/wp\/v2\/posts\/10176\/revisions"}],"predecessor-version":[{"id":10178,"href":"https:\/\/larevistadigital.com.ar\/blog\/wp-json\/wp\/v2\/posts\/10176\/revisions\/10178"}],"wp:featuredmedia":[{"embeddable":true,"href":"https:\/\/larevistadigital.com.ar\/blog\/wp-json\/wp\/v2\/media\/10177"}],"wp:attachment":[{"href":"https:\/\/larevistadigital.com.ar\/blog\/wp-json\/wp\/v2\/media?parent=10176"}],"wp:term":[{"taxonomy":"category","embeddable":true,"href":"https:\/\/larevistadigital.com.ar\/blog\/wp-json\/wp\/v2\/categories?post=10176"},{"taxonomy":"post_tag","embeddable":true,"href":"https:\/\/larevistadigital.com.ar\/blog\/wp-json\/wp\/v2\/tags?post=10176"}],"curies":[{"name":"wp","href":"https:\/\/api.w.org\/{rel}","templated":true}]}}