{"id":10206,"date":"2019-05-15T16:21:48","date_gmt":"2019-05-15T16:21:48","guid":{"rendered":"https:\/\/larevistadigital.com.ar\/blog\/?p=10206"},"modified":"2019-05-15T16:21:48","modified_gmt":"2019-05-15T16:21:48","slug":"chascomus-santiago-dos-santos-continua-armando-equipos-para-gobernar-la-ciudad","status":"publish","type":"post","link":"https:\/\/larevistadigital.com.ar\/blog\/chascomus-santiago-dos-santos-continua-armando-equipos-para-gobernar-la-ciudad\/","title":{"rendered":"CHASCOM\u00daS: SANTIAGO DOS SANTOS CONTIN\u00daA ARMANDO EQUIPOS PARA GOBERNAR LA CIUDAD"},"content":{"rendered":"<p>El m\u00e9dico cirujano y precandidato a Intendente de UCR Cambiemos en Chascom\u00fas, <strong>Santiago Dos Santos<\/strong>, habl\u00f3 de lo que est\u00e1 haciendo y c\u00f3mo se prepara para afrontar la Intendencia de Chascom\u00fas si es electo en los pr\u00f3ximos comicios de agosto y octubre.<\/p>\n<p>El cirujano remarc\u00f3 que hace m\u00e1s de un a\u00f1o que vienen armando equipos que elaboran un proyecto de trabajo para llevar adelante en caso de llegar a ser Intendente de la ciudad.<\/p>\n<blockquote>\n<h3>Adem\u00e1s,<strong> Dos Santos<\/strong> preside el Instituto de Pol\u00edticas P\u00fablicas en el que se arman grupos de trabajo que hacen y preparan proyectos para la ciudad, desde donde se trabaja sin importar la pertenencia partidaria, sino tomando como principio com\u00fan, diagnosticar las necesidades de la comunidad, y luego buscar soluciones y respuestas para el bienestar general mediante proyectos puntuales de trabajo.<\/h3>\n<\/blockquote>\n<p>Expres\u00f3 que est\u00e1 trabajando con un grupo de m\u00e1s de 30 profesionales en cada \u00e1rea: Salud, Planificaci\u00f3n Urbana, y dem\u00e1s.<\/p>\n<p>Al respecto, dijo que <strong><em>\u201clas cloacas, tambi\u00e9n son salud\u201d<\/em><\/strong>, y que ese ser\u00e1 un tema prioritario en su gobierno, ya que, aunque no sea demasiado urgente para algunos, porque como va bajo tierra, no tiene tanto \u201cmarketing\u201d pol\u00edtico, para su gobierno esto ser\u00eda de alt\u00edsima prioridad.<\/p>\n<p>Coment\u00f3 que est\u00e1n trabajando muy fuertemente para dar soluci\u00f3n a la enorme necesidad de generar fuentes de trabajo, creando las mismas mediante la capacitaci\u00f3n que deber\u00eda brindar el estado.\u00a0 Dar la posibilidad al vecino de tener un empleo digno y un ingreso que le sirva para poder mantener a sus familias, recordando que existen en Chascom\u00fas 30 merenderos con m\u00e1s de 900 chicos, con la l\u00f3gica y triste frustraci\u00f3n de los padres y madres que no pueden dar de comer a sus hijos, y que, en esta situaci\u00f3n, el estado tiene la obligaci\u00f3n de estar presente.<\/p>\n<blockquote>\n<h3>Otra de las prioridades de su gesti\u00f3n, afirm\u00f3 que ser\u00e1 terminar de una vez por todas con las inundaciones en los barrios, que se producen cada vez que llueve fuerte, para lo que se est\u00e1 trabajando con equipos conformados por ingenieros y t\u00e9cnicos en la materia.<\/h3>\n<\/blockquote>\n<p>Se mostr\u00f3 convencido que hay mucho por desarrollar en materia de turismo, provocando el acompa\u00f1amiento del estado en estas tareas, lo que tambi\u00e9n redundar\u00eda en una cantidad de fuentes de trabajo.<\/p>\n<blockquote>\n<h3>Culmin\u00f3 afirmando que <strong>nunca<\/strong> es el momento de agredirse ni pelear, ya que no es la manera, sino que debe primar el respeto mutuo, en donde cada uno pueda expresar sus proyectos, poniendo como ejemplo la armon\u00eda que tiene la relaci\u00f3n que mantienen con los otros dos candidatos del sector, como <strong>Ramiro Ferrante<\/strong> y <strong>Osvaldo Battisachi<\/strong>.<\/h3>\n<\/blockquote>\n<p>Por \u00faltimo, y como dato al margen, pudimos observar en las redes, que recientemente recibi\u00f3 el t\u00edtulo del post grado en dise\u00f1o y evaluaci\u00f3n de pol\u00edticas p\u00fablicas, dictado por la Universidad Pompeu Fabra de Barcelona, que es la primera en Espa\u00f1a, y que los requisitos para aprobar son muy exigentes.<\/p>\n<p>&nbsp;<\/p>\n","protected":false},"excerpt":{"rendered":"<div class=\"mh-excerpt\"><p>El m\u00e9dico cirujano y precandidato a Intendente de UCR Cambiemos en Chascom\u00fas, Santiago Dos Santos, habl\u00f3 de lo que est\u00e1 haciendo y c\u00f3mo se prepara para afrontar la Intendencia de Chascom\u00fas si es electo en <a class=\"mh-excerpt-more\" href=\"https:\/\/larevistadigital.com.ar\/blog\/chascomus-santiago-dos-santos-continua-armando-equipos-para-gobernar-la-ciudad\/\" title=\"CHASCOM\u00daS: SANTIAGO DOS SANTOS CONTIN\u00daA ARMANDO EQUIPOS PARA GOBERNAR LA CIUDAD\">[Leer M\u00e1s]<\/a><\/p>\n<\/div>","protected":false},"author":3,"featured_media":8847,"comment_status":"open","ping_status":"open","sticky":false,"template":"","format":"standard","meta":{"_jetpack_memberships_contains_paid_content":false,"footnotes":"","jetpack_publicize_message":"","jetpack_publicize_feature_enabled":true,"jetpack_social_post_already_shared":true,"jetpack_social_options":{"image_generator_settings":{"template":"highway","default_image_id":0,"font":"","enabled":false},"version":2}},"categories":[12,23],"tags":[],"class_list":{"0":"post-10206","1":"post","2":"type-post","3":"status-publish","4":"format-standard","5":"has-post-thumbnail","7":"category-politica","8":"category-politica-local"},"jetpack_publicize_connections":[],"jetpack_featured_media_url":"https:\/\/i0.wp.com\/larevistadigital.com.ar\/blog\/wp-content\/uploads\/2019\/03\/20429816_450078228700113_5676523982718567367_n.jpg?fit=960%2C640&ssl=1","jetpack_sharing_enabled":true,"jetpack_shortlink":"https:\/\/wp.me\/p8qtrQ-2EC","jetpack-related-posts":[{"id":30516,"url":"https:\/\/larevistadigital.com.ar\/blog\/chascomus-santiago-dos-santos-hablo-de-lo-que-planifica-para-el-hospital-municipal-san-vicente-de-paul\/","url_meta":{"origin":10206,"position":0},"title":"CHASCOM\u00daS: SANTIAGO DOS SANTOS HABL\u00d3 DE LO QUE PLANIFICA PARA EL HOSPITAL MUNICIPAL SAN VICENTE DE PAUL","author":"Alejandro Sosa Ruda","date":"10 marzo, 2023","format":false,"excerpt":"EL cirujano y pre candidato a intendente de Chascom\u00fas, dijo que \u201cVamos a hacia un hospital de excelencia, a recuperar los profesionales que fueron forzados a emigrar, y a desarrollar con seriedad el \u00e1rea de salud mental\u201d 10 de marzo de 2023 CHASCOM\u00daS -\u00a0 El prestigioso m\u00e9dico cirujano Santiago Dos\u2026","rel":"","context":"En \u00abINTERES GENERAL\u00bb","block_context":{"text":"INTERES GENERAL","link":"https:\/\/larevistadigital.com.ar\/blog\/category\/interes-general\/"},"img":{"alt_text":"","src":"https:\/\/i0.wp.com\/larevistadigital.com.ar\/blog\/wp-content\/uploads\/Sds-1.jpg?fit=1200%2C899&ssl=1&resize=350%2C200","width":350,"height":200,"srcset":"https:\/\/i0.wp.com\/larevistadigital.com.ar\/blog\/wp-content\/uploads\/Sds-1.jpg?fit=1200%2C899&ssl=1&resize=350%2C200 1x, https:\/\/i0.wp.com\/larevistadigital.com.ar\/blog\/wp-content\/uploads\/Sds-1.jpg?fit=1200%2C899&ssl=1&resize=525%2C300 1.5x, https:\/\/i0.wp.com\/larevistadigital.com.ar\/blog\/wp-content\/uploads\/Sds-1.jpg?fit=1200%2C899&ssl=1&resize=700%2C400 2x, https:\/\/i0.wp.com\/larevistadigital.com.ar\/blog\/wp-content\/uploads\/Sds-1.jpg?fit=1200%2C899&ssl=1&resize=1050%2C600 3x"},"classes":[]},{"id":10971,"url":"https:\/\/larevistadigital.com.ar\/blog\/santiago-dos-santos-apuesta-fuerte-a-construir-el-futuro-de-chascomus\/","url_meta":{"origin":10206,"position":1},"title":"SANTIAGO DOS SANTOS, APUESTA FUERTE A CONSTRU\u00cdR EL FUTURO DE CHASCOM\u00daS","author":"Alejandro Sosa Ruda","date":"1 julio, 2019","format":false,"excerpt":"El precandidato a intendente de Chascom\u00fas Santiago Dos Santos, en declaraciones al canal de TV local, expres\u00f3 que \u201cquiero llegar a ser intendente porque considero que esta es una ciudad de cuarenta y tres mil habitantes, que si bien no es grande tampoco es peque\u00f1a, y requiere de definiciones estrat\u00e9gicas\u2026","rel":"","context":"En \u00abCHASCOM\u00daS\u00bb","block_context":{"text":"CHASCOM\u00daS","link":"https:\/\/larevistadigital.com.ar\/blog\/category\/chascomus\/"},"img":{"alt_text":"","src":"https:\/\/i0.wp.com\/larevistadigital.com.ar\/blog\/wp-content\/uploads\/19247925_453777321681747_7163908190448502810_n.jpg?fit=960%2C960&ssl=1&resize=350%2C200","width":350,"height":200,"srcset":"https:\/\/i0.wp.com\/larevistadigital.com.ar\/blog\/wp-content\/uploads\/19247925_453777321681747_7163908190448502810_n.jpg?fit=960%2C960&ssl=1&resize=350%2C200 1x, https:\/\/i0.wp.com\/larevistadigital.com.ar\/blog\/wp-content\/uploads\/19247925_453777321681747_7163908190448502810_n.jpg?fit=960%2C960&ssl=1&resize=525%2C300 1.5x, https:\/\/i0.wp.com\/larevistadigital.com.ar\/blog\/wp-content\/uploads\/19247925_453777321681747_7163908190448502810_n.jpg?fit=960%2C960&ssl=1&resize=700%2C400 2x"},"classes":[]},{"id":14229,"url":"https:\/\/larevistadigital.com.ar\/blog\/el-doctor-dos-santos-asumio-como-director-del-hospital-de-ranchos\/","url_meta":{"origin":10206,"position":2},"title":"EL DOCTOR DOS SANTOS ASUMI\u00d3 COMO DIRECTOR DEL HOSPITAL DE RANCHOS","author":"Alejandro Sosa Ruda","date":"16 enero, 2020","format":false,"excerpt":"Como lo anticipamos ayer, el m\u00e9dico cirujano Santiago Dos Santos, asumi\u00f3 el rol de Director del Hospital \"Campomar\" de Ranchos, designado por el intendente Juan Manuel \u00c1lvarez. Dos Santos se desempe\u00f1a como m\u00e9dico en Ranchos desde tiempo atr\u00e1s. Adem\u00e1s, cuenta en su curr\u00edculum con la condici\u00f3n de m\u00e9dico cirujano durante\u2026","rel":"","context":"En \u00abRANCHOS\u00bb","block_context":{"text":"RANCHOS","link":"https:\/\/larevistadigital.com.ar\/blog\/category\/ranchos\/"},"img":{"alt_text":"","src":"https:\/\/i0.wp.com\/larevistadigital.com.ar\/blog\/wp-content\/uploads\/hospi.jpg?fit=937%2C527&ssl=1&resize=350%2C200","width":350,"height":200,"srcset":"https:\/\/i0.wp.com\/larevistadigital.com.ar\/blog\/wp-content\/uploads\/hospi.jpg?fit=937%2C527&ssl=1&resize=350%2C200 1x, https:\/\/i0.wp.com\/larevistadigital.com.ar\/blog\/wp-content\/uploads\/hospi.jpg?fit=937%2C527&ssl=1&resize=525%2C300 1.5x, https:\/\/i0.wp.com\/larevistadigital.com.ar\/blog\/wp-content\/uploads\/hospi.jpg?fit=937%2C527&ssl=1&resize=700%2C400 2x"},"classes":[]},{"id":34620,"url":"https:\/\/larevistadigital.com.ar\/blog\/hospital-sin-anestesista-grave-denuncia-del-doctor-santiago-dos-santos\/","url_meta":{"origin":10206,"position":3},"title":"\u00bfHOSPITAL SIN ANESTESISTA?: GRAVE DENUNCIA DEL DOCTOR SANTIAGO DOS SANTOS","author":"Alejandro Sosa Ruda","date":"25 noviembre, 2023","format":false,"excerpt":"El cirujano y ex candidato a intendente de Cambiemos, hizo una publicaci\u00f3n en su perfil de Facebook, denunciando una dif\u00edcil e inaceptable situaci\u00f3n en el Hospital Municipal San Vicente de Paul. 25 de Noviembre de 2023 CHASCOM\u00daS -\u00a0 \u00a0El m\u00e9dico cirujano Santiago Dos Santos, hizo publica una denuncia a trav\u00e9s\u2026","rel":"","context":"En \u00abCHASCOM\u00daS\u00bb","block_context":{"text":"CHASCOM\u00daS","link":"https:\/\/larevistadigital.com.ar\/blog\/category\/chascomus\/"},"img":{"alt_text":"","src":"https:\/\/i0.wp.com\/larevistadigital.com.ar\/blog\/wp-content\/uploads\/Captura-de-pantalla-2023-11-25-132236.png?fit=615%2C280&ssl=1&resize=350%2C200","width":350,"height":200,"srcset":"https:\/\/i0.wp.com\/larevistadigital.com.ar\/blog\/wp-content\/uploads\/Captura-de-pantalla-2023-11-25-132236.png?fit=615%2C280&ssl=1&resize=350%2C200 1x, https:\/\/i0.wp.com\/larevistadigital.com.ar\/blog\/wp-content\/uploads\/Captura-de-pantalla-2023-11-25-132236.png?fit=615%2C280&ssl=1&resize=525%2C300 1.5x"},"classes":[]},{"id":10325,"url":"https:\/\/larevistadigital.com.ar\/blog\/chascomus-segun-una-pagina-de-noticias-politicas-ramiro-ferrante-sera-candidato-a-intendente\/","url_meta":{"origin":10206,"position":4},"title":"CHASCOM\u00daS: SEG\u00daN UNA PAGINA DE NOTICIAS POL\u00cdTICAS, RAMIRO FERRANTE SER\u00c1 CANDIDATO A INTENDENTE","author":"Alejandro Sosa Ruda","date":"29 mayo, 2019","format":false,"excerpt":"Luego de una gran incertidumbre acerca de la decisi\u00f3n final que tomar\u00eda, el concejal Ramiro Ferrante va a presentarse como precandidato a intendente de Cambi\u00e9mos, enfrentando a los doctores Santiago Dos Santos, y Osvaldo Battisacchi en una contienda interna. Alex Campbell, subsecretario de Gobierno y Asuntos Municipales de la Provincia\u2026","rel":"","context":"En \u00abDESTACADAS\u00bb","block_context":{"text":"DESTACADAS","link":"https:\/\/larevistadigital.com.ar\/blog\/category\/destacadas\/"},"img":{"alt_text":"","src":"https:\/\/i0.wp.com\/larevistadigital.com.ar\/blog\/wp-content\/uploads\/2019\/05\/Campbell-y-Ferrante.jpg?fit=995%2C553&ssl=1&resize=350%2C200","width":350,"height":200,"srcset":"https:\/\/i0.wp.com\/larevistadigital.com.ar\/blog\/wp-content\/uploads\/2019\/05\/Campbell-y-Ferrante.jpg?fit=995%2C553&ssl=1&resize=350%2C200 1x, https:\/\/i0.wp.com\/larevistadigital.com.ar\/blog\/wp-content\/uploads\/2019\/05\/Campbell-y-Ferrante.jpg?fit=995%2C553&ssl=1&resize=525%2C300 1.5x, https:\/\/i0.wp.com\/larevistadigital.com.ar\/blog\/wp-content\/uploads\/2019\/05\/Campbell-y-Ferrante.jpg?fit=995%2C553&ssl=1&resize=700%2C400 2x"},"classes":[]},{"id":2816,"url":"https:\/\/larevistadigital.com.ar\/blog\/chascomus-el-precandidato-a-concejal-de-cambiemos-santiago-dos-santos-se-reunio-con-el-intendente-de-general-belgrano\/","url_meta":{"origin":10206,"position":5},"title":"CHASCOM\u00daS: EL PRECANDIDATO A CONCEJAL DE CAMBIEMOS SANTIAGO DOS SANTOS, SE REUNI\u00d3 CON EL INTENDENTE DE GENERAL BELGRANO","author":"Alejandro Sosa Ruda","date":"3 agosto, 2017","format":false,"excerpt":"Encuentro de trabajo de los candidatos a concejales de Cambiemos-UCR con el Intendente de Gral Belgrano Los\u00a0 candidatos a concejales de Cambiemos-UCR, Santiago Dos Santos y Lorenza Marquez mantuvieron un encuentro de trabajo con el Intendente de Gral. Belgrano Osvaldo Din\u00e1poli y miembros de su gabinete. El objetivo de la\u2026","rel":"","context":"En \u00abCHASCOM\u00daS\u00bb","block_context":{"text":"CHASCOM\u00daS","link":"https:\/\/larevistadigital.com.ar\/blog\/category\/chascomus\/"},"img":{"alt_text":"","src":"https:\/\/i0.wp.com\/larevistadigital.com.ar\/blog\/wp-content\/uploads\/2017\/08\/DINAPOLI.jpg?fit=900%2C507&ssl=1&resize=350%2C200","width":350,"height":200,"srcset":"https:\/\/i0.wp.com\/larevistadigital.com.ar\/blog\/wp-content\/uploads\/2017\/08\/DINAPOLI.jpg?fit=900%2C507&ssl=1&resize=350%2C200 1x, https:\/\/i0.wp.com\/larevistadigital.com.ar\/blog\/wp-content\/uploads\/2017\/08\/DINAPOLI.jpg?fit=900%2C507&ssl=1&resize=525%2C300 1.5x, https:\/\/i0.wp.com\/larevistadigital.com.ar\/blog\/wp-content\/uploads\/2017\/08\/DINAPOLI.jpg?fit=900%2C507&ssl=1&resize=700%2C400 2x"},"classes":[]}],"_links":{"self":[{"href":"https:\/\/larevistadigital.com.ar\/blog\/wp-json\/wp\/v2\/posts\/10206","targetHints":{"allow":["GET"]}}],"collection":[{"href":"https:\/\/larevistadigital.com.ar\/blog\/wp-json\/wp\/v2\/posts"}],"about":[{"href":"https:\/\/larevistadigital.com.ar\/blog\/wp-json\/wp\/v2\/types\/post"}],"author":[{"embeddable":true,"href":"https:\/\/larevistadigital.com.ar\/blog\/wp-json\/wp\/v2\/users\/3"}],"replies":[{"embeddable":true,"href":"https:\/\/larevistadigital.com.ar\/blog\/wp-json\/wp\/v2\/comments?post=10206"}],"version-history":[{"count":1,"href":"https:\/\/larevistadigital.com.ar\/blog\/wp-json\/wp\/v2\/posts\/10206\/revisions"}],"predecessor-version":[{"id":10207,"href":"https:\/\/larevistadigital.com.ar\/blog\/wp-json\/wp\/v2\/posts\/10206\/revisions\/10207"}],"wp:featuredmedia":[{"embeddable":true,"href":"https:\/\/larevistadigital.com.ar\/blog\/wp-json\/wp\/v2\/media\/8847"}],"wp:attachment":[{"href":"https:\/\/larevistadigital.com.ar\/blog\/wp-json\/wp\/v2\/media?parent=10206"}],"wp:term":[{"taxonomy":"category","embeddable":true,"href":"https:\/\/larevistadigital.com.ar\/blog\/wp-json\/wp\/v2\/categories?post=10206"},{"taxonomy":"post_tag","embeddable":true,"href":"https:\/\/larevistadigital.com.ar\/blog\/wp-json\/wp\/v2\/tags?post=10206"}],"curies":[{"name":"wp","href":"https:\/\/api.w.org\/{rel}","templated":true}]}}