{"id":10209,"date":"2019-05-15T22:01:57","date_gmt":"2019-05-15T22:01:57","guid":{"rendered":"https:\/\/larevistadigital.com.ar\/blog\/?p=10209"},"modified":"2019-05-15T22:01:57","modified_gmt":"2019-05-15T22:01:57","slug":"chascomus-urgente-pedido-de-informes-el-intendente-debera-responder-en-cinco-dias-por-la-defraudacion-de-uno-de-los-directores-del-hospital-municipal","status":"publish","type":"post","link":"https:\/\/larevistadigital.com.ar\/blog\/chascomus-urgente-pedido-de-informes-el-intendente-debera-responder-en-cinco-dias-por-la-defraudacion-de-uno-de-los-directores-del-hospital-municipal\/","title":{"rendered":"CHASCOM\u00daS: URGENTE PEDIDO DE INFORMES. EL INTENDENTE DEBER\u00c1 RESPONDER EN CINCO D\u00cdAS POR LA DEFRAUDACI\u00d3N DE UNO DE LOS DIRECTORES DEL HOSPITAL MUNICIPAL"},"content":{"rendered":"<h2><em>Los concejales presentaron un pedido de informes para que se expliqu\u00e9 desde cu\u00e1ndo se conoce esta situaci\u00f3n, y qu\u00e9 medidas se han tomado.<\/em><\/h2>\n<p>Luego de la nota que fue primicia de <strong>La Revista Digital<\/strong> el d\u00eda de ayer, y repercuti\u00f3 hoy en todos los medios locales, e inclusive en medios provinciales en donde se narr\u00f3 una an\u00f3mala situaci\u00f3n protagonizada por el doctor <strong>Mart\u00edn Pezoa<\/strong>, quien es uno de los Directores del hospital Municipal San Vicente de Paul, lo que lo convierte en uno de los dirigentes m\u00e1s importantes del gobierno de <strong>Javier Gast\u00f3n<\/strong>, los concejales de Cambiemos y de UCR-Cambiemos tomaron nota del asunto e hicieron una presentaci\u00f3n ante el presidente del Concejo Deliberante,<strong> Osvaldo Casalins<\/strong>, solicitando un pedido de informes al Departamento Ejecutivo, para aclarar todas las dudas y preguntas que surgen de la irregular situaci\u00f3n.<\/p>\n<blockquote>\n<h3>El tema reviste gravedad, ya que el implicado habr\u00eda cobrado c\u00e1pitas por atenciones que nunca realiz\u00f3, es decir: un delito.<\/h3>\n<\/blockquote>\n<p>Esto provoc\u00f3 un sumario, y una auditoria por parte de FEMEBA, con la correspondiente notificaci\u00f3n que fueron advertidas esas maniobras irregulares.<\/p>\n<p>A continuaci\u00f3n, publicamos el pedido de informes elevado por los concejales.<\/p>\n<p style=\"text-align: center\"><strong>EL PEDIDO DE INFORMES:<\/strong><\/p>\n<p>&nbsp;<\/p>\n<p><a href=\"https:\/\/i0.wp.com\/larevistadigital.com.ar\/blog\/wp-content\/uploads\/2019\/05\/1.jpg?ssl=1\"><img data-recalc-dims=\"1\" loading=\"lazy\" decoding=\"async\" class=\"size-full wp-image-10210 aligncenter\" src=\"https:\/\/i0.wp.com\/larevistadigital.com.ar\/blog\/wp-content\/uploads\/2019\/05\/1.jpg?resize=650%2C919&#038;ssl=1\" alt=\"\" width=\"650\" height=\"919\" srcset=\"https:\/\/i0.wp.com\/larevistadigital.com.ar\/blog\/wp-content\/uploads\/2019\/05\/1.jpg?w=650&amp;ssl=1 650w, https:\/\/i0.wp.com\/larevistadigital.com.ar\/blog\/wp-content\/uploads\/2019\/05\/1.jpg?resize=212%2C300&amp;ssl=1 212w\" sizes=\"auto, (max-width: 650px) 100vw, 650px\" \/><\/a><\/p>\n<p><a href=\"https:\/\/i0.wp.com\/larevistadigital.com.ar\/blog\/wp-content\/uploads\/2019\/05\/2.jpg?ssl=1\"><img data-recalc-dims=\"1\" loading=\"lazy\" decoding=\"async\" class=\"size-full wp-image-10211 aligncenter\" src=\"https:\/\/i0.wp.com\/larevistadigital.com.ar\/blog\/wp-content\/uploads\/2019\/05\/2.jpg?resize=650%2C914&#038;ssl=1\" alt=\"\" width=\"650\" height=\"914\" srcset=\"https:\/\/i0.wp.com\/larevistadigital.com.ar\/blog\/wp-content\/uploads\/2019\/05\/2.jpg?w=650&amp;ssl=1 650w, https:\/\/i0.wp.com\/larevistadigital.com.ar\/blog\/wp-content\/uploads\/2019\/05\/2.jpg?resize=213%2C300&amp;ssl=1 213w\" sizes=\"auto, (max-width: 650px) 100vw, 650px\" \/><\/a><\/p>\n<p>&nbsp;<\/p>\n","protected":false},"excerpt":{"rendered":"<div class=\"mh-excerpt\"><p>Los concejales presentaron un pedido de informes para que se expliqu\u00e9 desde cu\u00e1ndo se conoce esta situaci\u00f3n, y qu\u00e9 medidas se han tomado. Luego de la nota que fue primicia de La Revista Digital el <a class=\"mh-excerpt-more\" href=\"https:\/\/larevistadigital.com.ar\/blog\/chascomus-urgente-pedido-de-informes-el-intendente-debera-responder-en-cinco-dias-por-la-defraudacion-de-uno-de-los-directores-del-hospital-municipal\/\" title=\"CHASCOM\u00daS: URGENTE PEDIDO DE INFORMES. EL INTENDENTE DEBER\u00c1 RESPONDER EN CINCO D\u00cdAS POR LA DEFRAUDACI\u00d3N DE UNO DE LOS DIRECTORES DEL HOSPITAL MUNICIPAL\">[Leer M\u00e1s]<\/a><\/p>\n<\/div>","protected":false},"author":3,"featured_media":10157,"comment_status":"open","ping_status":"open","sticky":false,"template":"","format":"standard","meta":{"_jetpack_memberships_contains_paid_content":false,"footnotes":"","jetpack_publicize_message":"","jetpack_publicize_feature_enabled":true,"jetpack_social_post_already_shared":true,"jetpack_social_options":{"image_generator_settings":{"template":"highway","default_image_id":0,"font":"","enabled":false},"version":2}},"categories":[41],"tags":[],"class_list":{"0":"post-10209","1":"post","2":"type-post","3":"status-publish","4":"format-standard","5":"has-post-thumbnail","7":"category-destacadas"},"jetpack_publicize_connections":[],"jetpack_featured_media_url":"https:\/\/i0.wp.com\/larevistadigital.com.ar\/blog\/wp-content\/uploads\/2019\/05\/WhatsApp-Image-2019-05-12-at-14.44.jpg?fit=900%2C1600&ssl=1","jetpack_sharing_enabled":true,"jetpack_shortlink":"https:\/\/wp.me\/p8qtrQ-2EF","jetpack-related-posts":[{"id":9449,"url":"https:\/\/larevistadigital.com.ar\/blog\/el-concejo-deliberante-aprobo-el-pedido-de-informes-sobre-los-fondos-destinados-a-la-remodelacion-del-centro-comercial\/","url_meta":{"origin":10209,"position":0},"title":"EL CONCEJO DELIBERANTE APROB\u00d3 EL PEDIDO DE INFORMES SOBRE LOS FONDOS DESTINADOS A LA REMODELACI\u00d3N DEL CENTRO COMERCIAL","author":"Alejandro Sosa Ruda","date":"29 marzo, 2019","format":false,"excerpt":"Ayer tal como estaba anunciado, se llev\u00f3 a cabo la segunda sesi\u00f3n del per\u00edodo ordinario de sesiones del Concejo Deliberante, en la cual estuvieron presentes los diecis\u00e9is concejales, presidiendo la sesi\u00f3n, Osvaldo Casalins. Tal como se preve\u00eda, el proyecto de comunicaci\u00f3n que solicitaba al Departamento Ejecutivo que remita informaci\u00f3n sobre\u2026","rel":"","context":"En \u00abCHASCOM\u00daS\u00bb","block_context":{"text":"CHASCOM\u00daS","link":"https:\/\/larevistadigital.com.ar\/blog\/category\/chascomus\/"},"img":{"alt_text":"","src":"https:\/\/i0.wp.com\/larevistadigital.com.ar\/blog\/wp-content\/uploads\/2018\/09\/concejo-chascomus.jpg?fit=954%2C768&ssl=1&resize=350%2C200","width":350,"height":200,"srcset":"https:\/\/i0.wp.com\/larevistadigital.com.ar\/blog\/wp-content\/uploads\/2018\/09\/concejo-chascomus.jpg?fit=954%2C768&ssl=1&resize=350%2C200 1x, https:\/\/i0.wp.com\/larevistadigital.com.ar\/blog\/wp-content\/uploads\/2018\/09\/concejo-chascomus.jpg?fit=954%2C768&ssl=1&resize=525%2C300 1.5x, https:\/\/i0.wp.com\/larevistadigital.com.ar\/blog\/wp-content\/uploads\/2018\/09\/concejo-chascomus.jpg?fit=954%2C768&ssl=1&resize=700%2C400 2x"},"classes":[]},{"id":5296,"url":"https:\/\/larevistadigital.com.ar\/blog\/contestacion-del-ejecutivo-al-pedido-de-informacion-del-bloque-del-frente-justicialista\/","url_meta":{"origin":10209,"position":1},"title":"CONTESTACI\u00d3N DEL EJECUTIVO AL PEDIDO DE INFORMACI\u00d3N DEL BLOQUE DEL FRENTE JUSTICIALISTA.","author":"admin","date":"27 marzo, 2018","format":false,"excerpt":"TEMA: SUPUESTA UTILIZACI\u00d3N DE RECURSOS MUNICIPALES EN FAVOR DE PARTICULARES. Contestaci\u00f3n al pedido de informaci\u00f3n que hiciera el Bloque de Concejales del Frente para la Victoria el d\u00eda 12 de Marzo, y que el Gobierno Municipal cumple en contestar en tiempo r\u00e9cord, al recuperar en Diciembre de 2015 la tradici\u00f3n\u2026","rel":"","context":"En \u00abGENERAL BELGRANO\u00bb","block_context":{"text":"GENERAL BELGRANO","link":"https:\/\/larevistadigital.com.ar\/blog\/category\/general-belgrano\/"},"img":{"alt_text":"","src":"https:\/\/i0.wp.com\/larevistadigital.com.ar\/blog\/wp-content\/uploads\/2018\/03\/29572634_1579723205408578_7695720593707135433_n.jpg?fit=692%2C960&ssl=1&resize=350%2C200","width":350,"height":200,"srcset":"https:\/\/i0.wp.com\/larevistadigital.com.ar\/blog\/wp-content\/uploads\/2018\/03\/29572634_1579723205408578_7695720593707135433_n.jpg?fit=692%2C960&ssl=1&resize=350%2C200 1x, https:\/\/i0.wp.com\/larevistadigital.com.ar\/blog\/wp-content\/uploads\/2018\/03\/29572634_1579723205408578_7695720593707135433_n.jpg?fit=692%2C960&ssl=1&resize=525%2C300 1.5x"},"classes":[]},{"id":16524,"url":"https:\/\/larevistadigital.com.ar\/blog\/el-partido-vecinalista-juntos-por-chascomus-presento-un-pedido-de-informes-por-el-estado-del-agua-potable\/","url_meta":{"origin":10209,"position":2},"title":"EL PARTIDO VECINALISTA \u00abJUNTOS POR CHASCOM\u00daS\u00bb PRESENT\u00d3 UN PEDIDO DE INFORMES POR EL ESTADO DEL AGUA POTABLE","author":"Alejandro Sosa Ruda","date":"27 septiembre, 2020","format":false,"excerpt":"El Doctor Jos\u00e9 Ochoa, hizo llegar al municipio un pedido de informes, como presidente del partido vecinalista \"Juntos Por Chascom\u00fas\", con una nota ingresada por mesa de entradas el d\u00eda 21\/9\/2020 que a continuaci\u00f3n reproducimos. \"Tengo el agrado de dirigirme a usted, en calidad de presidente de la agrupaci\u00f3n vecinalista\u2026","rel":"","context":"En \u00abINTERES GENERAL\u00bb","block_context":{"text":"INTERES GENERAL","link":"https:\/\/larevistadigital.com.ar\/blog\/category\/interes-general\/"},"img":{"alt_text":"","src":"https:\/\/i0.wp.com\/larevistadigital.com.ar\/blog\/wp-content\/uploads\/11110257_1409599906036669_1538596029810562843_n.jpg?fit=1000%2C1000&ssl=1&resize=350%2C200","width":350,"height":200,"srcset":"https:\/\/i0.wp.com\/larevistadigital.com.ar\/blog\/wp-content\/uploads\/11110257_1409599906036669_1538596029810562843_n.jpg?fit=1000%2C1000&ssl=1&resize=350%2C200 1x, https:\/\/i0.wp.com\/larevistadigital.com.ar\/blog\/wp-content\/uploads\/11110257_1409599906036669_1538596029810562843_n.jpg?fit=1000%2C1000&ssl=1&resize=525%2C300 1.5x, https:\/\/i0.wp.com\/larevistadigital.com.ar\/blog\/wp-content\/uploads\/11110257_1409599906036669_1538596029810562843_n.jpg?fit=1000%2C1000&ssl=1&resize=700%2C400 2x"},"classes":[]},{"id":4324,"url":"https:\/\/larevistadigital.com.ar\/blog\/chascomus-interpelacion-puerta\/","url_meta":{"origin":10209,"position":3},"title":"CHASCOM\u00daS: LO HAB\u00cdAMOS ADELANTADO&#8230;\u00bfINTERPELACI\u00d3N EN PUERTA?","author":"Alejandro Sosa Ruda","date":"1 enero, 2018","format":false,"excerpt":"Como lo anticipamos en otra nota, la negativa del Secretario de Seguridad, Santiago Muscarello de presentarse en el Concejo Deliberante para dialogar con los ediles acerca de los hechos e incidentes ocurridos el 25 de diciembre pasado en la frustrada fiesta \u201cAire\u201d, provoc\u00f3 el disgusto de los Concejales, ya que,\u2026","rel":"","context":"En \u00abDESTACADAS\u00bb","block_context":{"text":"DESTACADAS","link":"https:\/\/larevistadigital.com.ar\/blog\/category\/destacadas\/"},"img":{"alt_text":"","src":"https:\/\/i0.wp.com\/larevistadigital.com.ar\/blog\/wp-content\/uploads\/2017\/08\/nota-1343691-serA-responsable-area-seguridad-javier-gaston-santiago-muscarello-aseguro-habra-policia-comunal-local-academia-egresaran-primeros-oficiales-679764.jpg?fit=1000%2C490&ssl=1&resize=350%2C200","width":350,"height":200,"srcset":"https:\/\/i0.wp.com\/larevistadigital.com.ar\/blog\/wp-content\/uploads\/2017\/08\/nota-1343691-serA-responsable-area-seguridad-javier-gaston-santiago-muscarello-aseguro-habra-policia-comunal-local-academia-egresaran-primeros-oficiales-679764.jpg?fit=1000%2C490&ssl=1&resize=350%2C200 1x, https:\/\/i0.wp.com\/larevistadigital.com.ar\/blog\/wp-content\/uploads\/2017\/08\/nota-1343691-serA-responsable-area-seguridad-javier-gaston-santiago-muscarello-aseguro-habra-policia-comunal-local-academia-egresaran-primeros-oficiales-679764.jpg?fit=1000%2C490&ssl=1&resize=525%2C300 1.5x, https:\/\/i0.wp.com\/larevistadigital.com.ar\/blog\/wp-content\/uploads\/2017\/08\/nota-1343691-serA-responsable-area-seguridad-javier-gaston-santiago-muscarello-aseguro-habra-policia-comunal-local-academia-egresaran-primeros-oficiales-679764.jpg?fit=1000%2C490&ssl=1&resize=700%2C400 2x"},"classes":[]},{"id":9825,"url":"https:\/\/larevistadigital.com.ar\/blog\/proyectos-para-la-proxima-sesion-del-concejo-deliberante-de-chascomus\/","url_meta":{"origin":10209,"position":4},"title":"PROYECTOS PARA LA PR\u00d3XIMA SESI\u00d3N DEL CONCEJO DELIBERANTE DE CHASCOM\u00daS","author":"Alejandro Sosa Ruda","date":"24 abril, 2019","format":false,"excerpt":"Desde el parea de prensa del Honorable Concejo Deliberante de Chascom\u00fas, se hizo llegar luego de la reuni\u00f3n Deliberativa, el Orden del D\u00eda para la pr\u00f3xima reuni\u00f3n de los ediles. Los proyectos presentados, son los siguientes: Expediente N\u00b0 5202\/O \u2013 Declarar de Inter\u00e9s Educativo Municipal los Juegos Did\u00e1cticos \u201cPaseo por\u2026","rel":"","context":"En \u00abPOLITICA\u00bb","block_context":{"text":"POLITICA","link":"https:\/\/larevistadigital.com.ar\/blog\/category\/politica\/"},"img":{"alt_text":"","src":"https:\/\/i0.wp.com\/larevistadigital.com.ar\/blog\/wp-content\/uploads\/2018\/03\/449787492_1_concejo-chascomus.jpg?fit=825%2C490&ssl=1&resize=350%2C200","width":350,"height":200,"srcset":"https:\/\/i0.wp.com\/larevistadigital.com.ar\/blog\/wp-content\/uploads\/2018\/03\/449787492_1_concejo-chascomus.jpg?fit=825%2C490&ssl=1&resize=350%2C200 1x, https:\/\/i0.wp.com\/larevistadigital.com.ar\/blog\/wp-content\/uploads\/2018\/03\/449787492_1_concejo-chascomus.jpg?fit=825%2C490&ssl=1&resize=525%2C300 1.5x, https:\/\/i0.wp.com\/larevistadigital.com.ar\/blog\/wp-content\/uploads\/2018\/03\/449787492_1_concejo-chascomus.jpg?fit=825%2C490&ssl=1&resize=700%2C400 2x"},"classes":[]},{"id":22156,"url":"https:\/\/larevistadigital.com.ar\/blog\/soledad-nivio-elaboro-con-su-bloque-un-pedido-de-informes-por-irregularidades-de-relaciones-institucionales-del-municipio\/","url_meta":{"origin":10209,"position":5},"title":"SOLEDAD NIVIO: ELABOR\u00d3 CON SU BLOQUE UN PEDIDO DE INFORMES POR IRREGULARIDADES DE \u00abRELACIONES INSTITUCIONALES\u00bb DEL MUNICIPIO","author":"Alejandro Sosa Ruda","date":"29 septiembre, 2021","format":false,"excerpt":"CHASCOM\u00daS -\u00a0 Durante la ma\u00f1ana de ayer, la concejal de Juntos, Soledad Nivio dialog\u00f3 con Alejandro \"El Tano\" Sosa y Carlos Lasserre en el programa \"Ataque de Radio\" que se emite por la FM ACTIVA 93,1, y se refiri\u00f3 a las irregularidades denunciadas por la presidente de la Comisi\u00f3n del\u2026","rel":"","context":"En \u00abINTERES GENERAL\u00bb","block_context":{"text":"INTERES GENERAL","link":"https:\/\/larevistadigital.com.ar\/blog\/category\/interes-general\/"},"img":{"alt_text":"","src":"https:\/\/i0.wp.com\/larevistadigital.com.ar\/blog\/wp-content\/uploads\/75446804_1171654629702779_1998757679387901952_n-e1632888188658.jpg?fit=1200%2C840&ssl=1&resize=350%2C200","width":350,"height":200,"srcset":"https:\/\/i0.wp.com\/larevistadigital.com.ar\/blog\/wp-content\/uploads\/75446804_1171654629702779_1998757679387901952_n-e1632888188658.jpg?fit=1200%2C840&ssl=1&resize=350%2C200 1x, https:\/\/i0.wp.com\/larevistadigital.com.ar\/blog\/wp-content\/uploads\/75446804_1171654629702779_1998757679387901952_n-e1632888188658.jpg?fit=1200%2C840&ssl=1&resize=525%2C300 1.5x, https:\/\/i0.wp.com\/larevistadigital.com.ar\/blog\/wp-content\/uploads\/75446804_1171654629702779_1998757679387901952_n-e1632888188658.jpg?fit=1200%2C840&ssl=1&resize=700%2C400 2x, https:\/\/i0.wp.com\/larevistadigital.com.ar\/blog\/wp-content\/uploads\/75446804_1171654629702779_1998757679387901952_n-e1632888188658.jpg?fit=1200%2C840&ssl=1&resize=1050%2C600 3x"},"classes":[]}],"_links":{"self":[{"href":"https:\/\/larevistadigital.com.ar\/blog\/wp-json\/wp\/v2\/posts\/10209","targetHints":{"allow":["GET"]}}],"collection":[{"href":"https:\/\/larevistadigital.com.ar\/blog\/wp-json\/wp\/v2\/posts"}],"about":[{"href":"https:\/\/larevistadigital.com.ar\/blog\/wp-json\/wp\/v2\/types\/post"}],"author":[{"embeddable":true,"href":"https:\/\/larevistadigital.com.ar\/blog\/wp-json\/wp\/v2\/users\/3"}],"replies":[{"embeddable":true,"href":"https:\/\/larevistadigital.com.ar\/blog\/wp-json\/wp\/v2\/comments?post=10209"}],"version-history":[{"count":3,"href":"https:\/\/larevistadigital.com.ar\/blog\/wp-json\/wp\/v2\/posts\/10209\/revisions"}],"predecessor-version":[{"id":10214,"href":"https:\/\/larevistadigital.com.ar\/blog\/wp-json\/wp\/v2\/posts\/10209\/revisions\/10214"}],"wp:featuredmedia":[{"embeddable":true,"href":"https:\/\/larevistadigital.com.ar\/blog\/wp-json\/wp\/v2\/media\/10157"}],"wp:attachment":[{"href":"https:\/\/larevistadigital.com.ar\/blog\/wp-json\/wp\/v2\/media?parent=10209"}],"wp:term":[{"taxonomy":"category","embeddable":true,"href":"https:\/\/larevistadigital.com.ar\/blog\/wp-json\/wp\/v2\/categories?post=10209"},{"taxonomy":"post_tag","embeddable":true,"href":"https:\/\/larevistadigital.com.ar\/blog\/wp-json\/wp\/v2\/tags?post=10209"}],"curies":[{"name":"wp","href":"https:\/\/api.w.org\/{rel}","templated":true}]}}