{"id":10217,"date":"2019-05-16T12:14:38","date_gmt":"2019-05-16T12:14:38","guid":{"rendered":"https:\/\/larevistadigital.com.ar\/blog\/?p=10217"},"modified":"2019-05-16T12:16:19","modified_gmt":"2019-05-16T12:16:19","slug":"lezama-charla-informativa-de-jovenes-en-movimiento","status":"publish","type":"post","link":"https:\/\/larevistadigital.com.ar\/blog\/lezama-charla-informativa-de-jovenes-en-movimiento\/","title":{"rendered":"LEZAMA: CHARLA INFORMATIVA DE \u00abJ\u00d3VENES EN MOVIMIENTO\u00bb"},"content":{"rendered":"<p>Se realizar\u00e1 hoy, a las 18.30 en el Concejo Deliberante, una reuni\u00f3n informativa para comunicar los alcances del programa J\u00f3venes en Movimiento, las acciones a desarrollar en el corriente a\u00f1o y establecer un intercambio con los presentes.<\/p>\n<blockquote>\n<h3>Si sos docente, preceptor, integrante del Centro de Estudiantes, padre\/madre de egresados 2018 \u00f3 2019&#8230;acercate y sigamos fortaleciendo juntos el proyecto de vida de nuestros j\u00f3venes.<\/h3>\n<\/blockquote>\n<p>Invitan: Direcci\u00f3n de Juventud de la Municipalidad de Lezama y Jefatura Distrital de Educaci\u00f3n.<\/p>\n","protected":false},"excerpt":{"rendered":"<div class=\"mh-excerpt\"><p>Se realizar\u00e1 hoy, a las 18.30 en el Concejo Deliberante, una reuni\u00f3n informativa para comunicar los alcances del programa J\u00f3venes en Movimiento, las acciones a desarrollar en el corriente a\u00f1o y establecer un intercambio con <a class=\"mh-excerpt-more\" href=\"https:\/\/larevistadigital.com.ar\/blog\/lezama-charla-informativa-de-jovenes-en-movimiento\/\" title=\"LEZAMA: CHARLA INFORMATIVA DE \u00abJ\u00d3VENES EN MOVIMIENTO\u00bb\">[Leer M\u00e1s]<\/a><\/p>\n<\/div>","protected":false},"author":3,"featured_media":10219,"comment_status":"open","ping_status":"open","sticky":false,"template":"","format":"standard","meta":{"_jetpack_memberships_contains_paid_content":false,"footnotes":"","jetpack_publicize_message":"","jetpack_publicize_feature_enabled":true,"jetpack_social_post_already_shared":true,"jetpack_social_options":{"image_generator_settings":{"template":"highway","default_image_id":0,"font":"","enabled":false},"version":2}},"categories":[7,12],"tags":[],"class_list":{"0":"post-10217","1":"post","2":"type-post","3":"status-publish","4":"format-standard","5":"has-post-thumbnail","7":"category-lezama","8":"category-politica"},"jetpack_publicize_connections":[],"jetpack_featured_media_url":"https:\/\/i0.wp.com\/larevistadigital.com.ar\/blog\/wp-content\/uploads\/2019\/05\/60358386_1459507484241948_2986010260889665536_n.jpg?fit=960%2C720&ssl=1","jetpack_sharing_enabled":true,"jetpack_shortlink":"https:\/\/wp.me\/p8qtrQ-2EN","jetpack-related-posts":[{"id":13224,"url":"https:\/\/larevistadigital.com.ar\/blog\/13224-2\/","url_meta":{"origin":10217,"position":0},"title":"JOVENES SUFREN ACCIDENTE EN EL PREDIO DE LA EX LACTONA","author":"Alejandro Sosa Ruda","date":"17 noviembre, 2019","format":false,"excerpt":"Fue cerca de las 06 hs. de este domingo \u00a017, cuando por causas que se desconocen\u00a0 dos menores de edad, uno de Lezama y otro de Castelli resultaron lesionados. Seg\u00fan la informaci\u00f3n brindada por el colega Edgardo Cai\u00f1as un total de cuatro j\u00f3venes \u00a0concurrieron al predio de la ex empresa\u2026","rel":"","context":"En \u00abLEZAMA\u00bb","block_context":{"text":"LEZAMA","link":"https:\/\/larevistadigital.com.ar\/blog\/category\/lezama\/"},"img":{"alt_text":"","src":"https:\/\/i0.wp.com\/larevistadigital.com.ar\/blog\/wp-content\/uploads\/WhatsApp-Image-2018-12-10-at-09.35.44.jpeg?fit=650%2C470&ssl=1&resize=350%2C200","width":350,"height":200,"srcset":"https:\/\/i0.wp.com\/larevistadigital.com.ar\/blog\/wp-content\/uploads\/WhatsApp-Image-2018-12-10-at-09.35.44.jpeg?fit=650%2C470&ssl=1&resize=350%2C200 1x, https:\/\/i0.wp.com\/larevistadigital.com.ar\/blog\/wp-content\/uploads\/WhatsApp-Image-2018-12-10-at-09.35.44.jpeg?fit=650%2C470&ssl=1&resize=525%2C300 1.5x"},"classes":[]},{"id":13577,"url":"https:\/\/larevistadigital.com.ar\/blog\/lezama-caparitacion-en-rcp-para-mejorar-las-herramientas-de-prevencion-y-asistencia\/","url_meta":{"origin":10217,"position":1},"title":"LEZAMA: CAPARITACI\u00d3N EN RCP PARA MEJORAR LAS HERRAMIENTAS DE PREVENCI\u00d3N Y ASISTENCIA","author":"Alejandro Sosa Ruda","date":"10 diciembre, 2019","format":false,"excerpt":"Un nuevo encuentro del Programa Integral de Prevenci\u00f3n \u201cPrevenir es cuesti\u00f3n de todos\u201d tuvo lugar el jueves en el geri\u00e1trico municipal \u201cDo\u00f1a Celina Girard\u201d. La tem\u00e1tica desarrollada por el Instructor en Salvamento y Guardavidas Fernando Urruty fue Reanimaci\u00f3n Cardiopulmonar y estuvo destinada al personal de esa instituci\u00f3n, con la coordinaci\u00f3n\u2026","rel":"","context":"En \u00abLEZAMA\u00bb","block_context":{"text":"LEZAMA","link":"https:\/\/larevistadigital.com.ar\/blog\/category\/lezama\/"},"img":{"alt_text":"","src":"https:\/\/i0.wp.com\/larevistadigital.com.ar\/blog\/wp-content\/uploads\/78773727_1623396851186343_1113522305016791040_o.jpg?fit=966%2C677&ssl=1&resize=350%2C200","width":350,"height":200,"srcset":"https:\/\/i0.wp.com\/larevistadigital.com.ar\/blog\/wp-content\/uploads\/78773727_1623396851186343_1113522305016791040_o.jpg?fit=966%2C677&ssl=1&resize=350%2C200 1x, https:\/\/i0.wp.com\/larevistadigital.com.ar\/blog\/wp-content\/uploads\/78773727_1623396851186343_1113522305016791040_o.jpg?fit=966%2C677&ssl=1&resize=525%2C300 1.5x, https:\/\/i0.wp.com\/larevistadigital.com.ar\/blog\/wp-content\/uploads\/78773727_1623396851186343_1113522305016791040_o.jpg?fit=966%2C677&ssl=1&resize=700%2C400 2x"},"classes":[]},{"id":9446,"url":"https:\/\/larevistadigital.com.ar\/blog\/lezama-educacion-con-presencia-de-autoridades-provinciales-se-reunio-la-mesa-distrital\/","url_meta":{"origin":10217,"position":2},"title":"LEZAMA EDUCACI\u00d3N: CON PRESENCIA DE AUTORIDADES PROVINCIALES SE REUNI\u00d3 LA MESA DISTRITAL","author":"Alejandro Sosa Ruda","date":"29 marzo, 2019","format":false,"excerpt":"La Directora Provincial de Educaci\u00f3n F\u00edsica Valeria Perezz\u00f3n visit\u00f3 ayer nuestra ciudad, recorri\u00f3 la obra del Polideportivo local y coordin\u00f3 un encuentro de la Mesa Distrital de Educaci\u00f3n del que particip\u00f3 el Intendente Arnaldo Harispe y referentes locales del \u00e1rea. La titular del organismo, dependiente de la Direcci\u00f3n General de\u2026","rel":"","context":"En \u00abLEZAMA\u00bb","block_context":{"text":"LEZAMA","link":"https:\/\/larevistadigital.com.ar\/blog\/category\/lezama\/"},"img":{"alt_text":"","src":"https:\/\/i0.wp.com\/larevistadigital.com.ar\/blog\/wp-content\/uploads\/2019\/03\/55618327_1429306063928757_2077063106516746240_o.jpg?fit=1200%2C802&ssl=1&resize=350%2C200","width":350,"height":200,"srcset":"https:\/\/i0.wp.com\/larevistadigital.com.ar\/blog\/wp-content\/uploads\/2019\/03\/55618327_1429306063928757_2077063106516746240_o.jpg?fit=1200%2C802&ssl=1&resize=350%2C200 1x, https:\/\/i0.wp.com\/larevistadigital.com.ar\/blog\/wp-content\/uploads\/2019\/03\/55618327_1429306063928757_2077063106516746240_o.jpg?fit=1200%2C802&ssl=1&resize=525%2C300 1.5x, https:\/\/i0.wp.com\/larevistadigital.com.ar\/blog\/wp-content\/uploads\/2019\/03\/55618327_1429306063928757_2077063106516746240_o.jpg?fit=1200%2C802&ssl=1&resize=700%2C400 2x, https:\/\/i0.wp.com\/larevistadigital.com.ar\/blog\/wp-content\/uploads\/2019\/03\/55618327_1429306063928757_2077063106516746240_o.jpg?fit=1200%2C802&ssl=1&resize=1050%2C600 3x"},"classes":[]},{"id":9621,"url":"https:\/\/larevistadigital.com.ar\/blog\/lezama-productivo-encuentro-de-abc-padres-en-la-escuela-501\/","url_meta":{"origin":10217,"position":3},"title":"LEZAMA: PRODUCTIVO ENCUENTRO DE ABC PADRES EN LA ESCUELA 501","author":"Alejandro Sosa Ruda","date":"8 abril, 2019","format":false,"excerpt":"Autoridades de Jefatura Distrital y Consejo Escolar compartieron la pasada semana un nuevo encuentro de la propuesta ABC Padres, en esta oportunidad con familias de la Escuela de Educaci\u00f3n Especial N\u00b0 501 \u201cH\u00e9roes de Malvinas\u201d. ABC Padres es una iniciativa de la DGC y E de la provincia, que a\u2026","rel":"","context":"En \u00abLEZAMA\u00bb","block_context":{"text":"LEZAMA","link":"https:\/\/larevistadigital.com.ar\/blog\/category\/lezama\/"},"img":{"alt_text":"","src":"https:\/\/i0.wp.com\/larevistadigital.com.ar\/blog\/wp-content\/uploads\/2019\/04\/56505442_1435768703282493_1881832803981590528_n.jpg?fit=960%2C563&ssl=1&resize=350%2C200","width":350,"height":200,"srcset":"https:\/\/i0.wp.com\/larevistadigital.com.ar\/blog\/wp-content\/uploads\/2019\/04\/56505442_1435768703282493_1881832803981590528_n.jpg?fit=960%2C563&ssl=1&resize=350%2C200 1x, https:\/\/i0.wp.com\/larevistadigital.com.ar\/blog\/wp-content\/uploads\/2019\/04\/56505442_1435768703282493_1881832803981590528_n.jpg?fit=960%2C563&ssl=1&resize=525%2C300 1.5x, https:\/\/i0.wp.com\/larevistadigital.com.ar\/blog\/wp-content\/uploads\/2019\/04\/56505442_1435768703282493_1881832803981590528_n.jpg?fit=960%2C563&ssl=1&resize=700%2C400 2x"},"classes":[]},{"id":12726,"url":"https:\/\/larevistadigital.com.ar\/blog\/se-creo-en-lezama-el-primer-centro-de-educacion-agraria-de-la-region-educativa-17\/","url_meta":{"origin":10217,"position":4},"title":"SE CRE\u00d3 EN LEZAMA EL PRIMER CENTRO DE EDUCACI\u00d3N AGRARIA DE LA REGI\u00d3N EDUCATIVA 17","author":"Alejandro Sosa Ruda","date":"21 octubre, 2019","format":false,"excerpt":"El establecimiento funcionar\u00e1 en el paraje La Bel\u00e9n y brindar\u00e1 formaci\u00f3n t\u00e9cnica y agraria con perfil productivo a j\u00f3venes y adultos. El equipo de Educaci\u00f3n local y la Municipalidad de Lezama anunciaron la creaci\u00f3n y puesta en funcionamiento del CEA N\u00b0 31, el primer Centro de Educaci\u00f3n Agraria de la\u2026","rel":"","context":"En \u00abLEZAMA\u00bb","block_context":{"text":"LEZAMA","link":"https:\/\/larevistadigital.com.ar\/blog\/category\/lezama\/"},"img":{"alt_text":"","src":"https:\/\/i0.wp.com\/larevistadigital.com.ar\/blog\/wp-content\/uploads\/75233330_1572540022938693_8272662158093844480_o.jpg?fit=1200%2C751&ssl=1&resize=350%2C200","width":350,"height":200,"srcset":"https:\/\/i0.wp.com\/larevistadigital.com.ar\/blog\/wp-content\/uploads\/75233330_1572540022938693_8272662158093844480_o.jpg?fit=1200%2C751&ssl=1&resize=350%2C200 1x, https:\/\/i0.wp.com\/larevistadigital.com.ar\/blog\/wp-content\/uploads\/75233330_1572540022938693_8272662158093844480_o.jpg?fit=1200%2C751&ssl=1&resize=525%2C300 1.5x, https:\/\/i0.wp.com\/larevistadigital.com.ar\/blog\/wp-content\/uploads\/75233330_1572540022938693_8272662158093844480_o.jpg?fit=1200%2C751&ssl=1&resize=700%2C400 2x, https:\/\/i0.wp.com\/larevistadigital.com.ar\/blog\/wp-content\/uploads\/75233330_1572540022938693_8272662158093844480_o.jpg?fit=1200%2C751&ssl=1&resize=1050%2C600 3x"},"classes":[]},{"id":19495,"url":"https:\/\/larevistadigital.com.ar\/blog\/el-temporal-en-lezama\/","url_meta":{"origin":10217,"position":5},"title":"EL TEMPORAL EN LEZAMA","author":"Alejandro Sosa Ruda","date":"28 marzo, 2021","format":false,"excerpt":"LEZAMA - Seg\u00fan informaron los Bomberos Voluntarios de Lezama, esta tarde cayeron 68 mm que, sumados a los 40 que que llovi\u00f3 durante la ma\u00f1ana, generaron el anegamieto de calles y muchas viviendas fueron afectadas por el ingreso de agua. Hay que agregar que, Lezama es una de las localidades\u2026","rel":"","context":"En \u00abLEZAMA\u00bb","block_context":{"text":"LEZAMA","link":"https:\/\/larevistadigital.com.ar\/blog\/category\/lezama\/"},"img":{"alt_text":"","src":"https:\/\/i0.wp.com\/larevistadigital.com.ar\/blog\/wp-content\/uploads\/164865677_1445289399151911_7404351214508165210_n.jpg?fit=720%2C614&ssl=1&resize=350%2C200","width":350,"height":200,"srcset":"https:\/\/i0.wp.com\/larevistadigital.com.ar\/blog\/wp-content\/uploads\/164865677_1445289399151911_7404351214508165210_n.jpg?fit=720%2C614&ssl=1&resize=350%2C200 1x, https:\/\/i0.wp.com\/larevistadigital.com.ar\/blog\/wp-content\/uploads\/164865677_1445289399151911_7404351214508165210_n.jpg?fit=720%2C614&ssl=1&resize=525%2C300 1.5x, https:\/\/i0.wp.com\/larevistadigital.com.ar\/blog\/wp-content\/uploads\/164865677_1445289399151911_7404351214508165210_n.jpg?fit=720%2C614&ssl=1&resize=700%2C400 2x"},"classes":[]}],"_links":{"self":[{"href":"https:\/\/larevistadigital.com.ar\/blog\/wp-json\/wp\/v2\/posts\/10217","targetHints":{"allow":["GET"]}}],"collection":[{"href":"https:\/\/larevistadigital.com.ar\/blog\/wp-json\/wp\/v2\/posts"}],"about":[{"href":"https:\/\/larevistadigital.com.ar\/blog\/wp-json\/wp\/v2\/types\/post"}],"author":[{"embeddable":true,"href":"https:\/\/larevistadigital.com.ar\/blog\/wp-json\/wp\/v2\/users\/3"}],"replies":[{"embeddable":true,"href":"https:\/\/larevistadigital.com.ar\/blog\/wp-json\/wp\/v2\/comments?post=10217"}],"version-history":[{"count":1,"href":"https:\/\/larevistadigital.com.ar\/blog\/wp-json\/wp\/v2\/posts\/10217\/revisions"}],"predecessor-version":[{"id":10218,"href":"https:\/\/larevistadigital.com.ar\/blog\/wp-json\/wp\/v2\/posts\/10217\/revisions\/10218"}],"wp:featuredmedia":[{"embeddable":true,"href":"https:\/\/larevistadigital.com.ar\/blog\/wp-json\/wp\/v2\/media\/10219"}],"wp:attachment":[{"href":"https:\/\/larevistadigital.com.ar\/blog\/wp-json\/wp\/v2\/media?parent=10217"}],"wp:term":[{"taxonomy":"category","embeddable":true,"href":"https:\/\/larevistadigital.com.ar\/blog\/wp-json\/wp\/v2\/categories?post=10217"},{"taxonomy":"post_tag","embeddable":true,"href":"https:\/\/larevistadigital.com.ar\/blog\/wp-json\/wp\/v2\/tags?post=10217"}],"curies":[{"name":"wp","href":"https:\/\/api.w.org\/{rel}","templated":true}]}}