{"id":10222,"date":"2019-05-17T15:37:41","date_gmt":"2019-05-17T15:37:41","guid":{"rendered":"https:\/\/larevistadigital.com.ar\/blog\/?p=10222"},"modified":"2019-05-17T15:37:41","modified_gmt":"2019-05-17T15:37:41","slug":"chascomus-el-secretario-de-gobierno-mantuvo-una-reunion-con-las-nuevas-autoridades-de-la-camara-de-comercio","status":"publish","type":"post","link":"https:\/\/larevistadigital.com.ar\/blog\/chascomus-el-secretario-de-gobierno-mantuvo-una-reunion-con-las-nuevas-autoridades-de-la-camara-de-comercio\/","title":{"rendered":"CHASCOM\u00daS: EL SECRETARIO DE GOBIERNO MANTUVO UNA REUNI\u00d3N CON LAS NUEVAS AUTORIDADES DE LA C\u00c1MARA DE COMERCIO"},"content":{"rendered":"<p class=\"notaIntro\">Con el objetivo de dialogar sobre distintas tem\u00e1ticas y seguir afianzando el trabajo en conjunto,<strong> Cipriano P\u00e9rez del Cerro<\/strong> se reuni\u00f3 con el presidente de la instituci\u00f3n, <strong>Dar\u00edo Leguizam\u00f3n<\/strong> y <strong>Ernesto Claps<\/strong>, vicepresidente.<\/p>\n<p class=\"notaTexto\">Entre otros temas destacados, se convoc\u00f3 a la C\u00e1mara a participar del programa \u201cCentros Comerciales a Cielo Abierto\u201d, el cual ser\u00e1 profundizado en un pr\u00f3ximo encuentro en el Ministerio de Producci\u00f3n provincial.<\/p>\n<p>El mismo apunta a generar una articulaci\u00f3n p\u00fablico privada para potenciar las posibilidades de los comercios y fomentar la actividad tur\u00edstica en la ciudad, y todos nuestros vecinos.<\/p>\n<p>Tambi\u00e9n, aprovechando la oportunidad, ambas partes confirmaron la continuidad con el proyecto \u201cIncubadora de Empresas\u201d, para seguir fomentando el desarrollo local y apoyando a los emprendedores de nuestra ciudad.<\/p>\n<p>Esta propuesta ofrece capacitaci\u00f3n, orientaci\u00f3n y asesoramiento a emprendedores para la gesti\u00f3n de las iniciativas y el acceso al financiamiento a trav\u00e9s de distintos programas.<\/p>\n","protected":false},"excerpt":{"rendered":"<div class=\"mh-excerpt\"><p>Con el objetivo de dialogar sobre distintas tem\u00e1ticas y seguir afianzando el trabajo en conjunto, Cipriano P\u00e9rez del Cerro se reuni\u00f3 con el presidente de la instituci\u00f3n, Dar\u00edo Leguizam\u00f3n y Ernesto Claps, vicepresidente. Entre otros <a class=\"mh-excerpt-more\" href=\"https:\/\/larevistadigital.com.ar\/blog\/chascomus-el-secretario-de-gobierno-mantuvo-una-reunion-con-las-nuevas-autoridades-de-la-camara-de-comercio\/\" title=\"CHASCOM\u00daS: EL SECRETARIO DE GOBIERNO MANTUVO UNA REUNI\u00d3N CON LAS NUEVAS AUTORIDADES DE LA C\u00c1MARA DE COMERCIO\">[Leer M\u00e1s]<\/a><\/p>\n<\/div>","protected":false},"author":3,"featured_media":10223,"comment_status":"open","ping_status":"open","sticky":false,"template":"","format":"standard","meta":{"_jetpack_memberships_contains_paid_content":false,"footnotes":"","jetpack_publicize_message":"","jetpack_publicize_feature_enabled":true,"jetpack_social_post_already_shared":true,"jetpack_social_options":{"image_generator_settings":{"template":"highway","default_image_id":0,"font":"","enabled":false},"version":2}},"categories":[6],"tags":[],"class_list":{"0":"post-10222","1":"post","2":"type-post","3":"status-publish","4":"format-standard","5":"has-post-thumbnail","7":"category-chascomus"},"jetpack_publicize_connections":[],"jetpack_featured_media_url":"https:\/\/i0.wp.com\/larevistadigital.com.ar\/blog\/wp-content\/uploads\/2019\/05\/60804701_2434607009893503_7907270770324144128_o.jpg?fit=1936%2C1296&ssl=1","jetpack_sharing_enabled":true,"jetpack_shortlink":"https:\/\/wp.me\/p8qtrQ-2ES","jetpack-related-posts":[{"id":16346,"url":"https:\/\/larevistadigital.com.ar\/blog\/capitan-chascomus-reconocido-por-diputados-provinciales\/","url_meta":{"origin":10222,"position":0},"title":"\u00abCAPITAN CHASCOM\u00daS\u00bb RECONOCIDO POR DIPUTADOS PROVINCIALES","author":"Alejandro Sosa Ruda","date":"16 septiembre, 2020","format":false,"excerpt":"El diputado provincial Jos\u00e9 \u201cCote\u201d Rossi le hizo entrega al dibujante \u201cSebartex\u201d de un reconocimiento oficial por parte de la C\u00e1mara de Diputados de la Provincia. Es por contar en un c\u00f3mic las aventuras del primer superh\u00e9roe de Chascom\u00fas. El dibujante chascomunense Sebasti\u00e1n Iribarren tambi\u00e9n conocido como \u201cSebartex\u201d est\u00e1 sorprendido\u2026","rel":"","context":"En \u00abCHASCOM\u00daS\u00bb","block_context":{"text":"CHASCOM\u00daS","link":"https:\/\/larevistadigital.com.ar\/blog\/category\/chascomus\/"},"img":{"alt_text":"","src":"https:\/\/i0.wp.com\/larevistadigital.com.ar\/blog\/wp-content\/uploads\/Principal.jpeg?fit=1200%2C795&ssl=1&resize=350%2C200","width":350,"height":200,"srcset":"https:\/\/i0.wp.com\/larevistadigital.com.ar\/blog\/wp-content\/uploads\/Principal.jpeg?fit=1200%2C795&ssl=1&resize=350%2C200 1x, https:\/\/i0.wp.com\/larevistadigital.com.ar\/blog\/wp-content\/uploads\/Principal.jpeg?fit=1200%2C795&ssl=1&resize=525%2C300 1.5x, https:\/\/i0.wp.com\/larevistadigital.com.ar\/blog\/wp-content\/uploads\/Principal.jpeg?fit=1200%2C795&ssl=1&resize=700%2C400 2x, https:\/\/i0.wp.com\/larevistadigital.com.ar\/blog\/wp-content\/uploads\/Principal.jpeg?fit=1200%2C795&ssl=1&resize=1050%2C600 3x"},"classes":[]},{"id":774,"url":"https:\/\/larevistadigital.com.ar\/blog\/camara-lenta-una-obra-teatro-chascomus-va-festival-regional\/","url_meta":{"origin":10222,"position":1},"title":"\u201cC\u00e1mara Lenta\u201d: Una obra de teatro de Chascom\u00fas va a un festival regional","author":"editor","date":"8 marzo, 2017","format":false,"excerpt":"La obra teatral? \u201cC\u00e1mara lenta\u201d, puesta en escena por el grupo local 28 Escalones, fue seleccionada para participar del Festival Regional de Teatro Independiente. de acuerdo a lo que ayer pudo conocerse. La obra cuenta con la direcci\u00f3n de Mara Caviglia y las actuaciones de Tom\u00e1s Capasso, Ricardo Chambers y\u2026","rel":"","context":"En \u00abCHASCOM\u00daS\u00bb","block_context":{"text":"CHASCOM\u00daS","link":"https:\/\/larevistadigital.com.ar\/blog\/category\/chascomus\/"},"img":{"alt_text":"","src":"https:\/\/i0.wp.com\/larevistadigital.com.ar\/blog\/wp-content\/uploads\/2017\/03\/13403805_10209745932633451_8948932162125564015_o-700x471.jpg?fit=700%2C471&ssl=1&resize=350%2C200","width":350,"height":200,"srcset":"https:\/\/i0.wp.com\/larevistadigital.com.ar\/blog\/wp-content\/uploads\/2017\/03\/13403805_10209745932633451_8948932162125564015_o-700x471.jpg?fit=700%2C471&ssl=1&resize=350%2C200 1x, https:\/\/i0.wp.com\/larevistadigital.com.ar\/blog\/wp-content\/uploads\/2017\/03\/13403805_10209745932633451_8948932162125564015_o-700x471.jpg?fit=700%2C471&ssl=1&resize=525%2C300 1.5x, https:\/\/i0.wp.com\/larevistadigital.com.ar\/blog\/wp-content\/uploads\/2017\/03\/13403805_10209745932633451_8948932162125564015_o-700x471.jpg?fit=700%2C471&ssl=1&resize=700%2C400 2x"},"classes":[]},{"id":36477,"url":"https:\/\/larevistadigital.com.ar\/blog\/chascomus-concierto-de-musica-de-camara-se-anuncia-en-el-brazzola\/","url_meta":{"origin":10222,"position":2},"title":"CHASCOM\u00daS: CONCIERTO DE M\u00daSICA DE C\u00c1MARA SE ANUNCIA EN EL BRAZZOLA","author":"Alejandro Sosa Ruda","date":"28 junio, 2024","format":false,"excerpt":"Integrantes del Programa de Formaci\u00f3n Profesional que se desarrolla en la Orquesta-Escuela de Chascom\u00fas actuar\u00e1n este s\u00e1bado 29 a las 18 horas con entrada libre y gratuita. 28 De Junio de 2024 CHASCOM\u00daS -\u00a0 Siguiendo con el Ciclo de Conciertos 2024 en el Teatro Municipal Brazzola, este s\u00e1bado se podr\u00e1\u2026","rel":"","context":"En \u00abCULTURA\u00bb","block_context":{"text":"CULTURA","link":"https:\/\/larevistadigital.com.ar\/blog\/category\/cultura\/"},"img":{"alt_text":"","src":"https:\/\/i0.wp.com\/larevistadigital.com.ar\/blog\/wp-content\/uploads\/2024_06_28_02_02_30_4447933.jpg?fit=600%2C401&ssl=1&resize=350%2C200","width":350,"height":200,"srcset":"https:\/\/i0.wp.com\/larevistadigital.com.ar\/blog\/wp-content\/uploads\/2024_06_28_02_02_30_4447933.jpg?fit=600%2C401&ssl=1&resize=350%2C200 1x, https:\/\/i0.wp.com\/larevistadigital.com.ar\/blog\/wp-content\/uploads\/2024_06_28_02_02_30_4447933.jpg?fit=600%2C401&ssl=1&resize=525%2C300 1.5x"},"classes":[]},{"id":10775,"url":"https:\/\/larevistadigital.com.ar\/blog\/la-camara-de-comercio-invita-a-sus-socios-a-una-reunion-el-dia-de-hoy\/","url_meta":{"origin":10222,"position":3},"title":"LA C\u00c1MARA DE COMERCIO INVITA A SUS SOCIOS A UNA REUNI\u00d3N EL D\u00cdA DE HOY","author":"Alejandro Sosa Ruda","date":"25 junio, 2019","format":false,"excerpt":"La C\u00e1mara de Comercio invita a sus socios para participar de una reuni\u00f3n que se realizar\u00e1 hoy, martes 25 de junio a las 14 horas, en su sede social de Alvear 101, esquina Soler, donde asistir\u00e1 el gerente de la sucursal Chascom\u00fas del Banco de la Provincia de Buenos Aires,\u2026","rel":"","context":"En \u00abCHASCOM\u00daS\u00bb","block_context":{"text":"CHASCOM\u00daS","link":"https:\/\/larevistadigital.com.ar\/blog\/category\/chascomus\/"},"img":{"alt_text":"","src":"https:\/\/i0.wp.com\/larevistadigital.com.ar\/blog\/wp-content\/uploads\/CAMARA.jpg?fit=737%2C415&ssl=1&resize=350%2C200","width":350,"height":200,"srcset":"https:\/\/i0.wp.com\/larevistadigital.com.ar\/blog\/wp-content\/uploads\/CAMARA.jpg?fit=737%2C415&ssl=1&resize=350%2C200 1x, https:\/\/i0.wp.com\/larevistadigital.com.ar\/blog\/wp-content\/uploads\/CAMARA.jpg?fit=737%2C415&ssl=1&resize=525%2C300 1.5x, https:\/\/i0.wp.com\/larevistadigital.com.ar\/blog\/wp-content\/uploads\/CAMARA.jpg?fit=737%2C415&ssl=1&resize=700%2C400 2x"},"classes":[]},{"id":30231,"url":"https:\/\/larevistadigital.com.ar\/blog\/chascomus-excelente-iniciativa-de-la-camara-de-comercio-la-noche-de-la-vuelta-al-cole\/","url_meta":{"origin":10222,"position":4},"title":"CHASCOM\u00daS: EXCELENTE INICIATIVA DE LA C\u00c1MARA DE COMERCIO&#8230; \u00abLA NOCHE DE LA VUELTA AL COLE\u00bb","author":"Alejandro Sosa Ruda","date":"24 febrero, 2023","format":false,"excerpt":"Una iniciativa muy buena tanto para los comercios, como para los papis que dispondr\u00e1n de tiempo extra para poder adquirir lo necesario para los chicos, y disfrutar de entretenimientos que har\u00e1n una velada hermosa para compartir en familia. 24 de febrero de 2023 CHASCOM\u00daS -\u00a0 La C\u00e1mara de Comercio, Producci\u00f3n,\u2026","rel":"","context":"En \u00abCHASCOM\u00daS\u00bb","block_context":{"text":"CHASCOM\u00daS","link":"https:\/\/larevistadigital.com.ar\/blog\/category\/chascomus\/"},"img":{"alt_text":"","src":"https:\/\/i0.wp.com\/larevistadigital.com.ar\/blog\/wp-content\/uploads\/WhatsApp-Image-2023-02-22-at-14.56.35.jpeg?fit=1081%2C1081&ssl=1&resize=350%2C200","width":350,"height":200,"srcset":"https:\/\/i0.wp.com\/larevistadigital.com.ar\/blog\/wp-content\/uploads\/WhatsApp-Image-2023-02-22-at-14.56.35.jpeg?fit=1081%2C1081&ssl=1&resize=350%2C200 1x, https:\/\/i0.wp.com\/larevistadigital.com.ar\/blog\/wp-content\/uploads\/WhatsApp-Image-2023-02-22-at-14.56.35.jpeg?fit=1081%2C1081&ssl=1&resize=525%2C300 1.5x, https:\/\/i0.wp.com\/larevistadigital.com.ar\/blog\/wp-content\/uploads\/WhatsApp-Image-2023-02-22-at-14.56.35.jpeg?fit=1081%2C1081&ssl=1&resize=700%2C400 2x, https:\/\/i0.wp.com\/larevistadigital.com.ar\/blog\/wp-content\/uploads\/WhatsApp-Image-2023-02-22-at-14.56.35.jpeg?fit=1081%2C1081&ssl=1&resize=1050%2C600 3x"},"classes":[]},{"id":41746,"url":"https:\/\/larevistadigital.com.ar\/blog\/chascomus-reunion-de-autoridades-municipales-con-la-subcomision-de-turismo-de-la-camara-de-comercio\/","url_meta":{"origin":10222,"position":5},"title":"Chascom\u00fas: Reuni\u00f3n de autoridades municipales con la Subcomisi\u00f3n de Turismo de la C\u00e1mara de Comercio","author":"Alejandro Sosa Ruda","date":"3 octubre, 2025","format":false,"excerpt":"Se trataron temas vinculados a habilitaciones, fiestas populares y la pr\u00f3xima temporada de verano CHASCOM\u00daS -\u00a0 \u00a0El secretario de Gobierno, Cipriano P\u00e9rez del Cerro, y la subsecretaria de Desarrollo Tur\u00edstico y Productivo, Jimena Arano, mantuvieron un encuentro de trabajo con integrantes de la Subcomisi\u00f3n de Turismo de la C\u00e1mara de\u2026","rel":"","context":"En \u00abCHASCOM\u00daS\u00bb","block_context":{"text":"CHASCOM\u00daS","link":"https:\/\/larevistadigital.com.ar\/blog\/category\/chascomus\/"},"img":{"alt_text":"","src":"https:\/\/i0.wp.com\/larevistadigital.com.ar\/blog\/wp-content\/uploads\/68e012b984735.png?fit=668%2C445&ssl=1&resize=350%2C200","width":350,"height":200,"srcset":"https:\/\/i0.wp.com\/larevistadigital.com.ar\/blog\/wp-content\/uploads\/68e012b984735.png?fit=668%2C445&ssl=1&resize=350%2C200 1x, https:\/\/i0.wp.com\/larevistadigital.com.ar\/blog\/wp-content\/uploads\/68e012b984735.png?fit=668%2C445&ssl=1&resize=525%2C300 1.5x"},"classes":[]}],"_links":{"self":[{"href":"https:\/\/larevistadigital.com.ar\/blog\/wp-json\/wp\/v2\/posts\/10222","targetHints":{"allow":["GET"]}}],"collection":[{"href":"https:\/\/larevistadigital.com.ar\/blog\/wp-json\/wp\/v2\/posts"}],"about":[{"href":"https:\/\/larevistadigital.com.ar\/blog\/wp-json\/wp\/v2\/types\/post"}],"author":[{"embeddable":true,"href":"https:\/\/larevistadigital.com.ar\/blog\/wp-json\/wp\/v2\/users\/3"}],"replies":[{"embeddable":true,"href":"https:\/\/larevistadigital.com.ar\/blog\/wp-json\/wp\/v2\/comments?post=10222"}],"version-history":[{"count":1,"href":"https:\/\/larevistadigital.com.ar\/blog\/wp-json\/wp\/v2\/posts\/10222\/revisions"}],"predecessor-version":[{"id":10224,"href":"https:\/\/larevistadigital.com.ar\/blog\/wp-json\/wp\/v2\/posts\/10222\/revisions\/10224"}],"wp:featuredmedia":[{"embeddable":true,"href":"https:\/\/larevistadigital.com.ar\/blog\/wp-json\/wp\/v2\/media\/10223"}],"wp:attachment":[{"href":"https:\/\/larevistadigital.com.ar\/blog\/wp-json\/wp\/v2\/media?parent=10222"}],"wp:term":[{"taxonomy":"category","embeddable":true,"href":"https:\/\/larevistadigital.com.ar\/blog\/wp-json\/wp\/v2\/categories?post=10222"},{"taxonomy":"post_tag","embeddable":true,"href":"https:\/\/larevistadigital.com.ar\/blog\/wp-json\/wp\/v2\/tags?post=10222"}],"curies":[{"name":"wp","href":"https:\/\/api.w.org\/{rel}","templated":true}]}}