{"id":10225,"date":"2019-05-17T16:00:37","date_gmt":"2019-05-17T16:00:37","guid":{"rendered":"https:\/\/larevistadigital.com.ar\/blog\/?p=10225"},"modified":"2019-05-17T16:00:37","modified_gmt":"2019-05-17T16:00:37","slug":"chascomus-nueva-plataforma-web-para-denunciar-venta-de-alcohol-y-drogas","status":"publish","type":"post","link":"https:\/\/larevistadigital.com.ar\/blog\/chascomus-nueva-plataforma-web-para-denunciar-venta-de-alcohol-y-drogas\/","title":{"rendered":"CHASCOM\u00daS: NUEVA PLATAFORMA WEB PARA DENUNCIAR VENTA DE ALCOHOL Y DROGAS"},"content":{"rendered":"<p>Inform\u00f3 el Municipio, que los vecinos disponen de una plataforma web para denuncias de venta de alcohol a menores, y comercializaci\u00f3n de drogas.<\/p>\n<p>La informaci\u00f3n puede brindarse de forma digital y an\u00f3nima a trav\u00e9s de www.chascomus.gob.ar\/emd. Todos los datos ser\u00e1n mantenidos bajo estricta reserva y confidencialidad.<\/p>\n<p>Mediante este nuevo espacio on line de denuncias, desde el municipio se promueve la participaci\u00f3n y el compromiso ciudadano para velar por el cumplimiento de las normativas vigentes referidas a la prohibici\u00f3n del consumo y expendio de alcohol a menores de 18 a\u00f1os y\/o la venta de bebidas fuera de los horarios permitidos.<\/p>\n<p>Por otra parte, si bien la persecuci\u00f3n de los delitos de narcotr\u00e1fico es estricta competencia del Estado provincial y nacional, se busca trabajar de manera articulada con las autoridades policiales y judiciales en la prevenci\u00f3n de la venta de drogas il\u00edcitas, facilitando informaci\u00f3n que pudiera resultar de utilidad para la investigaci\u00f3n de los delitos contemplados en la ley de estupefacientes N\u00ba23737.<\/p>\n","protected":false},"excerpt":{"rendered":"<div class=\"mh-excerpt\"><p>Inform\u00f3 el Municipio, que los vecinos disponen de una plataforma web para denuncias de venta de alcohol a menores, y comercializaci\u00f3n de drogas. La informaci\u00f3n puede brindarse de forma digital y an\u00f3nima a trav\u00e9s de <a class=\"mh-excerpt-more\" href=\"https:\/\/larevistadigital.com.ar\/blog\/chascomus-nueva-plataforma-web-para-denunciar-venta-de-alcohol-y-drogas\/\" title=\"CHASCOM\u00daS: NUEVA PLATAFORMA WEB PARA DENUNCIAR VENTA DE ALCOHOL Y DROGAS\">[Leer M\u00e1s]<\/a><\/p>\n<\/div>","protected":false},"author":3,"featured_media":10219,"comment_status":"open","ping_status":"open","sticky":false,"template":"","format":"standard","meta":{"_jetpack_memberships_contains_paid_content":false,"footnotes":"","jetpack_publicize_message":"","jetpack_publicize_feature_enabled":true,"jetpack_social_post_already_shared":true,"jetpack_social_options":{"image_generator_settings":{"template":"highway","default_image_id":0,"font":"","enabled":false},"version":2}},"categories":[12,23],"tags":[],"class_list":{"0":"post-10225","1":"post","2":"type-post","3":"status-publish","4":"format-standard","5":"has-post-thumbnail","7":"category-politica","8":"category-politica-local"},"jetpack_publicize_connections":[],"jetpack_featured_media_url":"https:\/\/i0.wp.com\/larevistadigital.com.ar\/blog\/wp-content\/uploads\/2019\/05\/60358386_1459507484241948_2986010260889665536_n.jpg?fit=960%2C720&ssl=1","jetpack_sharing_enabled":true,"jetpack_shortlink":"https:\/\/wp.me\/p8qtrQ-2EV","jetpack-related-posts":[{"id":30699,"url":"https:\/\/larevistadigital.com.ar\/blog\/intendente-bonaerense-entrego-a-la-policia-600-denuncias-por-venta-minorista-de-drogas\/","url_meta":{"origin":10225,"position":0},"title":"INTENDENTE BONAERENSE ENTREG\u00d3 A LA POLIC\u00cdA 600 DENUNCIAS POR VENTA MINORISTA DE DROGAS","author":"Alejandro Sosa Ruda","date":"23 marzo, 2023","format":false,"excerpt":"Se trata de denuncias que realizaron vecinos de forma an\u00f3nima a trav\u00e9s del programa Buz\u00f3n Vida. El jefe comunal de Juntos le pidi\u00f3 a la Justicia que investigue con celeridad. Desde el municipio buscan colaborar en la lucha contra el narcomenudeo. 23 de marzo de 2023 CAMPANA -\u00a0 Para colaborar\u2026","rel":"","context":"En \u00abPOLITICA PROVINCIAL\u00bb","block_context":{"text":"POLITICA PROVINCIAL","link":"https:\/\/larevistadigital.com.ar\/blog\/category\/politica\/politica-provincial\/"},"img":{"alt_text":"","src":"https:\/\/i0.wp.com\/larevistadigital.com.ar\/blog\/wp-content\/uploads\/20230323160912_droga-narcomenudeo34-696x479-1.jpg?fit=880%2C512&ssl=1&resize=350%2C200","width":350,"height":200,"srcset":"https:\/\/i0.wp.com\/larevistadigital.com.ar\/blog\/wp-content\/uploads\/20230323160912_droga-narcomenudeo34-696x479-1.jpg?fit=880%2C512&ssl=1&resize=350%2C200 1x, https:\/\/i0.wp.com\/larevistadigital.com.ar\/blog\/wp-content\/uploads\/20230323160912_droga-narcomenudeo34-696x479-1.jpg?fit=880%2C512&ssl=1&resize=525%2C300 1.5x, https:\/\/i0.wp.com\/larevistadigital.com.ar\/blog\/wp-content\/uploads\/20230323160912_droga-narcomenudeo34-696x479-1.jpg?fit=880%2C512&ssl=1&resize=700%2C400 2x"},"classes":[]},{"id":41999,"url":"https:\/\/larevistadigital.com.ar\/blog\/chascomus-se-intensificaran-los-controles-en-la-venta-de-alcohol\/","url_meta":{"origin":10225,"position":1},"title":"Chascom\u00fas: Se intensificar\u00e1n los controles en la venta de alcohol","author":"Alejandro Sosa Ruda","date":"15 octubre, 2025","format":false,"excerpt":"La Secretar\u00eda de Seguridad Ciudadana recuerda a los comercios las normativas vigentes y busca prevenir situaciones de riesgo en espacios p\u00fablicos. 15 de Octubre de 2025 CHASCOM\u00daS -\u00a0 \u00a0Con la proximidad de la temporada de verano y el mayor uso del espacio p\u00fablico, la Secretar\u00eda de Seguridad Ciudadana reforzar\u00e1 los\u2026","rel":"","context":"En \u00abINTERES GENERAL\u00bb","block_context":{"text":"INTERES GENERAL","link":"https:\/\/larevistadigital.com.ar\/blog\/category\/interes-general\/"},"img":{"alt_text":"","src":"https:\/\/i0.wp.com\/larevistadigital.com.ar\/blog\/wp-content\/uploads\/68efe1d852456.png?fit=668%2C445&ssl=1&resize=350%2C200","width":350,"height":200,"srcset":"https:\/\/i0.wp.com\/larevistadigital.com.ar\/blog\/wp-content\/uploads\/68efe1d852456.png?fit=668%2C445&ssl=1&resize=350%2C200 1x, https:\/\/i0.wp.com\/larevistadigital.com.ar\/blog\/wp-content\/uploads\/68efe1d852456.png?fit=668%2C445&ssl=1&resize=525%2C300 1.5x"},"classes":[]},{"id":12471,"url":"https:\/\/larevistadigital.com.ar\/blog\/informo-el-municipio-que-mantuvo-una-reunion-por-tema-inseguridad-y-narcotrafico\/","url_meta":{"origin":10225,"position":2},"title":"INFORM\u00d3 EL MUNICIPIO QUE MANTUVO UNA REUNI\u00d3N POR TEMA INSEGURIDAD Y NARCOTR\u00c1FICO","author":"Alejandro Sosa Ruda","date":"6 octubre, 2019","format":false,"excerpt":"Inform\u00f3 el Municipio, que el Intendente Javier Gast\u00f3n mantuvo en su despacho una reuni\u00f3n con el flamante titular de la Ayudant\u00eda Fiscal en Estupefacientes, Jorge Alberto Larrarte, y al responsable de la subdelegaci\u00f3n Chascom\u00fas de la Superintendencia de Investigaciones del Tr\u00e1fico de Drogas Il\u00edcitas y Crimen Organizado, Ignacio D\u00b4Angelo. Acompa\u00f1ado\u2026","rel":"","context":"En \u00abCHASCOM\u00daS\u00bb","block_context":{"text":"CHASCOM\u00daS","link":"https:\/\/larevistadigital.com.ar\/blog\/category\/chascomus\/"},"img":{"alt_text":"","src":"https:\/\/i0.wp.com\/larevistadigital.com.ar\/blog\/wp-content\/uploads\/seguridad1_05deoctubrede2019_elfuerte.jpg?fit=737%2C415&ssl=1&resize=350%2C200","width":350,"height":200,"srcset":"https:\/\/i0.wp.com\/larevistadigital.com.ar\/blog\/wp-content\/uploads\/seguridad1_05deoctubrede2019_elfuerte.jpg?fit=737%2C415&ssl=1&resize=350%2C200 1x, https:\/\/i0.wp.com\/larevistadigital.com.ar\/blog\/wp-content\/uploads\/seguridad1_05deoctubrede2019_elfuerte.jpg?fit=737%2C415&ssl=1&resize=525%2C300 1.5x, https:\/\/i0.wp.com\/larevistadigital.com.ar\/blog\/wp-content\/uploads\/seguridad1_05deoctubrede2019_elfuerte.jpg?fit=737%2C415&ssl=1&resize=700%2C400 2x"},"classes":[]},{"id":3839,"url":"https:\/\/larevistadigital.com.ar\/blog\/chascomus-se-prohibira-la-venta-alcohol-las-fiestas-fin-ano\/","url_meta":{"origin":10225,"position":3},"title":"CHASCOM\u00daS: SE PROHIBIR\u00c1 LA VENTA DE ALCOHOL EN LAS FIESTAS DE FIN DE A\u00d1O","author":"Alejandro Sosa Ruda","date":"14 noviembre, 2017","format":false,"excerpt":"\u00a0 Entrevistado en la FM 101.5, el Sub Secretario de Seguridad del Municipio de Chascom\u00fas, Lucas Funes, se refiri\u00f3 a distintos temas de actualidad local. \u201cVUELTAS OL\u00cdMPICAS\u201d Respecto de las llamadas \u201cvueltas ol\u00edmpicas\u201d que realizan los estudiantes, dijo que se realiz\u00f3 una reuni\u00f3n el jueves pasado en el municipio, donde\u2026","rel":"","context":"En \u00abCHASCOM\u00daS\u00bb","block_context":{"text":"CHASCOM\u00daS","link":"https:\/\/larevistadigital.com.ar\/blog\/category\/chascomus\/"},"img":{"alt_text":"","src":"https:\/\/i0.wp.com\/larevistadigital.com.ar\/blog\/wp-content\/uploads\/2017\/11\/LEYSECA-1.jpg?fit=600%2C600&ssl=1&resize=350%2C200","width":350,"height":200,"srcset":"https:\/\/i0.wp.com\/larevistadigital.com.ar\/blog\/wp-content\/uploads\/2017\/11\/LEYSECA-1.jpg?fit=600%2C600&ssl=1&resize=350%2C200 1x, https:\/\/i0.wp.com\/larevistadigital.com.ar\/blog\/wp-content\/uploads\/2017\/11\/LEYSECA-1.jpg?fit=600%2C600&ssl=1&resize=525%2C300 1.5x"},"classes":[]},{"id":9125,"url":"https:\/\/larevistadigital.com.ar\/blog\/la-plata-separan-a-comisario-acusado-de-liderar-una-banda\/","url_meta":{"origin":10225,"position":4},"title":"LA PLATA: SEPARAN A COMISARIO ACUSADO DE LIDERAR UNA BANDA","author":"Alejandro Sosa Ruda","date":"15 marzo, 2019","format":false,"excerpt":"En las \u00faltimas horas en la localidad de\u00a0Tolosa, en la ciudad de\u00a0La Plata,\u00a0un\u00a0subcomisario de la Polic\u00eda Bonaerense\u00a0fue\u00a0separado\u00a0de su\u00a0cargo,\u00a0acusado de liderar una banda delictiva y liberar la zona\u00a0para que\u00a0tres delincuentes menores de edad\u00a0cometan diferentes\u00a0robos\u00a0de autos\u00a0y\u00a0motos.\u00a0Luis Antonio N\u00fa\u00f1ez, desafectado, est\u00e1 sospechado de\u00a0organizar y dar informaci\u00f3n a la banda delictiva de menores. N\u00fa\u00f1ez\u2026","rel":"","context":"En \u00abPOLICIALES\u00bb","block_context":{"text":"POLICIALES","link":"https:\/\/larevistadigital.com.ar\/blog\/category\/policiales\/"},"img":{"alt_text":"","src":"https:\/\/i0.wp.com\/larevistadigital.com.ar\/blog\/wp-content\/uploads\/2019\/03\/1487759678454-1.jpg?fit=621%2C414&ssl=1&resize=350%2C200","width":350,"height":200,"srcset":"https:\/\/i0.wp.com\/larevistadigital.com.ar\/blog\/wp-content\/uploads\/2019\/03\/1487759678454-1.jpg?fit=621%2C414&ssl=1&resize=350%2C200 1x, https:\/\/i0.wp.com\/larevistadigital.com.ar\/blog\/wp-content\/uploads\/2019\/03\/1487759678454-1.jpg?fit=621%2C414&ssl=1&resize=525%2C300 1.5x"},"classes":[]},{"id":41404,"url":"https:\/\/larevistadigital.com.ar\/blog\/allanamiento-en-chascomus-detienen-a-un-hombre-acusado-de-venta-de-drogas\/","url_meta":{"origin":10225,"position":5},"title":"Allanamiento en Chascom\u00fas: detienen a un hombre acusado de venta de drogas","author":"Alejandro Sosa Ruda","date":"11 septiembre, 2025","format":false,"excerpt":"La Polic\u00eda secuestr\u00f3 estupefacientes fraccionados para la venta y una moto con pedido de secuestro activo. 11 de Septiembre de 2025 CHASCOM\u00daS\u00a0 -\u00a0 \u00a0Un operativo policial llevado a cabo en Chascom\u00fas termin\u00f3 con la detenci\u00f3n de un hombre acusado de comercializar drogas al menudeo en un barrio de la ciudad.\u2026","rel":"","context":"En \u00abDESTACADAS\u00bb","block_context":{"text":"DESTACADAS","link":"https:\/\/larevistadigital.com.ar\/blog\/category\/destacadas\/"},"img":{"alt_text":"","src":"https:\/\/i0.wp.com\/larevistadigital.com.ar\/blog\/wp-content\/uploads\/WhatsApp-Image-2025-09-11-at-09.20.11.jpeg?fit=1200%2C675&ssl=1&resize=350%2C200","width":350,"height":200,"srcset":"https:\/\/i0.wp.com\/larevistadigital.com.ar\/blog\/wp-content\/uploads\/WhatsApp-Image-2025-09-11-at-09.20.11.jpeg?fit=1200%2C675&ssl=1&resize=350%2C200 1x, https:\/\/i0.wp.com\/larevistadigital.com.ar\/blog\/wp-content\/uploads\/WhatsApp-Image-2025-09-11-at-09.20.11.jpeg?fit=1200%2C675&ssl=1&resize=525%2C300 1.5x, https:\/\/i0.wp.com\/larevistadigital.com.ar\/blog\/wp-content\/uploads\/WhatsApp-Image-2025-09-11-at-09.20.11.jpeg?fit=1200%2C675&ssl=1&resize=700%2C400 2x, https:\/\/i0.wp.com\/larevistadigital.com.ar\/blog\/wp-content\/uploads\/WhatsApp-Image-2025-09-11-at-09.20.11.jpeg?fit=1200%2C675&ssl=1&resize=1050%2C600 3x"},"classes":[]}],"_links":{"self":[{"href":"https:\/\/larevistadigital.com.ar\/blog\/wp-json\/wp\/v2\/posts\/10225","targetHints":{"allow":["GET"]}}],"collection":[{"href":"https:\/\/larevistadigital.com.ar\/blog\/wp-json\/wp\/v2\/posts"}],"about":[{"href":"https:\/\/larevistadigital.com.ar\/blog\/wp-json\/wp\/v2\/types\/post"}],"author":[{"embeddable":true,"href":"https:\/\/larevistadigital.com.ar\/blog\/wp-json\/wp\/v2\/users\/3"}],"replies":[{"embeddable":true,"href":"https:\/\/larevistadigital.com.ar\/blog\/wp-json\/wp\/v2\/comments?post=10225"}],"version-history":[{"count":1,"href":"https:\/\/larevistadigital.com.ar\/blog\/wp-json\/wp\/v2\/posts\/10225\/revisions"}],"predecessor-version":[{"id":10226,"href":"https:\/\/larevistadigital.com.ar\/blog\/wp-json\/wp\/v2\/posts\/10225\/revisions\/10226"}],"wp:featuredmedia":[{"embeddable":true,"href":"https:\/\/larevistadigital.com.ar\/blog\/wp-json\/wp\/v2\/media\/10219"}],"wp:attachment":[{"href":"https:\/\/larevistadigital.com.ar\/blog\/wp-json\/wp\/v2\/media?parent=10225"}],"wp:term":[{"taxonomy":"category","embeddable":true,"href":"https:\/\/larevistadigital.com.ar\/blog\/wp-json\/wp\/v2\/categories?post=10225"},{"taxonomy":"post_tag","embeddable":true,"href":"https:\/\/larevistadigital.com.ar\/blog\/wp-json\/wp\/v2\/tags?post=10225"}],"curies":[{"name":"wp","href":"https:\/\/api.w.org\/{rel}","templated":true}]}}