{"id":10393,"date":"2019-06-01T23:47:28","date_gmt":"2019-06-01T23:47:28","guid":{"rendered":"https:\/\/larevistadigital.com.ar\/blog\/?p=10393"},"modified":"2019-06-01T23:47:28","modified_gmt":"2019-06-01T23:47:28","slug":"mar-del-plata-hallan-flotando-cadaver-de-una-mujer-en-una-playa-centrica","status":"publish","type":"post","link":"https:\/\/larevistadigital.com.ar\/blog\/mar-del-plata-hallan-flotando-cadaver-de-una-mujer-en-una-playa-centrica\/","title":{"rendered":"MAR DEL PLATA: HALLAN FLOTANDO CADAVER DE UNA MUJER EN UNA PLAYA C\u00c9NTRICA"},"content":{"rendered":"<p>El cad\u00e1ver de una mujer de aproximadamente 75 a\u00f1os fue rescatado esta tarde del mar, a la altura de la playa Punta Iglesia, y las primeras averiguaciones aseguran que se trata de una persona en condici\u00f3n de calle que pernoctaba en las cercan\u00edas.<\/p>\n<p>El hallazgo fue realizado por algunos transe\u00fantes y pescadores que estaban en la escollera y otras que estaban sobre el muelle del Club de Pesca. Poco despu\u00e9s se dio aviso a la polic\u00eda y tras tomar intervenci\u00f3n la subcomisar\u00eda Casino se pidi\u00f3 colaboraci\u00f3n a Prefectura Naval.<\/p>\n<blockquote>\n<h3>Precisamente la extracci\u00f3n se pudo realizar sin mayores dificultades y ya en la playa qued\u00f3 confirmado que era una mujer de avanzada edad, y vestida con zapatillas blancas con vivos azul, pantal\u00f3n deportivo gris, buzo gris y campera color marr\u00f3n.<\/h3>\n<h3>Al cabo de un relevamiento por la zona se estableci\u00f3 que pod\u00eda tratarse de una mujer que viv\u00eda en situaci\u00f3n de calle por ese sector de la ciudad.<\/h3>\n<\/blockquote>\n<p>El fiscal <strong>Leandro Ar\u00e9valo<\/strong> tom\u00f3 intervenci\u00f3n y abri\u00f3 actuaciones caratuladas averiguaci\u00f3n causales de muerte, por lo que orden\u00f3 que la Polic\u00eda Cient\u00edfica practique la autopsia.<\/p>\n<p>El informe de autopsia entregado por la Polic\u00eda Cient\u00edfica al fiscal<strong> Leandro Ar\u00e9valo<\/strong> descart\u00f3 signos de violencia en el cad\u00e1ver, adem\u00e1s de establecer que la causa de la muerte fue la asfixia por inmersi\u00f3n.<\/p>\n<p>Aunque\u00a0 no fue divulgada, la identidad de la mujer fallecida pudo ser confirmada por un hijo, seg\u00fan informaron fuentes oficiales.<\/p>\n<p>El avistaje del cuerpo fue obra de algunos pescadores y transe\u00fantes que se hallaban el viernes por la tarde en el muelle del club de Pesca, a la altura de la avenida Luro, y de otras personas ubicadas sobre la escollera de Punta Iglesia.<\/p>\n<p>PUBLICADO EN LA CAPITAL<\/p>\n<p>&nbsp;<\/p>\n","protected":false},"excerpt":{"rendered":"<div class=\"mh-excerpt\"><p>El cad\u00e1ver de una mujer de aproximadamente 75 a\u00f1os fue rescatado esta tarde del mar, a la altura de la playa Punta Iglesia, y las primeras averiguaciones aseguran que se trata de una persona en <a class=\"mh-excerpt-more\" href=\"https:\/\/larevistadigital.com.ar\/blog\/mar-del-plata-hallan-flotando-cadaver-de-una-mujer-en-una-playa-centrica\/\" title=\"MAR DEL PLATA: HALLAN FLOTANDO CADAVER DE UNA MUJER EN UNA PLAYA C\u00c9NTRICA\">[Leer M\u00e1s]<\/a><\/p>\n<\/div>","protected":false},"author":3,"featured_media":10394,"comment_status":"open","ping_status":"open","sticky":false,"template":"","format":"standard","meta":{"_jetpack_memberships_contains_paid_content":false,"footnotes":"","jetpack_publicize_message":"","jetpack_publicize_feature_enabled":true,"jetpack_social_post_already_shared":true,"jetpack_social_options":{"image_generator_settings":{"template":"highway","default_image_id":0,"font":"","enabled":false},"version":2}},"categories":[41],"tags":[],"class_list":{"0":"post-10393","1":"post","2":"type-post","3":"status-publish","4":"format-standard","5":"has-post-thumbnail","7":"category-destacadas"},"jetpack_publicize_connections":[],"jetpack_featured_media_url":"https:\/\/i0.wp.com\/larevistadigital.com.ar\/blog\/wp-content\/uploads\/Screenshot_2.jpg?fit=1013%2C673&ssl=1","jetpack_sharing_enabled":true,"jetpack_shortlink":"https:\/\/wp.me\/p8qtrQ-2HD","jetpack-related-posts":[{"id":43587,"url":"https:\/\/larevistadigital.com.ar\/blog\/hallaron-un-cadaver-flotando-en-una-playa-centrica-de-mar-del-plata-y-fue-identificado\/","url_meta":{"origin":10393,"position":0},"title":"Hallaron un cad\u00e1ver flotando en una playa c\u00e9ntrica de Mar del Plata y fue identificado","author":"Alejandro Sosa Ruda","date":"24 enero, 2026","format":false,"excerpt":"Se trata de un joven de 27 a\u00f1os. El cuerpo apareci\u00f3 durante la madrugada en la playa Bristol y la Justicia investiga las causas de la muerte. 24 de enero de 2026 MAR DEL PLATA -\u00a0 \u00a0 El avance de la investigaci\u00f3n permiti\u00f3 identificar al hombre cuyo cuerpo fue hallado\u2026","rel":"","context":"En \u00abPOLICIALES\u00bb","block_context":{"text":"POLICIALES","link":"https:\/\/larevistadigital.com.ar\/blog\/category\/policiales\/"},"img":{"alt_text":"","src":"https:\/\/i0.wp.com\/larevistadigital.com.ar\/blog\/wp-content\/uploads\/Captura-de-pantalla-2026-01-24-132009.jpg?fit=792%2C334&ssl=1&resize=350%2C200","width":350,"height":200,"srcset":"https:\/\/i0.wp.com\/larevistadigital.com.ar\/blog\/wp-content\/uploads\/Captura-de-pantalla-2026-01-24-132009.jpg?fit=792%2C334&ssl=1&resize=350%2C200 1x, https:\/\/i0.wp.com\/larevistadigital.com.ar\/blog\/wp-content\/uploads\/Captura-de-pantalla-2026-01-24-132009.jpg?fit=792%2C334&ssl=1&resize=525%2C300 1.5x, https:\/\/i0.wp.com\/larevistadigital.com.ar\/blog\/wp-content\/uploads\/Captura-de-pantalla-2026-01-24-132009.jpg?fit=792%2C334&ssl=1&resize=700%2C400 2x"},"classes":[]},{"id":38748,"url":"https:\/\/larevistadigital.com.ar\/blog\/mar-del-plata-aparecio-un-cadaver-sin-identificar-entre-las-rocas-de-playa-chica\/","url_meta":{"origin":10393,"position":1},"title":"Mar del Plata: Apareci\u00f3 un cadaver sin identificar entre las rocas de Playa Chica","author":"Alejandro Sosa Ruda","date":"19 febrero, 2025","format":false,"excerpt":"Lo encontraron frente al parque San Mart\u00edn ayer por la noche, a ra\u00edz de un llamado al 911. A\u00fan no se estableci\u00f3 la identidad 19 de Febrero de 2025 MAR DEL PLATA\u00a0 -\u00a0 en la zona de Playa Chica de\u00a0Mar del Plata, en Castelli y la costa, hallaron un cuerpo\u2026","rel":"","context":"En \u00abPOLICIALES\u00bb","block_context":{"text":"POLICIALES","link":"https:\/\/larevistadigital.com.ar\/blog\/category\/policiales\/"},"img":{"alt_text":"","src":"https:\/\/i0.wp.com\/larevistadigital.com.ar\/blog\/wp-content\/uploads\/69368fdaabb7496923f8632848030968cc097ca9.png?fit=1140%2C646&ssl=1&resize=350%2C200","width":350,"height":200,"srcset":"https:\/\/i0.wp.com\/larevistadigital.com.ar\/blog\/wp-content\/uploads\/69368fdaabb7496923f8632848030968cc097ca9.png?fit=1140%2C646&ssl=1&resize=350%2C200 1x, https:\/\/i0.wp.com\/larevistadigital.com.ar\/blog\/wp-content\/uploads\/69368fdaabb7496923f8632848030968cc097ca9.png?fit=1140%2C646&ssl=1&resize=525%2C300 1.5x, https:\/\/i0.wp.com\/larevistadigital.com.ar\/blog\/wp-content\/uploads\/69368fdaabb7496923f8632848030968cc097ca9.png?fit=1140%2C646&ssl=1&resize=700%2C400 2x, https:\/\/i0.wp.com\/larevistadigital.com.ar\/blog\/wp-content\/uploads\/69368fdaabb7496923f8632848030968cc097ca9.png?fit=1140%2C646&ssl=1&resize=1050%2C600 3x"},"classes":[]},{"id":24685,"url":"https:\/\/larevistadigital.com.ar\/blog\/mar-de-plata-ultimo-momento-identificaron-a-la-persona-hallada-en-la-escollera-norte\/","url_meta":{"origin":10393,"position":2},"title":"MAR DE PLATA ULTIMO MOMENTO: IDENTIFICARON A LA PERSONA HALLADA EN LA ESCOLLERA NORTE","author":"Alejandro Sosa Ruda","date":"20 marzo, 2022","format":false,"excerpt":"Su cuerpo fue encontrado esta ma\u00f1ana entre las piedras, a la altura de R\u00edo Negro y la costa. La v\u00edctima, de 65 a\u00f1os, se habr\u00eda dirigido hacia ese punto de la playa para quitarse la vida. MAR DEL PLATA -\u00a0 El cuerpo sin vida hallado en horas de la ma\u00f1ana\u2026","rel":"","context":"En \u00abPOLICIALES\u00bb","block_context":{"text":"POLICIALES","link":"https:\/\/larevistadigital.com.ar\/blog\/category\/policiales\/"},"img":{"alt_text":"","src":"https:\/\/i0.wp.com\/larevistadigital.com.ar\/blog\/wp-content\/uploads\/Captura-de-pantalla-2022-03-20-125203.jpg?fit=738%2C483&ssl=1&resize=350%2C200","width":350,"height":200,"srcset":"https:\/\/i0.wp.com\/larevistadigital.com.ar\/blog\/wp-content\/uploads\/Captura-de-pantalla-2022-03-20-125203.jpg?fit=738%2C483&ssl=1&resize=350%2C200 1x, https:\/\/i0.wp.com\/larevistadigital.com.ar\/blog\/wp-content\/uploads\/Captura-de-pantalla-2022-03-20-125203.jpg?fit=738%2C483&ssl=1&resize=525%2C300 1.5x, https:\/\/i0.wp.com\/larevistadigital.com.ar\/blog\/wp-content\/uploads\/Captura-de-pantalla-2022-03-20-125203.jpg?fit=738%2C483&ssl=1&resize=700%2C400 2x"},"classes":[]},{"id":14084,"url":"https:\/\/larevistadigital.com.ar\/blog\/mar-del-plata-mujer-de-52-anos-cayo-de-un-paredon-en-una-playa-de-la-perla\/","url_meta":{"origin":10393,"position":3},"title":"MAR DEL PLATA: MUJER DE 52 A\u00d1OS CAY\u00d3 DE UN PARED\u00d3N EN UNA PLAYA DE LA PERLA","author":"Alejandro Sosa Ruda","date":"8 enero, 2020","format":false,"excerpt":"Ocurri\u00f3 esta tarde en Boulevard Mar\u00edtimo y Ayacucho. La mujer fue traslada inconsciente de urgencia al Hospital Interzonal. Una\u00a0mujer de 52 a\u00f1os\u00a0cay\u00f3 de un pared\u00f3n lindante con la playa ubicada en\u00a0Boulevard Mar\u00edtimo y Ayacucho, en el barrio de\u00a0La\u00a0Perla\u00a0y debido a la considerable altura, fue derivada de urgencia a un centro\u2026","rel":"","context":"En \u00abREGIONALES\u00bb","block_context":{"text":"REGIONALES","link":"https:\/\/larevistadigital.com.ar\/blog\/category\/regionales\/"},"img":{"alt_text":"","src":"https:\/\/i0.wp.com\/larevistadigital.com.ar\/blog\/wp-content\/uploads\/1578515178011.jpg?fit=774%2C435&ssl=1&resize=350%2C200","width":350,"height":200,"srcset":"https:\/\/i0.wp.com\/larevistadigital.com.ar\/blog\/wp-content\/uploads\/1578515178011.jpg?fit=774%2C435&ssl=1&resize=350%2C200 1x, https:\/\/i0.wp.com\/larevistadigital.com.ar\/blog\/wp-content\/uploads\/1578515178011.jpg?fit=774%2C435&ssl=1&resize=525%2C300 1.5x, https:\/\/i0.wp.com\/larevistadigital.com.ar\/blog\/wp-content\/uploads\/1578515178011.jpg?fit=774%2C435&ssl=1&resize=700%2C400 2x"},"classes":[]},{"id":31000,"url":"https:\/\/larevistadigital.com.ar\/blog\/mar-del-plata-turistas-encontraron-el-cadaver-de-un-hombre-que-se-habia-tirado-al-mar\/","url_meta":{"origin":10393,"position":4},"title":"MAR DEL PLATA: TURISTAS ENCONTRARON EL CADAVER DE UN HOMBRE QUE SE HAB\u00cdA TIRADO AL MAR","author":"Alejandro Sosa Ruda","date":"12 abril, 2023","format":false,"excerpt":"MAR DEL PLATA -\u00a0 Luego de m\u00e1s de 24 hs. de b\u00fasqueda, finalmente encontraron en Mar del Plata el cuerpo de un hombre de 33 a\u00f1os de edad, que el d\u00eda viernes a la madrugada se arroj\u00f3 al mar para escapar de la polic\u00eda, que lo persegu\u00eda por el robo\u2026","rel":"","context":"En \u00abPOLICIALES\u00bb","block_context":{"text":"POLICIALES","link":"https:\/\/larevistadigital.com.ar\/blog\/category\/policiales\/"},"img":{"alt_text":"","src":"https:\/\/i0.wp.com\/larevistadigital.com.ar\/blog\/wp-content\/uploads\/fotojet_x98x_1.jpg_1833193316.jpg?fit=720%2C406&ssl=1&resize=350%2C200","width":350,"height":200,"srcset":"https:\/\/i0.wp.com\/larevistadigital.com.ar\/blog\/wp-content\/uploads\/fotojet_x98x_1.jpg_1833193316.jpg?fit=720%2C406&ssl=1&resize=350%2C200 1x, https:\/\/i0.wp.com\/larevistadigital.com.ar\/blog\/wp-content\/uploads\/fotojet_x98x_1.jpg_1833193316.jpg?fit=720%2C406&ssl=1&resize=525%2C300 1.5x, https:\/\/i0.wp.com\/larevistadigital.com.ar\/blog\/wp-content\/uploads\/fotojet_x98x_1.jpg_1833193316.jpg?fit=720%2C406&ssl=1&resize=700%2C400 2x"},"classes":[]},{"id":44183,"url":"https:\/\/larevistadigital.com.ar\/blog\/hallan-el-cuerpo-de-un-hombre-desnudo-en-la-playa\/","url_meta":{"origin":10393,"position":5},"title":"Hallan el cuerpo de un hombre desnudo en la playa","author":"Alejandro Sosa Ruda","date":"27 febrero, 2026","format":false,"excerpt":"Fue encontrado esta ma\u00f1ana por una persona que caminaba por la costa. Interviene la fiscal\u00eda descentralizada de Mar Chiquita y trabajan peritos en el lugar. 27 De febrero de 2026 MAR CHIQUITA -\u00a0 \u00a0El cuerpo de un hombre desnudo fue hallado este martes por la ma\u00f1ana en la zona de\u2026","rel":"","context":"En \u00abPOLICIALES\u00bb","block_context":{"text":"POLICIALES","link":"https:\/\/larevistadigital.com.ar\/blog\/category\/policiales\/"},"img":{"alt_text":"","src":"https:\/\/i0.wp.com\/larevistadigital.com.ar\/blog\/wp-content\/uploads\/Captura-de-pantalla-2026-02-27-121945.jpg?fit=813%2C409&ssl=1&resize=350%2C200","width":350,"height":200,"srcset":"https:\/\/i0.wp.com\/larevistadigital.com.ar\/blog\/wp-content\/uploads\/Captura-de-pantalla-2026-02-27-121945.jpg?fit=813%2C409&ssl=1&resize=350%2C200 1x, https:\/\/i0.wp.com\/larevistadigital.com.ar\/blog\/wp-content\/uploads\/Captura-de-pantalla-2026-02-27-121945.jpg?fit=813%2C409&ssl=1&resize=525%2C300 1.5x, https:\/\/i0.wp.com\/larevistadigital.com.ar\/blog\/wp-content\/uploads\/Captura-de-pantalla-2026-02-27-121945.jpg?fit=813%2C409&ssl=1&resize=700%2C400 2x"},"classes":[]}],"_links":{"self":[{"href":"https:\/\/larevistadigital.com.ar\/blog\/wp-json\/wp\/v2\/posts\/10393","targetHints":{"allow":["GET"]}}],"collection":[{"href":"https:\/\/larevistadigital.com.ar\/blog\/wp-json\/wp\/v2\/posts"}],"about":[{"href":"https:\/\/larevistadigital.com.ar\/blog\/wp-json\/wp\/v2\/types\/post"}],"author":[{"embeddable":true,"href":"https:\/\/larevistadigital.com.ar\/blog\/wp-json\/wp\/v2\/users\/3"}],"replies":[{"embeddable":true,"href":"https:\/\/larevistadigital.com.ar\/blog\/wp-json\/wp\/v2\/comments?post=10393"}],"version-history":[{"count":1,"href":"https:\/\/larevistadigital.com.ar\/blog\/wp-json\/wp\/v2\/posts\/10393\/revisions"}],"predecessor-version":[{"id":10395,"href":"https:\/\/larevistadigital.com.ar\/blog\/wp-json\/wp\/v2\/posts\/10393\/revisions\/10395"}],"wp:featuredmedia":[{"embeddable":true,"href":"https:\/\/larevistadigital.com.ar\/blog\/wp-json\/wp\/v2\/media\/10394"}],"wp:attachment":[{"href":"https:\/\/larevistadigital.com.ar\/blog\/wp-json\/wp\/v2\/media?parent=10393"}],"wp:term":[{"taxonomy":"category","embeddable":true,"href":"https:\/\/larevistadigital.com.ar\/blog\/wp-json\/wp\/v2\/categories?post=10393"},{"taxonomy":"post_tag","embeddable":true,"href":"https:\/\/larevistadigital.com.ar\/blog\/wp-json\/wp\/v2\/tags?post=10393"}],"curies":[{"name":"wp","href":"https:\/\/api.w.org\/{rel}","templated":true}]}}