{"id":10506,"date":"2019-06-09T15:42:24","date_gmt":"2019-06-09T15:42:24","guid":{"rendered":"https:\/\/larevistadigital.com.ar\/blog\/?p=10506"},"modified":"2019-06-09T15:42:24","modified_gmt":"2019-06-09T15:42:24","slug":"chascomus-acciones-para-concientizar-sobre-educacion-vial","status":"publish","type":"post","link":"https:\/\/larevistadigital.com.ar\/blog\/chascomus-acciones-para-concientizar-sobre-educacion-vial\/","title":{"rendered":"CHASCOM\u00daS: ACCIONES PARA CONCIENTIZAR SOBRE EDUCACI\u00d3N VIAL"},"content":{"rendered":"<p class=\"notaIntro\">Este lunes con motivo de celebrar el D\u00eda de la Educaci\u00f3n Vial, desde las 13hs. en la Plaza Independencia, se armar\u00e1 un circuito vial del que participar\u00e1n alumnos de la escuela Municipal N\u00ba1, de primero y segundo grado, con un autito de cart\u00f3n que armaron junto a sus familias.<\/p>\n<p class=\"notaTexto\">En este marco, se desarrollar\u00e1n actividades recreativas con las se\u00f1ales de tr\u00e1nsito, normativas vial, como tambi\u00e9n charlas sobre RCP y primeros auxilios por parte del \u00c1rea de Defensa Civil y procedimientos de c\u00f3mo actuar frente a incendios y situaciones de emergencias en general por parte del personal de Bomberos Voluntarios donde vendr\u00e1n con la vestimenta de trabajo y los m\u00f3viles de emergencias.<\/p>\n<p>Cabe recordar que a trav\u00e9s del Plan Maestro de Seguridad Vial impulsado por el gobierno municipal, se promueve de manera permanente el cumplimiento de las normativas vigentes y la buena convivencia en la v\u00eda p\u00fablica mediante distintas acciones. De esta manera, se busca mayor conocimiento en los ni\u00f1os y j\u00f3venes sobre el comportamiento general como usuarios de la v\u00eda p\u00fablica, que puedan transmitirlo en sus hogares ya que ser\u00e1n la nueva generaci\u00f3n de futuros conductores responsables.<\/p>\n","protected":false},"excerpt":{"rendered":"<div class=\"mh-excerpt\"><p>Este lunes con motivo de celebrar el D\u00eda de la Educaci\u00f3n Vial, desde las 13hs. en la Plaza Independencia, se armar\u00e1 un circuito vial del que participar\u00e1n alumnos de la escuela Municipal N\u00ba1, de primero <a class=\"mh-excerpt-more\" href=\"https:\/\/larevistadigital.com.ar\/blog\/chascomus-acciones-para-concientizar-sobre-educacion-vial\/\" title=\"CHASCOM\u00daS: ACCIONES PARA CONCIENTIZAR SOBRE EDUCACI\u00d3N VIAL\">[Leer M\u00e1s]<\/a><\/p>\n<\/div>","protected":false},"author":3,"featured_media":10507,"comment_status":"open","ping_status":"open","sticky":false,"template":"","format":"standard","meta":{"_jetpack_memberships_contains_paid_content":false,"footnotes":"","jetpack_publicize_message":"","jetpack_publicize_feature_enabled":true,"jetpack_social_post_already_shared":true,"jetpack_social_options":{"image_generator_settings":{"template":"highway","default_image_id":0,"font":"","enabled":false},"version":2}},"categories":[12],"tags":[],"class_list":{"0":"post-10506","1":"post","2":"type-post","3":"status-publish","4":"format-standard","5":"has-post-thumbnail","7":"category-politica"},"jetpack_publicize_connections":[],"jetpack_featured_media_url":"https:\/\/i0.wp.com\/larevistadigital.com.ar\/blog\/wp-content\/uploads\/62124237_2475934969094040_209977283199369216_n.jpg?fit=576%2C960&ssl=1","jetpack_sharing_enabled":true,"jetpack_shortlink":"https:\/\/wp.me\/p8qtrQ-2Js","jetpack-related-posts":[{"id":5115,"url":"https:\/\/larevistadigital.com.ar\/blog\/habra-clases-educacion-vial-desde-12-marzo-chascomus\/","url_meta":{"origin":10506,"position":0},"title":"Habr\u00e1 clases de Educaci\u00f3n Vial desde el 12 de marzo en Chascom\u00fas","author":"admin","date":"1 marzo, 2018","format":false,"excerpt":"Desde la Secretar\u00eda de Seguridad Ciudadana del Municipio se inform\u00f3 que \u201cse est\u00e1 trabajando con las escuelas del distrito para que a partir del 12 de marzo se comiencen con las clases de educaci\u00f3n vial\u201d. Se agreg\u00f3 en un parte de prensa que \u201cse han realizado los primeros encuentros con\u2026","rel":"","context":"En \u00abCHASCOM\u00daS\u00bb","block_context":{"text":"CHASCOM\u00daS","link":"https:\/\/larevistadigital.com.ar\/blog\/category\/chascomus\/"},"img":{"alt_text":"","src":"https:\/\/i0.wp.com\/larevistadigital.com.ar\/blog\/wp-content\/uploads\/2018\/03\/educacin-vialpptx-1-638.jpg?fit=638%2C479&ssl=1&resize=350%2C200","width":350,"height":200,"srcset":"https:\/\/i0.wp.com\/larevistadigital.com.ar\/blog\/wp-content\/uploads\/2018\/03\/educacin-vialpptx-1-638.jpg?fit=638%2C479&ssl=1&resize=350%2C200 1x, https:\/\/i0.wp.com\/larevistadigital.com.ar\/blog\/wp-content\/uploads\/2018\/03\/educacin-vialpptx-1-638.jpg?fit=638%2C479&ssl=1&resize=525%2C300 1.5x"},"classes":[]},{"id":9932,"url":"https:\/\/larevistadigital.com.ar\/blog\/chascomus-continuan-las-jornadas-de-educacion-vial-rcp-primeros-auxilios-y-monoxido-de-carbono-para-las-escuelas-en-los-tres-niveles\/","url_meta":{"origin":10506,"position":1},"title":"CHASCOM\u00daS: CONTIN\u00daAN LAS JORNADAS DE EDUCACI\u00d3N VIAL, RCP, PRIMEROS AUXILIOS Y MON\u00d3XIDO DE CARBONO PARA LAS ESCUELAS EN LOS TRES NIVELES","author":"Alejandro Sosa Ruda","date":"2 mayo, 2019","format":false,"excerpt":"A trav\u00e9s del Plan Maestro de Seguridad Vial impulsado por el gobierno municipal, se promueve de manera permanente el cumplimiento de las normativas vigentes y la buena convivencia en la v\u00eda p\u00fablica mediante distintas acciones. En este sentido, se puso en marcha un proyecto ambientando el sal\u00f3n de los Bomberos\u2026","rel":"","context":"En \u00abPOLITICA\u00bb","block_context":{"text":"POLITICA","link":"https:\/\/larevistadigital.com.ar\/blog\/category\/politica\/"},"img":{"alt_text":"","src":"https:\/\/i0.wp.com\/larevistadigital.com.ar\/blog\/wp-content\/uploads\/2019\/05\/59106192_2409335435753994_1116390857839214592_o.jpg?fit=1200%2C675&ssl=1&resize=350%2C200","width":350,"height":200,"srcset":"https:\/\/i0.wp.com\/larevistadigital.com.ar\/blog\/wp-content\/uploads\/2019\/05\/59106192_2409335435753994_1116390857839214592_o.jpg?fit=1200%2C675&ssl=1&resize=350%2C200 1x, https:\/\/i0.wp.com\/larevistadigital.com.ar\/blog\/wp-content\/uploads\/2019\/05\/59106192_2409335435753994_1116390857839214592_o.jpg?fit=1200%2C675&ssl=1&resize=525%2C300 1.5x, https:\/\/i0.wp.com\/larevistadigital.com.ar\/blog\/wp-content\/uploads\/2019\/05\/59106192_2409335435753994_1116390857839214592_o.jpg?fit=1200%2C675&ssl=1&resize=700%2C400 2x, https:\/\/i0.wp.com\/larevistadigital.com.ar\/blog\/wp-content\/uploads\/2019\/05\/59106192_2409335435753994_1116390857839214592_o.jpg?fit=1200%2C675&ssl=1&resize=1050%2C600 3x"},"classes":[]},{"id":35981,"url":"https:\/\/larevistadigital.com.ar\/blog\/nueva-capacitacion-de-la-direccion-de-seguridad-vial\/","url_meta":{"origin":10506,"position":2},"title":"NUEVA CAPACITACI\u00d3N DE LA DIRECCI\u00d3N DE SEGURIDAD VIAL","author":"Alejandro Sosa Ruda","date":"4 mayo, 2024","format":false,"excerpt":"Se llev\u00f3 a cabo en el SUM del cuartel de Bomberos Voluntarios de Chascom\u00fas, dirigida al cuerpo activo de esta instituci\u00f3n, como as\u00ed tambi\u00e9n a la comisi\u00f3n directiva y de reserva, el pasado martes.\u00a0 04 de mayo de 2024 CHASCOM\u00daS -\u00a0 La misma estuvo a cargo de los instructores municipales\u2026","rel":"","context":"En \u00abCHASCOM\u00daS\u00bb","block_context":{"text":"CHASCOM\u00daS","link":"https:\/\/larevistadigital.com.ar\/blog\/category\/chascomus\/"},"img":{"alt_text":"","src":"https:\/\/i0.wp.com\/larevistadigital.com.ar\/blog\/wp-content\/uploads\/2024_05_04_00_15_14_6869165.jpeg?fit=600%2C338&ssl=1&resize=350%2C200","width":350,"height":200,"srcset":"https:\/\/i0.wp.com\/larevistadigital.com.ar\/blog\/wp-content\/uploads\/2024_05_04_00_15_14_6869165.jpeg?fit=600%2C338&ssl=1&resize=350%2C200 1x, https:\/\/i0.wp.com\/larevistadigital.com.ar\/blog\/wp-content\/uploads\/2024_05_04_00_15_14_6869165.jpeg?fit=600%2C338&ssl=1&resize=525%2C300 1.5x"},"classes":[]},{"id":27904,"url":"https:\/\/larevistadigital.com.ar\/blog\/san-miguel-del-monte-inauguran-escuela-municipal-de-conductores\/","url_meta":{"origin":10506,"position":3},"title":"SAN MIGUEL DEL MONTE: INAUGURAN ESCUELA MUNICIPAL DE CONDUCTORES","author":"Alejandro Sosa Ruda","date":"20 septiembre, 2022","format":false,"excerpt":"La Escuela Municipal de Conductores lleva el nombre de Franco Marchione, \u00c9rica Claveri\u00e9 y Roc\u00edo Fazio en homenaje a los j\u00f3venes que perdieron la vida hace 6 a\u00f1os en el accidente de la empresa Uni\u00f3n Platense. 19 de septiembre de 2022 SAN MIGUEL DEL MONTE -\u00a0\u00a0El intendente de \u00a0San Miguel\u2026","rel":"","context":"En \u00abREGIONALES\u00bb","block_context":{"text":"REGIONALES","link":"https:\/\/larevistadigital.com.ar\/blog\/category\/regionales\/"},"img":{"alt_text":"","src":"https:\/\/i0.wp.com\/larevistadigital.com.ar\/blog\/wp-content\/uploads\/2eg-1.jpg?fit=880%2C512&ssl=1&resize=350%2C200","width":350,"height":200,"srcset":"https:\/\/i0.wp.com\/larevistadigital.com.ar\/blog\/wp-content\/uploads\/2eg-1.jpg?fit=880%2C512&ssl=1&resize=350%2C200 1x, https:\/\/i0.wp.com\/larevistadigital.com.ar\/blog\/wp-content\/uploads\/2eg-1.jpg?fit=880%2C512&ssl=1&resize=525%2C300 1.5x, https:\/\/i0.wp.com\/larevistadigital.com.ar\/blog\/wp-content\/uploads\/2eg-1.jpg?fit=880%2C512&ssl=1&resize=700%2C400 2x"},"classes":[]},{"id":44959,"url":"https:\/\/larevistadigital.com.ar\/blog\/chascomus-comenzaron-las-capacitaciones-en-seguridad-vial-en-las-escuelas\/","url_meta":{"origin":10506,"position":4},"title":"Chascom\u00fas: Comenzaron las capacitaciones en seguridad vial en las escuelas","author":"Alejandro Sosa Ruda","date":"6 abril, 2026","format":false,"excerpt":"En el primer mes del desarrollo de esta iniciativa, las jornadas se concentraron en la Escuela Normal, haciendo especial hincapi\u00e9 en el valor de cuidar la vida. 06 de abril de 2026 CHASCOM\u00daS-\u00a0 \u00a0La Municipalidad de Chascom\u00fas informa que comenz\u00f3 a implementarse el proyecto de seguridad vial en las escuelas,\u2026","rel":"","context":"En \u00abCHASCOM\u00daS\u00bb","block_context":{"text":"CHASCOM\u00daS","link":"https:\/\/larevistadigital.com.ar\/blog\/category\/chascomus\/"},"img":{"alt_text":"","src":"https:\/\/i0.wp.com\/larevistadigital.com.ar\/blog\/wp-content\/uploads\/69d3ebd4eb32d.png?fit=668%2C445&ssl=1&resize=350%2C200","width":350,"height":200,"srcset":"https:\/\/i0.wp.com\/larevistadigital.com.ar\/blog\/wp-content\/uploads\/69d3ebd4eb32d.png?fit=668%2C445&ssl=1&resize=350%2C200 1x, https:\/\/i0.wp.com\/larevistadigital.com.ar\/blog\/wp-content\/uploads\/69d3ebd4eb32d.png?fit=668%2C445&ssl=1&resize=525%2C300 1.5x"},"classes":[]},{"id":42184,"url":"https:\/\/larevistadigital.com.ar\/blog\/chascomus-comenzaron-las-jornadas-de-educacion-vial-en-el-ateneo-parroquial\/","url_meta":{"origin":10506,"position":5},"title":"Chascom\u00fas: Comenzaron las jornadas de educaci\u00f3n vial en el Ateneo Parroquial","author":"Alejandro Sosa Ruda","date":"23 octubre, 2025","format":false,"excerpt":"La Municipalidad impulsa acciones para fortalecer la seguridad y el cuidado en la v\u00eda p\u00fablica. 23 de Octubre de 2025 CHASCOM\u00daS -\u00a0 \u00a0Esta semana comenzaron las jornadas de educaci\u00f3n vial organizadas por la Municipalidad en la sede del Ateneo Parroquial Nuestra Se\u00f1ora de la Merced. La capacitaci\u00f3n, a cargo de\u2026","rel":"","context":"En \u00abCHASCOM\u00daS\u00bb","block_context":{"text":"CHASCOM\u00daS","link":"https:\/\/larevistadigital.com.ar\/blog\/category\/chascomus\/"},"img":{"alt_text":"","src":"https:\/\/i0.wp.com\/larevistadigital.com.ar\/blog\/wp-content\/uploads\/68fa5aae96c77.png?fit=668%2C445&ssl=1&resize=350%2C200","width":350,"height":200,"srcset":"https:\/\/i0.wp.com\/larevistadigital.com.ar\/blog\/wp-content\/uploads\/68fa5aae96c77.png?fit=668%2C445&ssl=1&resize=350%2C200 1x, https:\/\/i0.wp.com\/larevistadigital.com.ar\/blog\/wp-content\/uploads\/68fa5aae96c77.png?fit=668%2C445&ssl=1&resize=525%2C300 1.5x"},"classes":[]}],"_links":{"self":[{"href":"https:\/\/larevistadigital.com.ar\/blog\/wp-json\/wp\/v2\/posts\/10506","targetHints":{"allow":["GET"]}}],"collection":[{"href":"https:\/\/larevistadigital.com.ar\/blog\/wp-json\/wp\/v2\/posts"}],"about":[{"href":"https:\/\/larevistadigital.com.ar\/blog\/wp-json\/wp\/v2\/types\/post"}],"author":[{"embeddable":true,"href":"https:\/\/larevistadigital.com.ar\/blog\/wp-json\/wp\/v2\/users\/3"}],"replies":[{"embeddable":true,"href":"https:\/\/larevistadigital.com.ar\/blog\/wp-json\/wp\/v2\/comments?post=10506"}],"version-history":[{"count":1,"href":"https:\/\/larevistadigital.com.ar\/blog\/wp-json\/wp\/v2\/posts\/10506\/revisions"}],"predecessor-version":[{"id":10508,"href":"https:\/\/larevistadigital.com.ar\/blog\/wp-json\/wp\/v2\/posts\/10506\/revisions\/10508"}],"wp:featuredmedia":[{"embeddable":true,"href":"https:\/\/larevistadigital.com.ar\/blog\/wp-json\/wp\/v2\/media\/10507"}],"wp:attachment":[{"href":"https:\/\/larevistadigital.com.ar\/blog\/wp-json\/wp\/v2\/media?parent=10506"}],"wp:term":[{"taxonomy":"category","embeddable":true,"href":"https:\/\/larevistadigital.com.ar\/blog\/wp-json\/wp\/v2\/categories?post=10506"},{"taxonomy":"post_tag","embeddable":true,"href":"https:\/\/larevistadigital.com.ar\/blog\/wp-json\/wp\/v2\/tags?post=10506"}],"curies":[{"name":"wp","href":"https:\/\/api.w.org\/{rel}","templated":true}]}}