{"id":10515,"date":"2019-06-09T15:55:44","date_gmt":"2019-06-09T15:55:44","guid":{"rendered":"https:\/\/larevistadigital.com.ar\/blog\/?p=10515"},"modified":"2019-06-09T15:55:44","modified_gmt":"2019-06-09T15:55:44","slug":"lezama-si-prometo-alumnos-honraran-a-nuestra-bandera-en-el-monumento-nacional","status":"publish","type":"post","link":"https:\/\/larevistadigital.com.ar\/blog\/lezama-si-prometo-alumnos-honraran-a-nuestra-bandera-en-el-monumento-nacional\/","title":{"rendered":"LEZAMA: \u00a1S\u00cd, PROMETO! ALUMNOS HONRAR\u00c1N A NUESTRA BANDERA EN EL MONUMENTO NACIONAL"},"content":{"rendered":"<p>El Intendente Municipal y autoridades de Cultura y Educaci\u00f3n ultiman detalles del viaje a Rosario, donde nuestros alumnos de 4\u00b0 a\u00f1o har\u00e1n la tradicional promesa a la ense\u00f1a patria.<\/p>\n<p>Por tercer a\u00f1o consecutivo alumnos de 4\u00b0 a\u00f1o de todo el distrito, junto a sus docentes y directivos, viajar\u00e1n a la ciudad de Rosario a realizar la promesa de lealtad a la bandera nacional argentina. La iniciativa\u00a0<span class=\"text_exposed_show\">viene siendo coordinada por la Jefatura Distrital, el Consejo Escolar y la Direcci\u00f3n de Cultura y Relaciones Institucionales de la Municipalidad de Lezama.\u00a0<\/span><\/p>\n<blockquote>\n<h3><span class=\"text_exposed_show\">La semana anterior las autoridades de esos organismos se reunieron con el Jefe Comunal para ultimar detalles del viaje, previsto para el jueves 13 de junio, en el que un nuevo grupo local de alumnos \u2013 75 este a\u00f1o- realizar\u00e1, junto a sus docentes, directivos y familias, la tradicional promesa a la bandera argentina.\u00a0<\/span><\/h3>\n<\/blockquote>\n<p><span class=\"text_exposed_show\">El contingente de Lezama est\u00e1 compuesto en total por 105 personas, entre autoridades, acompa\u00f1antes, personal de escuelas, equipo de salud, grupo de im\u00e1genes y personal de la Direcci\u00f3n de Cultura. El viaje es posible merced al financiamiento del denominado Fondo Educativo.<\/span><\/p>\n<p><span class=\"text_exposed_show\">La salida hacia Rosario ser\u00e1 desde el municipio, a las 4 de la ma\u00f1ana del 13 de junio. El turno de Lezama para efectuar la promesa est\u00e1 previsto para las 13 horas, luego realizar\u00e1n un paseo y alrededor de las 17 emprender\u00e1n el regreso con una llegada prevista para las 22.30 horas, aproximadamente.<\/span><\/p>\n","protected":false},"excerpt":{"rendered":"<div class=\"mh-excerpt\"><p>El Intendente Municipal y autoridades de Cultura y Educaci\u00f3n ultiman detalles del viaje a Rosario, donde nuestros alumnos de 4\u00b0 a\u00f1o har\u00e1n la tradicional promesa a la ense\u00f1a patria. Por tercer a\u00f1o consecutivo alumnos de <a class=\"mh-excerpt-more\" href=\"https:\/\/larevistadigital.com.ar\/blog\/lezama-si-prometo-alumnos-honraran-a-nuestra-bandera-en-el-monumento-nacional\/\" title=\"LEZAMA: \u00a1S\u00cd, PROMETO! ALUMNOS HONRAR\u00c1N A NUESTRA BANDERA EN EL MONUMENTO NACIONAL\">[Leer M\u00e1s]<\/a><\/p>\n<\/div>","protected":false},"author":3,"featured_media":10516,"comment_status":"open","ping_status":"open","sticky":false,"template":"","format":"standard","meta":{"_jetpack_memberships_contains_paid_content":false,"footnotes":"","jetpack_publicize_message":"","jetpack_publicize_feature_enabled":true,"jetpack_social_post_already_shared":true,"jetpack_social_options":{"image_generator_settings":{"template":"highway","default_image_id":0,"font":"","enabled":false},"version":2}},"categories":[7,12],"tags":[],"class_list":{"0":"post-10515","1":"post","2":"type-post","3":"status-publish","4":"format-standard","5":"has-post-thumbnail","7":"category-lezama","8":"category-politica"},"jetpack_publicize_connections":[],"jetpack_featured_media_url":"https:\/\/i0.wp.com\/larevistadigital.com.ar\/blog\/wp-content\/uploads\/62163084_1473221216203908_8328735417159385088_n.jpg?fit=960%2C561&ssl=1","jetpack_sharing_enabled":true,"jetpack_shortlink":"https:\/\/wp.me\/p8qtrQ-2JB","jetpack-related-posts":[{"id":7969,"url":"https:\/\/larevistadigital.com.ar\/blog\/lezama-culminaron-la-obra-de-los-banos-del-ep-11\/","url_meta":{"origin":10515,"position":0},"title":"LEZAMA: CULMINARON LA OBRA DE LOS BA\u00d1OS DEL EP 11","author":"Alejandro Sosa Ruda","date":"26 enero, 2019","format":false,"excerpt":"Confirm\u00f3 el Consejo Escolar que a mediados de esta semana se terminaron los nuevos revestimientos de los sanitarios en la Escuela Primaria N\u00b0 11, una obra que se realiz\u00f3 a buen ritmo y renov\u00f3 los ba\u00f1os de la instituci\u00f3n para que alumnos y docentes reciban el nuevo ciclo lectivo con\u2026","rel":"","context":"En \u00abLEZAMA\u00bb","block_context":{"text":"LEZAMA","link":"https:\/\/larevistadigital.com.ar\/blog\/category\/lezama\/"},"img":{"alt_text":"","src":"https:\/\/i0.wp.com\/larevistadigital.com.ar\/blog\/wp-content\/uploads\/2019\/01\/50561728_1390223814503649_1809849495698014208_n.jpg?fit=720%2C960&ssl=1&resize=350%2C200","width":350,"height":200,"srcset":"https:\/\/i0.wp.com\/larevistadigital.com.ar\/blog\/wp-content\/uploads\/2019\/01\/50561728_1390223814503649_1809849495698014208_n.jpg?fit=720%2C960&ssl=1&resize=350%2C200 1x, https:\/\/i0.wp.com\/larevistadigital.com.ar\/blog\/wp-content\/uploads\/2019\/01\/50561728_1390223814503649_1809849495698014208_n.jpg?fit=720%2C960&ssl=1&resize=525%2C300 1.5x, https:\/\/i0.wp.com\/larevistadigital.com.ar\/blog\/wp-content\/uploads\/2019\/01\/50561728_1390223814503649_1809849495698014208_n.jpg?fit=720%2C960&ssl=1&resize=700%2C400 2x"},"classes":[]},{"id":5084,"url":"https:\/\/larevistadigital.com.ar\/blog\/cierre-escuelas-rurales-entrevista-la-inspectora-jefa-distrital-lezama-myriam-mongay\/","url_meta":{"origin":10515,"position":1},"title":"Cierre de Escuelas Rurales &#8211; Entrevista a la Inspectora Jefa Distrital de Lezama Myriam Mongay","author":"admin","date":"28 febrero, 2018","format":false,"excerpt":"\u201cNo son situaciones f\u00e1ciles pero hubo un trabajo responsable para llegar a tomar esta decisi\u00f3n...\u201d La funcionaria local confirm\u00f3 el cierre de la Escuela Primaria N\u00b0 8 donde solo hab\u00eda un alumno del Paraje La Josefina, com\u00fanmente llamado Barrancas y tambi\u00e9n la Escuela Primaria N\u00b0 10 que est\u00e1 en el\u2026","rel":"","context":"En \u00abLEZAMA\u00bb","block_context":{"text":"LEZAMA","link":"https:\/\/larevistadigital.com.ar\/blog\/category\/lezama\/"},"img":{"alt_text":"","src":"https:\/\/i0.wp.com\/larevistadigital.com.ar\/blog\/wp-content\/uploads\/2018\/03\/resize_1519750530.jpg?fit=640%2C480&ssl=1&resize=350%2C200","width":350,"height":200,"srcset":"https:\/\/i0.wp.com\/larevistadigital.com.ar\/blog\/wp-content\/uploads\/2018\/03\/resize_1519750530.jpg?fit=640%2C480&ssl=1&resize=350%2C200 1x, https:\/\/i0.wp.com\/larevistadigital.com.ar\/blog\/wp-content\/uploads\/2018\/03\/resize_1519750530.jpg?fit=640%2C480&ssl=1&resize=525%2C300 1.5x"},"classes":[]},{"id":36368,"url":"https:\/\/larevistadigital.com.ar\/blog\/kicillof-encabezo-la-ceremonia-de-promesa-a-la-bandera-nacional-de-estudiantes-bonaerenses\/","url_meta":{"origin":10515,"position":2},"title":"KICILLOF ENCABEZ\u00d3 LA CEREMONIA DE PROMESA A LA BANDERA NACIONAL DE ESTUDIANTES BONAERENSES","author":"Alejandro Sosa Ruda","date":"19 junio, 2024","format":false,"excerpt":"Participaron 810 estudiantes que cursan el 4\u00b0 grado en escuelas primarias de la regi\u00f3n. 19 de Junio de 2024 BUENOS AIRES -\u00a0 El gobernador de la provincia de Buenos Aires, Axel Kicillof, encabez\u00f3 este mi\u00e9rcoles el acto de promesa de lealtad a la bandera nacional por parte de alumnos y\u2026","rel":"","context":"En \u00abINTERES GENERAL\u00bb","block_context":{"text":"INTERES GENERAL","link":"https:\/\/larevistadigital.com.ar\/blog\/category\/interes-general\/"},"img":{"alt_text":"","src":"https:\/\/i0.wp.com\/larevistadigital.com.ar\/blog\/wp-content\/uploads\/DAE4072.jpg?fit=743%2C530&ssl=1&resize=350%2C200","width":350,"height":200,"srcset":"https:\/\/i0.wp.com\/larevistadigital.com.ar\/blog\/wp-content\/uploads\/DAE4072.jpg?fit=743%2C530&ssl=1&resize=350%2C200 1x, https:\/\/i0.wp.com\/larevistadigital.com.ar\/blog\/wp-content\/uploads\/DAE4072.jpg?fit=743%2C530&ssl=1&resize=525%2C300 1.5x, https:\/\/i0.wp.com\/larevistadigital.com.ar\/blog\/wp-content\/uploads\/DAE4072.jpg?fit=743%2C530&ssl=1&resize=700%2C400 2x"},"classes":[]},{"id":8538,"url":"https:\/\/larevistadigital.com.ar\/blog\/lezama-dijo-presente-en-el-encuentro-de-mesas-educativas-distritales\/","url_meta":{"origin":10515,"position":3},"title":"LEZAMA DIJO \u201cPRESENTE\u201d EN EL ENCUENTRO DE MESAS EDUCATIVAS DISTRITALES","author":"Alejandro Sosa Ruda","date":"18 febrero, 2019","format":false,"excerpt":"El Intendente interino Diego Mongay particip\u00f3 el s\u00e1bado del Encuentro Provincial de Mesas Educativas Distritales en Ensenada, donde se dieron cita la Gobernadora Mar\u00eda Eugenia Vidal; el vicegobernador Daniel Salvador y los ministros de Educaci\u00f3n de Naci\u00f3n y Provincia, Alejandro Finocchiaro y Gabriel S\u00e1nchez Zinny. Lo hizo acompa\u00f1ado por la\u2026","rel":"","context":"En \u00abLEZAMA\u00bb","block_context":{"text":"LEZAMA","link":"https:\/\/larevistadigital.com.ar\/blog\/category\/lezama\/"},"img":{"alt_text":"","src":"https:\/\/i0.wp.com\/larevistadigital.com.ar\/blog\/wp-content\/uploads\/2019\/02\/52276829_1407039712822059_260466384700440576_n.jpg?fit=960%2C837&ssl=1&resize=350%2C200","width":350,"height":200,"srcset":"https:\/\/i0.wp.com\/larevistadigital.com.ar\/blog\/wp-content\/uploads\/2019\/02\/52276829_1407039712822059_260466384700440576_n.jpg?fit=960%2C837&ssl=1&resize=350%2C200 1x, https:\/\/i0.wp.com\/larevistadigital.com.ar\/blog\/wp-content\/uploads\/2019\/02\/52276829_1407039712822059_260466384700440576_n.jpg?fit=960%2C837&ssl=1&resize=525%2C300 1.5x, https:\/\/i0.wp.com\/larevistadigital.com.ar\/blog\/wp-content\/uploads\/2019\/02\/52276829_1407039712822059_260466384700440576_n.jpg?fit=960%2C837&ssl=1&resize=700%2C400 2x"},"classes":[]},{"id":4036,"url":"https:\/\/larevistadigital.com.ar\/blog\/bomberos-capacito-estudiantes-la-secundaria-1-rcp\/","url_meta":{"origin":10515,"position":4},"title":"Bomberos capacit\u00f3 a estudiantes de la Secundaria 1 sobre RCP","author":"admin","date":"26 noviembre, 2017","format":false,"excerpt":"Integrantes del Cuerpo Activo de Bomberos Voluntarios de Lezama realizaron\u00a0una importante capacitaci\u00f3n en las instalaciones de la UPA Trauma de dicha ciudad para alumnos y docentes de la Escuela Secundaria n\u00ba 1 en Reanimaci\u00f3n Cardio Pulmonar y Primeros Auxilios. Al d\u00eda de la fecha, m\u00e1s de 230 personas recibieron capacitaciones\u2026","rel":"","context":"En \u00abLEZAMA\u00bb","block_context":{"text":"LEZAMA","link":"https:\/\/larevistadigital.com.ar\/blog\/category\/lezama\/"},"img":{"alt_text":"","src":"https:\/\/i0.wp.com\/larevistadigital.com.ar\/blog\/wp-content\/uploads\/2017\/11\/rcp-lezama.jpg?fit=960%2C540&ssl=1&resize=350%2C200","width":350,"height":200,"srcset":"https:\/\/i0.wp.com\/larevistadigital.com.ar\/blog\/wp-content\/uploads\/2017\/11\/rcp-lezama.jpg?fit=960%2C540&ssl=1&resize=350%2C200 1x, https:\/\/i0.wp.com\/larevistadigital.com.ar\/blog\/wp-content\/uploads\/2017\/11\/rcp-lezama.jpg?fit=960%2C540&ssl=1&resize=525%2C300 1.5x, https:\/\/i0.wp.com\/larevistadigital.com.ar\/blog\/wp-content\/uploads\/2017\/11\/rcp-lezama.jpg?fit=960%2C540&ssl=1&resize=700%2C400 2x"},"classes":[]},{"id":16672,"url":"https:\/\/larevistadigital.com.ar\/blog\/lezama-los-pasos-virtuales-de-los-peregrinos-acompanaran-el-sabado-a-la-virgen-en-su-recorrida\/","url_meta":{"origin":10515,"position":5},"title":"LEZAMA: LOS PASOS VIRTUALES DE LOS PEREGRINOS ACOMPA\u00d1AR\u00c1N EL S\u00c1BADO A LA VIRGEN EN SU RECORRIDA","author":"Alejandro Sosa Ruda","date":"2 octubre, 2020","format":false,"excerpt":"Con motivo de realizarse la peregrinaci\u00f3n de la Virgen de Luj\u00e1n por nuestra ciudad, la Direcci\u00f3n de Cultura y el grupo de Apoyo solicitan a los peregrinos que a\u00f1o a a\u00f1o realizan la caminata a la bas\u00edlica, que acerquen su calzado para simbolizar el acompa\u00f1amiento de sus pasos hacia nuestra\u2026","rel":"","context":"En \u00abLEZAMA\u00bb","block_context":{"text":"LEZAMA","link":"https:\/\/larevistadigital.com.ar\/blog\/category\/lezama\/"},"img":{"alt_text":"","src":"https:\/\/i0.wp.com\/larevistadigital.com.ar\/blog\/wp-content\/uploads\/120811078_1882314258627933_6273068393092688816_n.jpg?fit=650%2C464&ssl=1&resize=350%2C200","width":350,"height":200,"srcset":"https:\/\/i0.wp.com\/larevistadigital.com.ar\/blog\/wp-content\/uploads\/120811078_1882314258627933_6273068393092688816_n.jpg?fit=650%2C464&ssl=1&resize=350%2C200 1x, https:\/\/i0.wp.com\/larevistadigital.com.ar\/blog\/wp-content\/uploads\/120811078_1882314258627933_6273068393092688816_n.jpg?fit=650%2C464&ssl=1&resize=525%2C300 1.5x"},"classes":[]}],"_links":{"self":[{"href":"https:\/\/larevistadigital.com.ar\/blog\/wp-json\/wp\/v2\/posts\/10515","targetHints":{"allow":["GET"]}}],"collection":[{"href":"https:\/\/larevistadigital.com.ar\/blog\/wp-json\/wp\/v2\/posts"}],"about":[{"href":"https:\/\/larevistadigital.com.ar\/blog\/wp-json\/wp\/v2\/types\/post"}],"author":[{"embeddable":true,"href":"https:\/\/larevistadigital.com.ar\/blog\/wp-json\/wp\/v2\/users\/3"}],"replies":[{"embeddable":true,"href":"https:\/\/larevistadigital.com.ar\/blog\/wp-json\/wp\/v2\/comments?post=10515"}],"version-history":[{"count":1,"href":"https:\/\/larevistadigital.com.ar\/blog\/wp-json\/wp\/v2\/posts\/10515\/revisions"}],"predecessor-version":[{"id":10517,"href":"https:\/\/larevistadigital.com.ar\/blog\/wp-json\/wp\/v2\/posts\/10515\/revisions\/10517"}],"wp:featuredmedia":[{"embeddable":true,"href":"https:\/\/larevistadigital.com.ar\/blog\/wp-json\/wp\/v2\/media\/10516"}],"wp:attachment":[{"href":"https:\/\/larevistadigital.com.ar\/blog\/wp-json\/wp\/v2\/media?parent=10515"}],"wp:term":[{"taxonomy":"category","embeddable":true,"href":"https:\/\/larevistadigital.com.ar\/blog\/wp-json\/wp\/v2\/categories?post=10515"},{"taxonomy":"post_tag","embeddable":true,"href":"https:\/\/larevistadigital.com.ar\/blog\/wp-json\/wp\/v2\/tags?post=10515"}],"curies":[{"name":"wp","href":"https:\/\/api.w.org\/{rel}","templated":true}]}}