{"id":10521,"date":"2019-06-09T16:15:52","date_gmt":"2019-06-09T16:15:52","guid":{"rendered":"https:\/\/larevistadigital.com.ar\/blog\/?p=10521"},"modified":"2019-06-09T16:16:13","modified_gmt":"2019-06-09T16:16:13","slug":"camano-se-opone-al-acuerdo-entra-massa-y-cristina","status":"publish","type":"post","link":"https:\/\/larevistadigital.com.ar\/blog\/camano-se-opone-al-acuerdo-entra-massa-y-cristina\/","title":{"rendered":"CAMA\u00d1O SE OPONE AL ACUERDO ENTRA MASSA Y CRISTINA"},"content":{"rendered":"<h2 class=\"page-summary\"><em>La diputada Graciela Cama\u00f1o dijo que \u00abhay muchos concejales\u00bb bonaerenses que se \u00abinclinan\u00bb hacia un acuerdo con Unidad Ciudadana.<\/em><\/h2>\n<p>La diputada por el Frente Renovador <strong>Graciela Cama\u00f1o<\/strong> reconoci\u00f3 que rechaza la posibilidad de llegar a un acuerdo con el kirchnerismo, pero se\u00f1al\u00f3 que en la fuerza que encabeza <strong>Sergio Massa \u00abhay muchos concejales\u00bb<\/strong> bonaerenses que se \u00abinclinan\u00bb hacia un acuerdo con Unidad Ciudadana.<\/p>\n<p><em><strong>\u00abHay (en el Frente Renovador) una multitud de pensamientos sobre c\u00f3mo debemos pararnos respecto al kirchnerismo. Algunos, como yo, renegamos de esa posibilidad, pero convengamos que hay en la provincia de Buenos Aires una gran cantidad de concejales que se inclinan por esa posibilidad\u00bb<\/strong><\/em>, indic\u00f3 <strong>Cama\u00f1o<\/strong> en una entrevista que publica hoy la edici\u00f3n online del diario Perfil.<\/p>\n<p>En la entrevista,<strong> Cama\u00f1o<\/strong> se define como la \u00abmadre pol\u00edtica\u00bb de <strong>Massa<\/strong> y reconoce entre risas que <em><strong>\u00aba veces las mam\u00e1s no saben qu\u00e9 es lo que hacen sus hijos\u00bb<\/strong><\/em>.<\/p>\n<p><em><strong>\u00abEn el congreso de la semana pasada le dimos (a Massa) un mandato vinculado a construir una mayor\u00eda opositora al gobierno. Si algo tuvo la convenci\u00f3n es marcar la necesidad de plantar los mojones de una oposici\u00f3n. Lo importante es que nos presentamos como una fuerza consolidada\u00bb<\/strong><\/em>, apunt\u00f3.<\/p>\n<p>En otro orden, la diputada asegur\u00f3 que <em><strong>\u00abhay un porcentaje muy elevado de ciudadanos\u00bb<\/strong><\/em> que desean el surgimiento de un espacio pol\u00edtico que supere la polarizaci\u00f3n que entre el oficialismo de Cambiemos y Unidad Ciudadana, fuerza que lidera la senadora y ex presidenta <strong>Cristina Fern\u00e1ndez de Kirchner<\/strong>.<\/p>\n<p><em><strong>\u00abAlrededor de un 50% de argentinos que no optan ni por el pasado ni por el presente. Y ah\u00ed hay algo para hacer, porque somos dirigentes pol\u00edticos y nuestra misi\u00f3n m\u00e1s importante es transformar, ser transformadores\u00bb<\/strong><\/em>, subray\u00f3 <strong>Cama\u00f1o<\/strong>.<\/p>\n","protected":false},"excerpt":{"rendered":"<div class=\"mh-excerpt\"><p>La diputada Graciela Cama\u00f1o dijo que \u00abhay muchos concejales\u00bb bonaerenses que se \u00abinclinan\u00bb hacia un acuerdo con Unidad Ciudadana. La diputada por el Frente Renovador Graciela Cama\u00f1o reconoci\u00f3 que rechaza la posibilidad de llegar a <a class=\"mh-excerpt-more\" href=\"https:\/\/larevistadigital.com.ar\/blog\/camano-se-opone-al-acuerdo-entra-massa-y-cristina\/\" title=\"CAMA\u00d1O SE OPONE AL ACUERDO ENTRA MASSA Y CRISTINA\">[Leer M\u00e1s]<\/a><\/p>\n<\/div>","protected":false},"author":3,"featured_media":10522,"comment_status":"open","ping_status":"open","sticky":false,"template":"","format":"standard","meta":{"_jetpack_memberships_contains_paid_content":false,"footnotes":"","jetpack_publicize_message":"","jetpack_publicize_feature_enabled":true,"jetpack_social_post_already_shared":true,"jetpack_social_options":{"image_generator_settings":{"template":"highway","default_image_id":0,"font":"","enabled":false},"version":2}},"categories":[41],"tags":[],"class_list":{"0":"post-10521","1":"post","2":"type-post","3":"status-publish","4":"format-standard","5":"has-post-thumbnail","7":"category-destacadas"},"jetpack_publicize_connections":[],"jetpack_featured_media_url":"https:\/\/i0.wp.com\/larevistadigital.com.ar\/blog\/wp-content\/uploads\/Screenshot_7.jpg?fit=1042%2C586&ssl=1","jetpack_sharing_enabled":true,"jetpack_shortlink":"https:\/\/wp.me\/p8qtrQ-2JH","jetpack-related-posts":[{"id":1722,"url":"https:\/\/larevistadigital.com.ar\/blog\/massa-disparo-contra-el-kirchnerismo-y-el-oficialismo-comenzando-asi-su-lucha-contra-la-polarizacion\/","url_meta":{"origin":10521,"position":0},"title":"MASSA DISPAR\u00d3 CONTRA EL KIRCHNERISMO Y EL OFICIALISMO, COMENZANDO AS\u00cd SU LUCHA CONTRA LA POLARIZACI\u00d3N","author":"Alejandro Sosa Ruda","date":"29 marzo, 2017","format":false,"excerpt":"\"Argentina no puede seguir discutiendo con el pasado. El kirchnerismo y el macrismo son dos caras de la misma moneda y parte del mismo problema\u201d, dijo\u00a0Sergio Massa\u00a0al encabezar la inauguraci\u00f3n de la escuela de gobierno del Frente Renovador en Mar del Plata. En la presentaci\u00f3n, llevada a cabo en el\u2026","rel":"","context":"En \u00abDESTACADAS\u00bb","block_context":{"text":"DESTACADAS","link":"https:\/\/larevistadigital.com.ar\/blog\/category\/destacadas\/"},"img":{"alt_text":"","src":"https:\/\/i0.wp.com\/larevistadigital.com.ar\/blog\/wp-content\/uploads\/2017\/03\/68168_3.jpg?fit=862%2C574&ssl=1&resize=350%2C200","width":350,"height":200,"srcset":"https:\/\/i0.wp.com\/larevistadigital.com.ar\/blog\/wp-content\/uploads\/2017\/03\/68168_3.jpg?fit=862%2C574&ssl=1&resize=350%2C200 1x, https:\/\/i0.wp.com\/larevistadigital.com.ar\/blog\/wp-content\/uploads\/2017\/03\/68168_3.jpg?fit=862%2C574&ssl=1&resize=525%2C300 1.5x, https:\/\/i0.wp.com\/larevistadigital.com.ar\/blog\/wp-content\/uploads\/2017\/03\/68168_3.jpg?fit=862%2C574&ssl=1&resize=700%2C400 2x"},"classes":[]},{"id":1855,"url":"https:\/\/larevistadigital.com.ar\/blog\/massa-junto-a-su-tropa-en-parque-norte\/","url_meta":{"origin":10521,"position":1},"title":"MASSA JUNT\u00d3 A SU TROPA EN PARQUE NORTE","author":"Alejandro Sosa Ruda","date":"6 abril, 2017","format":false,"excerpt":"Desde las 19 hs. el Massismo dijo presente en Parque Norte, en donde adem\u00e1s de cenar, se comenzaron a delinear las estrategias que fijaran la forma de enfrentar las elecciones de octubre pr\u00f3ximo. Seg\u00fan comentan algunos en voz baja, la idea es el bajo perfil, sin demasiada prensa, \u00a0caminar los\u2026","rel":"","context":"En \u00abDESTACADAS\u00bb","block_context":{"text":"DESTACADAS","link":"https:\/\/larevistadigital.com.ar\/blog\/category\/destacadas\/"},"img":{"alt_text":"","src":"https:\/\/i0.wp.com\/larevistadigital.com.ar\/blog\/wp-content\/uploads\/2017\/04\/68525_3.jpg?fit=770%2C433&ssl=1&resize=350%2C200","width":350,"height":200,"srcset":"https:\/\/i0.wp.com\/larevistadigital.com.ar\/blog\/wp-content\/uploads\/2017\/04\/68525_3.jpg?fit=770%2C433&ssl=1&resize=350%2C200 1x, https:\/\/i0.wp.com\/larevistadigital.com.ar\/blog\/wp-content\/uploads\/2017\/04\/68525_3.jpg?fit=770%2C433&ssl=1&resize=525%2C300 1.5x, https:\/\/i0.wp.com\/larevistadigital.com.ar\/blog\/wp-content\/uploads\/2017\/04\/68525_3.jpg?fit=770%2C433&ssl=1&resize=700%2C400 2x"},"classes":[]},{"id":6962,"url":"https:\/\/larevistadigital.com.ar\/blog\/chascomus-otra-baja-en-el-frente-renovador-ahora-el-salto-lo-dio-cecilia-machado\/","url_meta":{"origin":10521,"position":2},"title":"CHASCOM\u00daS: OTRA BAJA EN EL FRENTE RENOVADOR. AHORA EL SALTO LO DI\u00d3 CECILIA MACHADO","author":"Alejandro Sosa Ruda","date":"25 octubre, 2018","format":false,"excerpt":"La concejal Cecila Machado, mantuvo un di\u00e1logo con el periodista Alfredo Perona en Radio Uno (fm 102.1) con respecto a su salida del Frente Renovador, para ingresar en el frente denominado Red Por Argentina, que integra el ex ministro Arroyo y lidera el ex gobernador Felipe Sol\u00e1. Mencion\u00f3 que han\u2026","rel":"","context":"En \u00abPOLITICA\u00bb","block_context":{"text":"POLITICA","link":"https:\/\/larevistadigital.com.ar\/blog\/category\/politica\/"},"img":{"alt_text":"","src":"https:\/\/i0.wp.com\/larevistadigital.com.ar\/blog\/wp-content\/uploads\/2018\/10\/machado_24deoctubrede2018_elfuerte.jpg?fit=737%2C415&ssl=1&resize=350%2C200","width":350,"height":200,"srcset":"https:\/\/i0.wp.com\/larevistadigital.com.ar\/blog\/wp-content\/uploads\/2018\/10\/machado_24deoctubrede2018_elfuerte.jpg?fit=737%2C415&ssl=1&resize=350%2C200 1x, https:\/\/i0.wp.com\/larevistadigital.com.ar\/blog\/wp-content\/uploads\/2018\/10\/machado_24deoctubrede2018_elfuerte.jpg?fit=737%2C415&ssl=1&resize=525%2C300 1.5x, https:\/\/i0.wp.com\/larevistadigital.com.ar\/blog\/wp-content\/uploads\/2018\/10\/machado_24deoctubrede2018_elfuerte.jpg?fit=737%2C415&ssl=1&resize=700%2C400 2x"},"classes":[]},{"id":10720,"url":"https:\/\/larevistadigital.com.ar\/blog\/unidad-por-chascomus-no-ha-dado-a-conocer-la-lista-y-hay-muchos-peronistas-enojados-por-la-proscripcion-de-gabriel-macchi\/","url_meta":{"origin":10521,"position":3},"title":"UNIDAD POR CHASCOM\u00daS NO HA DADO A CONOCER LA LISTA Y HAY MUCHOS PERONISTAS ENOJADOS POR LA \u00abPROSCRIPCI\u00d3N\u00bb DE GABRIEL MACCHI","author":"Alejandro Sosa Ruda","date":"23 junio, 2019","format":false,"excerpt":"Anoche termin\u00f3 el plazo para el cierre de listas que competir\u00e1n en el proceso electoral venidero, y casi todos los sectores han hecho llegar a los distintos medios o period\u00edstas, la conformaci\u00f3n de las listas que los van a representar, salvo... El oficialismo chascomunense. Unidad por Chascom\u00fas ha mantenido un\u2026","rel":"","context":"En \u00abDESTACADAS\u00bb","block_context":{"text":"DESTACADAS","link":"https:\/\/larevistadigital.com.ar\/blog\/category\/destacadas\/"},"img":{"alt_text":"","src":"https:\/\/i0.wp.com\/larevistadigital.com.ar\/blog\/wp-content\/uploads\/gh16-veinte_1718538133_7719889_1564x1024.jpg?fit=1200%2C786&ssl=1&resize=350%2C200","width":350,"height":200,"srcset":"https:\/\/i0.wp.com\/larevistadigital.com.ar\/blog\/wp-content\/uploads\/gh16-veinte_1718538133_7719889_1564x1024.jpg?fit=1200%2C786&ssl=1&resize=350%2C200 1x, https:\/\/i0.wp.com\/larevistadigital.com.ar\/blog\/wp-content\/uploads\/gh16-veinte_1718538133_7719889_1564x1024.jpg?fit=1200%2C786&ssl=1&resize=525%2C300 1.5x, https:\/\/i0.wp.com\/larevistadigital.com.ar\/blog\/wp-content\/uploads\/gh16-veinte_1718538133_7719889_1564x1024.jpg?fit=1200%2C786&ssl=1&resize=700%2C400 2x, https:\/\/i0.wp.com\/larevistadigital.com.ar\/blog\/wp-content\/uploads\/gh16-veinte_1718538133_7719889_1564x1024.jpg?fit=1200%2C786&ssl=1&resize=1050%2C600 3x"},"classes":[]},{"id":10621,"url":"https:\/\/larevistadigital.com.ar\/blog\/chascomus-perez-del-cerro-hablo-de-la-candidatura-de-gaston-que-dejaria-afuera-a-gabriel-macchi\/","url_meta":{"origin":10521,"position":4},"title":"CHASCOM\u00daS: PEREZ DEL CERRO HABL\u00d3 DE LA CANDIDATURA DE GAST\u00d3N QUE DEJAR\u00cdA AFUERA A GABRIEL MACCHI","author":"Alejandro Sosa Ruda","date":"14 junio, 2019","format":false,"excerpt":"De pronto, record\u00f3 su pertenencia al Frente Renovador, luego de haberlo negado en m\u00e1s de una oportunidad el \u00faltimo mes. Inclusive hab\u00eda dicho que \"podemos volver a la lista corta\" Seg\u00fan se informa en la p\u00e1gina de facebook de Unidad por Chascom\u00fas, el secretario de gobierno Cipriano P\u00e9rez del Cerro,\u2026","rel":"","context":"En \u00abPOLITICA\u00bb","block_context":{"text":"POLITICA","link":"https:\/\/larevistadigital.com.ar\/blog\/category\/politica\/"},"img":{"alt_text":"","src":"https:\/\/i0.wp.com\/larevistadigital.com.ar\/blog\/wp-content\/uploads\/2017\/03\/cipriano_15defebrerode2017_elfuerte.jpg?fit=703%2C618&ssl=1&resize=350%2C200","width":350,"height":200,"srcset":"https:\/\/i0.wp.com\/larevistadigital.com.ar\/blog\/wp-content\/uploads\/2017\/03\/cipriano_15defebrerode2017_elfuerte.jpg?fit=703%2C618&ssl=1&resize=350%2C200 1x, https:\/\/i0.wp.com\/larevistadigital.com.ar\/blog\/wp-content\/uploads\/2017\/03\/cipriano_15defebrerode2017_elfuerte.jpg?fit=703%2C618&ssl=1&resize=525%2C300 1.5x, https:\/\/i0.wp.com\/larevistadigital.com.ar\/blog\/wp-content\/uploads\/2017\/03\/cipriano_15defebrerode2017_elfuerte.jpg?fit=703%2C618&ssl=1&resize=700%2C400 2x"},"classes":[]},{"id":10441,"url":"https:\/\/larevistadigital.com.ar\/blog\/chascomus-unidad-por-chascomus-entre-estar-con-cualquiera-o-con-nadie\/","url_meta":{"origin":10521,"position":5},"title":"CHASCOM\u00daS: UNIDAD POR CHASCOM\u00daS ENTRE ESTAR CON CUALQUIERA, O CON NADIE&#8230;","author":"Alejandro Sosa Ruda","date":"5 junio, 2019","format":false,"excerpt":"El Secretario de Gobierno de Chascom\u00fas, Cipriano P\u00e9rez del Cerro, volvi\u00f3 a hablar, en el t\u00e9rmino de quince d\u00edas de la posibilidad de que Unidad Por Chascom\u00fas, vaya a la pr\u00f3xima elecci\u00f3n con \u201cboleta corta\u201d, como lo hizo hist\u00f3ricamente hasta su arreglo con el Frente Renovador y Sergio Massa, que\u2026","rel":"","context":"En \u00abDESTACADAS\u00bb","block_context":{"text":"DESTACADAS","link":"https:\/\/larevistadigital.com.ar\/blog\/category\/destacadas\/"},"img":{"alt_text":"","src":"https:\/\/i0.wp.com\/larevistadigital.com.ar\/blog\/wp-content\/uploads\/Chapa-indeciso.jpg?fit=1200%2C799&ssl=1&resize=350%2C200","width":350,"height":200,"srcset":"https:\/\/i0.wp.com\/larevistadigital.com.ar\/blog\/wp-content\/uploads\/Chapa-indeciso.jpg?fit=1200%2C799&ssl=1&resize=350%2C200 1x, https:\/\/i0.wp.com\/larevistadigital.com.ar\/blog\/wp-content\/uploads\/Chapa-indeciso.jpg?fit=1200%2C799&ssl=1&resize=525%2C300 1.5x, https:\/\/i0.wp.com\/larevistadigital.com.ar\/blog\/wp-content\/uploads\/Chapa-indeciso.jpg?fit=1200%2C799&ssl=1&resize=700%2C400 2x, https:\/\/i0.wp.com\/larevistadigital.com.ar\/blog\/wp-content\/uploads\/Chapa-indeciso.jpg?fit=1200%2C799&ssl=1&resize=1050%2C600 3x"},"classes":[]}],"_links":{"self":[{"href":"https:\/\/larevistadigital.com.ar\/blog\/wp-json\/wp\/v2\/posts\/10521","targetHints":{"allow":["GET"]}}],"collection":[{"href":"https:\/\/larevistadigital.com.ar\/blog\/wp-json\/wp\/v2\/posts"}],"about":[{"href":"https:\/\/larevistadigital.com.ar\/blog\/wp-json\/wp\/v2\/types\/post"}],"author":[{"embeddable":true,"href":"https:\/\/larevistadigital.com.ar\/blog\/wp-json\/wp\/v2\/users\/3"}],"replies":[{"embeddable":true,"href":"https:\/\/larevistadigital.com.ar\/blog\/wp-json\/wp\/v2\/comments?post=10521"}],"version-history":[{"count":1,"href":"https:\/\/larevistadigital.com.ar\/blog\/wp-json\/wp\/v2\/posts\/10521\/revisions"}],"predecessor-version":[{"id":10523,"href":"https:\/\/larevistadigital.com.ar\/blog\/wp-json\/wp\/v2\/posts\/10521\/revisions\/10523"}],"wp:featuredmedia":[{"embeddable":true,"href":"https:\/\/larevistadigital.com.ar\/blog\/wp-json\/wp\/v2\/media\/10522"}],"wp:attachment":[{"href":"https:\/\/larevistadigital.com.ar\/blog\/wp-json\/wp\/v2\/media?parent=10521"}],"wp:term":[{"taxonomy":"category","embeddable":true,"href":"https:\/\/larevistadigital.com.ar\/blog\/wp-json\/wp\/v2\/categories?post=10521"},{"taxonomy":"post_tag","embeddable":true,"href":"https:\/\/larevistadigital.com.ar\/blog\/wp-json\/wp\/v2\/tags?post=10521"}],"curies":[{"name":"wp","href":"https:\/\/api.w.org\/{rel}","templated":true}]}}