{"id":10529,"date":"2019-06-10T16:41:40","date_gmt":"2019-06-10T16:41:40","guid":{"rendered":"https:\/\/larevistadigital.com.ar\/blog\/?p=10529"},"modified":"2019-06-10T16:41:40","modified_gmt":"2019-06-10T16:41:40","slug":"en-junio-lezama-se-viste-de-rojo-para-concientizar-sobre-la-donacion-de-sangre","status":"publish","type":"post","link":"https:\/\/larevistadigital.com.ar\/blog\/en-junio-lezama-se-viste-de-rojo-para-concientizar-sobre-la-donacion-de-sangre\/","title":{"rendered":"EN JUNIO LEZAMA SE VISTE DE ROJO, PARA CONCIENTIZAR SOBRE LA DONACI\u00d3N DE SANGRE"},"content":{"rendered":"<p>En alusi\u00f3n al D\u00eda Mundial del Donante de Sangre, que se conmemora el 14 de junio, el servicio transfusional de la UPA Trauma 7 de Lezama realizar\u00e1 durante todo el mes actividades de concientizaci\u00f3n en nuestra comunidad. Adem\u00e1s invita a las instituciones de Lezama a decorar sus instalaciones aleg\u00f3ricamente \u2013en color rojo- con el fin de destacar la importancia de donar sangre, en virtud de que todos en alg\u00fan momento podemos ser los que la necesitemos.<\/p>\n<p>El CAPS San Patricio fue una de las primeras dependencias municipales que decor\u00f3 sus espacios con el color rojo, respondiendo a la convocatoria y ya presenta consultorios, sala de espera y otros sitios con adornos y leyendas alusivas.<\/p>\n","protected":false},"excerpt":{"rendered":"<div class=\"mh-excerpt\"><p>En alusi\u00f3n al D\u00eda Mundial del Donante de Sangre, que se conmemora el 14 de junio, el servicio transfusional de la UPA Trauma 7 de Lezama realizar\u00e1 durante todo el mes actividades de concientizaci\u00f3n en <a class=\"mh-excerpt-more\" href=\"https:\/\/larevistadigital.com.ar\/blog\/en-junio-lezama-se-viste-de-rojo-para-concientizar-sobre-la-donacion-de-sangre\/\" title=\"EN JUNIO LEZAMA SE VISTE DE ROJO, PARA CONCIENTIZAR SOBRE LA DONACI\u00d3N DE SANGRE\">[Leer M\u00e1s]<\/a><\/p>\n<\/div>","protected":false},"author":3,"featured_media":10530,"comment_status":"open","ping_status":"open","sticky":false,"template":"","format":"standard","meta":{"_jetpack_memberships_contains_paid_content":false,"footnotes":"","jetpack_publicize_message":"","jetpack_publicize_feature_enabled":true,"jetpack_social_post_already_shared":true,"jetpack_social_options":{"image_generator_settings":{"template":"highway","default_image_id":0,"font":"","enabled":false},"version":2}},"categories":[7,12],"tags":[],"class_list":{"0":"post-10529","1":"post","2":"type-post","3":"status-publish","4":"format-standard","5":"has-post-thumbnail","7":"category-lezama","8":"category-politica"},"jetpack_publicize_connections":[],"jetpack_featured_media_url":"https:\/\/i0.wp.com\/larevistadigital.com.ar\/blog\/wp-content\/uploads\/62447389_1476701819189181_4240584312723865600_n.jpg?fit=960%2C641&ssl=1","jetpack_sharing_enabled":true,"jetpack_shortlink":"https:\/\/wp.me\/p8qtrQ-2JP","jetpack-related-posts":[{"id":8164,"url":"https:\/\/larevistadigital.com.ar\/blog\/el-municipio-de-lezama-realiza-colecta-de-sangre\/","url_meta":{"origin":10529,"position":0},"title":"EL MUNICIPIO DE LEZAMA REALIZA COLECTA DE SANGRE","author":"Alejandro Sosa Ruda","date":"5 febrero, 2019","format":false,"excerpt":"\u2022 La Municipalidad de Lezama en conjunto con la Unidad de Pronta Atenci\u00f3n N\u00b0 7 y el Instituto Provincial de Hemoterapia invitan a los Lezamenses a ser donantes para salvar vidas. El pr\u00f3ximo mi\u00e9rcoles 13 de febrero se realizar\u00e1 una vez m\u00e1s en el distrito la Colecta de Sangre, organizada\u2026","rel":"","context":"En \u00abLEZAMA\u00bb","block_context":{"text":"LEZAMA","link":"https:\/\/larevistadigital.com.ar\/blog\/category\/lezama\/"},"img":{"alt_text":"","src":"https:\/\/i0.wp.com\/larevistadigital.com.ar\/blog\/wp-content\/uploads\/2019\/02\/51477550_1397901607069203_6828995011342761984_o.jpg?fit=1067%2C899&ssl=1&resize=350%2C200","width":350,"height":200,"srcset":"https:\/\/i0.wp.com\/larevistadigital.com.ar\/blog\/wp-content\/uploads\/2019\/02\/51477550_1397901607069203_6828995011342761984_o.jpg?fit=1067%2C899&ssl=1&resize=350%2C200 1x, https:\/\/i0.wp.com\/larevistadigital.com.ar\/blog\/wp-content\/uploads\/2019\/02\/51477550_1397901607069203_6828995011342761984_o.jpg?fit=1067%2C899&ssl=1&resize=525%2C300 1.5x, https:\/\/i0.wp.com\/larevistadigital.com.ar\/blog\/wp-content\/uploads\/2019\/02\/51477550_1397901607069203_6828995011342761984_o.jpg?fit=1067%2C899&ssl=1&resize=700%2C400 2x, https:\/\/i0.wp.com\/larevistadigital.com.ar\/blog\/wp-content\/uploads\/2019\/02\/51477550_1397901607069203_6828995011342761984_o.jpg?fit=1067%2C899&ssl=1&resize=1050%2C600 3x"},"classes":[]},{"id":19529,"url":"https:\/\/larevistadigital.com.ar\/blog\/lezama-detienen-a-individuo-que-circulaba-borracho-por-la-ruta-2\/","url_meta":{"origin":10529,"position":1},"title":"LEZAMA: DETIENEN A INDIVIDUO QUE CIRCULABA BORRACHO  POR LA RUTA 2","author":"Alejandro Sosa Ruda","date":"29 marzo, 2021","format":false,"excerpt":"LEZAMA - Anoche, los efectivos del Destacamento de Polic\u00eda Vial de Lezama, fueron alertados que una camioneta que circulaba por la Ruta Provincial N\u00b0 2 en sentido hacia la Ciudad Aut\u00f3noma de Buenos Aires, realizando maniobras peligrosas. R\u00e1pidamente el personal policial procedi\u00f3 a interceptar la camioneta Ford Ranger, en el\u2026","rel":"","context":"En \u00abLEZAMA\u00bb","block_context":{"text":"LEZAMA","link":"https:\/\/larevistadigital.com.ar\/blog\/category\/lezama\/"},"img":{"alt_text":"","src":"https:\/\/i0.wp.com\/larevistadigital.com.ar\/blog\/wp-content\/uploads\/e7e3f074767124083dac5038876a8bc8dccca344.jpg?fit=900%2C900&ssl=1&resize=350%2C200","width":350,"height":200,"srcset":"https:\/\/i0.wp.com\/larevistadigital.com.ar\/blog\/wp-content\/uploads\/e7e3f074767124083dac5038876a8bc8dccca344.jpg?fit=900%2C900&ssl=1&resize=350%2C200 1x, https:\/\/i0.wp.com\/larevistadigital.com.ar\/blog\/wp-content\/uploads\/e7e3f074767124083dac5038876a8bc8dccca344.jpg?fit=900%2C900&ssl=1&resize=525%2C300 1.5x, https:\/\/i0.wp.com\/larevistadigital.com.ar\/blog\/wp-content\/uploads\/e7e3f074767124083dac5038876a8bc8dccca344.jpg?fit=900%2C900&ssl=1&resize=700%2C400 2x"},"classes":[]},{"id":10515,"url":"https:\/\/larevistadigital.com.ar\/blog\/lezama-si-prometo-alumnos-honraran-a-nuestra-bandera-en-el-monumento-nacional\/","url_meta":{"origin":10529,"position":2},"title":"LEZAMA: \u00a1S\u00cd, PROMETO! ALUMNOS HONRAR\u00c1N A NUESTRA BANDERA EN EL MONUMENTO NACIONAL","author":"Alejandro Sosa Ruda","date":"9 junio, 2019","format":false,"excerpt":"El Intendente Municipal y autoridades de Cultura y Educaci\u00f3n ultiman detalles del viaje a Rosario, donde nuestros alumnos de 4\u00b0 a\u00f1o har\u00e1n la tradicional promesa a la ense\u00f1a patria. Por tercer a\u00f1o consecutivo alumnos de 4\u00b0 a\u00f1o de todo el distrito, junto a sus docentes y directivos, viajar\u00e1n a la\u2026","rel":"","context":"En \u00abLEZAMA\u00bb","block_context":{"text":"LEZAMA","link":"https:\/\/larevistadigital.com.ar\/blog\/category\/lezama\/"},"img":{"alt_text":"","src":"https:\/\/i0.wp.com\/larevistadigital.com.ar\/blog\/wp-content\/uploads\/62163084_1473221216203908_8328735417159385088_n.jpg?fit=960%2C561&ssl=1&resize=350%2C200","width":350,"height":200,"srcset":"https:\/\/i0.wp.com\/larevistadigital.com.ar\/blog\/wp-content\/uploads\/62163084_1473221216203908_8328735417159385088_n.jpg?fit=960%2C561&ssl=1&resize=350%2C200 1x, https:\/\/i0.wp.com\/larevistadigital.com.ar\/blog\/wp-content\/uploads\/62163084_1473221216203908_8328735417159385088_n.jpg?fit=960%2C561&ssl=1&resize=525%2C300 1.5x, https:\/\/i0.wp.com\/larevistadigital.com.ar\/blog\/wp-content\/uploads\/62163084_1473221216203908_8328735417159385088_n.jpg?fit=960%2C561&ssl=1&resize=700%2C400 2x"},"classes":[]},{"id":9938,"url":"https:\/\/larevistadigital.com.ar\/blog\/lezama-viaje-a-cordoba-con-pami\/","url_meta":{"origin":10529,"position":3},"title":"LEZAMA: VIAJE A C\u00d3RDOBA CON PAMI","author":"Alejandro Sosa Ruda","date":"2 mayo, 2019","format":false,"excerpt":"\u00a1No dejes pasar esta oportunidad, anotate y gan\u00e1 un viaje a Villa Giardino! El sorteo ser\u00e1 el mi\u00e9rcoles 8 de Mayo, a las 12:30 en la sede de PAMI en Lezama. Los incriptos deber\u00e1n estar presente en el momento para recibir el premio, de lo contrario, ser\u00e1 sorteado nuevamente. Si\u2026","rel":"","context":"En \u00abLEZAMA\u00bb","block_context":{"text":"LEZAMA","link":"https:\/\/larevistadigital.com.ar\/blog\/category\/lezama\/"},"img":{"alt_text":"","src":"https:\/\/i0.wp.com\/larevistadigital.com.ar\/blog\/wp-content\/uploads\/2019\/05\/57370568_2323609827963712_8560285389078659072_n.jpg?fit=800%2C800&ssl=1&resize=350%2C200","width":350,"height":200,"srcset":"https:\/\/i0.wp.com\/larevistadigital.com.ar\/blog\/wp-content\/uploads\/2019\/05\/57370568_2323609827963712_8560285389078659072_n.jpg?fit=800%2C800&ssl=1&resize=350%2C200 1x, https:\/\/i0.wp.com\/larevistadigital.com.ar\/blog\/wp-content\/uploads\/2019\/05\/57370568_2323609827963712_8560285389078659072_n.jpg?fit=800%2C800&ssl=1&resize=525%2C300 1.5x, https:\/\/i0.wp.com\/larevistadigital.com.ar\/blog\/wp-content\/uploads\/2019\/05\/57370568_2323609827963712_8560285389078659072_n.jpg?fit=800%2C800&ssl=1&resize=700%2C400 2x"},"classes":[]},{"id":15407,"url":"https:\/\/larevistadigital.com.ar\/blog\/lezama-permite-la-apertura-de-todos-los-comercios-desde-el-1-6\/","url_meta":{"origin":10529,"position":4},"title":"LEZAMA PERMITE LA APERTURA DE TODOS LOS COMERCIOS DESDE EL 1\/6","author":"Alejandro Sosa Ruda","date":"29 mayo, 2020","format":false,"excerpt":"Esta ma\u00f1ana, el Comit\u00e9 de Crisis Municipal se reuni\u00f3 para analizar como continuar con el Aislamiento Social, Preventivo y Obligatorio en el marco de la pandemia del COVID-19. De acuerdo a lo que se ven\u00eda trabajando con la C\u00e1mara de Comercio local, que desde el comienzo de esta situaci\u00f3n ha\u2026","rel":"","context":"En \u00abLEZAMA\u00bb","block_context":{"text":"LEZAMA","link":"https:\/\/larevistadigital.com.ar\/blog\/category\/lezama\/"},"img":{"alt_text":"","src":"https:\/\/i0.wp.com\/larevistadigital.com.ar\/blog\/wp-content\/uploads\/100775827_1771666413026052_3833779720709734400_n.jpg?fit=650%2C366&ssl=1&resize=350%2C200","width":350,"height":200,"srcset":"https:\/\/i0.wp.com\/larevistadigital.com.ar\/blog\/wp-content\/uploads\/100775827_1771666413026052_3833779720709734400_n.jpg?fit=650%2C366&ssl=1&resize=350%2C200 1x, https:\/\/i0.wp.com\/larevistadigital.com.ar\/blog\/wp-content\/uploads\/100775827_1771666413026052_3833779720709734400_n.jpg?fit=650%2C366&ssl=1&resize=525%2C300 1.5x"},"classes":[]},{"id":9755,"url":"https:\/\/larevistadigital.com.ar\/blog\/lezama-secuestran-marihuana-en-un-operativo\/","url_meta":{"origin":10529,"position":5},"title":"LEZAMA: SECUESTRAN MARIHUANA EN UN OPERATIVO","author":"Alejandro Sosa Ruda","date":"18 abril, 2019","format":false,"excerpt":"En un operativo conjunto llevado a cabo en la v\u00edspera por Polic\u00eda de Seguridad Vial Lezama Estaci\u00f3n de Polic\u00eda Comunal Lezama, Personal de Narcotr\u00e1fico de Chascom\u00fas y personal de la Secretaria de Seguridad de Lezama en la Autov\u00eda 2 a la altura del Km. 156.500 en jurisdicci\u00f3n de la ciudad\u2026","rel":"","context":"En \u00abLEZAMA\u00bb","block_context":{"text":"LEZAMA","link":"https:\/\/larevistadigital.com.ar\/blog\/category\/lezama\/"},"img":{"alt_text":"","src":"https:\/\/i0.wp.com\/larevistadigital.com.ar\/blog\/wp-content\/uploads\/2019\/04\/DROGA-LEZAMA.jpg?fit=1200%2C583&ssl=1&resize=350%2C200","width":350,"height":200,"srcset":"https:\/\/i0.wp.com\/larevistadigital.com.ar\/blog\/wp-content\/uploads\/2019\/04\/DROGA-LEZAMA.jpg?fit=1200%2C583&ssl=1&resize=350%2C200 1x, https:\/\/i0.wp.com\/larevistadigital.com.ar\/blog\/wp-content\/uploads\/2019\/04\/DROGA-LEZAMA.jpg?fit=1200%2C583&ssl=1&resize=525%2C300 1.5x, https:\/\/i0.wp.com\/larevistadigital.com.ar\/blog\/wp-content\/uploads\/2019\/04\/DROGA-LEZAMA.jpg?fit=1200%2C583&ssl=1&resize=700%2C400 2x, https:\/\/i0.wp.com\/larevistadigital.com.ar\/blog\/wp-content\/uploads\/2019\/04\/DROGA-LEZAMA.jpg?fit=1200%2C583&ssl=1&resize=1050%2C600 3x"},"classes":[]}],"_links":{"self":[{"href":"https:\/\/larevistadigital.com.ar\/blog\/wp-json\/wp\/v2\/posts\/10529","targetHints":{"allow":["GET"]}}],"collection":[{"href":"https:\/\/larevistadigital.com.ar\/blog\/wp-json\/wp\/v2\/posts"}],"about":[{"href":"https:\/\/larevistadigital.com.ar\/blog\/wp-json\/wp\/v2\/types\/post"}],"author":[{"embeddable":true,"href":"https:\/\/larevistadigital.com.ar\/blog\/wp-json\/wp\/v2\/users\/3"}],"replies":[{"embeddable":true,"href":"https:\/\/larevistadigital.com.ar\/blog\/wp-json\/wp\/v2\/comments?post=10529"}],"version-history":[{"count":1,"href":"https:\/\/larevistadigital.com.ar\/blog\/wp-json\/wp\/v2\/posts\/10529\/revisions"}],"predecessor-version":[{"id":10531,"href":"https:\/\/larevistadigital.com.ar\/blog\/wp-json\/wp\/v2\/posts\/10529\/revisions\/10531"}],"wp:featuredmedia":[{"embeddable":true,"href":"https:\/\/larevistadigital.com.ar\/blog\/wp-json\/wp\/v2\/media\/10530"}],"wp:attachment":[{"href":"https:\/\/larevistadigital.com.ar\/blog\/wp-json\/wp\/v2\/media?parent=10529"}],"wp:term":[{"taxonomy":"category","embeddable":true,"href":"https:\/\/larevistadigital.com.ar\/blog\/wp-json\/wp\/v2\/categories?post=10529"},{"taxonomy":"post_tag","embeddable":true,"href":"https:\/\/larevistadigital.com.ar\/blog\/wp-json\/wp\/v2\/tags?post=10529"}],"curies":[{"name":"wp","href":"https:\/\/api.w.org\/{rel}","templated":true}]}}