{"id":10695,"date":"2019-06-22T15:28:24","date_gmt":"2019-06-22T15:28:24","guid":{"rendered":"https:\/\/larevistadigital.com.ar\/blog\/?p=10695"},"modified":"2019-06-22T15:28:24","modified_gmt":"2019-06-22T15:28:24","slug":"chascomus-los-nombres-de-la-lista-del-doctor-santiago-dos-santos","status":"publish","type":"post","link":"https:\/\/larevistadigital.com.ar\/blog\/chascomus-los-nombres-de-la-lista-del-doctor-santiago-dos-santos\/","title":{"rendered":"CHASCOM\u00daS: LOS NOMBRES DE LA LISTA DEL DOCTOR SANTIAGO DOS SANTOS"},"content":{"rendered":"<p>Si bien el cierre de presentaci\u00f3n de listas ser\u00e1 a las doce de la noche del d\u00eda de hoy, pudimos conocer algunos de los nombres que acompa\u00f1ar\u00e1n al doctor <strong>Santiago Dos Santos<\/strong> en su lista como pre candidato a Intendente de \u00abJuntos por el Cambio\u00bb en la ciudad de Chascom\u00fas.<\/p>\n<p>Los integrantes que pudimos conocer ser\u00edan los siguientes:<\/p>\n<p>Candidato a Intendente: <strong>Santiago Dos Santos<\/strong><\/p>\n<p>1\u00b0 concejal: <strong>Alejandro Bartoletti<\/strong><\/p>\n<p>2\u00b0 concejal: <strong>Mariela Alfons\u00edn<\/strong><\/p>\n<p>3\u00b0 concejal: <strong>Augusto Villa<\/strong><\/p>\n<p>4\u00b0 concejal: <strong>Anal\u00eda Barthe Placenabe<\/strong><\/p>\n<p>5\u00b0 concejal: <strong>Sebasti\u00e1n Miguens<\/strong><\/p>\n<p>6\u00b0 concejal: <strong>Julieta P\u00e1ez<\/strong><\/p>\n<p>7\u00b0 concejal: <strong>Marcelo Card Areli<\/strong><\/p>\n<p>8\u00b0 concejal: <strong>Alicia Agro Mayor<\/strong><\/p>\n<p><strong>CONSEJEROS ESCOLARES<\/strong><\/p>\n<p>1 <strong>Lucia Tejo<\/strong><br \/>\n2 <strong>Chipola<\/strong><br \/>\n3 <strong>Andrea Gil<\/strong><br \/>\nSuplente <strong>Daniel faga<\/strong><\/p>\n","protected":false},"excerpt":{"rendered":"<div class=\"mh-excerpt\"><p>Si bien el cierre de presentaci\u00f3n de listas ser\u00e1 a las doce de la noche del d\u00eda de hoy, pudimos conocer algunos de los nombres que acompa\u00f1ar\u00e1n al doctor Santiago Dos Santos en su lista <a class=\"mh-excerpt-more\" href=\"https:\/\/larevistadigital.com.ar\/blog\/chascomus-los-nombres-de-la-lista-del-doctor-santiago-dos-santos\/\" title=\"CHASCOM\u00daS: LOS NOMBRES DE LA LISTA DEL DOCTOR SANTIAGO DOS SANTOS\">[Leer M\u00e1s]<\/a><\/p>\n<\/div>","protected":false},"author":3,"featured_media":9595,"comment_status":"open","ping_status":"open","sticky":false,"template":"","format":"standard","meta":{"_jetpack_memberships_contains_paid_content":false,"footnotes":"","jetpack_publicize_message":"","jetpack_publicize_feature_enabled":true,"jetpack_social_post_already_shared":true,"jetpack_social_options":{"image_generator_settings":{"template":"highway","default_image_id":0,"font":"","enabled":false},"version":2}},"categories":[41],"tags":[],"class_list":{"0":"post-10695","1":"post","2":"type-post","3":"status-publish","4":"format-standard","5":"has-post-thumbnail","7":"category-destacadas"},"jetpack_publicize_connections":[],"jetpack_featured_media_url":"https:\/\/i0.wp.com\/larevistadigital.com.ar\/blog\/wp-content\/uploads\/2019\/04\/19601412_10213452250083944_4973836600266300277_n.jpg?fit=960%2C960&ssl=1","jetpack_sharing_enabled":true,"jetpack_shortlink":"https:\/\/wp.me\/p8qtrQ-2Mv","jetpack-related-posts":[{"id":10702,"url":"https:\/\/larevistadigital.com.ar\/blog\/chascomus-la-lista-completa-que-conformo-el-doctor-osvaldo-battisacchi\/","url_meta":{"origin":10695,"position":0},"title":"CHASCOM\u00daS:  LA LISTA COMPLETA QUE CONFORM\u00d3 EL DOCTOR OSVALDO BATTISACCHI","author":"Alejandro Sosa Ruda","date":"22 junio, 2019","format":false,"excerpt":"Por el lado del m\u00e9dico Osvaldo Battisacchi, tambi\u00e9n accedimos a\u00a0 los nombres que conformar\u00e1n la lista que lo llevar\u00e1 a la cabeza como pre candidato a Intendente de Juntos por el Cambio. En este caso son Candidato a Intendente: Osvaldo Battisacchi CONCEJALES TITULARES 1\u00b0 concejal: Miguel Pericles Alfons\u00edn 2\u00b0 concejal:\u2026","rel":"","context":"En \u00abPOLITICA\u00bb","block_context":{"text":"POLITICA","link":"https:\/\/larevistadigital.com.ar\/blog\/category\/politica\/"},"img":{"alt_text":"","src":"https:\/\/i0.wp.com\/larevistadigital.com.ar\/blog\/wp-content\/uploads\/56178456_432186610870026_3803145960960294912_n.jpg?fit=682%2C682&ssl=1&resize=350%2C200","width":350,"height":200,"srcset":"https:\/\/i0.wp.com\/larevistadigital.com.ar\/blog\/wp-content\/uploads\/56178456_432186610870026_3803145960960294912_n.jpg?fit=682%2C682&ssl=1&resize=350%2C200 1x, https:\/\/i0.wp.com\/larevistadigital.com.ar\/blog\/wp-content\/uploads\/56178456_432186610870026_3803145960960294912_n.jpg?fit=682%2C682&ssl=1&resize=525%2C300 1.5x"},"classes":[]},{"id":2816,"url":"https:\/\/larevistadigital.com.ar\/blog\/chascomus-el-precandidato-a-concejal-de-cambiemos-santiago-dos-santos-se-reunio-con-el-intendente-de-general-belgrano\/","url_meta":{"origin":10695,"position":1},"title":"CHASCOM\u00daS: EL PRECANDIDATO A CONCEJAL DE CAMBIEMOS SANTIAGO DOS SANTOS, SE REUNI\u00d3 CON EL INTENDENTE DE GENERAL BELGRANO","author":"Alejandro Sosa Ruda","date":"3 agosto, 2017","format":false,"excerpt":"Encuentro de trabajo de los candidatos a concejales de Cambiemos-UCR con el Intendente de Gral Belgrano Los\u00a0 candidatos a concejales de Cambiemos-UCR, Santiago Dos Santos y Lorenza Marquez mantuvieron un encuentro de trabajo con el Intendente de Gral. Belgrano Osvaldo Din\u00e1poli y miembros de su gabinete. El objetivo de la\u2026","rel":"","context":"En \u00abCHASCOM\u00daS\u00bb","block_context":{"text":"CHASCOM\u00daS","link":"https:\/\/larevistadigital.com.ar\/blog\/category\/chascomus\/"},"img":{"alt_text":"","src":"https:\/\/i0.wp.com\/larevistadigital.com.ar\/blog\/wp-content\/uploads\/2017\/08\/DINAPOLI.jpg?fit=900%2C507&ssl=1&resize=350%2C200","width":350,"height":200,"srcset":"https:\/\/i0.wp.com\/larevistadigital.com.ar\/blog\/wp-content\/uploads\/2017\/08\/DINAPOLI.jpg?fit=900%2C507&ssl=1&resize=350%2C200 1x, https:\/\/i0.wp.com\/larevistadigital.com.ar\/blog\/wp-content\/uploads\/2017\/08\/DINAPOLI.jpg?fit=900%2C507&ssl=1&resize=525%2C300 1.5x, https:\/\/i0.wp.com\/larevistadigital.com.ar\/blog\/wp-content\/uploads\/2017\/08\/DINAPOLI.jpg?fit=900%2C507&ssl=1&resize=700%2C400 2x"},"classes":[]},{"id":10325,"url":"https:\/\/larevistadigital.com.ar\/blog\/chascomus-segun-una-pagina-de-noticias-politicas-ramiro-ferrante-sera-candidato-a-intendente\/","url_meta":{"origin":10695,"position":2},"title":"CHASCOM\u00daS: SEG\u00daN UNA PAGINA DE NOTICIAS POL\u00cdTICAS, RAMIRO FERRANTE SER\u00c1 CANDIDATO A INTENDENTE","author":"Alejandro Sosa Ruda","date":"29 mayo, 2019","format":false,"excerpt":"Luego de una gran incertidumbre acerca de la decisi\u00f3n final que tomar\u00eda, el concejal Ramiro Ferrante va a presentarse como precandidato a intendente de Cambi\u00e9mos, enfrentando a los doctores Santiago Dos Santos, y Osvaldo Battisacchi en una contienda interna. Alex Campbell, subsecretario de Gobierno y Asuntos Municipales de la Provincia\u2026","rel":"","context":"En \u00abDESTACADAS\u00bb","block_context":{"text":"DESTACADAS","link":"https:\/\/larevistadigital.com.ar\/blog\/category\/destacadas\/"},"img":{"alt_text":"","src":"https:\/\/i0.wp.com\/larevistadigital.com.ar\/blog\/wp-content\/uploads\/2019\/05\/Campbell-y-Ferrante.jpg?fit=995%2C553&ssl=1&resize=350%2C200","width":350,"height":200,"srcset":"https:\/\/i0.wp.com\/larevistadigital.com.ar\/blog\/wp-content\/uploads\/2019\/05\/Campbell-y-Ferrante.jpg?fit=995%2C553&ssl=1&resize=350%2C200 1x, https:\/\/i0.wp.com\/larevistadigital.com.ar\/blog\/wp-content\/uploads\/2019\/05\/Campbell-y-Ferrante.jpg?fit=995%2C553&ssl=1&resize=525%2C300 1.5x, https:\/\/i0.wp.com\/larevistadigital.com.ar\/blog\/wp-content\/uploads\/2019\/05\/Campbell-y-Ferrante.jpg?fit=995%2C553&ssl=1&resize=700%2C400 2x"},"classes":[]},{"id":41331,"url":"https:\/\/larevistadigital.com.ar\/blog\/chascomus-lucio-alfonsin-se-impuso-por-amplio-margen-en-los-comicios-para-concejal\/","url_meta":{"origin":10695,"position":3},"title":"Chascom\u00fas: Lucio Alfons\u00edn se impuso por amplio m\u00e1rgen en los comicios para concejal","author":"Alejandro Sosa Ruda","date":"7 septiembre, 2025","format":false,"excerpt":"Gan\u00f3 la elecci\u00f3n por casi diez puntos de distancia sobre su inmediato perseguidor, Santiago Dos Santos, que solo pudo sacarle 22 votos de diferencia al Dr, Toledo, de La Libertad Avanza. Santiago Casalins, qued\u00f3\u00a0 cuarto, a 492 votos de diferencia. 7 de Septirmbre de 2025 CHASCOM\u00daS -\u00a0 Luego de una\u2026","rel":"","context":"En \u00abCHASCOM\u00daS\u00bb","block_context":{"text":"CHASCOM\u00daS","link":"https:\/\/larevistadigital.com.ar\/blog\/category\/chascomus\/"},"img":{"alt_text":"","src":"https:\/\/i0.wp.com\/larevistadigital.com.ar\/blog\/wp-content\/uploads\/WhatsApp-Image-2025-09-07-at-12.23.18.jpeg?fit=1200%2C798&ssl=1&resize=350%2C200","width":350,"height":200,"srcset":"https:\/\/i0.wp.com\/larevistadigital.com.ar\/blog\/wp-content\/uploads\/WhatsApp-Image-2025-09-07-at-12.23.18.jpeg?fit=1200%2C798&ssl=1&resize=350%2C200 1x, https:\/\/i0.wp.com\/larevistadigital.com.ar\/blog\/wp-content\/uploads\/WhatsApp-Image-2025-09-07-at-12.23.18.jpeg?fit=1200%2C798&ssl=1&resize=525%2C300 1.5x, https:\/\/i0.wp.com\/larevistadigital.com.ar\/blog\/wp-content\/uploads\/WhatsApp-Image-2025-09-07-at-12.23.18.jpeg?fit=1200%2C798&ssl=1&resize=700%2C400 2x, https:\/\/i0.wp.com\/larevistadigital.com.ar\/blog\/wp-content\/uploads\/WhatsApp-Image-2025-09-07-at-12.23.18.jpeg?fit=1200%2C798&ssl=1&resize=1050%2C600 3x"},"classes":[]},{"id":31336,"url":"https:\/\/larevistadigital.com.ar\/blog\/francisco-rodriguez-candidato-a-concejal-por-uxch\/","url_meta":{"origin":10695,"position":4},"title":"\u00bfFRANCISCO RODRIGUEZ CANDIDATO A CONCEJAL POR UXCH?","author":"Alejandro Sosa Ruda","date":"4 mayo, 2023","format":false,"excerpt":"El ex Secretario General de la Seccional Chascom\u00fas de la Asociaci\u00f3n Bancaria, Francisco Rodriguez podr\u00eda ser candidato a concejal de Unidad por Chascom\u00fas, luego de perder el gremio en la \u00faltima elecci\u00f3n. 4 de mayo de 2023 CHASCOM\u00daS -\u00a0 Lleg\u00f3 a nuestra redacci\u00f3n, la informaci\u00f3n de una fuente altamente confiable,\u2026","rel":"","context":"En \u00abGREMIALES\u00bb","block_context":{"text":"GREMIALES","link":"https:\/\/larevistadigital.com.ar\/blog\/category\/gremiales\/"},"img":{"alt_text":"","src":"https:\/\/i0.wp.com\/larevistadigital.com.ar\/blog\/wp-content\/uploads\/FRANCISCO-RODRIGUEZ.jpg?fit=800%2C449&ssl=1&resize=350%2C200","width":350,"height":200,"srcset":"https:\/\/i0.wp.com\/larevistadigital.com.ar\/blog\/wp-content\/uploads\/FRANCISCO-RODRIGUEZ.jpg?fit=800%2C449&ssl=1&resize=350%2C200 1x, https:\/\/i0.wp.com\/larevistadigital.com.ar\/blog\/wp-content\/uploads\/FRANCISCO-RODRIGUEZ.jpg?fit=800%2C449&ssl=1&resize=525%2C300 1.5x, https:\/\/i0.wp.com\/larevistadigital.com.ar\/blog\/wp-content\/uploads\/FRANCISCO-RODRIGUEZ.jpg?fit=800%2C449&ssl=1&resize=700%2C400 2x"},"classes":[]},{"id":12837,"url":"https:\/\/larevistadigital.com.ar\/blog\/el-candidato-a-concejal-leo-moyano-voto-temprano\/","url_meta":{"origin":10695,"position":5},"title":"El CANDIDATO A CONCEJAL LEO MOYANO, VOT\u00d3 TEMPRANO","author":"Alejandro Sosa Ruda","date":"27 octubre, 2019","format":false,"excerpt":"Leo Moyano, candidato a Concejal por el frente liderado por Roberto Lavagna concurri\u00f3 aproximadamente a las 9:00 hs. a cumplir con su deber c\u00edvico y emitir su sufragio. Moyano, de sport y muy contento, vot\u00f3 en la escuela Municipal 2, ante las muestras de afecto de los presentes.","rel":"","context":"En \u00abCHASCOM\u00daS\u00bb","block_context":{"text":"CHASCOM\u00daS","link":"https:\/\/larevistadigital.com.ar\/blog\/category\/chascomus\/"},"img":{"alt_text":"","src":"https:\/\/i0.wp.com\/larevistadigital.com.ar\/blog\/wp-content\/uploads\/WhatsApp-Image-2019-10-27-at-11.27.06.jpeg?fit=1080%2C1080&ssl=1&resize=350%2C200","width":350,"height":200,"srcset":"https:\/\/i0.wp.com\/larevistadigital.com.ar\/blog\/wp-content\/uploads\/WhatsApp-Image-2019-10-27-at-11.27.06.jpeg?fit=1080%2C1080&ssl=1&resize=350%2C200 1x, https:\/\/i0.wp.com\/larevistadigital.com.ar\/blog\/wp-content\/uploads\/WhatsApp-Image-2019-10-27-at-11.27.06.jpeg?fit=1080%2C1080&ssl=1&resize=525%2C300 1.5x, https:\/\/i0.wp.com\/larevistadigital.com.ar\/blog\/wp-content\/uploads\/WhatsApp-Image-2019-10-27-at-11.27.06.jpeg?fit=1080%2C1080&ssl=1&resize=700%2C400 2x, https:\/\/i0.wp.com\/larevistadigital.com.ar\/blog\/wp-content\/uploads\/WhatsApp-Image-2019-10-27-at-11.27.06.jpeg?fit=1080%2C1080&ssl=1&resize=1050%2C600 3x"},"classes":[]}],"_links":{"self":[{"href":"https:\/\/larevistadigital.com.ar\/blog\/wp-json\/wp\/v2\/posts\/10695","targetHints":{"allow":["GET"]}}],"collection":[{"href":"https:\/\/larevistadigital.com.ar\/blog\/wp-json\/wp\/v2\/posts"}],"about":[{"href":"https:\/\/larevistadigital.com.ar\/blog\/wp-json\/wp\/v2\/types\/post"}],"author":[{"embeddable":true,"href":"https:\/\/larevistadigital.com.ar\/blog\/wp-json\/wp\/v2\/users\/3"}],"replies":[{"embeddable":true,"href":"https:\/\/larevistadigital.com.ar\/blog\/wp-json\/wp\/v2\/comments?post=10695"}],"version-history":[{"count":3,"href":"https:\/\/larevistadigital.com.ar\/blog\/wp-json\/wp\/v2\/posts\/10695\/revisions"}],"predecessor-version":[{"id":10701,"href":"https:\/\/larevistadigital.com.ar\/blog\/wp-json\/wp\/v2\/posts\/10695\/revisions\/10701"}],"wp:featuredmedia":[{"embeddable":true,"href":"https:\/\/larevistadigital.com.ar\/blog\/wp-json\/wp\/v2\/media\/9595"}],"wp:attachment":[{"href":"https:\/\/larevistadigital.com.ar\/blog\/wp-json\/wp\/v2\/media?parent=10695"}],"wp:term":[{"taxonomy":"category","embeddable":true,"href":"https:\/\/larevistadigital.com.ar\/blog\/wp-json\/wp\/v2\/categories?post=10695"},{"taxonomy":"post_tag","embeddable":true,"href":"https:\/\/larevistadigital.com.ar\/blog\/wp-json\/wp\/v2\/tags?post=10695"}],"curies":[{"name":"wp","href":"https:\/\/api.w.org\/{rel}","templated":true}]}}