{"id":10702,"date":"2019-06-22T16:19:40","date_gmt":"2019-06-22T16:19:40","guid":{"rendered":"https:\/\/larevistadigital.com.ar\/blog\/?p=10702"},"modified":"2019-06-22T16:19:40","modified_gmt":"2019-06-22T16:19:40","slug":"chascomus-la-lista-completa-que-conformo-el-doctor-osvaldo-battisacchi","status":"publish","type":"post","link":"https:\/\/larevistadigital.com.ar\/blog\/chascomus-la-lista-completa-que-conformo-el-doctor-osvaldo-battisacchi\/","title":{"rendered":"CHASCOM\u00daS:  LA LISTA COMPLETA QUE CONFORM\u00d3 EL DOCTOR OSVALDO BATTISACCHI"},"content":{"rendered":"<p>Por el lado del m\u00e9dico <strong>Osvaldo Battisacchi<\/strong>, tambi\u00e9n accedimos a\u00a0 los nombres que conformar\u00e1n la lista que lo llevar\u00e1 a la cabeza como pre candidato a Intendente de Juntos por el Cambio.<\/p>\n<p>En este caso son<\/p>\n<p>Candidato a Intendente: Osvaldo Battisacchi<\/p>\n<p><strong>CONCEJALES TITULARES<\/strong><\/p>\n<p>1\u00b0 concejal: <strong>Miguel Pericles Alfons\u00edn<\/strong><\/p>\n<p>2\u00b0 concejal: <strong>Roxana Claver\u00ede<\/strong><\/p>\n<p>3\u00b0 concejal: <strong>Fabi\u00e1n Lejona<\/strong><\/p>\n<p>4\u00b0 concejal: <strong>Ana Olivera<\/strong><\/p>\n<p>5\u00b0 concejal: <strong>Nicol\u00e1s Centenaro<\/strong><\/p>\n<p>6\u00b0 concejal: <strong>Lorena Escaray<\/strong><\/p>\n<p>7\u00b0 concejal: <strong>Mario Bilbao<\/strong><\/p>\n<p>8\u00b0 concejal: <strong>N\u00e9lida \u00c1lvarez<\/strong><\/p>\n<p>&nbsp;<\/p>\n<p><strong>CONSEJEROS ESCOLARES:<\/strong><\/p>\n<p>1\u00b0 <strong>Mar\u00eda Fernanda Plach\u00e9<\/strong><\/p>\n<p>2\u00b0 <strong>Maximiliano Mirande<\/strong><\/p>\n<p>3\u00b0 <strong>Mar\u00eda Eugenia Villafa\u00f1e<\/strong><\/p>\n<p>Los candidatos a Concejales Suplentes son: <strong>Bertoglio Oscar<\/strong>, <strong>Ardohain Cintia<\/strong>, <strong>Ocampo Mart\u00edn<\/strong>, <strong>Claver\u00ede Mar\u00eda Delia<\/strong>, <strong>Macchi Federico<\/strong><\/p>\n<p>y los candidatos a Consejeros Escolares suplentes: <strong>Haye Mauro<\/strong>, <strong>Prat Analia<\/strong> y <strong>Katulsca Ivan<\/strong><\/p>\n","protected":false},"excerpt":{"rendered":"<div class=\"mh-excerpt\"><p>Por el lado del m\u00e9dico Osvaldo Battisacchi, tambi\u00e9n accedimos a\u00a0 los nombres que conformar\u00e1n la lista que lo llevar\u00e1 a la cabeza como pre candidato a Intendente de Juntos por el Cambio. En este caso <a class=\"mh-excerpt-more\" href=\"https:\/\/larevistadigital.com.ar\/blog\/chascomus-la-lista-completa-que-conformo-el-doctor-osvaldo-battisacchi\/\" title=\"CHASCOM\u00daS:  LA LISTA COMPLETA QUE CONFORM\u00d3 EL DOCTOR OSVALDO BATTISACCHI\">[Leer M\u00e1s]<\/a><\/p>\n<\/div>","protected":false},"author":3,"featured_media":10619,"comment_status":"open","ping_status":"open","sticky":false,"template":"","format":"standard","meta":{"_jetpack_memberships_contains_paid_content":false,"footnotes":"","jetpack_publicize_message":"","jetpack_publicize_feature_enabled":true,"jetpack_social_post_already_shared":true,"jetpack_social_options":{"image_generator_settings":{"template":"highway","default_image_id":0,"font":"","enabled":false},"version":2}},"categories":[12,23],"tags":[],"class_list":{"0":"post-10702","1":"post","2":"type-post","3":"status-publish","4":"format-standard","5":"has-post-thumbnail","7":"category-politica","8":"category-politica-local"},"jetpack_publicize_connections":[],"jetpack_featured_media_url":"https:\/\/i0.wp.com\/larevistadigital.com.ar\/blog\/wp-content\/uploads\/56178456_432186610870026_3803145960960294912_n.jpg?fit=682%2C682&ssl=1","jetpack_sharing_enabled":true,"jetpack_shortlink":"https:\/\/wp.me\/p8qtrQ-2MC","jetpack-related-posts":[{"id":10618,"url":"https:\/\/larevistadigital.com.ar\/blog\/chascomus-confirman-la-pre-candidatura-a-intendente-de-osvaldo-battisacchi\/","url_meta":{"origin":10702,"position":0},"title":"CHASCOM\u00daS: CONFIRMAN LA PRE-CANDIDATURA A INTENDENTE DE OSVALDO BATTISACCHI","author":"Alejandro Sosa Ruda","date":"14 junio, 2019","format":false,"excerpt":"Desde prensa del pre candidato a Intendente Osvaldo Battisacchi nos env\u00edan la informaci\u00f3n que confirma su participaci\u00f3n por el cargo antes mencionado. El comunicado es el siguiente: Luego de la presentaci\u00f3n formal de los frentes que competir\u00e1n en el pa\u00eds, provincia y Chascom\u00fas, se confirm\u00f3 la precandidatura a intendente por\u2026","rel":"","context":"En \u00abCHASCOM\u00daS\u00bb","block_context":{"text":"CHASCOM\u00daS","link":"https:\/\/larevistadigital.com.ar\/blog\/category\/chascomus\/"},"img":{"alt_text":"","src":"https:\/\/i0.wp.com\/larevistadigital.com.ar\/blog\/wp-content\/uploads\/56178456_432186610870026_3803145960960294912_n.jpg?fit=682%2C682&ssl=1&resize=350%2C200","width":350,"height":200,"srcset":"https:\/\/i0.wp.com\/larevistadigital.com.ar\/blog\/wp-content\/uploads\/56178456_432186610870026_3803145960960294912_n.jpg?fit=682%2C682&ssl=1&resize=350%2C200 1x, https:\/\/i0.wp.com\/larevistadigital.com.ar\/blog\/wp-content\/uploads\/56178456_432186610870026_3803145960960294912_n.jpg?fit=682%2C682&ssl=1&resize=525%2C300 1.5x"},"classes":[]},{"id":10325,"url":"https:\/\/larevistadigital.com.ar\/blog\/chascomus-segun-una-pagina-de-noticias-politicas-ramiro-ferrante-sera-candidato-a-intendente\/","url_meta":{"origin":10702,"position":1},"title":"CHASCOM\u00daS: SEG\u00daN UNA PAGINA DE NOTICIAS POL\u00cdTICAS, RAMIRO FERRANTE SER\u00c1 CANDIDATO A INTENDENTE","author":"Alejandro Sosa Ruda","date":"29 mayo, 2019","format":false,"excerpt":"Luego de una gran incertidumbre acerca de la decisi\u00f3n final que tomar\u00eda, el concejal Ramiro Ferrante va a presentarse como precandidato a intendente de Cambi\u00e9mos, enfrentando a los doctores Santiago Dos Santos, y Osvaldo Battisacchi en una contienda interna. Alex Campbell, subsecretario de Gobierno y Asuntos Municipales de la Provincia\u2026","rel":"","context":"En \u00abDESTACADAS\u00bb","block_context":{"text":"DESTACADAS","link":"https:\/\/larevistadigital.com.ar\/blog\/category\/destacadas\/"},"img":{"alt_text":"","src":"https:\/\/i0.wp.com\/larevistadigital.com.ar\/blog\/wp-content\/uploads\/2019\/05\/Campbell-y-Ferrante.jpg?fit=995%2C553&ssl=1&resize=350%2C200","width":350,"height":200,"srcset":"https:\/\/i0.wp.com\/larevistadigital.com.ar\/blog\/wp-content\/uploads\/2019\/05\/Campbell-y-Ferrante.jpg?fit=995%2C553&ssl=1&resize=350%2C200 1x, https:\/\/i0.wp.com\/larevistadigital.com.ar\/blog\/wp-content\/uploads\/2019\/05\/Campbell-y-Ferrante.jpg?fit=995%2C553&ssl=1&resize=525%2C300 1.5x, https:\/\/i0.wp.com\/larevistadigital.com.ar\/blog\/wp-content\/uploads\/2019\/05\/Campbell-y-Ferrante.jpg?fit=995%2C553&ssl=1&resize=700%2C400 2x"},"classes":[]},{"id":11531,"url":"https:\/\/larevistadigital.com.ar\/blog\/chascomus-battisacchi-una-ciudad-se-construye-con-la-voz-de-cada-vecino-y-para-escuchar-hay-que-estar-cerca\/","url_meta":{"origin":10702,"position":2},"title":"CHASCOM\u00daS: BATTISACCHI: \u201cUNA CIUDAD SE CONSTRUYE CON LA VOZ DE CADA VECINO. Y PARA ESCUCHAR HAY QUE ESTAR CERCA\u201d","author":"Alejandro Sosa Ruda","date":"26 julio, 2019","format":false,"excerpt":"El precandidato a intendente de \"Juntos por el Cambio\", Osvaldo Battisacchi, junto al grupo de precandidatos a concejales y consejeros escolares que lo acompa\u00f1an en la Lista 135 - 3 Rojo A, contin\u00faa recorriendo los barrios de nuestra ciudad. En declaraciones period\u00edsticas, el Dr. Battisacchi, sostuvo \u201cEstamos recorriendo los barrios\u2026","rel":"","context":"En \u00abCHASCOM\u00daS\u00bb","block_context":{"text":"CHASCOM\u00daS","link":"https:\/\/larevistadigital.com.ar\/blog\/category\/chascomus\/"},"img":{"alt_text":"","src":"https:\/\/i0.wp.com\/larevistadigital.com.ar\/blog\/wp-content\/uploads\/Batti-con-vecinos-m.jpg?fit=1152%2C864&ssl=1&resize=350%2C200","width":350,"height":200,"srcset":"https:\/\/i0.wp.com\/larevistadigital.com.ar\/blog\/wp-content\/uploads\/Batti-con-vecinos-m.jpg?fit=1152%2C864&ssl=1&resize=350%2C200 1x, https:\/\/i0.wp.com\/larevistadigital.com.ar\/blog\/wp-content\/uploads\/Batti-con-vecinos-m.jpg?fit=1152%2C864&ssl=1&resize=525%2C300 1.5x, https:\/\/i0.wp.com\/larevistadigital.com.ar\/blog\/wp-content\/uploads\/Batti-con-vecinos-m.jpg?fit=1152%2C864&ssl=1&resize=700%2C400 2x, https:\/\/i0.wp.com\/larevistadigital.com.ar\/blog\/wp-content\/uploads\/Batti-con-vecinos-m.jpg?fit=1152%2C864&ssl=1&resize=1050%2C600 3x"},"classes":[]},{"id":11246,"url":"https:\/\/larevistadigital.com.ar\/blog\/batissacchi-me-siento-capaz-de-devolver-a-chascomus-lo-que-recibi\/","url_meta":{"origin":10702,"position":3},"title":"BATISSACCHI: \u00abME SIENTO CAPAZ DE DEVOLVER A CHASCOM\u00daS LO QUE RECIB\u00cd","author":"Alejandro Sosa Ruda","date":"13 julio, 2019","format":false,"excerpt":"El precandidato a intendente de \"Juntos por el Cambio\", Osvaldo Battisacchi, destac\u00f3 la integraci\u00f3n de la lista que encabeza, y se refiri\u00f3 a su anhelo de triunfar en las PASO de agosto y las elecciones generales de octubre. \u201cSoy un agradecido de Chascom\u00fas, de mi profesi\u00f3n, lo que me dio\u2026","rel":"","context":"En \u00abCHASCOM\u00daS\u00bb","block_context":{"text":"CHASCOM\u00daS","link":"https:\/\/larevistadigital.com.ar\/blog\/category\/chascomus\/"},"img":{"alt_text":"","src":"https:\/\/i0.wp.com\/larevistadigital.com.ar\/blog\/wp-content\/uploads\/los-candidatos.jpg?fit=891%2C496&ssl=1&resize=350%2C200","width":350,"height":200,"srcset":"https:\/\/i0.wp.com\/larevistadigital.com.ar\/blog\/wp-content\/uploads\/los-candidatos.jpg?fit=891%2C496&ssl=1&resize=350%2C200 1x, https:\/\/i0.wp.com\/larevistadigital.com.ar\/blog\/wp-content\/uploads\/los-candidatos.jpg?fit=891%2C496&ssl=1&resize=525%2C300 1.5x, https:\/\/i0.wp.com\/larevistadigital.com.ar\/blog\/wp-content\/uploads\/los-candidatos.jpg?fit=891%2C496&ssl=1&resize=700%2C400 2x"},"classes":[]},{"id":10695,"url":"https:\/\/larevistadigital.com.ar\/blog\/chascomus-los-nombres-de-la-lista-del-doctor-santiago-dos-santos\/","url_meta":{"origin":10702,"position":4},"title":"CHASCOM\u00daS: LOS NOMBRES DE LA LISTA DEL DOCTOR SANTIAGO DOS SANTOS","author":"Alejandro Sosa Ruda","date":"22 junio, 2019","format":false,"excerpt":"Si bien el cierre de presentaci\u00f3n de listas ser\u00e1 a las doce de la noche del d\u00eda de hoy, pudimos conocer algunos de los nombres que acompa\u00f1ar\u00e1n al doctor Santiago Dos Santos en su lista como pre candidato a Intendente de \"Juntos por el Cambio\" en la ciudad de Chascom\u00fas.\u2026","rel":"","context":"En \u00abDESTACADAS\u00bb","block_context":{"text":"DESTACADAS","link":"https:\/\/larevistadigital.com.ar\/blog\/category\/destacadas\/"},"img":{"alt_text":"","src":"https:\/\/i0.wp.com\/larevistadigital.com.ar\/blog\/wp-content\/uploads\/2019\/04\/19601412_10213452250083944_4973836600266300277_n.jpg?fit=960%2C960&ssl=1&resize=350%2C200","width":350,"height":200,"srcset":"https:\/\/i0.wp.com\/larevistadigital.com.ar\/blog\/wp-content\/uploads\/2019\/04\/19601412_10213452250083944_4973836600266300277_n.jpg?fit=960%2C960&ssl=1&resize=350%2C200 1x, https:\/\/i0.wp.com\/larevistadigital.com.ar\/blog\/wp-content\/uploads\/2019\/04\/19601412_10213452250083944_4973836600266300277_n.jpg?fit=960%2C960&ssl=1&resize=525%2C300 1.5x, https:\/\/i0.wp.com\/larevistadigital.com.ar\/blog\/wp-content\/uploads\/2019\/04\/19601412_10213452250083944_4973836600266300277_n.jpg?fit=960%2C960&ssl=1&resize=700%2C400 2x"},"classes":[]},{"id":11821,"url":"https:\/\/larevistadigital.com.ar\/blog\/los-numeros-finales-en-chascomus-que-dieron-como-amplio-ganador-a-javier-gaston\/","url_meta":{"origin":10702,"position":5},"title":"LOS N\u00daMEROS FINALES EN CHASCOM\u00daS, QUE DIERON COMO AMPLIO GANADOR A JAVIER GAST\u00d3N","author":"Alejandro Sosa Ruda","date":"12 agosto, 2019","format":false,"excerpt":"El \"Chapa\" consigui\u00f3 la suma de 14.615 votos, mientras Santiago Dos Santos obtuvo 5.349, ganando la interna sobre Osvaldo Battisacchi que logr\u00f3 2421. Ignacio G\u00f3rriz con 639 sufragios super\u00f3 en la interna de Consenso Federal a Beatriz de Le\u00f3n obtuvo 442 \u2013 El Frente de Izquierda y los Trabajadores con\u2026","rel":"","context":"En \u00abINTERES GENERAL\u00bb","block_context":{"text":"INTERES GENERAL","link":"https:\/\/larevistadigital.com.ar\/blog\/category\/interes-general\/"},"img":{"alt_text":"","src":"https:\/\/i0.wp.com\/larevistadigital.com.ar\/blog\/wp-content\/uploads\/gaston_12deagostode2019_elfuerte.jpg?fit=737%2C415&ssl=1&resize=350%2C200","width":350,"height":200,"srcset":"https:\/\/i0.wp.com\/larevistadigital.com.ar\/blog\/wp-content\/uploads\/gaston_12deagostode2019_elfuerte.jpg?fit=737%2C415&ssl=1&resize=350%2C200 1x, https:\/\/i0.wp.com\/larevistadigital.com.ar\/blog\/wp-content\/uploads\/gaston_12deagostode2019_elfuerte.jpg?fit=737%2C415&ssl=1&resize=525%2C300 1.5x, https:\/\/i0.wp.com\/larevistadigital.com.ar\/blog\/wp-content\/uploads\/gaston_12deagostode2019_elfuerte.jpg?fit=737%2C415&ssl=1&resize=700%2C400 2x"},"classes":[]}],"_links":{"self":[{"href":"https:\/\/larevistadigital.com.ar\/blog\/wp-json\/wp\/v2\/posts\/10702","targetHints":{"allow":["GET"]}}],"collection":[{"href":"https:\/\/larevistadigital.com.ar\/blog\/wp-json\/wp\/v2\/posts"}],"about":[{"href":"https:\/\/larevistadigital.com.ar\/blog\/wp-json\/wp\/v2\/types\/post"}],"author":[{"embeddable":true,"href":"https:\/\/larevistadigital.com.ar\/blog\/wp-json\/wp\/v2\/users\/3"}],"replies":[{"embeddable":true,"href":"https:\/\/larevistadigital.com.ar\/blog\/wp-json\/wp\/v2\/comments?post=10702"}],"version-history":[{"count":1,"href":"https:\/\/larevistadigital.com.ar\/blog\/wp-json\/wp\/v2\/posts\/10702\/revisions"}],"predecessor-version":[{"id":10703,"href":"https:\/\/larevistadigital.com.ar\/blog\/wp-json\/wp\/v2\/posts\/10702\/revisions\/10703"}],"wp:featuredmedia":[{"embeddable":true,"href":"https:\/\/larevistadigital.com.ar\/blog\/wp-json\/wp\/v2\/media\/10619"}],"wp:attachment":[{"href":"https:\/\/larevistadigital.com.ar\/blog\/wp-json\/wp\/v2\/media?parent=10702"}],"wp:term":[{"taxonomy":"category","embeddable":true,"href":"https:\/\/larevistadigital.com.ar\/blog\/wp-json\/wp\/v2\/categories?post=10702"},{"taxonomy":"post_tag","embeddable":true,"href":"https:\/\/larevistadigital.com.ar\/blog\/wp-json\/wp\/v2\/tags?post=10702"}],"curies":[{"name":"wp","href":"https:\/\/api.w.org\/{rel}","templated":true}]}}