{"id":1081,"date":"2017-03-11T02:48:28","date_gmt":"2017-03-11T02:48:28","guid":{"rendered":"https:\/\/larevistadigital.com.ar\/blog\/?p=1081"},"modified":"2017-03-13T02:50:10","modified_gmt":"2017-03-13T02:50:10","slug":"los-gremios-lanzan-4-jornadas-mas-de-paro-nacional-y-se-agudiza-el-conflicto-docente","status":"publish","type":"post","link":"https:\/\/larevistadigital.com.ar\/blog\/los-gremios-lanzan-4-jornadas-mas-de-paro-nacional-y-se-agudiza-el-conflicto-docente\/","title":{"rendered":"Los gremios lanzan 4 jornadas m\u00e1s de paro nacional y se agudiza el conflicto docente"},"content":{"rendered":"<h2>El Gobierno Nacional insiste en no convocar a la paritaria docente nacional y los maestros lanzaron otros dos paros de 48 horas.\u00a0En Provincia y en CABA tampoco hubo acuerdo. Se agudiza el conflicto.<\/h2>\n<p>La Confederaci\u00f3n Nacional de Trabajadores de la Educaci\u00f3n (Ctera) convoc\u00f3 a un paro de 48 horas para el mi\u00e9rcoles 15 y el jueves 16, y a una nueva medida el martes 21 y el mi\u00e9rcoles 22 en todo el pa\u00eds, para participar de una marcha federal educativa, como consecuencia de la falta de acuerdo que hubo en las paritarias que mantuvieron los gremios docentes y los gobiernos de la Ciudad y de la provincia de Buenos Aires.<\/p>\n<p>Se trata de una huelga y jornada de protesta docente decidida hoy por un Congreso de la entidad sindical, que incluir\u00e1 el 21 y 22 de marzo \u201cuna marcha federal educativa\u201d en rechazo a las propuestas de incremento salarial en las provincias y por la falta de una convocatoria a una paritaria nacional.<\/p>\n<p>En provincia de Buenos Aires, los sindicatos rechazaron por \u201cinsuficiente\u201d una propuesta salarial que consisti\u00f3 en un aumento del 19 por ciento y un pago extraordinario no remunerativo para compensar las p\u00e9rdidas del poder adquisitivo sufridas en 2016.<\/p>\n<p>En la Ciudad de Buenos Aires, los gremios rechazaron la propuesta del Gobierno porte\u00f1o de un incremento salarial 19,75 por ciento en tres cuotas<\/p>\n<p>Por su parte, la titular de Ctera, Sonia Alessio, calific\u00f3 de \u201cinexplicable e ins\u00f3lita la situaci\u00f3n que cre\u00f3 el propio Gobierno este a\u00f1o al no convocar a una paritaria nacional.<\/p>\n<p>\u201cNing\u00fan funcionario puede explicar por qu\u00e9 no llaman a una paritaria nacional. El Gobierno est\u00e1 incumpliendo con la ley al no convocar a la paritaria nacional docente y al no enviar a las provincias los fondos que tienen un destino fijo para la educaci\u00f3n\u201d, declar\u00f3 Alessio a T\u00e9lam.<\/p>\n<p>Con respecto de las razones que esgrime el Ejecutivo para no convocar a una paritaria docente, la titular de Ctera conjetur\u00f3: \u201cDeben querer usar la plata de la educaci\u00f3n para otra cosa\u201d.<\/p>\n<p>En el Congreso de Ctera se cuestionaron \u201clos techos salariales, la ausencia de propuestas a convocatoria en varias provincias, la situaci\u00f3n de los despidos en el Ministerio de Educaci\u00f3n, de los tutores del INFoD y de los Planes Socioeducativos\u201d.<\/p>\n<p>Tambi\u00e9n adelantaron que iniciar\u00e1n acciones legales contra el ministro de Educaci\u00f3n de la Naci\u00f3n, Esteban Bullrich, ante \u201cel incumplimiento\u201d de la Ley de Financiamiento Educativo.<\/p>\n<p>Adem\u00e1s, Ctera exige al ministro de Trabajo de la Naci\u00f3n, Jorge Triaca, que convoque a la paritaria nacional docente, \u201ccomo forma de resolver los conflictos en todo el pa\u00eds\u201d.<\/p>\n<p>En tanto que el gobierno de la provincia de Buenos Aires convoc\u00f3 a los gremios docentes a una nueva reuni\u00f3n hoy, a las 11, y el ministro de Trabajo bonaerense Marcelo Villegas asegur\u00f3 que \u201ctodo ser\u00e1 dentro del marco de la conciliaci\u00f3n obligatoria\u201d.<\/p>\n<p>\u201cEsto marca que no se puede hacer paro el lunes, tienen que acatar el fallo de la C\u00e1mara de Apelaciones y respetar a la Justicia como hacemos nosotros\u201d, apunt\u00f3 Villegas.<\/p>\n<p>El titular de la cartera de Educaci\u00f3n, Alejandro Finocchiaro dijo en rueda de prensa: \u201ca todo nuestro gobierno le duele tanto como a los chicos y sus padres que no haya clases y le digo a los maestros que no se dejen tomar de rehenes de decisiones gremiales que los perjudican y les pido que vayan a trabajar y que seguiremos luchando por darles un salario digno\u201d.<\/p>\n<p>En tanto que el ministro de Econom\u00eda bonaerense, Hern\u00e1n Lacunza, afirm\u00f3 que \u201cse trat\u00f3 de la quinta reuni\u00f3n y la propuesta fue superior objetivamente en todos los rubros planteados\u201d.<\/p>\n<p>\u201cLos fondos de la Provincia estaban agotados, pero conseguimos m\u00e1s dinero gracias al aporte de Naci\u00f3n. Subimos del 18 al 19 por ciento y nos comprometimos a un ajuste si la inflaci\u00f3n supera esos valores, reducimos de cuatro a tres cuotas\u201d, observ\u00f3.<\/p>\n<p>La ministra de Educaci\u00f3n de la Ciudad de Buenos Aires, Soledad Acu\u00f1a asegur\u00f3 que la propuesta de aumento de la gesti\u00f3n que encabeza Horacio Rodr\u00edguez Larreta \u201cgarantiza que en el mes de marzo un docente reci\u00e9n recibido cobre por una jornadas simple un salario de 13.000 pesos de bolsillo\u201d.<\/p>\n<p>\u201cUn docente de jornada completa cobrar\u00e1 26.000 pesos y en agosto alcanzar\u00e1 los 27.300 pesos de acuerdo a estos incrementos. Nosotros mantenemos abierto el di\u00e1logo como hemos hecho siempre y esperamos la respuesta de los gremios\u201d, puntualiz\u00f3 Acu\u00f1a.<\/p>\n","protected":false},"excerpt":{"rendered":"<div class=\"mh-excerpt\"><p>El Gobierno Nacional insiste en no convocar a la paritaria docente nacional y los maestros lanzaron otros dos paros de 48 horas.\u00a0En Provincia y en CABA tampoco hubo acuerdo. Se agudiza el conflicto. La Confederaci\u00f3n <a class=\"mh-excerpt-more\" href=\"https:\/\/larevistadigital.com.ar\/blog\/los-gremios-lanzan-4-jornadas-mas-de-paro-nacional-y-se-agudiza-el-conflicto-docente\/\" title=\"Los gremios lanzan 4 jornadas m\u00e1s de paro nacional y se agudiza el conflicto docente\">[Leer M\u00e1s]<\/a><\/p>\n<\/div>","protected":false},"author":2,"featured_media":1082,"comment_status":"open","ping_status":"open","sticky":false,"template":"","format":"standard","meta":{"_jetpack_memberships_contains_paid_content":false,"footnotes":"","jetpack_publicize_message":"Los gremios lanzan 4 jornadas m\u00e1s de paro nacional y se agudiza el conflicto docente","jetpack_publicize_feature_enabled":true,"jetpack_social_post_already_shared":true,"jetpack_social_options":{"image_generator_settings":{"template":"highway","default_image_id":0,"font":"","enabled":false},"version":2}},"categories":[10,28],"tags":[],"class_list":{"0":"post-1081","1":"post","2":"type-post","3":"status-publish","4":"format-standard","5":"has-post-thumbnail","7":"category-gremiales","8":"category-nacionales"},"jetpack_publicize_connections":[],"jetpack_featured_media_url":"https:\/\/i0.wp.com\/larevistadigital.com.ar\/blog\/wp-content\/uploads\/2017\/03\/0010791820-644x340.jpg?fit=644%2C340&ssl=1","jetpack_sharing_enabled":true,"jetpack_shortlink":"https:\/\/wp.me\/p8qtrQ-hr","jetpack-related-posts":[{"id":635,"url":"https:\/\/larevistadigital.com.ar\/blog\/una-multitud-maestros-se-movilizaron-al-ministerio-educacion\/","url_meta":{"origin":1081,"position":0},"title":"Una multitud de maestros se movilizaron al Ministerio de Educaci\u00f3n","author":"Alejandro Sosa Ruda","date":"7 marzo, 2017","format":false,"excerpt":"El paro ha tenido un alt\u00edsimo acatamiento y una verdadera multitud de docentes se movilizaron al Ministerio de Educaci\u00f3n. Cambiemos redobla la apuesta y sali\u00f3 a cuestionar las intenciones pol\u00edticas de la huelga que se extender\u00e1 por 48 horas. En un marco en el que un gran n\u00famero de gremios\u2026","rel":"","context":"En \u00abPOLITICA\u00bb","block_context":{"text":"POLITICA","link":"https:\/\/larevistadigital.com.ar\/blog\/category\/politica\/"},"img":{"alt_text":"","src":"https:\/\/i0.wp.com\/larevistadigital.com.ar\/blog\/wp-content\/uploads\/2017\/03\/docentes-05.jpg?fit=1080%2C1080&ssl=1&resize=350%2C200","width":350,"height":200,"srcset":"https:\/\/i0.wp.com\/larevistadigital.com.ar\/blog\/wp-content\/uploads\/2017\/03\/docentes-05.jpg?fit=1080%2C1080&ssl=1&resize=350%2C200 1x, https:\/\/i0.wp.com\/larevistadigital.com.ar\/blog\/wp-content\/uploads\/2017\/03\/docentes-05.jpg?fit=1080%2C1080&ssl=1&resize=525%2C300 1.5x, https:\/\/i0.wp.com\/larevistadigital.com.ar\/blog\/wp-content\/uploads\/2017\/03\/docentes-05.jpg?fit=1080%2C1080&ssl=1&resize=700%2C400 2x, https:\/\/i0.wp.com\/larevistadigital.com.ar\/blog\/wp-content\/uploads\/2017\/03\/docentes-05.jpg?fit=1080%2C1080&ssl=1&resize=1050%2C600 3x"},"classes":[]},{"id":1708,"url":"https:\/\/larevistadigital.com.ar\/blog\/mientras-los-docentes-van-por-48-horas-mas-de-paro-vidal-redobla-la-apuesta\/","url_meta":{"origin":1081,"position":1},"title":"MIENTRAS LOS DOCENTES VAN POR 48 HORAS M\u00c1S DE PARO, VIDAL REDOBLA LA APUESTA","author":"Alejandro Sosa Ruda","date":"29 marzo, 2017","format":false,"excerpt":"La situaci\u00f3n de conflicto entre el gobierno de la provincia de Buenos Aires, y los gremios docentes en lugar de ir mejorando, parece complicarse cada d\u00eda m\u00e1s. La gobernadora Mar\u00eda Eugenia Vidal est\u00e1 dispuesta a ir m\u00e1s all\u00e1, ya que no solo no firm\u00f3 por decreto un aumento salarial para\u2026","rel":"","context":"En \u00abDESTACADAS\u00bb","block_context":{"text":"DESTACADAS","link":"https:\/\/larevistadigital.com.ar\/blog\/category\/destacadas\/"},"img":{"alt_text":"","src":"https:\/\/i0.wp.com\/larevistadigital.com.ar\/blog\/wp-content\/uploads\/2017\/03\/B5.jpg?fit=1200%2C900&ssl=1&resize=350%2C200","width":350,"height":200,"srcset":"https:\/\/i0.wp.com\/larevistadigital.com.ar\/blog\/wp-content\/uploads\/2017\/03\/B5.jpg?fit=1200%2C900&ssl=1&resize=350%2C200 1x, https:\/\/i0.wp.com\/larevistadigital.com.ar\/blog\/wp-content\/uploads\/2017\/03\/B5.jpg?fit=1200%2C900&ssl=1&resize=525%2C300 1.5x, https:\/\/i0.wp.com\/larevistadigital.com.ar\/blog\/wp-content\/uploads\/2017\/03\/B5.jpg?fit=1200%2C900&ssl=1&resize=700%2C400 2x, https:\/\/i0.wp.com\/larevistadigital.com.ar\/blog\/wp-content\/uploads\/2017\/03\/B5.jpg?fit=1200%2C900&ssl=1&resize=1050%2C600 3x"},"classes":[]},{"id":38781,"url":"https:\/\/larevistadigital.com.ar\/blog\/la-cgt-anuncio-un-paro-nacional-docente-para-manana-y-el-5-de-marzo\/","url_meta":{"origin":1081,"position":2},"title":"La Cgt anunci\u00f3 un paro nacional docente para ma\u00f1ana y el 5 de marzo","author":"Alejandro Sosa Ruda","date":"23 febrero, 2025","format":false,"excerpt":"Por otro lado, el Gobierno convoc\u00f3 a una reuni\u00f3n de la Mesa del Salario M\u00ednimo Docente Garantizado. 23 de febrero de 2025 BUENOS AIRES-\u00a0 Los sindicatos docentes alineados con la Confederaci\u00f3n General del Trabajo (CGT) anunciaron que no comenzar\u00e1n el ciclo lectivo y confirmaron dos paros nacionales: el primero para\u2026","rel":"","context":"En \u00abGREMIALES\u00bb","block_context":{"text":"GREMIALES","link":"https:\/\/larevistadigital.com.ar\/blog\/category\/gremiales\/"},"img":{"alt_text":"","src":"https:\/\/i0.wp.com\/larevistadigital.com.ar\/blog\/wp-content\/uploads\/aula-vacia-grande.jpg?fit=1200%2C668&ssl=1&resize=350%2C200","width":350,"height":200,"srcset":"https:\/\/i0.wp.com\/larevistadigital.com.ar\/blog\/wp-content\/uploads\/aula-vacia-grande.jpg?fit=1200%2C668&ssl=1&resize=350%2C200 1x, https:\/\/i0.wp.com\/larevistadigital.com.ar\/blog\/wp-content\/uploads\/aula-vacia-grande.jpg?fit=1200%2C668&ssl=1&resize=525%2C300 1.5x, https:\/\/i0.wp.com\/larevistadigital.com.ar\/blog\/wp-content\/uploads\/aula-vacia-grande.jpg?fit=1200%2C668&ssl=1&resize=700%2C400 2x, https:\/\/i0.wp.com\/larevistadigital.com.ar\/blog\/wp-content\/uploads\/aula-vacia-grande.jpg?fit=1200%2C668&ssl=1&resize=1050%2C600 3x"},"classes":[]},{"id":1385,"url":"https:\/\/larevistadigital.com.ar\/blog\/desde-suteba-acusaron-a-maria-eugenia-vidal-la-ultima-vez-que-hablo-mas-que-puentes-tiro-nafta\/","url_meta":{"origin":1081,"position":3},"title":"Desde Suteba acusaron a Mar\u00eda Eugenia Vidal: \u00abLa \u00faltima vez que habl\u00f3 m\u00e1s que puentes tir\u00f3 nafta\u00bb","author":"editor","date":"19 marzo, 2017","format":false,"excerpt":"A ya dos semanas de paro en las escuelas p\u00fablicas, Mar\u00eda Laura Torres, secretaria de Suteba, insisti\u00f3 en que el conflicto real es salarial y apunt\u00f3 contra la gobernadora de la provincia,Mar\u00eda Eugenia Vidal , a quien acus\u00f3 de tirar nafta en vez de tender puentes. \"Ma\u00f1ana hay convocada una\u2026","rel":"","context":"En \u00abGREMIALES\u00bb","block_context":{"text":"GREMIALES","link":"https:\/\/larevistadigital.com.ar\/blog\/category\/gremiales\/"},"img":{"alt_text":"","src":"https:\/\/i0.wp.com\/larevistadigital.com.ar\/blog\/wp-content\/uploads\/2017\/03\/BByo9My.jpg?fit=728%2C410&ssl=1&resize=350%2C200","width":350,"height":200,"srcset":"https:\/\/i0.wp.com\/larevistadigital.com.ar\/blog\/wp-content\/uploads\/2017\/03\/BByo9My.jpg?fit=728%2C410&ssl=1&resize=350%2C200 1x, https:\/\/i0.wp.com\/larevistadigital.com.ar\/blog\/wp-content\/uploads\/2017\/03\/BByo9My.jpg?fit=728%2C410&ssl=1&resize=525%2C300 1.5x, https:\/\/i0.wp.com\/larevistadigital.com.ar\/blog\/wp-content\/uploads\/2017\/03\/BByo9My.jpg?fit=728%2C410&ssl=1&resize=700%2C400 2x"},"classes":[]},{"id":1168,"url":"https:\/\/larevistadigital.com.ar\/blog\/nada-de-conciliacion-tres-dias-mas-de-paro-docente\/","url_meta":{"origin":1081,"position":4},"title":"NADA DE CONCILIACI\u00d3N. TRES D\u00cdAS M\u00c1S DE PARO DOCENTE","author":"Alejandro Sosa Ruda","date":"14 marzo, 2017","format":false,"excerpt":"Finalmente, y pese a los intentos del Gobierno. La negociaci\u00f3n con los docentes no lleg\u00f3 a buen puerto: no hay acuerdo, por lo tanto\u2026\u00a0hay paro. Abarcara el d\u00eda de hoy, martes \u00a0(en el marco de las discusiones salariales), y el mi\u00e9rcoles y jueves (estos dos por adherir a la huelga\u2026","rel":"","context":"En \u00abDESTACADAS\u00bb","block_context":{"text":"DESTACADAS","link":"https:\/\/larevistadigital.com.ar\/blog\/category\/destacadas\/"},"img":{"alt_text":"","src":"https:\/\/i0.wp.com\/larevistadigital.com.ar\/blog\/wp-content\/uploads\/2017\/03\/Baradel_conf_1_04-08-2014_74907.jpg?fit=1200%2C799&ssl=1&resize=350%2C200","width":350,"height":200,"srcset":"https:\/\/i0.wp.com\/larevistadigital.com.ar\/blog\/wp-content\/uploads\/2017\/03\/Baradel_conf_1_04-08-2014_74907.jpg?fit=1200%2C799&ssl=1&resize=350%2C200 1x, https:\/\/i0.wp.com\/larevistadigital.com.ar\/blog\/wp-content\/uploads\/2017\/03\/Baradel_conf_1_04-08-2014_74907.jpg?fit=1200%2C799&ssl=1&resize=525%2C300 1.5x, https:\/\/i0.wp.com\/larevistadigital.com.ar\/blog\/wp-content\/uploads\/2017\/03\/Baradel_conf_1_04-08-2014_74907.jpg?fit=1200%2C799&ssl=1&resize=700%2C400 2x, https:\/\/i0.wp.com\/larevistadigital.com.ar\/blog\/wp-content\/uploads\/2017\/03\/Baradel_conf_1_04-08-2014_74907.jpg?fit=1200%2C799&ssl=1&resize=1050%2C600 3x"},"classes":[]},{"id":783,"url":"https:\/\/larevistadigital.com.ar\/blog\/se-realiza-una-nueva-reunion-mesa-salarial\/","url_meta":{"origin":1081,"position":5},"title":"Se realiza una nueva reuni\u00f3n de mesa salarial","author":"editor","date":"8 marzo, 2017","format":false,"excerpt":"La Secretaria General de ATE, Mar\u00eda Alicia Barletta, fue entrevistada en el programa \"AM Show\" que conducen Alberto Morel y Mart\u00edn Palmero por FM La Radio 101.5, donde se refiri\u00f3 a lo que ser\u00e1 este martes nueva reuni\u00f3n de mesa salarial. Ante lo que fue el encuentro con miembros del\u2026","rel":"","context":"En \u00abCHASCOM\u00daS\u00bb","block_context":{"text":"CHASCOM\u00daS","link":"https:\/\/larevistadigital.com.ar\/blog\/category\/chascomus\/"},"img":{"alt_text":"","src":"https:\/\/i0.wp.com\/larevistadigital.com.ar\/blog\/wp-content\/uploads\/2017\/03\/barletta_elfuerte_070317.jpg?fit=859%2C556&ssl=1&resize=350%2C200","width":350,"height":200,"srcset":"https:\/\/i0.wp.com\/larevistadigital.com.ar\/blog\/wp-content\/uploads\/2017\/03\/barletta_elfuerte_070317.jpg?fit=859%2C556&ssl=1&resize=350%2C200 1x, https:\/\/i0.wp.com\/larevistadigital.com.ar\/blog\/wp-content\/uploads\/2017\/03\/barletta_elfuerte_070317.jpg?fit=859%2C556&ssl=1&resize=525%2C300 1.5x, https:\/\/i0.wp.com\/larevistadigital.com.ar\/blog\/wp-content\/uploads\/2017\/03\/barletta_elfuerte_070317.jpg?fit=859%2C556&ssl=1&resize=700%2C400 2x"},"classes":[]}],"_links":{"self":[{"href":"https:\/\/larevistadigital.com.ar\/blog\/wp-json\/wp\/v2\/posts\/1081","targetHints":{"allow":["GET"]}}],"collection":[{"href":"https:\/\/larevistadigital.com.ar\/blog\/wp-json\/wp\/v2\/posts"}],"about":[{"href":"https:\/\/larevistadigital.com.ar\/blog\/wp-json\/wp\/v2\/types\/post"}],"author":[{"embeddable":true,"href":"https:\/\/larevistadigital.com.ar\/blog\/wp-json\/wp\/v2\/users\/2"}],"replies":[{"embeddable":true,"href":"https:\/\/larevistadigital.com.ar\/blog\/wp-json\/wp\/v2\/comments?post=1081"}],"version-history":[{"count":1,"href":"https:\/\/larevistadigital.com.ar\/blog\/wp-json\/wp\/v2\/posts\/1081\/revisions"}],"predecessor-version":[{"id":1083,"href":"https:\/\/larevistadigital.com.ar\/blog\/wp-json\/wp\/v2\/posts\/1081\/revisions\/1083"}],"wp:featuredmedia":[{"embeddable":true,"href":"https:\/\/larevistadigital.com.ar\/blog\/wp-json\/wp\/v2\/media\/1082"}],"wp:attachment":[{"href":"https:\/\/larevistadigital.com.ar\/blog\/wp-json\/wp\/v2\/media?parent=1081"}],"wp:term":[{"taxonomy":"category","embeddable":true,"href":"https:\/\/larevistadigital.com.ar\/blog\/wp-json\/wp\/v2\/categories?post=1081"},{"taxonomy":"post_tag","embeddable":true,"href":"https:\/\/larevistadigital.com.ar\/blog\/wp-json\/wp\/v2\/tags?post=1081"}],"curies":[{"name":"wp","href":"https:\/\/api.w.org\/{rel}","templated":true}]}}