{"id":11275,"date":"2019-07-13T19:29:33","date_gmt":"2019-07-13T19:29:33","guid":{"rendered":"https:\/\/larevistadigital.com.ar\/blog\/?p=11275"},"modified":"2019-07-13T19:29:33","modified_gmt":"2019-07-13T19:29:33","slug":"mar-del-plata-apunalan-a-un-individuo-por-una-discusion-en-la-calle","status":"publish","type":"post","link":"https:\/\/larevistadigital.com.ar\/blog\/mar-del-plata-apunalan-a-un-individuo-por-una-discusion-en-la-calle\/","title":{"rendered":"MAR DEL PLATA: APU\u00d1ALAN A UN INDIVIDUO POR UNA DISCUSI\u00d3N EN LA CALLE"},"content":{"rendered":"<h2><em>La v\u00edctima tiene 38 a\u00f1os, fue hallado en Col\u00f3n y Misiones gravemente herido, inconsciente y alcoholizado. Las c\u00e1maras se seguridad registraron el ataque.<\/em><\/h2>\n<p>Un hombre de 38 fue apu\u00f1alado por un grupo de personas con las que discuti\u00f3 esta madrugada mientras caminaba por la avenida Col\u00f3n y tuvo que ser trasladado de urgencia al Hospital Interzonal, donde qued\u00f3 internado.<\/p>\n<blockquote>\n<h3>El hecho se registr\u00f3 cerca de las 6 de la ma\u00f1ana. Las c\u00e1maras de seguridad de la Municipalidad filmaron como la v\u00edctima caminaba por la avenida Col\u00f3n y, al llegar a Misiones, comenz\u00f3 a discutir con dos mujeres y otro hombre.<\/h3>\n<\/blockquote>\n<p>Por motivos que son de investigaci\u00f3n, la discusi\u00f3n escal\u00f3 en violencia y las mujeres y el hombre se acercaron a la v\u00edctima y comenzaron a golpearlos. Entre esos golpes, alguno de los agresores apu\u00f1al\u00f3 con un cuchillo a la v\u00edctima.<\/p>\n<p>Personal policial y una ambulancia fue hasta el lugar. Al llegar encontraron a la v\u00edctima inconsciente y gravemente herida, por lo que la llevaron al Hospital Interzonal.<\/p>\n<blockquote>\n<h3>En el nosocomio confirmaron que el hombre hab\u00eda sido golpeado y que presentaba cortes en ambas manos, el intercostal izquierdo, cabeza y rostro. Los profesionales tambi\u00e9n notaron que ten\u00eda un fuerte olor a alcohol, por lo que concluyeron que estaba alcoholizado.<\/h3>\n<\/blockquote>\n<p>El hecho es investigado por la fiscal <strong>Andrea G\u00f3mez<\/strong>, quien ya solicit\u00f3 las im\u00e1genes registradas por c\u00e1maras de seguridad para intentar identificar a los agresores.<\/p>\n<p>FUENTE DIARIO LA CAPITAL<\/p>\n","protected":false},"excerpt":{"rendered":"<div class=\"mh-excerpt\"><p>La v\u00edctima tiene 38 a\u00f1os, fue hallado en Col\u00f3n y Misiones gravemente herido, inconsciente y alcoholizado. Las c\u00e1maras se seguridad registraron el ataque. Un hombre de 38 fue apu\u00f1alado por un grupo de personas con <a class=\"mh-excerpt-more\" href=\"https:\/\/larevistadigital.com.ar\/blog\/mar-del-plata-apunalan-a-un-individuo-por-una-discusion-en-la-calle\/\" title=\"MAR DEL PLATA: APU\u00d1ALAN A UN INDIVIDUO POR UNA DISCUSI\u00d3N EN LA CALLE\">[Leer M\u00e1s]<\/a><\/p>\n<\/div>","protected":false},"author":3,"featured_media":11276,"comment_status":"open","ping_status":"open","sticky":false,"template":"","format":"standard","meta":{"_jetpack_memberships_contains_paid_content":false,"footnotes":"","jetpack_publicize_message":"","jetpack_publicize_feature_enabled":true,"jetpack_social_post_already_shared":true,"jetpack_social_options":{"image_generator_settings":{"template":"highway","default_image_id":0,"font":"","enabled":false},"version":2}},"categories":[51],"tags":[],"class_list":{"0":"post-11275","1":"post","2":"type-post","3":"status-publish","4":"format-standard","5":"has-post-thumbnail","7":"category-regionales"},"jetpack_publicize_connections":[],"jetpack_featured_media_url":"https:\/\/i0.wp.com\/larevistadigital.com.ar\/blog\/wp-content\/uploads\/Screenshot_3-8.jpg?fit=1007%2C653&ssl=1","jetpack_sharing_enabled":true,"jetpack_shortlink":"https:\/\/wp.me\/p8qtrQ-2VR","jetpack-related-posts":[{"id":18747,"url":"https:\/\/larevistadigital.com.ar\/blog\/video-insolita-agresion-caminaba-por-la-calle-y-lo-noquearon-de-una-trompada\/","url_meta":{"origin":11275,"position":0},"title":"[VIDEO] INS\u00d3LITA AGRESI\u00d3N: CAMINABA POR LA CALLE Y LO  NOQUEARON DE UNA TROMPADA","author":"Alejandro Sosa Ruda","date":"6 febrero, 2021","format":false,"excerpt":"La\u00a0Polic\u00eda de Los \u00c1ngeles (EE.UU.)\u00a0busca a un hombre\u00a0que agredi\u00f3 a\u00a0un transe\u00fante en plena calle\u00a0el pasado 16 de enero,\u00a0informa\u00a0CBS Los Angeles. El \u00f3rgano de seguridad\u00a0public\u00f3 el video captado por las c\u00e1maras de seguridad, en \u00e9l se ve al delincuente golpear al transe\u00fante despu\u00e9s de que los hombres tengan un altercado verbal.\u00a0Tras\u2026","rel":"","context":"En \u00abCURIOSAS\u00bb","block_context":{"text":"CURIOSAS","link":"https:\/\/larevistadigital.com.ar\/blog\/category\/curiosas\/"},"img":{"alt_text":"","src":"https:\/\/i0.wp.com\/larevistadigital.com.ar\/blog\/wp-content\/uploads\/Captura-2.png?fit=900%2C495&ssl=1&resize=350%2C200","width":350,"height":200,"srcset":"https:\/\/i0.wp.com\/larevistadigital.com.ar\/blog\/wp-content\/uploads\/Captura-2.png?fit=900%2C495&ssl=1&resize=350%2C200 1x, https:\/\/i0.wp.com\/larevistadigital.com.ar\/blog\/wp-content\/uploads\/Captura-2.png?fit=900%2C495&ssl=1&resize=525%2C300 1.5x, https:\/\/i0.wp.com\/larevistadigital.com.ar\/blog\/wp-content\/uploads\/Captura-2.png?fit=900%2C495&ssl=1&resize=700%2C400 2x"},"classes":[]},{"id":26561,"url":"https:\/\/larevistadigital.com.ar\/blog\/video-la-plata-caminaba-tranquilo-y-un-gavilan-lo-ataco-de-pronto\/","url_meta":{"origin":11275,"position":1},"title":"[VIDEO] LA PLATA: CAMINABA TRANQUILO Y UN GAVILAN LO ATAC\u00d3 DE PRONTO","author":"Alejandro Sosa Ruda","date":"13 julio, 2022","format":false,"excerpt":"Todo qued\u00f3 registrado en las c\u00e1maras de seguridad de la zona. Tras el la sorpresa el hombre se puso en guardia para enfrentarse al ave rapaz. LA PLATA -\u00a0 Las c\u00e1maras de seguridad de la 3 entre 39 y 40 registraron un momento ins\u00f3lito en un calle del Barrio Norte\u2026","rel":"","context":"En \u00abCURIOSAS\u00bb","block_context":{"text":"CURIOSAS","link":"https:\/\/larevistadigital.com.ar\/blog\/category\/curiosas\/"},"img":{"alt_text":"","src":"https:\/\/i0.wp.com\/larevistadigital.com.ar\/blog\/wp-content\/uploads\/1657658015630.jpg?fit=1200%2C594&ssl=1&resize=350%2C200","width":350,"height":200,"srcset":"https:\/\/i0.wp.com\/larevistadigital.com.ar\/blog\/wp-content\/uploads\/1657658015630.jpg?fit=1200%2C594&ssl=1&resize=350%2C200 1x, https:\/\/i0.wp.com\/larevistadigital.com.ar\/blog\/wp-content\/uploads\/1657658015630.jpg?fit=1200%2C594&ssl=1&resize=525%2C300 1.5x, https:\/\/i0.wp.com\/larevistadigital.com.ar\/blog\/wp-content\/uploads\/1657658015630.jpg?fit=1200%2C594&ssl=1&resize=700%2C400 2x, https:\/\/i0.wp.com\/larevistadigital.com.ar\/blog\/wp-content\/uploads\/1657658015630.jpg?fit=1200%2C594&ssl=1&resize=1050%2C600 3x"},"classes":[]},{"id":21790,"url":"https:\/\/larevistadigital.com.ar\/blog\/mar-del-plata-balean-a-hombre-el-la-plaza-mariano-moreno-pero-se-niega-a-hacer-la-denuncia\/","url_meta":{"origin":11275,"position":2},"title":"MAR DEL PLATA: BALEAN A HOMBRE EL LA PLAZA MARIANO MORENO, PERO SE NIEGA A HACER LA DENUNCIA","author":"Alejandro Sosa Ruda","date":"30 agosto, 2021","format":false,"excerpt":"Tiene 43 a\u00f1os y recibi\u00f3 un disparo en la rodilla izquierda. No quiso aportar informaci\u00f3n a la polic\u00eda y los investigadores descartaron que se tratara de un intento de robo. MAR DEL PLATA - Un hombre de 43 a\u00f1os\u00a0fue baleado en una pierna esta madrugada en la plaza Mariano Moreno\u2026","rel":"","context":"En \u00abPOLICIALES\u00bb","block_context":{"text":"POLICIALES","link":"https:\/\/larevistadigital.com.ar\/blog\/category\/policiales\/"},"img":{"alt_text":"","src":"https:\/\/i0.wp.com\/larevistadigital.com.ar\/blog\/wp-content\/uploads\/Guardia-Higa-0298.jpg?fit=790%2C444&ssl=1&resize=350%2C200","width":350,"height":200,"srcset":"https:\/\/i0.wp.com\/larevistadigital.com.ar\/blog\/wp-content\/uploads\/Guardia-Higa-0298.jpg?fit=790%2C444&ssl=1&resize=350%2C200 1x, https:\/\/i0.wp.com\/larevistadigital.com.ar\/blog\/wp-content\/uploads\/Guardia-Higa-0298.jpg?fit=790%2C444&ssl=1&resize=525%2C300 1.5x, https:\/\/i0.wp.com\/larevistadigital.com.ar\/blog\/wp-content\/uploads\/Guardia-Higa-0298.jpg?fit=790%2C444&ssl=1&resize=700%2C400 2x"},"classes":[]},{"id":15961,"url":"https:\/\/larevistadigital.com.ar\/blog\/lo-confunden-con-otro-y-le-pegan-un-tiro-en-la-pierna\/","url_meta":{"origin":11275,"position":3},"title":"LO CONFUNDEN CON OTRO Y LE PEGAN UN TIRO EN LA PIERNA","author":"Alejandro Sosa Ruda","date":"12 agosto, 2020","format":false,"excerpt":"El ataque ocurri\u00f3 ayer a la noche en el barrio Fortunato de la Plaza. La v\u00edctima tiene 18 a\u00f1os y fue trasladado de urgencia al Hospital Interzonal. Un\u00a0joven de 18 a\u00f1os fue baleado\u00a0en una pierna ayer a la noche mientras caminaba por el barrio\u00a0Fortunato de la Plaza\u00a0y, seg\u00fan le explic\u00f3\u2026","rel":"","context":"En \u00abPOLICIALES\u00bb","block_context":{"text":"POLICIALES","link":"https:\/\/larevistadigital.com.ar\/blog\/category\/policiales\/"},"img":{"alt_text":"","src":"https:\/\/i0.wp.com\/larevistadigital.com.ar\/blog\/wp-content\/uploads\/Screenshot_1-127.jpg?fit=1008%2C661&ssl=1&resize=350%2C200","width":350,"height":200,"srcset":"https:\/\/i0.wp.com\/larevistadigital.com.ar\/blog\/wp-content\/uploads\/Screenshot_1-127.jpg?fit=1008%2C661&ssl=1&resize=350%2C200 1x, https:\/\/i0.wp.com\/larevistadigital.com.ar\/blog\/wp-content\/uploads\/Screenshot_1-127.jpg?fit=1008%2C661&ssl=1&resize=525%2C300 1.5x, https:\/\/i0.wp.com\/larevistadigital.com.ar\/blog\/wp-content\/uploads\/Screenshot_1-127.jpg?fit=1008%2C661&ssl=1&resize=700%2C400 2x"},"classes":[]},{"id":30376,"url":"https:\/\/larevistadigital.com.ar\/blog\/mar-del-plata-muere-en-un-incendio-en-su-casa-pero-se-descubrio-que-fue-intencional-hay-un-detenido\/","url_meta":{"origin":11275,"position":4},"title":"MAR DEL PLATA: MUERE EN UN INCENDIO EN SU CASA, PERO SE DESCUBRIO QUE FUE INTENCIONAL. HAY UN DETENIDO","author":"Alejandro Sosa Ruda","date":"4 marzo, 2023","format":false,"excerpt":"El hecho ocurri\u00f3 hace una semana en el barrio Don Emilio. La v\u00edctima hab\u00eda sido amenazada horas antes. Im\u00e1genes de c\u00e1maras de seguridad captaron al supuesto autor del incendio. 4 de marzo de 2023 La investigaci\u00f3n por la muerte de un hombre tras incendio en su casa en el Barrio\u2026","rel":"","context":"En \u00abPOLICIALES\u00bb","block_context":{"text":"POLICIALES","link":"https:\/\/larevistadigital.com.ar\/blog\/category\/policiales\/"},"img":{"alt_text":"","src":"https:\/\/i0.wp.com\/larevistadigital.com.ar\/blog\/wp-content\/uploads\/Captura-de-pantalla-2023-03-03-231827.png?fit=803%2C441&ssl=1&resize=350%2C200","width":350,"height":200,"srcset":"https:\/\/i0.wp.com\/larevistadigital.com.ar\/blog\/wp-content\/uploads\/Captura-de-pantalla-2023-03-03-231827.png?fit=803%2C441&ssl=1&resize=350%2C200 1x, https:\/\/i0.wp.com\/larevistadigital.com.ar\/blog\/wp-content\/uploads\/Captura-de-pantalla-2023-03-03-231827.png?fit=803%2C441&ssl=1&resize=525%2C300 1.5x, https:\/\/i0.wp.com\/larevistadigital.com.ar\/blog\/wp-content\/uploads\/Captura-de-pantalla-2023-03-03-231827.png?fit=803%2C441&ssl=1&resize=700%2C400 2x"},"classes":[]},{"id":28878,"url":"https:\/\/larevistadigital.com.ar\/blog\/asesinaron-a-mauricio-cordara-chofer-del-vicepresidente-de-osprera-pablo-ansaloni\/","url_meta":{"origin":11275,"position":5},"title":"ASESINARON A MAURICIO CORDARA, CHOFER DEL VICEPRESIDENTE DE OSPRERA, PABLO ANSALONI","author":"Alejandro Sosa Ruda","date":"19 noviembre, 2022","format":false,"excerpt":"Ten\u00eda 45 a\u00f1os y se desempe\u00f1aba como chofer del exdiputado y actual vicepresidente de la obra social de los trabajadores rurales. Fue asesinado en Col\u00f3n, cuando bajaba las valijas del auto en el que hab\u00eda transportado a los hijos de Ansaloni. Recibi\u00f3 varios balazos por parte de un hombre vestido\u2026","rel":"","context":"En \u00abGREMIALES\u00bb","block_context":{"text":"GREMIALES","link":"https:\/\/larevistadigital.com.ar\/blog\/category\/gremiales\/"},"img":{"alt_text":"","src":"https:\/\/i0.wp.com\/larevistadigital.com.ar\/blog\/wp-content\/uploads\/cordara-mauri.jpg?fit=720%2C960&ssl=1&resize=350%2C200","width":350,"height":200,"srcset":"https:\/\/i0.wp.com\/larevistadigital.com.ar\/blog\/wp-content\/uploads\/cordara-mauri.jpg?fit=720%2C960&ssl=1&resize=350%2C200 1x, https:\/\/i0.wp.com\/larevistadigital.com.ar\/blog\/wp-content\/uploads\/cordara-mauri.jpg?fit=720%2C960&ssl=1&resize=525%2C300 1.5x, https:\/\/i0.wp.com\/larevistadigital.com.ar\/blog\/wp-content\/uploads\/cordara-mauri.jpg?fit=720%2C960&ssl=1&resize=700%2C400 2x"},"classes":[]}],"_links":{"self":[{"href":"https:\/\/larevistadigital.com.ar\/blog\/wp-json\/wp\/v2\/posts\/11275","targetHints":{"allow":["GET"]}}],"collection":[{"href":"https:\/\/larevistadigital.com.ar\/blog\/wp-json\/wp\/v2\/posts"}],"about":[{"href":"https:\/\/larevistadigital.com.ar\/blog\/wp-json\/wp\/v2\/types\/post"}],"author":[{"embeddable":true,"href":"https:\/\/larevistadigital.com.ar\/blog\/wp-json\/wp\/v2\/users\/3"}],"replies":[{"embeddable":true,"href":"https:\/\/larevistadigital.com.ar\/blog\/wp-json\/wp\/v2\/comments?post=11275"}],"version-history":[{"count":1,"href":"https:\/\/larevistadigital.com.ar\/blog\/wp-json\/wp\/v2\/posts\/11275\/revisions"}],"predecessor-version":[{"id":11277,"href":"https:\/\/larevistadigital.com.ar\/blog\/wp-json\/wp\/v2\/posts\/11275\/revisions\/11277"}],"wp:featuredmedia":[{"embeddable":true,"href":"https:\/\/larevistadigital.com.ar\/blog\/wp-json\/wp\/v2\/media\/11276"}],"wp:attachment":[{"href":"https:\/\/larevistadigital.com.ar\/blog\/wp-json\/wp\/v2\/media?parent=11275"}],"wp:term":[{"taxonomy":"category","embeddable":true,"href":"https:\/\/larevistadigital.com.ar\/blog\/wp-json\/wp\/v2\/categories?post=11275"},{"taxonomy":"post_tag","embeddable":true,"href":"https:\/\/larevistadigital.com.ar\/blog\/wp-json\/wp\/v2\/tags?post=11275"}],"curies":[{"name":"wp","href":"https:\/\/api.w.org\/{rel}","templated":true}]}}