{"id":11278,"date":"2019-07-15T06:39:59","date_gmt":"2019-07-15T06:39:59","guid":{"rendered":"https:\/\/larevistadigital.com.ar\/blog\/?p=11278"},"modified":"2019-07-15T06:39:59","modified_gmt":"2019-07-15T06:39:59","slug":"battisacchi-hizo-su-lanzamiento-en-las-calles-del-ipora","status":"publish","type":"post","link":"https:\/\/larevistadigital.com.ar\/blog\/battisacchi-hizo-su-lanzamiento-en-las-calles-del-ipora\/","title":{"rendered":"BATTISACCHI HIZO SU LANZAMIENTO EN LAS CALLES DEL IPOR\u00c1"},"content":{"rendered":"<p>El precandidato a Intendente por juntos por el Cambio, <strong>Osvaldo Battisacchi<\/strong> hizo efectivo su \u00ablanzamiento de campa\u00f1a el d\u00eda de ayer, cuando estuvo recorriendo junto a los candidatos que lo acompa\u00f1an en su lista las calles del barrio Ipor\u00e1, visitando a los vecinos y contando sus propuestas.<\/p>\n<blockquote>\n<h3>As\u00ed fue que luego del mediod\u00eda llegaron al barrio, y fueron recibidos por los vecinos que escucharon al m\u00e9dico y quienes lo acompa\u00f1aban, adem\u00e1s de plantearle la problem\u00e1tica barrial, y lo que esperan del municipio.<\/h3>\n<\/blockquote>\n<p>Entre otras cosas, tambi\u00e9n estuvieron en la Plaza \u00abLa Barraca\u00bb, y compartieron la tarde con la gente, ya que el mismo <strong>Battisacchi<\/strong> asegur\u00f3 que su idea no era hacer un acto de lanzamiento, sino priorizar la charla con las personas, ver las necesidades que hay en los barrios, y escuchar de boca de los vecinos cuales son los requerimientos y prioridades que tienen.<\/p>\n<h3>LA REUNI\u00d3N EN LA PLATA:<\/h3>\n<p><img data-recalc-dims=\"1\" loading=\"lazy\" decoding=\"async\" class=\"alignnone size-full wp-image-11288\" src=\"https:\/\/i0.wp.com\/larevistadigital.com.ar\/blog\/wp-content\/uploads\/WhatsApp-Image-2019-07-13-at-20.35.44.jpeg?resize=627%2C554&#038;ssl=1\" alt=\"\" width=\"627\" height=\"554\" srcset=\"https:\/\/i0.wp.com\/larevistadigital.com.ar\/blog\/wp-content\/uploads\/WhatsApp-Image-2019-07-13-at-20.35.44.jpeg?w=627&amp;ssl=1 627w, https:\/\/i0.wp.com\/larevistadigital.com.ar\/blog\/wp-content\/uploads\/WhatsApp-Image-2019-07-13-at-20.35.44.jpeg?resize=300%2C265&amp;ssl=1 300w\" sizes=\"auto, (max-width: 627px) 100vw, 627px\" \/><\/p>\n<p>Al mediod\u00eda,<strong> Osvaldo Battisacchi<\/strong> estuvo reunido en la ciudad de La Plata, donde se reuni\u00f3 con el Vice Gobernador, <strong>Daniel Salvador<\/strong> y cantidatos a intendentes.<\/p>\n<p><img data-recalc-dims=\"1\" loading=\"lazy\" decoding=\"async\" class=\"size-full wp-image-11287 aligncenter\" src=\"https:\/\/i0.wp.com\/larevistadigital.com.ar\/blog\/wp-content\/uploads\/WhatsApp-Image-2019-07-13-at-20.30.47.jpeg?resize=768%2C1024&#038;ssl=1\" alt=\"\" width=\"768\" height=\"1024\" srcset=\"https:\/\/i0.wp.com\/larevistadigital.com.ar\/blog\/wp-content\/uploads\/WhatsApp-Image-2019-07-13-at-20.30.47.jpeg?w=768&amp;ssl=1 768w, https:\/\/i0.wp.com\/larevistadigital.com.ar\/blog\/wp-content\/uploads\/WhatsApp-Image-2019-07-13-at-20.30.47.jpeg?resize=225%2C300&amp;ssl=1 225w\" sizes=\"auto, (max-width: 768px) 100vw, 768px\" \/><\/p>\n<p>Y entre otros, comparti\u00f3 algunos momentos junto al Precandidato a Diputado <strong>\u00abMaxi\u00bb Abad<\/strong>.<\/p>\n","protected":false},"excerpt":{"rendered":"<div class=\"mh-excerpt\"><p>El precandidato a Intendente por juntos por el Cambio, Osvaldo Battisacchi hizo efectivo su \u00ablanzamiento de campa\u00f1a el d\u00eda de ayer, cuando estuvo recorriendo junto a los candidatos que lo acompa\u00f1an en su lista las <a class=\"mh-excerpt-more\" href=\"https:\/\/larevistadigital.com.ar\/blog\/battisacchi-hizo-su-lanzamiento-en-las-calles-del-ipora\/\" title=\"BATTISACCHI HIZO SU LANZAMIENTO EN LAS CALLES DEL IPOR\u00c1\">[Leer M\u00e1s]<\/a><\/p>\n<\/div>","protected":false},"author":3,"featured_media":11289,"comment_status":"open","ping_status":"open","sticky":false,"template":"","format":"standard","meta":{"_jetpack_memberships_contains_paid_content":false,"footnotes":"","jetpack_publicize_message":"","jetpack_publicize_feature_enabled":true,"jetpack_social_post_already_shared":true,"jetpack_social_options":{"image_generator_settings":{"template":"highway","default_image_id":0,"font":"","enabled":false},"version":2}},"categories":[50,12],"tags":[],"class_list":{"0":"post-11278","1":"post","2":"type-post","3":"status-publish","4":"format-standard","5":"has-post-thumbnail","7":"category-interes-general","8":"category-politica"},"jetpack_publicize_connections":[],"jetpack_featured_media_url":"https:\/\/i0.wp.com\/larevistadigital.com.ar\/blog\/wp-content\/uploads\/WhatsApp-Image-2019-07-13-at-20.12.37.jpeg?fit=1152%2C864&ssl=1","jetpack_sharing_enabled":true,"jetpack_shortlink":"https:\/\/wp.me\/p8qtrQ-2VU","jetpack-related-posts":[{"id":11429,"url":"https:\/\/larevistadigital.com.ar\/blog\/chascomus-battisacchi-se-mostro-comprometido-con-los-vecinos-y-seguro-de-ganar-ambas-elecciones\/","url_meta":{"origin":11278,"position":0},"title":"CHASCOM\u00daS: BATTISACCHI SE MOSTR\u00d3 COMPROMETIDO CON LOS VECINOS Y SEGURO DE GANAR AMBAS ELECCIONES","author":"Alejandro Sosa Ruda","date":"21 julio, 2019","format":false,"excerpt":"El precandidato a intendente por uno de los sectores de \"Juntos por el Cambio\", Osvaldo Battisacchi,\u00a0fue entrevistado en el programa \"AM Show\", donde se refiri\u00f3 a lo que es la campa\u00f1a electoral de cara a las PASO. All\u00ed indic\u00f3 el reconocido m\u00e9dico y figura del radicalismo que hoy lo encuentra\u2026","rel":"","context":"En \u00abINTERES GENERAL\u00bb","block_context":{"text":"INTERES GENERAL","link":"https:\/\/larevistadigital.com.ar\/blog\/category\/interes-general\/"},"img":{"alt_text":"","src":"https:\/\/i0.wp.com\/larevistadigital.com.ar\/blog\/wp-content\/uploads\/batisachi_01dejuliode2019_elfuerte.jpg?fit=737%2C415&ssl=1&resize=350%2C200","width":350,"height":200,"srcset":"https:\/\/i0.wp.com\/larevistadigital.com.ar\/blog\/wp-content\/uploads\/batisachi_01dejuliode2019_elfuerte.jpg?fit=737%2C415&ssl=1&resize=350%2C200 1x, https:\/\/i0.wp.com\/larevistadigital.com.ar\/blog\/wp-content\/uploads\/batisachi_01dejuliode2019_elfuerte.jpg?fit=737%2C415&ssl=1&resize=525%2C300 1.5x, https:\/\/i0.wp.com\/larevistadigital.com.ar\/blog\/wp-content\/uploads\/batisachi_01dejuliode2019_elfuerte.jpg?fit=737%2C415&ssl=1&resize=700%2C400 2x"},"classes":[]},{"id":11531,"url":"https:\/\/larevistadigital.com.ar\/blog\/chascomus-battisacchi-una-ciudad-se-construye-con-la-voz-de-cada-vecino-y-para-escuchar-hay-que-estar-cerca\/","url_meta":{"origin":11278,"position":1},"title":"CHASCOM\u00daS: BATTISACCHI: \u201cUNA CIUDAD SE CONSTRUYE CON LA VOZ DE CADA VECINO. Y PARA ESCUCHAR HAY QUE ESTAR CERCA\u201d","author":"Alejandro Sosa Ruda","date":"26 julio, 2019","format":false,"excerpt":"El precandidato a intendente de \"Juntos por el Cambio\", Osvaldo Battisacchi, junto al grupo de precandidatos a concejales y consejeros escolares que lo acompa\u00f1an en la Lista 135 - 3 Rojo A, contin\u00faa recorriendo los barrios de nuestra ciudad. En declaraciones period\u00edsticas, el Dr. Battisacchi, sostuvo \u201cEstamos recorriendo los barrios\u2026","rel":"","context":"En \u00abCHASCOM\u00daS\u00bb","block_context":{"text":"CHASCOM\u00daS","link":"https:\/\/larevistadigital.com.ar\/blog\/category\/chascomus\/"},"img":{"alt_text":"","src":"https:\/\/i0.wp.com\/larevistadigital.com.ar\/blog\/wp-content\/uploads\/Batti-con-vecinos-m.jpg?fit=1152%2C864&ssl=1&resize=350%2C200","width":350,"height":200,"srcset":"https:\/\/i0.wp.com\/larevistadigital.com.ar\/blog\/wp-content\/uploads\/Batti-con-vecinos-m.jpg?fit=1152%2C864&ssl=1&resize=350%2C200 1x, https:\/\/i0.wp.com\/larevistadigital.com.ar\/blog\/wp-content\/uploads\/Batti-con-vecinos-m.jpg?fit=1152%2C864&ssl=1&resize=525%2C300 1.5x, https:\/\/i0.wp.com\/larevistadigital.com.ar\/blog\/wp-content\/uploads\/Batti-con-vecinos-m.jpg?fit=1152%2C864&ssl=1&resize=700%2C400 2x, https:\/\/i0.wp.com\/larevistadigital.com.ar\/blog\/wp-content\/uploads\/Batti-con-vecinos-m.jpg?fit=1152%2C864&ssl=1&resize=1050%2C600 3x"},"classes":[]},{"id":10968,"url":"https:\/\/larevistadigital.com.ar\/blog\/battisacchi-resalto-que-no-tiene-grandes-diferencias-con-santiago-dos-santos\/","url_meta":{"origin":11278,"position":2},"title":"BATTISACCHI RESALT\u00d3 QUE \u00abNO TIENE GRANDES DIFERENCIAS CON SANTIAGO DOS SANTOS\u00bb","author":"Alejandro Sosa Ruda","date":"1 julio, 2019","format":false,"excerpt":"Osvaldo Battisacchi, precandidato a intendente en \u201cJuntos por el Cambio\u201d afirm\u00f3 en recientes declaraciones period\u00edsticas que \u201c\u2026 si bien las diferencias que tenemos con el otro sector con el que vamos a competir en agosto no son may\u00fasculas, lo real es que los dos candidatos representamos a espacios internos distintos,\u2026","rel":"","context":"En \u00abCHASCOM\u00daS\u00bb","block_context":{"text":"CHASCOM\u00daS","link":"https:\/\/larevistadigital.com.ar\/blog\/category\/chascomus\/"},"img":{"alt_text":"","src":"https:\/\/i0.wp.com\/larevistadigital.com.ar\/blog\/wp-content\/uploads\/batisachi_01dejuliode2019_elfuerte.jpg?fit=737%2C415&ssl=1&resize=350%2C200","width":350,"height":200,"srcset":"https:\/\/i0.wp.com\/larevistadigital.com.ar\/blog\/wp-content\/uploads\/batisachi_01dejuliode2019_elfuerte.jpg?fit=737%2C415&ssl=1&resize=350%2C200 1x, https:\/\/i0.wp.com\/larevistadigital.com.ar\/blog\/wp-content\/uploads\/batisachi_01dejuliode2019_elfuerte.jpg?fit=737%2C415&ssl=1&resize=525%2C300 1.5x, https:\/\/i0.wp.com\/larevistadigital.com.ar\/blog\/wp-content\/uploads\/batisachi_01dejuliode2019_elfuerte.jpg?fit=737%2C415&ssl=1&resize=700%2C400 2x"},"classes":[]},{"id":11246,"url":"https:\/\/larevistadigital.com.ar\/blog\/batissacchi-me-siento-capaz-de-devolver-a-chascomus-lo-que-recibi\/","url_meta":{"origin":11278,"position":3},"title":"BATISSACCHI: \u00abME SIENTO CAPAZ DE DEVOLVER A CHASCOM\u00daS LO QUE RECIB\u00cd","author":"Alejandro Sosa Ruda","date":"13 julio, 2019","format":false,"excerpt":"El precandidato a intendente de \"Juntos por el Cambio\", Osvaldo Battisacchi, destac\u00f3 la integraci\u00f3n de la lista que encabeza, y se refiri\u00f3 a su anhelo de triunfar en las PASO de agosto y las elecciones generales de octubre. \u201cSoy un agradecido de Chascom\u00fas, de mi profesi\u00f3n, lo que me dio\u2026","rel":"","context":"En \u00abCHASCOM\u00daS\u00bb","block_context":{"text":"CHASCOM\u00daS","link":"https:\/\/larevistadigital.com.ar\/blog\/category\/chascomus\/"},"img":{"alt_text":"","src":"https:\/\/i0.wp.com\/larevistadigital.com.ar\/blog\/wp-content\/uploads\/los-candidatos.jpg?fit=891%2C496&ssl=1&resize=350%2C200","width":350,"height":200,"srcset":"https:\/\/i0.wp.com\/larevistadigital.com.ar\/blog\/wp-content\/uploads\/los-candidatos.jpg?fit=891%2C496&ssl=1&resize=350%2C200 1x, https:\/\/i0.wp.com\/larevistadigital.com.ar\/blog\/wp-content\/uploads\/los-candidatos.jpg?fit=891%2C496&ssl=1&resize=525%2C300 1.5x, https:\/\/i0.wp.com\/larevistadigital.com.ar\/blog\/wp-content\/uploads\/los-candidatos.jpg?fit=891%2C496&ssl=1&resize=700%2C400 2x"},"classes":[]},{"id":16870,"url":"https:\/\/larevistadigital.com.ar\/blog\/chascomus-los-vecinos-del-barrio-san-cayetano-cortan-el-acceso-a-la-ciudad\/","url_meta":{"origin":11278,"position":4},"title":"CHASCOM\u00daS. LOS VECINOS DEL BARRIO SAN CAYETANO CORTAN EL ACCESO A LA CIUDAD","author":"Alejandro Sosa Ruda","date":"9 octubre, 2020","format":false,"excerpt":"Tal como lo hab\u00edan anunciado, los vecinos autoconvocados del barrio San Cayetano volvieron a cortar el acceso a la ciudad, y lo har\u00e1n de nuevo ma\u00f1ana s\u00e1bado 10 de octubre desde las 10 de la ma\u00f1ana, ante la falta de respuestas del gobierno local. Respecto precisamente del gobierno local, desde\u2026","rel":"","context":"En \u00abCHASCOM\u00daS\u00bb","block_context":{"text":"CHASCOM\u00daS","link":"https:\/\/larevistadigital.com.ar\/blog\/category\/chascomus\/"},"img":{"alt_text":"","src":"https:\/\/i0.wp.com\/larevistadigital.com.ar\/blog\/wp-content\/uploads\/CORTE-ACCESO.jpg?fit=1000%2C790&ssl=1&resize=350%2C200","width":350,"height":200,"srcset":"https:\/\/i0.wp.com\/larevistadigital.com.ar\/blog\/wp-content\/uploads\/CORTE-ACCESO.jpg?fit=1000%2C790&ssl=1&resize=350%2C200 1x, https:\/\/i0.wp.com\/larevistadigital.com.ar\/blog\/wp-content\/uploads\/CORTE-ACCESO.jpg?fit=1000%2C790&ssl=1&resize=525%2C300 1.5x, https:\/\/i0.wp.com\/larevistadigital.com.ar\/blog\/wp-content\/uploads\/CORTE-ACCESO.jpg?fit=1000%2C790&ssl=1&resize=700%2C400 2x"},"classes":[]},{"id":10618,"url":"https:\/\/larevistadigital.com.ar\/blog\/chascomus-confirman-la-pre-candidatura-a-intendente-de-osvaldo-battisacchi\/","url_meta":{"origin":11278,"position":5},"title":"CHASCOM\u00daS: CONFIRMAN LA PRE-CANDIDATURA A INTENDENTE DE OSVALDO BATTISACCHI","author":"Alejandro Sosa Ruda","date":"14 junio, 2019","format":false,"excerpt":"Desde prensa del pre candidato a Intendente Osvaldo Battisacchi nos env\u00edan la informaci\u00f3n que confirma su participaci\u00f3n por el cargo antes mencionado. El comunicado es el siguiente: Luego de la presentaci\u00f3n formal de los frentes que competir\u00e1n en el pa\u00eds, provincia y Chascom\u00fas, se confirm\u00f3 la precandidatura a intendente por\u2026","rel":"","context":"En \u00abCHASCOM\u00daS\u00bb","block_context":{"text":"CHASCOM\u00daS","link":"https:\/\/larevistadigital.com.ar\/blog\/category\/chascomus\/"},"img":{"alt_text":"","src":"https:\/\/i0.wp.com\/larevistadigital.com.ar\/blog\/wp-content\/uploads\/56178456_432186610870026_3803145960960294912_n.jpg?fit=682%2C682&ssl=1&resize=350%2C200","width":350,"height":200,"srcset":"https:\/\/i0.wp.com\/larevistadigital.com.ar\/blog\/wp-content\/uploads\/56178456_432186610870026_3803145960960294912_n.jpg?fit=682%2C682&ssl=1&resize=350%2C200 1x, https:\/\/i0.wp.com\/larevistadigital.com.ar\/blog\/wp-content\/uploads\/56178456_432186610870026_3803145960960294912_n.jpg?fit=682%2C682&ssl=1&resize=525%2C300 1.5x"},"classes":[]}],"_links":{"self":[{"href":"https:\/\/larevistadigital.com.ar\/blog\/wp-json\/wp\/v2\/posts\/11278","targetHints":{"allow":["GET"]}}],"collection":[{"href":"https:\/\/larevistadigital.com.ar\/blog\/wp-json\/wp\/v2\/posts"}],"about":[{"href":"https:\/\/larevistadigital.com.ar\/blog\/wp-json\/wp\/v2\/types\/post"}],"author":[{"embeddable":true,"href":"https:\/\/larevistadigital.com.ar\/blog\/wp-json\/wp\/v2\/users\/3"}],"replies":[{"embeddable":true,"href":"https:\/\/larevistadigital.com.ar\/blog\/wp-json\/wp\/v2\/comments?post=11278"}],"version-history":[{"count":2,"href":"https:\/\/larevistadigital.com.ar\/blog\/wp-json\/wp\/v2\/posts\/11278\/revisions"}],"predecessor-version":[{"id":11290,"href":"https:\/\/larevistadigital.com.ar\/blog\/wp-json\/wp\/v2\/posts\/11278\/revisions\/11290"}],"wp:featuredmedia":[{"embeddable":true,"href":"https:\/\/larevistadigital.com.ar\/blog\/wp-json\/wp\/v2\/media\/11289"}],"wp:attachment":[{"href":"https:\/\/larevistadigital.com.ar\/blog\/wp-json\/wp\/v2\/media?parent=11278"}],"wp:term":[{"taxonomy":"category","embeddable":true,"href":"https:\/\/larevistadigital.com.ar\/blog\/wp-json\/wp\/v2\/categories?post=11278"},{"taxonomy":"post_tag","embeddable":true,"href":"https:\/\/larevistadigital.com.ar\/blog\/wp-json\/wp\/v2\/tags?post=11278"}],"curies":[{"name":"wp","href":"https:\/\/api.w.org\/{rel}","templated":true}]}}