{"id":11280,"date":"2019-07-14T00:17:52","date_gmt":"2019-07-14T00:17:52","guid":{"rendered":"https:\/\/larevistadigital.com.ar\/blog\/?p=11280"},"modified":"2019-07-14T00:17:52","modified_gmt":"2019-07-14T00:17:52","slug":"vecino-se-queja-por-la-inaccion-municipal","status":"publish","type":"post","link":"https:\/\/larevistadigital.com.ar\/blog\/vecino-se-queja-por-la-inaccion-municipal\/","title":{"rendered":"VECINO SE QUEJA POR LA INACCI\u00d3N MUNICIPAL"},"content":{"rendered":"<p>Un vecino se puso en contacto con nosotros por un reclamo que ha hecho a la municipalidad del que no habr\u00eda tenido respuesta alguna, ni de manera personal, ni a trav\u00e9s del 147.<\/p>\n<blockquote>\n<h3>Se trata de una situaci\u00f3n en calle Guido, entre Bah\u00eda Blanca y La Plata de Chascom\u00fas, donde para ingresar materiales a un terreno, una persona tap\u00f3 la zanja con un cami\u00f3n de tierra, pero luego esa tierra nunca se quit\u00f3, ni se reh\u00edzo la zanja por lo que el agua queda estancada en ese lugar, transform\u00e1ndolo en un barrial que hace pr\u00e1cticamente imposible transitar por ah\u00ed.<\/h3>\n<\/blockquote>\n<p>Por ese motivo, el vecino llam\u00f3 a las autoridades para que tomen cartas en el asunto, e infraccionen a quien tuvo semejante actitud, pero nunca obtuvo respuesta. Luego, cuando fue atendida en el 147, dice que le habr\u00edan pasado un n\u00famero para que haga el reclamo, que termin\u00f3 siendo el n\u00famero de Obras, donde tambi\u00e9n le dijeron que no era el sector adecuado.<\/p>\n<blockquote>\n<h3>Las fotos, muestran el lugar, y las consecuencias de haber tapado la zanja.<\/h3>\n<\/blockquote>\n<figure id=\"attachment_11284\" aria-describedby=\"caption-attachment-11284\" style=\"width: 720px\" class=\"wp-caption aligncenter\"><img data-recalc-dims=\"1\" loading=\"lazy\" decoding=\"async\" class=\"size-full wp-image-11284\" src=\"https:\/\/i0.wp.com\/larevistadigital.com.ar\/blog\/wp-content\/uploads\/66918313_2383360771930271_8014106496969211904_n.jpg?resize=720%2C960&#038;ssl=1\" alt=\"\" width=\"720\" height=\"960\" srcset=\"https:\/\/i0.wp.com\/larevistadigital.com.ar\/blog\/wp-content\/uploads\/66918313_2383360771930271_8014106496969211904_n.jpg?w=720&amp;ssl=1 720w, https:\/\/i0.wp.com\/larevistadigital.com.ar\/blog\/wp-content\/uploads\/66918313_2383360771930271_8014106496969211904_n.jpg?resize=225%2C300&amp;ssl=1 225w\" sizes=\"auto, (max-width: 720px) 100vw, 720px\" \/><figcaption id=\"caption-attachment-11284\" class=\"wp-caption-text\"><strong>EL PILAR CON LA DIRECCI\u00d3N DEL LUGAR<\/strong><\/figcaption><\/figure>\n<p><img data-recalc-dims=\"1\" loading=\"lazy\" decoding=\"async\" class=\"size-full wp-image-11281 aligncenter\" src=\"https:\/\/i0.wp.com\/larevistadigital.com.ar\/blog\/wp-content\/uploads\/66729616_2383360651930283_608371981355581440_n.jpg?resize=720%2C960&#038;ssl=1\" alt=\"\" width=\"720\" height=\"960\" srcset=\"https:\/\/i0.wp.com\/larevistadigital.com.ar\/blog\/wp-content\/uploads\/66729616_2383360651930283_608371981355581440_n.jpg?w=720&amp;ssl=1 720w, https:\/\/i0.wp.com\/larevistadigital.com.ar\/blog\/wp-content\/uploads\/66729616_2383360651930283_608371981355581440_n.jpg?resize=225%2C300&amp;ssl=1 225w\" sizes=\"auto, (max-width: 720px) 100vw, 720px\" \/><\/p>\n<p>Tambi\u00e9n hizo la queja por la red social Facebook, donde mencion\u00f3 el problema que sufre, sin haber obtenido respuesta alguna.<\/p>\n","protected":false},"excerpt":{"rendered":"<div class=\"mh-excerpt\"><p>Un vecino se puso en contacto con nosotros por un reclamo que ha hecho a la municipalidad del que no habr\u00eda tenido respuesta alguna, ni de manera personal, ni a trav\u00e9s del 147. Se trata <a class=\"mh-excerpt-more\" href=\"https:\/\/larevistadigital.com.ar\/blog\/vecino-se-queja-por-la-inaccion-municipal\/\" title=\"VECINO SE QUEJA POR LA INACCI\u00d3N MUNICIPAL\">[Leer M\u00e1s]<\/a><\/p>\n<\/div>","protected":false},"author":3,"featured_media":11283,"comment_status":"open","ping_status":"open","sticky":false,"template":"","format":"standard","meta":{"_jetpack_memberships_contains_paid_content":false,"footnotes":"","jetpack_publicize_message":"","jetpack_publicize_feature_enabled":true,"jetpack_social_post_already_shared":true,"jetpack_social_options":{"image_generator_settings":{"template":"highway","default_image_id":0,"font":"","enabled":false},"version":2}},"categories":[6],"tags":[],"class_list":{"0":"post-11280","1":"post","2":"type-post","3":"status-publish","4":"format-standard","5":"has-post-thumbnail","7":"category-chascomus"},"jetpack_publicize_connections":[],"jetpack_featured_media_url":"https:\/\/i0.wp.com\/larevistadigital.com.ar\/blog\/wp-content\/uploads\/66455463_2383360265263655_4512443196961193984_n.jpg?fit=720%2C960&ssl=1","jetpack_sharing_enabled":true,"jetpack_shortlink":"https:\/\/wp.me\/p8qtrQ-2VW","jetpack-related-posts":[{"id":10579,"url":"https:\/\/larevistadigital.com.ar\/blog\/chascomus-vecinos-de-el-hueco-piden-soluciones-a-los-problemas-de-salubridad-e-higiene-por-un-mal-calculo-en-la-pavimentacion-de-calle-peru\/","url_meta":{"origin":11280,"position":0},"title":"CHASCOM\u00daS: VECINOS DE \u00abEL HUECO\u00bb PIDEN SOLUCIONES A LOS PROBLEMAS DE SALUBRIDAD E HIGIENE POR LA PAVIMENTACI\u00d3N DE CALLE PER\u00da QUE QUED\u00d3 M\u00c1S BAJA QUE LAS TRANSVERSALES","author":"Alejandro Sosa Ruda","date":"12 junio, 2019","format":false,"excerpt":"Un grupo de vecinos de el barrio El Hueco, se present\u00f3 ante el canal de noticias local \"Somos Noticias\", y mantuvieron un di\u00e1logo con su conductor, Sergio \"Tony\" Peralta,\u00a0 para plantear un reclamo que vienen llevando a cabo hace tiempo y que tiene que ver con lo que ser\u00eda un\u2026","rel":"","context":"En \u00abDESTACADAS\u00bb","block_context":{"text":"DESTACADAS","link":"https:\/\/larevistadigital.com.ar\/blog\/category\/destacadas\/"},"img":{"alt_text":"","src":"https:\/\/i0.wp.com\/larevistadigital.com.ar\/blog\/wp-content\/uploads\/62652835_10219369614137854_7802593153076166656_o.jpg?fit=1200%2C900&ssl=1&resize=350%2C200","width":350,"height":200,"srcset":"https:\/\/i0.wp.com\/larevistadigital.com.ar\/blog\/wp-content\/uploads\/62652835_10219369614137854_7802593153076166656_o.jpg?fit=1200%2C900&ssl=1&resize=350%2C200 1x, https:\/\/i0.wp.com\/larevistadigital.com.ar\/blog\/wp-content\/uploads\/62652835_10219369614137854_7802593153076166656_o.jpg?fit=1200%2C900&ssl=1&resize=525%2C300 1.5x, https:\/\/i0.wp.com\/larevistadigital.com.ar\/blog\/wp-content\/uploads\/62652835_10219369614137854_7802593153076166656_o.jpg?fit=1200%2C900&ssl=1&resize=700%2C400 2x, https:\/\/i0.wp.com\/larevistadigital.com.ar\/blog\/wp-content\/uploads\/62652835_10219369614137854_7802593153076166656_o.jpg?fit=1200%2C900&ssl=1&resize=1050%2C600 3x"},"classes":[]},{"id":45026,"url":"https:\/\/larevistadigital.com.ar\/blog\/chascomus-servicio-147-atencion-al-vecino-las-24-horas\/","url_meta":{"origin":11280,"position":1},"title":"Chascom\u00fas, Servicio 147: atenci\u00f3n al vecino las 24 horas","author":"Alejandro Sosa Ruda","date":"8 abril, 2026","format":false,"excerpt":"Canales disponibles para consultas y reclamos vinculados a servicios, obras e infraestructura. 08 de abril de 2026 CHASCOM\u00daS -\u00a0 \u00a0La Municipalidad de Chascom\u00fas recuerda a la comunidad que se encuentra disponible el Servicio 147, un sistema centralizado de atenci\u00f3n destinado a canalizar consultas y reclamos vinculados a obras p\u00fablicas, infraestructura\u2026","rel":"","context":"En \u00abCHASCOM\u00daS\u00bb","block_context":{"text":"CHASCOM\u00daS","link":"https:\/\/larevistadigital.com.ar\/blog\/category\/chascomus\/"},"img":{"alt_text":"","src":"https:\/\/i0.wp.com\/larevistadigital.com.ar\/blog\/wp-content\/uploads\/69d681e21bbd3.png?fit=668%2C445&ssl=1&resize=350%2C200","width":350,"height":200,"srcset":"https:\/\/i0.wp.com\/larevistadigital.com.ar\/blog\/wp-content\/uploads\/69d681e21bbd3.png?fit=668%2C445&ssl=1&resize=350%2C200 1x, https:\/\/i0.wp.com\/larevistadigital.com.ar\/blog\/wp-content\/uploads\/69d681e21bbd3.png?fit=668%2C445&ssl=1&resize=525%2C300 1.5x"},"classes":[]},{"id":10201,"url":"https:\/\/larevistadigital.com.ar\/blog\/chascomus-camion-se-accidento-y-casi-vuelca\/","url_meta":{"origin":11280,"position":2},"title":"CHASCOM\u00daS: CAMI\u00d3N SE ACCIDENT\u00d3 Y CASI VUELCA","author":"Alejandro Sosa Ruda","date":"15 mayo, 2019","format":false,"excerpt":"Por causas que se desconocen, un cami\u00f3n luego de alg\u00fan percance mec\u00e1nico, o alguna mala maniobra de su conductor, qued\u00f3 inclinado en la zanja y al parecer no volc\u00f3 de casualidad. Esto sucedi\u00f3 en calles Machado y la Diagonal 7 de Setiembre, y fue informado por el vecino Pedro Fayos,\u2026","rel":"","context":"En \u00abCHASCOM\u00daS\u00bb","block_context":{"text":"CHASCOM\u00daS","link":"https:\/\/larevistadigital.com.ar\/blog\/category\/chascomus\/"},"img":{"alt_text":"","src":"https:\/\/i0.wp.com\/larevistadigital.com.ar\/blog\/wp-content\/uploads\/2019\/05\/WhatsApp-Image-2019-05-15-at-08.41.17.jpeg?fit=780%2C1040&ssl=1&resize=350%2C200","width":350,"height":200,"srcset":"https:\/\/i0.wp.com\/larevistadigital.com.ar\/blog\/wp-content\/uploads\/2019\/05\/WhatsApp-Image-2019-05-15-at-08.41.17.jpeg?fit=780%2C1040&ssl=1&resize=350%2C200 1x, https:\/\/i0.wp.com\/larevistadigital.com.ar\/blog\/wp-content\/uploads\/2019\/05\/WhatsApp-Image-2019-05-15-at-08.41.17.jpeg?fit=780%2C1040&ssl=1&resize=525%2C300 1.5x, https:\/\/i0.wp.com\/larevistadigital.com.ar\/blog\/wp-content\/uploads\/2019\/05\/WhatsApp-Image-2019-05-15-at-08.41.17.jpeg?fit=780%2C1040&ssl=1&resize=700%2C400 2x"},"classes":[]},{"id":1970,"url":"https:\/\/larevistadigital.com.ar\/blog\/queja-de-vecinos-por-pozo-en-el-acceso\/","url_meta":{"origin":11280,"position":3},"title":"QUEJA DE VECINOS POR POZO EN EL ACCESO","author":"Alejandro Sosa Ruda","date":"11 abril, 2017","format":false,"excerpt":"Un grupo de vecinos que residen en el acceso norte de Chascom\u00fas, nos hizo llegar unas fotos con el reclamo a las autoridades de Obras y Servicios, que parecen haber pasado por alto el estado de una zanja ubicada en las intersecciones de las calles Misiones y Libres del sur,\u2026","rel":"","context":"En \u00abCHASCOM\u00daS\u00bb","block_context":{"text":"CHASCOM\u00daS","link":"https:\/\/larevistadigital.com.ar\/blog\/category\/chascomus\/"},"img":{"alt_text":"","src":"https:\/\/i0.wp.com\/larevistadigital.com.ar\/blog\/wp-content\/uploads\/2017\/04\/WhatsApp-Image-2017-04-11-at-08.20.39-1.jpeg?fit=864%2C794&ssl=1&resize=350%2C200","width":350,"height":200,"srcset":"https:\/\/i0.wp.com\/larevistadigital.com.ar\/blog\/wp-content\/uploads\/2017\/04\/WhatsApp-Image-2017-04-11-at-08.20.39-1.jpeg?fit=864%2C794&ssl=1&resize=350%2C200 1x, https:\/\/i0.wp.com\/larevistadigital.com.ar\/blog\/wp-content\/uploads\/2017\/04\/WhatsApp-Image-2017-04-11-at-08.20.39-1.jpeg?fit=864%2C794&ssl=1&resize=525%2C300 1.5x, https:\/\/i0.wp.com\/larevistadigital.com.ar\/blog\/wp-content\/uploads\/2017\/04\/WhatsApp-Image-2017-04-11-at-08.20.39-1.jpeg?fit=864%2C794&ssl=1&resize=700%2C400 2x"},"classes":[]},{"id":19593,"url":"https:\/\/larevistadigital.com.ar\/blog\/cipriano-perez-del-cerro-contesto-el-reclamo-de-un-vecino-acerca-de-la-vacunacion-en-chascomus\/","url_meta":{"origin":11280,"position":4},"title":"CIPRIANO P\u00c9REZ DEL CERRO CONTEST\u00d3 EL RECLAMO DE UN VECINO, ACERCA DE LA VACUNACI\u00d3N EN CHASCOM\u00daS","author":"Alejandro Sosa Ruda","date":"3 abril, 2021","format":false,"excerpt":"CHASCOM\u00daS - Luego de las distintas situaciones que se han vivido a nivel nacional y que se han replicado en todo el pa\u00eds respecto de la vergonzosa falta de \u00e9tica y moral respecto de la vacunaci\u00f3n bautizada como VIP, que costaron la renuncia del Ministro de Salud de la Naci\u00f3n,\u2026","rel":"","context":"En \u00abINTERES GENERAL\u00bb","block_context":{"text":"INTERES GENERAL","link":"https:\/\/larevistadigital.com.ar\/blog\/category\/interes-general\/"},"img":{"alt_text":"","src":"https:\/\/i0.wp.com\/larevistadigital.com.ar\/blog\/wp-content\/uploads\/arton188925.jpg?fit=1200%2C656&ssl=1&resize=350%2C200","width":350,"height":200,"srcset":"https:\/\/i0.wp.com\/larevistadigital.com.ar\/blog\/wp-content\/uploads\/arton188925.jpg?fit=1200%2C656&ssl=1&resize=350%2C200 1x, https:\/\/i0.wp.com\/larevistadigital.com.ar\/blog\/wp-content\/uploads\/arton188925.jpg?fit=1200%2C656&ssl=1&resize=525%2C300 1.5x, https:\/\/i0.wp.com\/larevistadigital.com.ar\/blog\/wp-content\/uploads\/arton188925.jpg?fit=1200%2C656&ssl=1&resize=700%2C400 2x, https:\/\/i0.wp.com\/larevistadigital.com.ar\/blog\/wp-content\/uploads\/arton188925.jpg?fit=1200%2C656&ssl=1&resize=1050%2C600 3x"},"classes":[]},{"id":18418,"url":"https:\/\/larevistadigital.com.ar\/blog\/que-pasa-con-el-107-y-la-atencion-el-segundo-vecino-que-nos-escribe-contando-que-tiene-covid-y-dice-no-haber-sido-atendido-por-el-municipio\/","url_meta":{"origin":11280,"position":5},"title":"\u00bfQU\u00c9 PASA CON EL 107 Y LA ATENCI\u00d3N? \u2026 EL SEGUNDO VECINO QUE NOS ESCRIBE, CONTANDO QUE TIENE COVID, Y DICE NO HABER SIDO ATENDIDO POR EL MUNICIPIO","author":"Alejandro Sosa Ruda","date":"30 diciembre, 2020","format":false,"excerpt":"Hace unos d\u00edas atr\u00e1s, se comunic\u00f3 con nosotros un amigo y vecino, que nos cont\u00f3 que sinti\u00f3 claros s\u00edntomas que lo hicieron sospechar que ten\u00eda Covid-19. Una vez que lo atendieron le prometieron que ir\u00edan al otro d\u00eda a su domicilio por la ma\u00f1ana. Nunca ocurri\u00f3. Luego, llam\u00f3 telef\u00f3nicamente a\u2026","rel":"","context":"En \u00abDESTACADAS\u00bb","block_context":{"text":"DESTACADAS","link":"https:\/\/larevistadigital.com.ar\/blog\/category\/destacadas\/"},"img":{"alt_text":"","src":"https:\/\/i0.wp.com\/larevistadigital.com.ar\/blog\/wp-content\/uploads\/coronavirus_cepa.jpg?fit=1200%2C675&ssl=1&resize=350%2C200","width":350,"height":200,"srcset":"https:\/\/i0.wp.com\/larevistadigital.com.ar\/blog\/wp-content\/uploads\/coronavirus_cepa.jpg?fit=1200%2C675&ssl=1&resize=350%2C200 1x, https:\/\/i0.wp.com\/larevistadigital.com.ar\/blog\/wp-content\/uploads\/coronavirus_cepa.jpg?fit=1200%2C675&ssl=1&resize=525%2C300 1.5x, https:\/\/i0.wp.com\/larevistadigital.com.ar\/blog\/wp-content\/uploads\/coronavirus_cepa.jpg?fit=1200%2C675&ssl=1&resize=700%2C400 2x, https:\/\/i0.wp.com\/larevistadigital.com.ar\/blog\/wp-content\/uploads\/coronavirus_cepa.jpg?fit=1200%2C675&ssl=1&resize=1050%2C600 3x"},"classes":[]}],"_links":{"self":[{"href":"https:\/\/larevistadigital.com.ar\/blog\/wp-json\/wp\/v2\/posts\/11280","targetHints":{"allow":["GET"]}}],"collection":[{"href":"https:\/\/larevistadigital.com.ar\/blog\/wp-json\/wp\/v2\/posts"}],"about":[{"href":"https:\/\/larevistadigital.com.ar\/blog\/wp-json\/wp\/v2\/types\/post"}],"author":[{"embeddable":true,"href":"https:\/\/larevistadigital.com.ar\/blog\/wp-json\/wp\/v2\/users\/3"}],"replies":[{"embeddable":true,"href":"https:\/\/larevistadigital.com.ar\/blog\/wp-json\/wp\/v2\/comments?post=11280"}],"version-history":[{"count":1,"href":"https:\/\/larevistadigital.com.ar\/blog\/wp-json\/wp\/v2\/posts\/11280\/revisions"}],"predecessor-version":[{"id":11285,"href":"https:\/\/larevistadigital.com.ar\/blog\/wp-json\/wp\/v2\/posts\/11280\/revisions\/11285"}],"wp:featuredmedia":[{"embeddable":true,"href":"https:\/\/larevistadigital.com.ar\/blog\/wp-json\/wp\/v2\/media\/11283"}],"wp:attachment":[{"href":"https:\/\/larevistadigital.com.ar\/blog\/wp-json\/wp\/v2\/media?parent=11280"}],"wp:term":[{"taxonomy":"category","embeddable":true,"href":"https:\/\/larevistadigital.com.ar\/blog\/wp-json\/wp\/v2\/categories?post=11280"},{"taxonomy":"post_tag","embeddable":true,"href":"https:\/\/larevistadigital.com.ar\/blog\/wp-json\/wp\/v2\/tags?post=11280"}],"curies":[{"name":"wp","href":"https:\/\/api.w.org\/{rel}","templated":true}]}}