{"id":11291,"date":"2019-07-15T06:43:02","date_gmt":"2019-07-15T06:43:02","guid":{"rendered":"https:\/\/larevistadigital.com.ar\/blog\/?p=11291"},"modified":"2019-07-15T07:46:35","modified_gmt":"2019-07-15T07:46:35","slug":"santiago-dos-santos-lanzo-su-candidatura-ante-una-importante-concurrencia","status":"publish","type":"post","link":"https:\/\/larevistadigital.com.ar\/blog\/santiago-dos-santos-lanzo-su-candidatura-ante-una-importante-concurrencia\/","title":{"rendered":"SANTIAGO DOS SANTOS LANZ\u00d3 SU CANDIDATURA ANTE UNA IMPORTANTE CONCURRENCIA"},"content":{"rendered":"<p>Como estaba previsto, en el Caf\u00e9 y Restaurante costanero \u00abTrocadero\u00bb se llev\u00f3 a cabo el \u00ablanzamiento de campa\u00f1a\u00bb del m\u00e9dico cirujano <strong>Santiago Dos Santos<\/strong>, como precandidato a Intendente por el espacio de \u00abJuntos Por El Cambio\u00bb, y de todos los referentes y candidatos que lo acompa\u00f1an en la lista que encabeza.<\/p>\n<p>Luego de la lectura de mensajes de apoyo de algunos importantes personajes, como ministros del gabinete de la gobernadora Vidal, se procedi\u00f3 a la lectura de los integrantes de la lista en su totalidad, y entre quienes hablaron, estuvo la candidata a consejera escolar <strong>Luc\u00eda Tejo<\/strong>, que agradeci\u00f3 las muestras de afecto, y manifest\u00f3 su entusiasmo por poder poner en pr\u00e1ctica los proyectos por los que vienen trabajando hace tiempo.\u00a0 Luego, quien habl\u00f3 fue el candidato a concejal en primer lugar, <strong>Alejandro Bartoletti<\/strong>, dirigi\u00e9ndose a la militancia, y a c\u00f3mo transmitir el mensaje, y luego, lleg\u00f3 el turno del candidato a Intendente, <strong>Santiago Dos Santos<\/strong>.<\/p>\n<blockquote>\n<h3><strong>Dos Santos<\/strong>, visiblemente emocionado, se encarg\u00f3 de agradecer a todos los que lo acompa\u00f1an, destacando que lo eligieron para conducir el grupo y que dejando mezquindades e intereses personales, conf\u00edan en su capacidad de liderazgo. As\u00ed mencion\u00f3 a <strong>Ramiro Ferrante<\/strong>, a <strong>Jos\u00e9 Ochoa<\/strong>, la Coalici\u00f3n C\u00edvica y todos quienes integran el espacio que han conformado.<\/h3>\n<\/blockquote>\n<p>Tambi\u00e9n salud\u00f3 y agradeci\u00f3 la presencia de los referentes Lezamenses del grupo del Intendente <strong>Harispe<\/strong>, y al referente y candidato de Pila de Juntos Por El Cambio.<\/p>\n<p>Luego, hizo referencia a algunos trabajos que vienen desarrollando, prepar\u00e1ndose para si llegan a ser elegidos por los vecinos de la ciudad, tener previsto cada tema y cada acto de gobierno a realizar. Pero sobre todo, destac\u00f3 la actitud del grupo y de cada uno de los candidatos, de no entrar en ning\u00fan tipo de agravios ni campa\u00f1a sucia, contra ning\u00fan contendiente, sino que basar\u00e1n la campa\u00f1a en propuestas y en temas de enorme inter\u00e9s como por ejemplo las oportunidades de trabajo.<\/p>\n<p><strong>LOS MINISTROS DEL GABINETE DE MAR\u00cdA EUGENIA VIDAL QUE ENVIARON SU ADHESI\u00d3N A LA CANDIDATURA DE SANTIAGO DOS SANTOS:<\/strong><\/p>\n<p><strong>Andr\u00e9s Scarsi<\/strong> (Ministro de Salud)<br \/>\n<strong>Roberto Gigante<\/strong> (Ministro de Infraestructura)<br \/>\n<strong>Cristian Ritondo<\/strong> (Ministro de Seguridad)<br \/>\n<strong>Gustavo Ferrari<\/strong> (Ministro de Justicia)<br \/>\n<strong>Alejandro Finocchiaro<\/strong> (Ministro de Educaci\u00f3n y Cultura)<br \/>\n<strong>Gabriel Sanchez Zinny\u00a0<\/strong> (Director de Cultura y educaci\u00f3n)<br \/>\n<strong>Santiago Lopez Medrano<\/strong> (Ministro de Desarroll\u00f3 Social)<br \/>\n<strong>Alejandro Conejo Gomez<\/strong>\u00a0 (Ministro de Gesti\u00f3n Cultural)<br \/>\n<strong>Marcelo Villegas<\/strong> (Ministro de Trabajo)<br \/>\n<strong>Leo Sarquis<\/strong> (Min de Agroindustria)<br \/>\n<strong>Mariano Mohamed<\/strong> (Asesor de la Gobernadora)<br \/>\n<strong>Federico Suarez<\/strong>\u00a0 (Ministro de Asuntos P\u00fablicos)<\/p>\n<p><strong>AYER CON LA GOBERNADORA:<\/strong><\/p>\n<p>En el d\u00eda de ayer, <strong>Dos Santos<\/strong> estuvo presente en el acto que se realiz\u00f3 en la ciudad de La Plata en el hotel Grand Brizzo donde estuvieron el Presidente, la Gobernadora y miembros del gabinete y ministros.<\/p>\n<figure id=\"attachment_11292\" aria-describedby=\"caption-attachment-11292\" style=\"width: 1280px\" class=\"wp-caption alignnone\"><img data-recalc-dims=\"1\" loading=\"lazy\" decoding=\"async\" class=\"wp-image-11292 size-full\" src=\"https:\/\/i0.wp.com\/larevistadigital.com.ar\/blog\/wp-content\/uploads\/66888747_882139485512193_8326440242470977536_o.jpg?resize=1280%2C960&#038;ssl=1\" alt=\"\" width=\"1280\" height=\"960\" srcset=\"https:\/\/i0.wp.com\/larevistadigital.com.ar\/blog\/wp-content\/uploads\/66888747_882139485512193_8326440242470977536_o.jpg?w=1280&amp;ssl=1 1280w, https:\/\/i0.wp.com\/larevistadigital.com.ar\/blog\/wp-content\/uploads\/66888747_882139485512193_8326440242470977536_o.jpg?resize=300%2C225&amp;ssl=1 300w, https:\/\/i0.wp.com\/larevistadigital.com.ar\/blog\/wp-content\/uploads\/66888747_882139485512193_8326440242470977536_o.jpg?resize=768%2C576&amp;ssl=1 768w, https:\/\/i0.wp.com\/larevistadigital.com.ar\/blog\/wp-content\/uploads\/66888747_882139485512193_8326440242470977536_o.jpg?resize=1024%2C768&amp;ssl=1 1024w, https:\/\/i0.wp.com\/larevistadigital.com.ar\/blog\/wp-content\/uploads\/66888747_882139485512193_8326440242470977536_o.jpg?resize=678%2C509&amp;ssl=1 678w, https:\/\/i0.wp.com\/larevistadigital.com.ar\/blog\/wp-content\/uploads\/66888747_882139485512193_8326440242470977536_o.jpg?resize=326%2C245&amp;ssl=1 326w, https:\/\/i0.wp.com\/larevistadigital.com.ar\/blog\/wp-content\/uploads\/66888747_882139485512193_8326440242470977536_o.jpg?resize=80%2C60&amp;ssl=1 80w\" sizes=\"auto, (max-width: 1000px) 100vw, 1000px\" \/><figcaption id=\"caption-attachment-11292\" class=\"wp-caption-text\"><strong>CON CRISTIAN RITONDO, CANDIDATO A DIPUTADO<\/strong><\/figcaption><\/figure>\n<p>&nbsp;<\/p>\n","protected":false},"excerpt":{"rendered":"<div class=\"mh-excerpt\"><p>Como estaba previsto, en el Caf\u00e9 y Restaurante costanero \u00abTrocadero\u00bb se llev\u00f3 a cabo el \u00ablanzamiento de campa\u00f1a\u00bb del m\u00e9dico cirujano Santiago Dos Santos, como precandidato a Intendente por el espacio de \u00abJuntos Por El <a class=\"mh-excerpt-more\" href=\"https:\/\/larevistadigital.com.ar\/blog\/santiago-dos-santos-lanzo-su-candidatura-ante-una-importante-concurrencia\/\" title=\"SANTIAGO DOS SANTOS LANZ\u00d3 SU CANDIDATURA ANTE UNA IMPORTANTE CONCURRENCIA\">[Leer M\u00e1s]<\/a><\/p>\n<\/div>","protected":false},"author":3,"featured_media":11299,"comment_status":"open","ping_status":"open","sticky":false,"template":"","format":"standard","meta":{"_jetpack_memberships_contains_paid_content":false,"footnotes":"","jetpack_publicize_message":"","jetpack_publicize_feature_enabled":true,"jetpack_social_post_already_shared":true,"jetpack_social_options":{"image_generator_settings":{"template":"highway","default_image_id":0,"font":"","enabled":false},"version":2}},"categories":[12],"tags":[],"class_list":{"0":"post-11291","1":"post","2":"type-post","3":"status-publish","4":"format-standard","5":"has-post-thumbnail","7":"category-politica"},"jetpack_publicize_connections":[],"jetpack_featured_media_url":"https:\/\/i0.wp.com\/larevistadigital.com.ar\/blog\/wp-content\/uploads\/IMG_20190714_182440875.jpg?fit=4608%2C3456&ssl=1","jetpack_sharing_enabled":true,"jetpack_shortlink":"https:\/\/wp.me\/p8qtrQ-2W7","jetpack-related-posts":[{"id":10695,"url":"https:\/\/larevistadigital.com.ar\/blog\/chascomus-los-nombres-de-la-lista-del-doctor-santiago-dos-santos\/","url_meta":{"origin":11291,"position":0},"title":"CHASCOM\u00daS: LOS NOMBRES DE LA LISTA DEL DOCTOR SANTIAGO DOS SANTOS","author":"Alejandro Sosa Ruda","date":"22 junio, 2019","format":false,"excerpt":"Si bien el cierre de presentaci\u00f3n de listas ser\u00e1 a las doce de la noche del d\u00eda de hoy, pudimos conocer algunos de los nombres que acompa\u00f1ar\u00e1n al doctor Santiago Dos Santos en su lista como pre candidato a Intendente de \"Juntos por el Cambio\" en la ciudad de Chascom\u00fas.\u2026","rel":"","context":"En \u00abDESTACADAS\u00bb","block_context":{"text":"DESTACADAS","link":"https:\/\/larevistadigital.com.ar\/blog\/category\/destacadas\/"},"img":{"alt_text":"","src":"https:\/\/i0.wp.com\/larevistadigital.com.ar\/blog\/wp-content\/uploads\/2019\/04\/19601412_10213452250083944_4973836600266300277_n.jpg?fit=960%2C960&ssl=1&resize=350%2C200","width":350,"height":200,"srcset":"https:\/\/i0.wp.com\/larevistadigital.com.ar\/blog\/wp-content\/uploads\/2019\/04\/19601412_10213452250083944_4973836600266300277_n.jpg?fit=960%2C960&ssl=1&resize=350%2C200 1x, https:\/\/i0.wp.com\/larevistadigital.com.ar\/blog\/wp-content\/uploads\/2019\/04\/19601412_10213452250083944_4973836600266300277_n.jpg?fit=960%2C960&ssl=1&resize=525%2C300 1.5x, https:\/\/i0.wp.com\/larevistadigital.com.ar\/blog\/wp-content\/uploads\/2019\/04\/19601412_10213452250083944_4973836600266300277_n.jpg?fit=960%2C960&ssl=1&resize=700%2C400 2x"},"classes":[]},{"id":10667,"url":"https:\/\/larevistadigital.com.ar\/blog\/chascomus-duelo-de-doctores-se-viene-la-interna-entre-dos-santos-y-battisacchi\/","url_meta":{"origin":11291,"position":1},"title":"CHASCOM\u00daS: \u00abDUELO DE DOCTORES\u00bb SE VIENE LA INTERNA ENTRE DOS SANTOS Y BATTISACCHI","author":"Alejandro Sosa Ruda","date":"21 junio, 2019","format":false,"excerpt":"Finalmente Ramiro Ferrante decidi\u00f3 bajarse de la pelea interna por su candidatura a Intendente, y decidi\u00f3 apoyar al radical Santiago Dos Santos, pero igualmente,\u00a0 parece que no habr\u00e1 posibilidad de lista \u00fanica en Juntos por el Cambio en la ciudad de Chascom\u00fas. Luego de los cruces, di\u00e1logos, roscas, encuentros y\u2026","rel":"","context":"En \u00abDESTACADAS\u00bb","block_context":{"text":"DESTACADAS","link":"https:\/\/larevistadigital.com.ar\/blog\/category\/destacadas\/"},"img":{"alt_text":"","src":"https:\/\/i0.wp.com\/larevistadigital.com.ar\/blog\/wp-content\/uploads\/LA-INTERNA.jpg?fit=1096%2C500&ssl=1&resize=350%2C200","width":350,"height":200,"srcset":"https:\/\/i0.wp.com\/larevistadigital.com.ar\/blog\/wp-content\/uploads\/LA-INTERNA.jpg?fit=1096%2C500&ssl=1&resize=350%2C200 1x, https:\/\/i0.wp.com\/larevistadigital.com.ar\/blog\/wp-content\/uploads\/LA-INTERNA.jpg?fit=1096%2C500&ssl=1&resize=525%2C300 1.5x, https:\/\/i0.wp.com\/larevistadigital.com.ar\/blog\/wp-content\/uploads\/LA-INTERNA.jpg?fit=1096%2C500&ssl=1&resize=700%2C400 2x, https:\/\/i0.wp.com\/larevistadigital.com.ar\/blog\/wp-content\/uploads\/LA-INTERNA.jpg?fit=1096%2C500&ssl=1&resize=1050%2C600 3x"},"classes":[]},{"id":2816,"url":"https:\/\/larevistadigital.com.ar\/blog\/chascomus-el-precandidato-a-concejal-de-cambiemos-santiago-dos-santos-se-reunio-con-el-intendente-de-general-belgrano\/","url_meta":{"origin":11291,"position":2},"title":"CHASCOM\u00daS: EL PRECANDIDATO A CONCEJAL DE CAMBIEMOS SANTIAGO DOS SANTOS, SE REUNI\u00d3 CON EL INTENDENTE DE GENERAL BELGRANO","author":"Alejandro Sosa Ruda","date":"3 agosto, 2017","format":false,"excerpt":"Encuentro de trabajo de los candidatos a concejales de Cambiemos-UCR con el Intendente de Gral Belgrano Los\u00a0 candidatos a concejales de Cambiemos-UCR, Santiago Dos Santos y Lorenza Marquez mantuvieron un encuentro de trabajo con el Intendente de Gral. Belgrano Osvaldo Din\u00e1poli y miembros de su gabinete. El objetivo de la\u2026","rel":"","context":"En \u00abCHASCOM\u00daS\u00bb","block_context":{"text":"CHASCOM\u00daS","link":"https:\/\/larevistadigital.com.ar\/blog\/category\/chascomus\/"},"img":{"alt_text":"","src":"https:\/\/i0.wp.com\/larevistadigital.com.ar\/blog\/wp-content\/uploads\/2017\/08\/DINAPOLI.jpg?fit=900%2C507&ssl=1&resize=350%2C200","width":350,"height":200,"srcset":"https:\/\/i0.wp.com\/larevistadigital.com.ar\/blog\/wp-content\/uploads\/2017\/08\/DINAPOLI.jpg?fit=900%2C507&ssl=1&resize=350%2C200 1x, https:\/\/i0.wp.com\/larevistadigital.com.ar\/blog\/wp-content\/uploads\/2017\/08\/DINAPOLI.jpg?fit=900%2C507&ssl=1&resize=525%2C300 1.5x, https:\/\/i0.wp.com\/larevistadigital.com.ar\/blog\/wp-content\/uploads\/2017\/08\/DINAPOLI.jpg?fit=900%2C507&ssl=1&resize=700%2C400 2x"},"classes":[]},{"id":32452,"url":"https:\/\/larevistadigital.com.ar\/blog\/seguridad-salud-y-trabajo-fueron-los-ejes-principales-en-la-presentacion-de-la-lista-10-de-juntos-por-el-cambio-que-encabeza-santiago-dos-santos\/","url_meta":{"origin":11291,"position":3},"title":"SEGURIDAD, SALUD Y TRABAJO FUERON LOS EJES PRINCIPALES EN LA PRESENTACION DE LA LISTA 10 DE JUNTOS POR EL CAMBIO QUE ENCABEZA SANTIAGO DOS SANTOS","author":"Alejandro Sosa Ruda","date":"16 julio, 2023","format":false,"excerpt":"Fue este s\u00e1bado 15 de julio en las instalaciones de Uni\u00f3n Deportiva 16 de julio de 2023 CHASCOM\u00daS -\u00a0 En el marco de la presentaci\u00f3n de los candidatos a concejales y consejeros escolares que lo acompa\u00f1an en la lista a nivel municipal de cara a las PASO, el precandidato a\u2026","rel":"","context":"En \u00abINTERES GENERAL\u00bb","block_context":{"text":"INTERES GENERAL","link":"https:\/\/larevistadigital.com.ar\/blog\/category\/interes-general\/"},"img":{"alt_text":"","src":"https:\/\/i0.wp.com\/larevistadigital.com.ar\/blog\/wp-content\/uploads\/WhatsApp-Image-2023-07-15-at-20.16.12.jpeg?fit=1200%2C900&ssl=1&resize=350%2C200","width":350,"height":200,"srcset":"https:\/\/i0.wp.com\/larevistadigital.com.ar\/blog\/wp-content\/uploads\/WhatsApp-Image-2023-07-15-at-20.16.12.jpeg?fit=1200%2C900&ssl=1&resize=350%2C200 1x, https:\/\/i0.wp.com\/larevistadigital.com.ar\/blog\/wp-content\/uploads\/WhatsApp-Image-2023-07-15-at-20.16.12.jpeg?fit=1200%2C900&ssl=1&resize=525%2C300 1.5x, https:\/\/i0.wp.com\/larevistadigital.com.ar\/blog\/wp-content\/uploads\/WhatsApp-Image-2023-07-15-at-20.16.12.jpeg?fit=1200%2C900&ssl=1&resize=700%2C400 2x, https:\/\/i0.wp.com\/larevistadigital.com.ar\/blog\/wp-content\/uploads\/WhatsApp-Image-2023-07-15-at-20.16.12.jpeg?fit=1200%2C900&ssl=1&resize=1050%2C600 3x"},"classes":[]},{"id":12754,"url":"https:\/\/larevistadigital.com.ar\/blog\/maria-eugenia-vidal-y-daniel-salvador-hicieron-llegar-su-apoyo-a-santiago-dos-santos\/","url_meta":{"origin":11291,"position":4},"title":"MAR\u00cdA EUGENIA VIDAL Y DANIEL SALVADOR HICIERON LLEGAR SU APOYO A SANTIAGO DOS SANTOS","author":"Alejandro Sosa Ruda","date":"21 octubre, 2019","format":false,"excerpt":"Cada vez falta menos para la elecci\u00f3n que definir\u00e1 quienes conducen las ciudades, gobiernos y quien ser\u00e1 el presidente de la Argentina durante los pr\u00f3ximos cuatro a\u00f1os, y los partidos est\u00e1n poniendo \"toda la le\u00f1a en el asador\", para conseguir el triunfo. Tal es el caso de Cambiemos, que comenz\u00f3\u2026","rel":"","context":"En \u00abCHASCOM\u00daS\u00bb","block_context":{"text":"CHASCOM\u00daS","link":"https:\/\/larevistadigital.com.ar\/blog\/category\/chascomus\/"},"img":{"alt_text":"","src":"https:\/\/i0.wp.com\/larevistadigital.com.ar\/blog\/wp-content\/uploads\/Screenshot_5-6.jpg?fit=600%2C1055&ssl=1&resize=350%2C200","width":350,"height":200,"srcset":"https:\/\/i0.wp.com\/larevistadigital.com.ar\/blog\/wp-content\/uploads\/Screenshot_5-6.jpg?fit=600%2C1055&ssl=1&resize=350%2C200 1x, https:\/\/i0.wp.com\/larevistadigital.com.ar\/blog\/wp-content\/uploads\/Screenshot_5-6.jpg?fit=600%2C1055&ssl=1&resize=525%2C300 1.5x"},"classes":[]},{"id":11821,"url":"https:\/\/larevistadigital.com.ar\/blog\/los-numeros-finales-en-chascomus-que-dieron-como-amplio-ganador-a-javier-gaston\/","url_meta":{"origin":11291,"position":5},"title":"LOS N\u00daMEROS FINALES EN CHASCOM\u00daS, QUE DIERON COMO AMPLIO GANADOR A JAVIER GAST\u00d3N","author":"Alejandro Sosa Ruda","date":"12 agosto, 2019","format":false,"excerpt":"El \"Chapa\" consigui\u00f3 la suma de 14.615 votos, mientras Santiago Dos Santos obtuvo 5.349, ganando la interna sobre Osvaldo Battisacchi que logr\u00f3 2421. Ignacio G\u00f3rriz con 639 sufragios super\u00f3 en la interna de Consenso Federal a Beatriz de Le\u00f3n obtuvo 442 \u2013 El Frente de Izquierda y los Trabajadores con\u2026","rel":"","context":"En \u00abINTERES GENERAL\u00bb","block_context":{"text":"INTERES GENERAL","link":"https:\/\/larevistadigital.com.ar\/blog\/category\/interes-general\/"},"img":{"alt_text":"","src":"https:\/\/i0.wp.com\/larevistadigital.com.ar\/blog\/wp-content\/uploads\/gaston_12deagostode2019_elfuerte.jpg?fit=737%2C415&ssl=1&resize=350%2C200","width":350,"height":200,"srcset":"https:\/\/i0.wp.com\/larevistadigital.com.ar\/blog\/wp-content\/uploads\/gaston_12deagostode2019_elfuerte.jpg?fit=737%2C415&ssl=1&resize=350%2C200 1x, https:\/\/i0.wp.com\/larevistadigital.com.ar\/blog\/wp-content\/uploads\/gaston_12deagostode2019_elfuerte.jpg?fit=737%2C415&ssl=1&resize=525%2C300 1.5x, https:\/\/i0.wp.com\/larevistadigital.com.ar\/blog\/wp-content\/uploads\/gaston_12deagostode2019_elfuerte.jpg?fit=737%2C415&ssl=1&resize=700%2C400 2x"},"classes":[]}],"_links":{"self":[{"href":"https:\/\/larevistadigital.com.ar\/blog\/wp-json\/wp\/v2\/posts\/11291","targetHints":{"allow":["GET"]}}],"collection":[{"href":"https:\/\/larevistadigital.com.ar\/blog\/wp-json\/wp\/v2\/posts"}],"about":[{"href":"https:\/\/larevistadigital.com.ar\/blog\/wp-json\/wp\/v2\/types\/post"}],"author":[{"embeddable":true,"href":"https:\/\/larevistadigital.com.ar\/blog\/wp-json\/wp\/v2\/users\/3"}],"replies":[{"embeddable":true,"href":"https:\/\/larevistadigital.com.ar\/blog\/wp-json\/wp\/v2\/comments?post=11291"}],"version-history":[{"count":3,"href":"https:\/\/larevistadigital.com.ar\/blog\/wp-json\/wp\/v2\/posts\/11291\/revisions"}],"predecessor-version":[{"id":11302,"href":"https:\/\/larevistadigital.com.ar\/blog\/wp-json\/wp\/v2\/posts\/11291\/revisions\/11302"}],"wp:featuredmedia":[{"embeddable":true,"href":"https:\/\/larevistadigital.com.ar\/blog\/wp-json\/wp\/v2\/media\/11299"}],"wp:attachment":[{"href":"https:\/\/larevistadigital.com.ar\/blog\/wp-json\/wp\/v2\/media?parent=11291"}],"wp:term":[{"taxonomy":"category","embeddable":true,"href":"https:\/\/larevistadigital.com.ar\/blog\/wp-json\/wp\/v2\/categories?post=11291"},{"taxonomy":"post_tag","embeddable":true,"href":"https:\/\/larevistadigital.com.ar\/blog\/wp-json\/wp\/v2\/tags?post=11291"}],"curies":[{"name":"wp","href":"https:\/\/api.w.org\/{rel}","templated":true}]}}