{"id":11294,"date":"2019-07-15T06:41:54","date_gmt":"2019-07-15T06:41:54","guid":{"rendered":"https:\/\/larevistadigital.com.ar\/blog\/?p=11294"},"modified":"2019-07-15T06:41:54","modified_gmt":"2019-07-15T06:41:54","slug":"denuncian-al-gobierno-de-gaston-en-la-secretaria-de-trabajo-por-la-cesantia-de-una-mucama-del-hospital","status":"publish","type":"post","link":"https:\/\/larevistadigital.com.ar\/blog\/denuncian-al-gobierno-de-gaston-en-la-secretaria-de-trabajo-por-la-cesantia-de-una-mucama-del-hospital\/","title":{"rendered":"DENUNCIAN AL GOBIERNO DE GAST\u00d3N EN LA SECRETAR\u00cdA DE TRABAJO POR LA CESANT\u00cdA DE UNA MUCAMA DEL HOSPITAL"},"content":{"rendered":"<p>La cesant\u00eda de una persona que se desempe\u00f1aba como mucama en el Hospital Municipal San Vicente de Paul, provoc\u00f3 la denuncia del gremio Ate ante la Secretar\u00eda de Trabajo de Chascom\u00fas.<\/p>\n<p>De acuerdo a lo que pudo conocerse, las gestiones ante las distintas \u00e1reas del gobierno municipal no tuvieron \u00e9xito, lo que provoc\u00f3 que se llegue a esta situaci\u00f3n.<\/p>\n<blockquote>\n<h3>Comentaron que no hubo soluci\u00f3n, ni con las conversaciones llevadas a cabo con el director administrativo del Hospital,<strong> Eduardo Claverol<\/strong>, ni con el jefe de Recursos Humanos <strong>Jos\u00e9 Yessa<\/strong>. Tampoco con otras autoridades pol\u00edticas m\u00e1s importantes del gobierno del Intendente <strong>Javier Gast\u00f3n<\/strong>.<\/h3>\n<\/blockquote>\n<p>Las fuentes consultadas por el diario El Fuerte, hablan de una medida totalmente arbitraria, ya que se argumentar\u00eda para llevar a cabo la cesant\u00eda, la falta de trabajo de la empleada, sin embargo, la otra campana de esta historia, indica que la empleada solo falt\u00f3 dos d\u00edas que le fueron otorgados por la ART, luego de haber padecido un accidente laboral.<\/p>\n<p>La mujer, de acuerdo a lo que dice el diario, habr\u00eda sufrido una descarga el\u00e9ctrica por parte de una falla en las instalaciones del Hospital. M\u00e1s precisamente en el sector del Laboratorio. La mujer en cuesti\u00f3n, es sost\u00e9n de familia y madre de peque\u00f1os hijos.<\/p>\n<p>FUENTE: DIARIO EL FUERTE<\/p>\n<p>&nbsp;<\/p>\n","protected":false},"excerpt":{"rendered":"<div class=\"mh-excerpt\"><p>La cesant\u00eda de una persona que se desempe\u00f1aba como mucama en el Hospital Municipal San Vicente de Paul, provoc\u00f3 la denuncia del gremio Ate ante la Secretar\u00eda de Trabajo de Chascom\u00fas. De acuerdo a lo <a class=\"mh-excerpt-more\" href=\"https:\/\/larevistadigital.com.ar\/blog\/denuncian-al-gobierno-de-gaston-en-la-secretaria-de-trabajo-por-la-cesantia-de-una-mucama-del-hospital\/\" title=\"DENUNCIAN AL GOBIERNO DE GAST\u00d3N EN LA SECRETAR\u00cdA DE TRABAJO POR LA CESANT\u00cdA DE UNA MUCAMA DEL HOSPITAL\">[Leer M\u00e1s]<\/a><\/p>\n<\/div>","protected":false},"author":3,"featured_media":3801,"comment_status":"open","ping_status":"open","sticky":false,"template":"","format":"standard","meta":{"_jetpack_memberships_contains_paid_content":false,"footnotes":"","jetpack_publicize_message":"","jetpack_publicize_feature_enabled":true,"jetpack_social_post_already_shared":true,"jetpack_social_options":{"image_generator_settings":{"template":"highway","default_image_id":0,"font":"","enabled":false},"version":2}},"categories":[41],"tags":[],"class_list":{"0":"post-11294","1":"post","2":"type-post","3":"status-publish","4":"format-standard","5":"has-post-thumbnail","7":"category-destacadas"},"jetpack_publicize_connections":[],"jetpack_featured_media_url":"https:\/\/i0.wp.com\/larevistadigital.com.ar\/blog\/wp-content\/uploads\/2017\/11\/hospi1-1024x767-111-700x524.jpg?fit=700%2C524&ssl=1","jetpack_sharing_enabled":true,"jetpack_shortlink":"https:\/\/wp.me\/p8qtrQ-2Wa","jetpack-related-posts":[{"id":28090,"url":"https:\/\/larevistadigital.com.ar\/blog\/chascomus-alicia-barletta-y-ate-furiosos-con-gaston-por-no-incluirlos-en-las-negociaciones-salariales\/","url_meta":{"origin":11294,"position":0},"title":"CHASCOM\u00daS: ALICIA BARLETTA Y ATE FURIOSOS CON GAST\u00d3N POR NO INCLU\u00cdRLOS EN LAS NEGOCIACIONES SALARIALES","author":"Alejandro Sosa Ruda","date":"27 septiembre, 2022","format":false,"excerpt":"Se enter\u00f3 por un video donde el intendente anuncia los aumentos y nombra al STM, a UPCN, pero ignora a ATE, que no fue invitado a las negociaciones. Barletta, Sec. Gral. de Ate hizo una denuncia al Ministerio de Trabajo. 27 de septiembre de 2022 CHASCOM\u00daS -\u00a0 La Secretaria General\u2026","rel":"","context":"En \u00abINTERES GENERAL\u00bb","block_context":{"text":"INTERES GENERAL","link":"https:\/\/larevistadigital.com.ar\/blog\/category\/interes-general\/"},"img":{"alt_text":"","src":"https:\/\/i0.wp.com\/larevistadigital.com.ar\/blog\/wp-content\/uploads\/ALICIA-BARLETTA.jpg?fit=1000%2C570&ssl=1&resize=350%2C200","width":350,"height":200,"srcset":"https:\/\/i0.wp.com\/larevistadigital.com.ar\/blog\/wp-content\/uploads\/ALICIA-BARLETTA.jpg?fit=1000%2C570&ssl=1&resize=350%2C200 1x, https:\/\/i0.wp.com\/larevistadigital.com.ar\/blog\/wp-content\/uploads\/ALICIA-BARLETTA.jpg?fit=1000%2C570&ssl=1&resize=525%2C300 1.5x, https:\/\/i0.wp.com\/larevistadigital.com.ar\/blog\/wp-content\/uploads\/ALICIA-BARLETTA.jpg?fit=1000%2C570&ssl=1&resize=700%2C400 2x"},"classes":[]},{"id":19086,"url":"https:\/\/larevistadigital.com.ar\/blog\/los-vecinos-muestran-su-indignacion-en-las-redes-por-los-abusos-de-poder-en-el-hospital-municipal-san-vicente-de-paul\/","url_meta":{"origin":11294,"position":1},"title":"LOS VECINOS MUESTRAN SU INDIGNACI\u00d3N EN LAS REDES, POR LOS ABUSOS DE PODER EN EL HOSPITAL MUNICIPAL SAN VICENTE DE PAUL","author":"Alejandro Sosa Ruda","date":"28 febrero, 2021","format":false,"excerpt":"CHASCOM\u00daS - Luego de las renuncias y despidos ocurridos durante la semana, los vecinos comenzaron a hacer notar cada vez de manera m\u00e1s expl\u00edcita y reiterada diferentes publicaciones en las que muestran su descontento con la gesti\u00f3n de la doctora Marcela Arias al frente de la Secretar\u00eda de Salud de\u2026","rel":"","context":"En \u00abDESTACADAS\u00bb","block_context":{"text":"DESTACADAS","link":"https:\/\/larevistadigital.com.ar\/blog\/category\/destacadas\/"},"img":{"alt_text":"","src":"https:\/\/i0.wp.com\/larevistadigital.com.ar\/blog\/wp-content\/uploads\/WhatsApp-Image-2021-02-27-at-16.38.15.jpeg?fit=1200%2C715&ssl=1&resize=350%2C200","width":350,"height":200,"srcset":"https:\/\/i0.wp.com\/larevistadigital.com.ar\/blog\/wp-content\/uploads\/WhatsApp-Image-2021-02-27-at-16.38.15.jpeg?fit=1200%2C715&ssl=1&resize=350%2C200 1x, https:\/\/i0.wp.com\/larevistadigital.com.ar\/blog\/wp-content\/uploads\/WhatsApp-Image-2021-02-27-at-16.38.15.jpeg?fit=1200%2C715&ssl=1&resize=525%2C300 1.5x, https:\/\/i0.wp.com\/larevistadigital.com.ar\/blog\/wp-content\/uploads\/WhatsApp-Image-2021-02-27-at-16.38.15.jpeg?fit=1200%2C715&ssl=1&resize=700%2C400 2x, https:\/\/i0.wp.com\/larevistadigital.com.ar\/blog\/wp-content\/uploads\/WhatsApp-Image-2021-02-27-at-16.38.15.jpeg?fit=1200%2C715&ssl=1&resize=1050%2C600 3x"},"classes":[]},{"id":37317,"url":"https:\/\/larevistadigital.com.ar\/blog\/chascomus-importante-equipamiento-para-el-hospital-municipal\/","url_meta":{"origin":11294,"position":2},"title":"Chascom\u00fas: Importante equipamiento para el Hospital Municipal","author":"Alejandro Sosa Ruda","date":"26 septiembre, 2024","format":false,"excerpt":"El intendente Javier Gast\u00f3n visit\u00f3 el hospital municipal San Vicente de Paul donde fueron recibidos nuevos equipos que contribuir\u00e1n a un mejor funcionamiento de la instituci\u00f3n. 26 de Septiembre de 2024 CHASCOM\u00daS -\u00a0 En su recorrido estuvo acompa\u00f1ado por la secretaria de Salud P\u00fablica, Marcela Arias, y el director del\u2026","rel":"","context":"En \u00abCHASCOM\u00daS\u00bb","block_context":{"text":"CHASCOM\u00daS","link":"https:\/\/larevistadigital.com.ar\/blog\/category\/chascomus\/"},"img":{"alt_text":"","src":"https:\/\/i0.wp.com\/larevistadigital.com.ar\/blog\/wp-content\/uploads\/66f591ad2d40e.png?fit=668%2C445&ssl=1&resize=350%2C200","width":350,"height":200,"srcset":"https:\/\/i0.wp.com\/larevistadigital.com.ar\/blog\/wp-content\/uploads\/66f591ad2d40e.png?fit=668%2C445&ssl=1&resize=350%2C200 1x, https:\/\/i0.wp.com\/larevistadigital.com.ar\/blog\/wp-content\/uploads\/66f591ad2d40e.png?fit=668%2C445&ssl=1&resize=525%2C300 1.5x"},"classes":[]},{"id":10209,"url":"https:\/\/larevistadigital.com.ar\/blog\/chascomus-urgente-pedido-de-informes-el-intendente-debera-responder-en-cinco-dias-por-la-defraudacion-de-uno-de-los-directores-del-hospital-municipal\/","url_meta":{"origin":11294,"position":3},"title":"CHASCOM\u00daS: URGENTE PEDIDO DE INFORMES. EL INTENDENTE DEBER\u00c1 RESPONDER EN CINCO D\u00cdAS POR LA DEFRAUDACI\u00d3N DE UNO DE LOS DIRECTORES DEL HOSPITAL MUNICIPAL","author":"Alejandro Sosa Ruda","date":"15 mayo, 2019","format":false,"excerpt":"Los concejales presentaron un pedido de informes para que se expliqu\u00e9 desde cu\u00e1ndo se conoce esta situaci\u00f3n, y qu\u00e9 medidas se han tomado. Luego de la nota que fue primicia de La Revista Digital el d\u00eda de ayer, y repercuti\u00f3 hoy en todos los medios locales, e inclusive en medios\u2026","rel":"","context":"En \u00abDESTACADAS\u00bb","block_context":{"text":"DESTACADAS","link":"https:\/\/larevistadigital.com.ar\/blog\/category\/destacadas\/"},"img":{"alt_text":"","src":"https:\/\/i0.wp.com\/larevistadigital.com.ar\/blog\/wp-content\/uploads\/2019\/05\/WhatsApp-Image-2019-05-12-at-14.44.jpg?fit=675%2C1200&ssl=1&resize=350%2C200","width":350,"height":200,"srcset":"https:\/\/i0.wp.com\/larevistadigital.com.ar\/blog\/wp-content\/uploads\/2019\/05\/WhatsApp-Image-2019-05-12-at-14.44.jpg?fit=675%2C1200&ssl=1&resize=350%2C200 1x, https:\/\/i0.wp.com\/larevistadigital.com.ar\/blog\/wp-content\/uploads\/2019\/05\/WhatsApp-Image-2019-05-12-at-14.44.jpg?fit=675%2C1200&ssl=1&resize=525%2C300 1.5x"},"classes":[]},{"id":13289,"url":"https:\/\/larevistadigital.com.ar\/blog\/santiago-muscarello-deja-la-secretaria-de-seguridad\/","url_meta":{"origin":11294,"position":4},"title":"SANTIAGO MUSCARELLO DEJA LA SECRETAR\u00cdA DE SEGURIDAD","author":"Alejandro Sosa Ruda","date":"20 noviembre, 2019","format":false,"excerpt":"Luego de que se comentara en los corrillos del municipio, tuvimos la posibilidad de confirmar que el Secretario de Seguridad de Chascom\u00fas, Santiago Muscarello, dejar\u00e1 su cargo en el gobierno de Javier Gast\u00f3n. Muscarello, ha sido probablemente el que tom\u00f3 el lugar m\u00e1s complicado y pol\u00e9mico del gabinete de Gast\u00f3n,\u2026","rel":"","context":"En \u00abCHASCOM\u00daS\u00bb","block_context":{"text":"CHASCOM\u00daS","link":"https:\/\/larevistadigital.com.ar\/blog\/category\/chascomus\/"},"img":{"alt_text":"","src":"https:\/\/i0.wp.com\/larevistadigital.com.ar\/blog\/wp-content\/uploads\/13048224_112024182536057_8330470218689631906_o-1.jpg?fit=960%2C575&ssl=1&resize=350%2C200","width":350,"height":200,"srcset":"https:\/\/i0.wp.com\/larevistadigital.com.ar\/blog\/wp-content\/uploads\/13048224_112024182536057_8330470218689631906_o-1.jpg?fit=960%2C575&ssl=1&resize=350%2C200 1x, https:\/\/i0.wp.com\/larevistadigital.com.ar\/blog\/wp-content\/uploads\/13048224_112024182536057_8330470218689631906_o-1.jpg?fit=960%2C575&ssl=1&resize=525%2C300 1.5x, https:\/\/i0.wp.com\/larevistadigital.com.ar\/blog\/wp-content\/uploads\/13048224_112024182536057_8330470218689631906_o-1.jpg?fit=960%2C575&ssl=1&resize=700%2C400 2x"},"classes":[]},{"id":9215,"url":"https:\/\/larevistadigital.com.ar\/blog\/tribunal-de-cuentas-dejo-sin-efecto-los-cargos-contra-el-gobierno-de-javier-gaston-y-el-contador-municipal-dice-que-los-problemas-los-ocasionaron-denot-y-gobbi\/","url_meta":{"origin":11294,"position":5},"title":"TRIBUNAL DE CUENTAS DEJ\u00d3 SIN EFECTO LOS CARGOS CONTRA EL GOBIERNO DE JAVIER GAST\u00d3N Y EL CONTADOR MUNICIPAL DICE QUE LOS PROBLEMAS LOS OCASIONARON DENOT Y GOBBI","author":"Alejandro Sosa Ruda","date":"19 marzo, 2019","format":false,"excerpt":"Al conocerse la informaci\u00f3n de que el Honorable Tribunal de Cuentas de la provincia de Buenos Aires dej\u00f3 sin efecto los cargos por observaciones en la rendici\u00f3n de cuentas del ejercicio 2016, el Contador Municipal Gast\u00f3n Gualazzini destac\u00f3 el trabajo articulado que viene desarrollando la Secretar\u00eda de Hacienda con el\u2026","rel":"","context":"En \u00abCHASCOM\u00daS\u00bb","block_context":{"text":"CHASCOM\u00daS","link":"https:\/\/larevistadigital.com.ar\/blog\/category\/chascomus\/"},"img":{"alt_text":"","src":"https:\/\/i0.wp.com\/larevistadigital.com.ar\/blog\/wp-content\/uploads\/2019\/03\/54372183_2340810029273202_702850515859406848_o.jpg?fit=1200%2C801&ssl=1&resize=350%2C200","width":350,"height":200,"srcset":"https:\/\/i0.wp.com\/larevistadigital.com.ar\/blog\/wp-content\/uploads\/2019\/03\/54372183_2340810029273202_702850515859406848_o.jpg?fit=1200%2C801&ssl=1&resize=350%2C200 1x, https:\/\/i0.wp.com\/larevistadigital.com.ar\/blog\/wp-content\/uploads\/2019\/03\/54372183_2340810029273202_702850515859406848_o.jpg?fit=1200%2C801&ssl=1&resize=525%2C300 1.5x, https:\/\/i0.wp.com\/larevistadigital.com.ar\/blog\/wp-content\/uploads\/2019\/03\/54372183_2340810029273202_702850515859406848_o.jpg?fit=1200%2C801&ssl=1&resize=700%2C400 2x, https:\/\/i0.wp.com\/larevistadigital.com.ar\/blog\/wp-content\/uploads\/2019\/03\/54372183_2340810029273202_702850515859406848_o.jpg?fit=1200%2C801&ssl=1&resize=1050%2C600 3x"},"classes":[]}],"_links":{"self":[{"href":"https:\/\/larevistadigital.com.ar\/blog\/wp-json\/wp\/v2\/posts\/11294","targetHints":{"allow":["GET"]}}],"collection":[{"href":"https:\/\/larevistadigital.com.ar\/blog\/wp-json\/wp\/v2\/posts"}],"about":[{"href":"https:\/\/larevistadigital.com.ar\/blog\/wp-json\/wp\/v2\/types\/post"}],"author":[{"embeddable":true,"href":"https:\/\/larevistadigital.com.ar\/blog\/wp-json\/wp\/v2\/users\/3"}],"replies":[{"embeddable":true,"href":"https:\/\/larevistadigital.com.ar\/blog\/wp-json\/wp\/v2\/comments?post=11294"}],"version-history":[{"count":1,"href":"https:\/\/larevistadigital.com.ar\/blog\/wp-json\/wp\/v2\/posts\/11294\/revisions"}],"predecessor-version":[{"id":11295,"href":"https:\/\/larevistadigital.com.ar\/blog\/wp-json\/wp\/v2\/posts\/11294\/revisions\/11295"}],"wp:featuredmedia":[{"embeddable":true,"href":"https:\/\/larevistadigital.com.ar\/blog\/wp-json\/wp\/v2\/media\/3801"}],"wp:attachment":[{"href":"https:\/\/larevistadigital.com.ar\/blog\/wp-json\/wp\/v2\/media?parent=11294"}],"wp:term":[{"taxonomy":"category","embeddable":true,"href":"https:\/\/larevistadigital.com.ar\/blog\/wp-json\/wp\/v2\/categories?post=11294"},{"taxonomy":"post_tag","embeddable":true,"href":"https:\/\/larevistadigital.com.ar\/blog\/wp-json\/wp\/v2\/tags?post=11294"}],"curies":[{"name":"wp","href":"https:\/\/api.w.org\/{rel}","templated":true}]}}