{"id":11303,"date":"2019-07-15T08:55:44","date_gmt":"2019-07-15T08:55:44","guid":{"rendered":"https:\/\/larevistadigital.com.ar\/blog\/?p=11303"},"modified":"2019-07-15T08:55:44","modified_gmt":"2019-07-15T08:55:44","slug":"video-compilado-de-imagenes-de-ovnis-en-excelente-calidad","status":"publish","type":"post","link":"https:\/\/larevistadigital.com.ar\/blog\/video-compilado-de-imagenes-de-ovnis-en-excelente-calidad\/","title":{"rendered":"[VIDEO] COMPILADO DE IM\u00c1GENES DE OVNIS EN EXCELENTE CALIDAD"},"content":{"rendered":"<p>Muchas veces vemos im\u00e1genes de supuestos OVNIS que realmente son de una p\u00e9sima calidad, y que se ven borrosas, o luces que no se pueden apreciar a qu\u00e9 corresponden porque son indefinidas.<\/p>\n<blockquote>\n<h3>Esto, suele ocurrir tanto en fotograf\u00edas, como en videos y muchos se preguntan por qu\u00e9 raz\u00f3n nunca aparecen videos con buena calidad de im\u00e1gen y buena definici\u00f3n. Esto ocasiona que mucha gente dude de la autenticidad de los mismos, o inclusive que descrea del fen\u00f3meno ovni, suponiendo que algunos graciosos filman supuestos \u00abavistajes\u00bb con el \u00fanico objeto de enga\u00f1ar a la gente.<\/h3>\n<\/blockquote>\n<p>Por ese motivo, subimos este video que compila algunas im\u00e1genes de muy buena calidad, para que puedan observar y sacar sus conclusiones.<\/p>\n<p>\u00bfSer\u00e1n reales?<\/p>\n<p>AQU\u00cd EL VIDEO:<\/p>\n<div style=\"width: 640px;\" class=\"wp-video\"><!--[if lt IE 9]><script>document.createElement('video');<\/script><![endif]-->\n<video class=\"wp-video-shortcode\" id=\"video-11303-1\" width=\"640\" height=\"360\" preload=\"metadata\" controls=\"controls\"><source type=\"video\/mp4\" src=\"https:\/\/larevistadigital.com.ar\/blog\/wp-content\/uploads\/Nos_enviaron_esto_para_ustedes_humanos-351396762220541.mp4?_=1\" \/><a href=\"https:\/\/larevistadigital.com.ar\/blog\/wp-content\/uploads\/Nos_enviaron_esto_para_ustedes_humanos-351396762220541.mp4\">https:\/\/larevistadigital.com.ar\/blog\/wp-content\/uploads\/Nos_enviaron_esto_para_ustedes_humanos-351396762220541.mp4<\/a><\/video><\/div>\n<p>&nbsp;<\/p>\n","protected":false},"excerpt":{"rendered":"<div class=\"mh-excerpt\"><p>Muchas veces vemos im\u00e1genes de supuestos OVNIS que realmente son de una p\u00e9sima calidad, y que se ven borrosas, o luces que no se pueden apreciar a qu\u00e9 corresponden porque son indefinidas. Esto, suele ocurrir <a class=\"mh-excerpt-more\" href=\"https:\/\/larevistadigital.com.ar\/blog\/video-compilado-de-imagenes-de-ovnis-en-excelente-calidad\/\" title=\"[VIDEO] COMPILADO DE IM\u00c1GENES DE OVNIS EN EXCELENTE CALIDAD\">[Leer M\u00e1s]<\/a><\/p>\n<\/div>","protected":false},"author":3,"featured_media":11304,"comment_status":"open","ping_status":"open","sticky":false,"template":"","format":"standard","meta":{"_jetpack_memberships_contains_paid_content":false,"footnotes":"","jetpack_publicize_message":"","jetpack_publicize_feature_enabled":true,"jetpack_social_post_already_shared":true,"jetpack_social_options":{"image_generator_settings":{"template":"highway","default_image_id":0,"font":"","enabled":false},"version":2}},"categories":[45],"tags":[],"class_list":{"0":"post-11303","1":"post","2":"type-post","3":"status-publish","4":"format-standard","5":"has-post-thumbnail","7":"category-lo-vi-en-internet"},"jetpack_publicize_connections":[],"jetpack_featured_media_url":"https:\/\/i0.wp.com\/larevistadigital.com.ar\/blog\/wp-content\/uploads\/ovni-triangular-youtube.jpg?fit=764%2C458&ssl=1","jetpack_sharing_enabled":true,"jetpack_shortlink":"https:\/\/wp.me\/p8qtrQ-2Wj","jetpack-related-posts":[{"id":9480,"url":"https:\/\/larevistadigital.com.ar\/blog\/video-excelente-calidad-fotos-y-videos-de-ovnis-impresionantes-en-costa-rica\/","url_meta":{"origin":11303,"position":0},"title":"VIDEO EXCELENTE CALIDAD!  FOTOS Y VIDEOS DE OVNIS IMPRESIONANTES EN COSTA RICA","author":"Alejandro Sosa Ruda","date":"1 abril, 2019","format":false,"excerpt":"Una pareja logr\u00f3 filmar y fotografiar unos cuantos objetos discoidales que pasaron ante sus ojos, algunos a una gran velocidad, por lo que no fueron vistos por los protagonistas en el momento de la filmaci\u00f3n, pero si se pudieron apreciar cuando revisaron el material que hab\u00edan obtenido. las im\u00e1genes fueron\u2026","rel":"","context":"En \u00abLO V\u00cd EN INTERNET\u00bb","block_context":{"text":"LO V\u00cd EN INTERNET","link":"https:\/\/larevistadigital.com.ar\/blog\/category\/lo-vi-en-internet\/"},"img":{"alt_text":"","src":"https:\/\/i0.wp.com\/larevistadigital.com.ar\/blog\/wp-content\/uploads\/2019\/04\/youtube-extraterrestres-diez-620x349-kaG-620x349%40abc.jpg?fit=620%2C349&ssl=1&resize=350%2C200","width":350,"height":200,"srcset":"https:\/\/i0.wp.com\/larevistadigital.com.ar\/blog\/wp-content\/uploads\/2019\/04\/youtube-extraterrestres-diez-620x349-kaG-620x349%40abc.jpg?fit=620%2C349&ssl=1&resize=350%2C200 1x, https:\/\/i0.wp.com\/larevistadigital.com.ar\/blog\/wp-content\/uploads\/2019\/04\/youtube-extraterrestres-diez-620x349-kaG-620x349%40abc.jpg?fit=620%2C349&ssl=1&resize=525%2C300 1.5x"},"classes":[]},{"id":6863,"url":"https:\/\/larevistadigital.com.ar\/blog\/filman-ovni-triangular\/","url_meta":{"origin":11303,"position":1},"title":"FILMAN OVNI TRIANGULAR","author":"Alejandro Sosa Ruda","date":"16 octubre, 2018","format":false,"excerpt":"Una pareja que caminaba tranquila en una plaza de York en Inglaterra, de pronto observaron y flimaron un OVNI con forma de tri\u00e1ngulo que se desplazaba sobre ellos. No pod\u00edan creer lo que estaban viendo, y subieron el video a las redes que r\u00e1pidamente se hizo viral. La filmaci\u00f3n se\u2026","rel":"","context":"En \u00abLO V\u00cd EN INTERNET\u00bb","block_context":{"text":"LO V\u00cd EN INTERNET","link":"https:\/\/larevistadigital.com.ar\/blog\/category\/lo-vi-en-internet\/"},"img":{"alt_text":"","src":"https:\/\/i0.wp.com\/larevistadigital.com.ar\/blog\/wp-content\/uploads\/2018\/10\/images-1.jpg?fit=650%2C487&ssl=1&resize=350%2C200","width":350,"height":200,"srcset":"https:\/\/i0.wp.com\/larevistadigital.com.ar\/blog\/wp-content\/uploads\/2018\/10\/images-1.jpg?fit=650%2C487&ssl=1&resize=350%2C200 1x, https:\/\/i0.wp.com\/larevistadigital.com.ar\/blog\/wp-content\/uploads\/2018\/10\/images-1.jpg?fit=650%2C487&ssl=1&resize=525%2C300 1.5x"},"classes":[]},{"id":11983,"url":"https:\/\/larevistadigital.com.ar\/blog\/fotos-que-demostrarian-que-un-submarino-derribo-ovnis\/","url_meta":{"origin":11303,"position":2},"title":"FOTOS QUE DEMOSTRAR\u00cdAN QUE UN SUBMARINO DERRIB\u00d3 OVNIS","author":"Alejandro Sosa Ruda","date":"13 septiembre, 2019","format":false,"excerpt":"Una serie de impresionantes fotograf\u00edas tomadas desde un submarino y tomadas en 1971 sorprendieron al mundo entero y cuestionaron la posibilidad de que Objeto Sumergibles No Identificados realmente tuvieron un encuentro con tecnolog\u00eda nuestra en el pasado. Las im\u00e1genes fueron tomadas desde el USS Trepang (SSN-674), un submarino de ataque\u2026","rel":"","context":"En \u00abCURIOSAS\u00bb","block_context":{"text":"CURIOSAS","link":"https:\/\/larevistadigital.com.ar\/blog\/category\/curiosas\/"},"img":{"alt_text":"","src":"https:\/\/i0.wp.com\/larevistadigital.com.ar\/blog\/wp-content\/uploads\/submarino-contra-un-ovni-fotografias-del-uss-trepang-muestran-posible-bombardeo-a-ovni-en-el-artico-portada-1024x576.jpg?fit=1024%2C576&ssl=1&resize=350%2C200","width":350,"height":200,"srcset":"https:\/\/i0.wp.com\/larevistadigital.com.ar\/blog\/wp-content\/uploads\/submarino-contra-un-ovni-fotografias-del-uss-trepang-muestran-posible-bombardeo-a-ovni-en-el-artico-portada-1024x576.jpg?fit=1024%2C576&ssl=1&resize=350%2C200 1x, https:\/\/i0.wp.com\/larevistadigital.com.ar\/blog\/wp-content\/uploads\/submarino-contra-un-ovni-fotografias-del-uss-trepang-muestran-posible-bombardeo-a-ovni-en-el-artico-portada-1024x576.jpg?fit=1024%2C576&ssl=1&resize=525%2C300 1.5x, https:\/\/i0.wp.com\/larevistadigital.com.ar\/blog\/wp-content\/uploads\/submarino-contra-un-ovni-fotografias-del-uss-trepang-muestran-posible-bombardeo-a-ovni-en-el-artico-portada-1024x576.jpg?fit=1024%2C576&ssl=1&resize=700%2C400 2x"},"classes":[]},{"id":14508,"url":"https:\/\/larevistadigital.com.ar\/blog\/ovnis-satelites-medio-pais-conmocionado-por-una-hilera-de-luces\/","url_meta":{"origin":11303,"position":3},"title":"OVNIS? SAT\u00c9LITES?&#8230;MEDIO PA\u00cdS CONMOCIONADO POR UNA \u00abHILERA DE LUCES\u00bb","author":"Alejandro Sosa Ruda","date":"31 enero, 2020","format":false,"excerpt":"En la noche de hoy, un rato luego de las 21 hs., pudo apreciarse en el cielo una fila de luces que avanzaban en l\u00ednea recta, y que parec\u00edan no tener fin. Luego de un rato, la gente empez\u00f3 a subir videos y fotograf\u00edas en las redes, pregunt\u00e1ndose \u00bfqu\u00e9 hab\u00eda\u2026","rel":"","context":"En \u00abCURIOSAS\u00bb","block_context":{"text":"CURIOSAS","link":"https:\/\/larevistadigital.com.ar\/blog\/category\/curiosas\/"},"img":{"alt_text":"","src":"https:\/\/i0.wp.com\/larevistadigital.com.ar\/blog\/wp-content\/uploads\/o_1575531883.jpg?fit=800%2C450&ssl=1&resize=350%2C200","width":350,"height":200,"srcset":"https:\/\/i0.wp.com\/larevistadigital.com.ar\/blog\/wp-content\/uploads\/o_1575531883.jpg?fit=800%2C450&ssl=1&resize=350%2C200 1x, https:\/\/i0.wp.com\/larevistadigital.com.ar\/blog\/wp-content\/uploads\/o_1575531883.jpg?fit=800%2C450&ssl=1&resize=525%2C300 1.5x, https:\/\/i0.wp.com\/larevistadigital.com.ar\/blog\/wp-content\/uploads\/o_1575531883.jpg?fit=800%2C450&ssl=1&resize=700%2C400 2x"},"classes":[]},{"id":23350,"url":"https:\/\/larevistadigital.com.ar\/blog\/imagenes-lamentables-habria-sido-intencional-el-incendio-frente-al-aeroclub-se-volvio-casi-incontrolable\/","url_meta":{"origin":11303,"position":4},"title":"IM\u00c1GENES LAMENTABLES&#8230; HABR\u00cdA SIDO  INTENCIONAL EL INCENDIO FRENTE AL AEROCLUB. SE VOLVI\u00d3 CASI INCONTROLABLE.","author":"Alejandro Sosa Ruda","date":"14 enero, 2022","format":false,"excerpt":"Seg\u00fan nos han informado, el incendio de pastos producido\u00a0 hoy pasadas las 10 horas frente al Aeroclub de Chascom\u00fas, habr\u00eda sido intencional, ya que se habr\u00eda observado como unas personas lo iniciaban en las cercan\u00edas. Ac\u00e1 compartimos im\u00e1genes que realmente son tristes y que dejan de manifiesto lo que puede\u2026","rel":"","context":"En \u00abDESTACADAS\u00bb","block_context":{"text":"DESTACADAS","link":"https:\/\/larevistadigital.com.ar\/blog\/category\/destacadas\/"},"img":{"alt_text":"","src":"https:\/\/i0.wp.com\/larevistadigital.com.ar\/blog\/wp-content\/uploads\/WhatsApp-Image-2022-01-13-at-19.45.10-1.jpeg?fit=1024%2C768&ssl=1&resize=350%2C200","width":350,"height":200,"srcset":"https:\/\/i0.wp.com\/larevistadigital.com.ar\/blog\/wp-content\/uploads\/WhatsApp-Image-2022-01-13-at-19.45.10-1.jpeg?fit=1024%2C768&ssl=1&resize=350%2C200 1x, https:\/\/i0.wp.com\/larevistadigital.com.ar\/blog\/wp-content\/uploads\/WhatsApp-Image-2022-01-13-at-19.45.10-1.jpeg?fit=1024%2C768&ssl=1&resize=525%2C300 1.5x, https:\/\/i0.wp.com\/larevistadigital.com.ar\/blog\/wp-content\/uploads\/WhatsApp-Image-2022-01-13-at-19.45.10-1.jpeg?fit=1024%2C768&ssl=1&resize=700%2C400 2x"},"classes":[]},{"id":11616,"url":"https:\/\/larevistadigital.com.ar\/blog\/video-dron-capta-un-espectacular-ovni-en-mar-chiquita\/","url_meta":{"origin":11303,"position":5},"title":"[VIDEO] DRON CAPTA UN ESPECTACULAR OVNI EN MAR CHIQUITA","author":"Alejandro Sosa Ruda","date":"29 julio, 2019","format":false,"excerpt":"Un incidente ocurri\u00f3 la semana pasada cuando un OVNI fue registrado por un dron en Mar Chiquita. Su velocidad hizo que algunos sitios se refirieran a \u00e9l como un \u201ccaminante r\u00e1pido\u201d. El 14 de julio, Mariano L\u00f3pez, testigo, dijo que \u201cque \u00e9ste es el mejor OVNI filmado desde un avi\u00f3n\u2026","rel":"","context":"En \u00abLO V\u00cd EN INTERNET\u00bb","block_context":{"text":"LO V\u00cd EN INTERNET","link":"https:\/\/larevistadigital.com.ar\/blog\/category\/lo-vi-en-internet\/"},"img":{"alt_text":"","src":"https:\/\/i0.wp.com\/larevistadigital.com.ar\/blog\/wp-content\/uploads\/argentina-1%C2%BA.jpg?fit=640%2C355&ssl=1&resize=350%2C200","width":350,"height":200,"srcset":"https:\/\/i0.wp.com\/larevistadigital.com.ar\/blog\/wp-content\/uploads\/argentina-1%C2%BA.jpg?fit=640%2C355&ssl=1&resize=350%2C200 1x, https:\/\/i0.wp.com\/larevistadigital.com.ar\/blog\/wp-content\/uploads\/argentina-1%C2%BA.jpg?fit=640%2C355&ssl=1&resize=525%2C300 1.5x"},"classes":[]}],"_links":{"self":[{"href":"https:\/\/larevistadigital.com.ar\/blog\/wp-json\/wp\/v2\/posts\/11303","targetHints":{"allow":["GET"]}}],"collection":[{"href":"https:\/\/larevistadigital.com.ar\/blog\/wp-json\/wp\/v2\/posts"}],"about":[{"href":"https:\/\/larevistadigital.com.ar\/blog\/wp-json\/wp\/v2\/types\/post"}],"author":[{"embeddable":true,"href":"https:\/\/larevistadigital.com.ar\/blog\/wp-json\/wp\/v2\/users\/3"}],"replies":[{"embeddable":true,"href":"https:\/\/larevistadigital.com.ar\/blog\/wp-json\/wp\/v2\/comments?post=11303"}],"version-history":[{"count":2,"href":"https:\/\/larevistadigital.com.ar\/blog\/wp-json\/wp\/v2\/posts\/11303\/revisions"}],"predecessor-version":[{"id":11307,"href":"https:\/\/larevistadigital.com.ar\/blog\/wp-json\/wp\/v2\/posts\/11303\/revisions\/11307"}],"wp:featuredmedia":[{"embeddable":true,"href":"https:\/\/larevistadigital.com.ar\/blog\/wp-json\/wp\/v2\/media\/11304"}],"wp:attachment":[{"href":"https:\/\/larevistadigital.com.ar\/blog\/wp-json\/wp\/v2\/media?parent=11303"}],"wp:term":[{"taxonomy":"category","embeddable":true,"href":"https:\/\/larevistadigital.com.ar\/blog\/wp-json\/wp\/v2\/categories?post=11303"},{"taxonomy":"post_tag","embeddable":true,"href":"https:\/\/larevistadigital.com.ar\/blog\/wp-json\/wp\/v2\/tags?post=11303"}],"curies":[{"name":"wp","href":"https:\/\/api.w.org\/{rel}","templated":true}]}}