{"id":11311,"date":"2019-07-16T07:19:11","date_gmt":"2019-07-16T07:19:11","guid":{"rendered":"https:\/\/larevistadigital.com.ar\/blog\/?p=11311"},"modified":"2019-07-16T07:19:11","modified_gmt":"2019-07-16T07:19:11","slug":"pami-lezama-en-la-reunion-de-ugl","status":"publish","type":"post","link":"https:\/\/larevistadigital.com.ar\/blog\/pami-lezama-en-la-reunion-de-ugl\/","title":{"rendered":"PAMI LEZAMA EN LA REUNI\u00d3N DE UGL"},"content":{"rendered":"<p>En la ciudad de La Plata se realiz\u00f3 la semana pasada la reuni\u00f3n mensual de las 21 agencias de PAMI nucleadas en la UGL VII. La Lic. Marianela Spalletti, titular del Centro de Atenci\u00f3n Personalizada de la obra social en Lezama, particip\u00f3 del encuentro en el que referentes de la Unidad de Gesti\u00f3n Local La Plata coordinaron consultas y actividades con los jefes de las distintas localidades.<\/p>\n","protected":false},"excerpt":{"rendered":"<div class=\"mh-excerpt\"><p>En la ciudad de La Plata se realiz\u00f3 la semana pasada la reuni\u00f3n mensual de las 21 agencias de PAMI nucleadas en la UGL VII. La Lic. Marianela Spalletti, titular del Centro de Atenci\u00f3n Personalizada <a class=\"mh-excerpt-more\" href=\"https:\/\/larevistadigital.com.ar\/blog\/pami-lezama-en-la-reunion-de-ugl\/\" title=\"PAMI LEZAMA EN LA REUNI\u00d3N DE UGL\">[Leer M\u00e1s]<\/a><\/p>\n<\/div>","protected":false},"author":3,"featured_media":11312,"comment_status":"open","ping_status":"open","sticky":false,"template":"","format":"standard","meta":{"_jetpack_memberships_contains_paid_content":false,"footnotes":"","jetpack_publicize_message":"","jetpack_publicize_feature_enabled":true,"jetpack_social_post_already_shared":true,"jetpack_social_options":{"image_generator_settings":{"template":"highway","default_image_id":0,"font":"","enabled":false},"version":2}},"categories":[7,51],"tags":[],"class_list":{"0":"post-11311","1":"post","2":"type-post","3":"status-publish","4":"format-standard","5":"has-post-thumbnail","7":"category-lezama","8":"category-regionales"},"jetpack_publicize_connections":[],"jetpack_featured_media_url":"https:\/\/i0.wp.com\/larevistadigital.com.ar\/blog\/wp-content\/uploads\/67141389_1501379500054746_7807422899635093504_o.jpg?fit=1024%2C768&ssl=1","jetpack_sharing_enabled":true,"jetpack_shortlink":"https:\/\/wp.me\/p8qtrQ-2Wr","jetpack-related-posts":[{"id":9938,"url":"https:\/\/larevistadigital.com.ar\/blog\/lezama-viaje-a-cordoba-con-pami\/","url_meta":{"origin":11311,"position":0},"title":"LEZAMA: VIAJE A C\u00d3RDOBA CON PAMI","author":"Alejandro Sosa Ruda","date":"2 mayo, 2019","format":false,"excerpt":"\u00a1No dejes pasar esta oportunidad, anotate y gan\u00e1 un viaje a Villa Giardino! El sorteo ser\u00e1 el mi\u00e9rcoles 8 de Mayo, a las 12:30 en la sede de PAMI en Lezama. Los incriptos deber\u00e1n estar presente en el momento para recibir el premio, de lo contrario, ser\u00e1 sorteado nuevamente. Si\u2026","rel":"","context":"En \u00abLEZAMA\u00bb","block_context":{"text":"LEZAMA","link":"https:\/\/larevistadigital.com.ar\/blog\/category\/lezama\/"},"img":{"alt_text":"","src":"https:\/\/i0.wp.com\/larevistadigital.com.ar\/blog\/wp-content\/uploads\/2019\/05\/57370568_2323609827963712_8560285389078659072_n.jpg?fit=800%2C800&ssl=1&resize=350%2C200","width":350,"height":200,"srcset":"https:\/\/i0.wp.com\/larevistadigital.com.ar\/blog\/wp-content\/uploads\/2019\/05\/57370568_2323609827963712_8560285389078659072_n.jpg?fit=800%2C800&ssl=1&resize=350%2C200 1x, https:\/\/i0.wp.com\/larevistadigital.com.ar\/blog\/wp-content\/uploads\/2019\/05\/57370568_2323609827963712_8560285389078659072_n.jpg?fit=800%2C800&ssl=1&resize=525%2C300 1.5x, https:\/\/i0.wp.com\/larevistadigital.com.ar\/blog\/wp-content\/uploads\/2019\/05\/57370568_2323609827963712_8560285389078659072_n.jpg?fit=800%2C800&ssl=1&resize=700%2C400 2x"},"classes":[]},{"id":18990,"url":"https:\/\/larevistadigital.com.ar\/blog\/lezama-importante-reunion-en-torno-a-la-regulacion-de-las-encadenadas\/","url_meta":{"origin":11311,"position":1},"title":"LEZAMA: IMPORTANTE REUNI\u00d3N EN TORNO A LA REGULACI\u00d3N DE LAS ENCADENADAS","author":"Alejandro Sosa Ruda","date":"23 febrero, 2021","format":false,"excerpt":"LEZAMA - El intendente interino Diego Mongay y el director de Turismo Bernardo Ampo mantuvieron una reuni\u00f3n en el palacio municipal con el Dr. Dar\u00edo Colautti, investigador del CONICET especializado en la ecolog\u00eda y el cultivo de peces de laguna, Manejo Sustentable de Recursos Naturales Renovables e integrante del equipo\u2026","rel":"","context":"En \u00abLEZAMA\u00bb","block_context":{"text":"LEZAMA","link":"https:\/\/larevistadigital.com.ar\/blog\/category\/lezama\/"},"img":{"alt_text":"","src":"https:\/\/i0.wp.com\/larevistadigital.com.ar\/blog\/wp-content\/uploads\/153486283_1999597706899587_78243222767642723_o.jpg?fit=1200%2C786&ssl=1&resize=350%2C200","width":350,"height":200,"srcset":"https:\/\/i0.wp.com\/larevistadigital.com.ar\/blog\/wp-content\/uploads\/153486283_1999597706899587_78243222767642723_o.jpg?fit=1200%2C786&ssl=1&resize=350%2C200 1x, https:\/\/i0.wp.com\/larevistadigital.com.ar\/blog\/wp-content\/uploads\/153486283_1999597706899587_78243222767642723_o.jpg?fit=1200%2C786&ssl=1&resize=525%2C300 1.5x, https:\/\/i0.wp.com\/larevistadigital.com.ar\/blog\/wp-content\/uploads\/153486283_1999597706899587_78243222767642723_o.jpg?fit=1200%2C786&ssl=1&resize=700%2C400 2x, https:\/\/i0.wp.com\/larevistadigital.com.ar\/blog\/wp-content\/uploads\/153486283_1999597706899587_78243222767642723_o.jpg?fit=1200%2C786&ssl=1&resize=1050%2C600 3x"},"classes":[]},{"id":2787,"url":"https:\/\/larevistadigital.com.ar\/blog\/lezama-el-intendente-harispe-inaugurara-en-nuevo-concejo-delibertante\/","url_meta":{"origin":11311,"position":2},"title":"LEZAMA: EL INTENDENTE HARISPE INAUGURAR\u00c1 EN NUEVO CONCEJO DELIBERTANTE","author":"Alejandro Sosa Ruda","date":"27 julio, 2017","format":false,"excerpt":"Ma\u00f1ana a las 11 horas el intendente de Lezama, \u00a0Arnaldo Harispe, \u00a0pondr\u00e1 en funcionamiento el Geri\u00e1trico Do\u00f1a Celina de Girard, acompa\u00f1ado de funcionarios del PAMI. Se supo que dar\u00e1 a conocer los motivos por los cuales se retras\u00f3 su puesta en funcionamiento, adem\u00e1s de los tr\u00e1mites para hacer efectiva la\u2026","rel":"","context":"En \u00abLEZAMA\u00bb","block_context":{"text":"LEZAMA","link":"https:\/\/larevistadigital.com.ar\/blog\/category\/lezama\/"},"img":{"alt_text":"","src":"https:\/\/i0.wp.com\/larevistadigital.com.ar\/blog\/wp-content\/uploads\/2017\/07\/lezama.jpg?fit=960%2C720&ssl=1&resize=350%2C200","width":350,"height":200,"srcset":"https:\/\/i0.wp.com\/larevistadigital.com.ar\/blog\/wp-content\/uploads\/2017\/07\/lezama.jpg?fit=960%2C720&ssl=1&resize=350%2C200 1x, https:\/\/i0.wp.com\/larevistadigital.com.ar\/blog\/wp-content\/uploads\/2017\/07\/lezama.jpg?fit=960%2C720&ssl=1&resize=525%2C300 1.5x, https:\/\/i0.wp.com\/larevistadigital.com.ar\/blog\/wp-content\/uploads\/2017\/07\/lezama.jpg?fit=960%2C720&ssl=1&resize=700%2C400 2x"},"classes":[]},{"id":16074,"url":"https:\/\/larevistadigital.com.ar\/blog\/lezama-dio-negativo-el-hisopado-del-intendente-harispe\/","url_meta":{"origin":11311,"position":3},"title":"LEZAMA: DIO NEGATIVO EL HISOPADO DEL INTENDENTE HARISPE","author":"Alejandro Sosa Ruda","date":"20 agosto, 2020","format":false,"excerpt":"El Intendente de Lezama Arnaldo Harispe dio a conocer a trav\u00e9s de las redes sociales el siguiente mensaje: \u201cQuiero informar a la comunidad que, despu\u00e9s de haber sido hisopado por presentar s\u00edntomas compatibles, recib\u00ed hoy el resultado negativo para Covid-19. Estoy con un cuadro gripal pero en buen estado de\u2026","rel":"","context":"En \u00abLEZAMA\u00bb","block_context":{"text":"LEZAMA","link":"https:\/\/larevistadigital.com.ar\/blog\/category\/lezama\/"},"img":{"alt_text":"","src":"https:\/\/i0.wp.com\/larevistadigital.com.ar\/blog\/wp-content\/uploads\/WhatsApp-Image-2020-08-19-at-10.08.17-PM.jpeg?fit=600%2C600&ssl=1&resize=350%2C200","width":350,"height":200,"srcset":"https:\/\/i0.wp.com\/larevistadigital.com.ar\/blog\/wp-content\/uploads\/WhatsApp-Image-2020-08-19-at-10.08.17-PM.jpeg?fit=600%2C600&ssl=1&resize=350%2C200 1x, https:\/\/i0.wp.com\/larevistadigital.com.ar\/blog\/wp-content\/uploads\/WhatsApp-Image-2020-08-19-at-10.08.17-PM.jpeg?fit=600%2C600&ssl=1&resize=525%2C300 1.5x"},"classes":[]},{"id":19049,"url":"https:\/\/larevistadigital.com.ar\/blog\/informacion-importante-se-inscribe-para-acceder-a-vacantes-en-la-residencia-universitaria-de-lezama-en-la-plata\/","url_meta":{"origin":11311,"position":4},"title":"INFORMACI\u00d3N IMPORTANTE: SE INSCRIBE PARA ACCEDER A VACANTES EN LA RESIDENCIA UNIVERSITARIA DE LEZAMA EN LA PLATA","author":"Alejandro Sosa Ruda","date":"26 febrero, 2021","format":false,"excerpt":"","rel":"","context":"En \u00abLEZAMA\u00bb","block_context":{"text":"LEZAMA","link":"https:\/\/larevistadigital.com.ar\/blog\/category\/lezama\/"},"img":{"alt_text":"","src":"https:\/\/i0.wp.com\/larevistadigital.com.ar\/blog\/wp-content\/uploads\/154413272_2001654783360546_5742675748172643462_o.jpg?resize=350%2C200&ssl=1","width":350,"height":200,"srcset":"https:\/\/i0.wp.com\/larevistadigital.com.ar\/blog\/wp-content\/uploads\/154413272_2001654783360546_5742675748172643462_o.jpg?resize=350%2C200&ssl=1 1x, https:\/\/i0.wp.com\/larevistadigital.com.ar\/blog\/wp-content\/uploads\/154413272_2001654783360546_5742675748172643462_o.jpg?resize=525%2C300&ssl=1 1.5x, https:\/\/i0.wp.com\/larevistadigital.com.ar\/blog\/wp-content\/uploads\/154413272_2001654783360546_5742675748172643462_o.jpg?resize=700%2C400&ssl=1 2x, https:\/\/i0.wp.com\/larevistadigital.com.ar\/blog\/wp-content\/uploads\/154413272_2001654783360546_5742675748172643462_o.jpg?resize=1050%2C600&ssl=1 3x"},"classes":[]},{"id":10217,"url":"https:\/\/larevistadigital.com.ar\/blog\/lezama-charla-informativa-de-jovenes-en-movimiento\/","url_meta":{"origin":11311,"position":5},"title":"LEZAMA: CHARLA INFORMATIVA DE \u00abJ\u00d3VENES EN MOVIMIENTO\u00bb","author":"Alejandro Sosa Ruda","date":"16 mayo, 2019","format":false,"excerpt":"Se realizar\u00e1 hoy, a las 18.30 en el Concejo Deliberante, una reuni\u00f3n informativa para comunicar los alcances del programa J\u00f3venes en Movimiento, las acciones a desarrollar en el corriente a\u00f1o y establecer un intercambio con los presentes. Si sos docente, preceptor, integrante del Centro de Estudiantes, padre\/madre de egresados 2018\u2026","rel":"","context":"En \u00abLEZAMA\u00bb","block_context":{"text":"LEZAMA","link":"https:\/\/larevistadigital.com.ar\/blog\/category\/lezama\/"},"img":{"alt_text":"","src":"https:\/\/i0.wp.com\/larevistadigital.com.ar\/blog\/wp-content\/uploads\/2019\/05\/60358386_1459507484241948_2986010260889665536_n.jpg?fit=960%2C720&ssl=1&resize=350%2C200","width":350,"height":200,"srcset":"https:\/\/i0.wp.com\/larevistadigital.com.ar\/blog\/wp-content\/uploads\/2019\/05\/60358386_1459507484241948_2986010260889665536_n.jpg?fit=960%2C720&ssl=1&resize=350%2C200 1x, https:\/\/i0.wp.com\/larevistadigital.com.ar\/blog\/wp-content\/uploads\/2019\/05\/60358386_1459507484241948_2986010260889665536_n.jpg?fit=960%2C720&ssl=1&resize=525%2C300 1.5x, https:\/\/i0.wp.com\/larevistadigital.com.ar\/blog\/wp-content\/uploads\/2019\/05\/60358386_1459507484241948_2986010260889665536_n.jpg?fit=960%2C720&ssl=1&resize=700%2C400 2x"},"classes":[]}],"_links":{"self":[{"href":"https:\/\/larevistadigital.com.ar\/blog\/wp-json\/wp\/v2\/posts\/11311","targetHints":{"allow":["GET"]}}],"collection":[{"href":"https:\/\/larevistadigital.com.ar\/blog\/wp-json\/wp\/v2\/posts"}],"about":[{"href":"https:\/\/larevistadigital.com.ar\/blog\/wp-json\/wp\/v2\/types\/post"}],"author":[{"embeddable":true,"href":"https:\/\/larevistadigital.com.ar\/blog\/wp-json\/wp\/v2\/users\/3"}],"replies":[{"embeddable":true,"href":"https:\/\/larevistadigital.com.ar\/blog\/wp-json\/wp\/v2\/comments?post=11311"}],"version-history":[{"count":2,"href":"https:\/\/larevistadigital.com.ar\/blog\/wp-json\/wp\/v2\/posts\/11311\/revisions"}],"predecessor-version":[{"id":11314,"href":"https:\/\/larevistadigital.com.ar\/blog\/wp-json\/wp\/v2\/posts\/11311\/revisions\/11314"}],"wp:featuredmedia":[{"embeddable":true,"href":"https:\/\/larevistadigital.com.ar\/blog\/wp-json\/wp\/v2\/media\/11312"}],"wp:attachment":[{"href":"https:\/\/larevistadigital.com.ar\/blog\/wp-json\/wp\/v2\/media?parent=11311"}],"wp:term":[{"taxonomy":"category","embeddable":true,"href":"https:\/\/larevistadigital.com.ar\/blog\/wp-json\/wp\/v2\/categories?post=11311"},{"taxonomy":"post_tag","embeddable":true,"href":"https:\/\/larevistadigital.com.ar\/blog\/wp-json\/wp\/v2\/tags?post=11311"}],"curies":[{"name":"wp","href":"https:\/\/api.w.org\/{rel}","templated":true}]}}