{"id":11315,"date":"2019-07-16T08:10:05","date_gmt":"2019-07-16T08:10:05","guid":{"rendered":"https:\/\/larevistadigital.com.ar\/blog\/?p=11315"},"modified":"2019-07-16T08:10:05","modified_gmt":"2019-07-16T08:10:05","slug":"concurso-literario-por-los-15-anos-de-sadech","status":"publish","type":"post","link":"https:\/\/larevistadigital.com.ar\/blog\/concurso-literario-por-los-15-anos-de-sadech\/","title":{"rendered":"CONCURSO LITERARIO POR LOS 15 A\u00d1OS DE SADECH"},"content":{"rendered":"<p>Con motivo de celebrarse los 15 a\u00f1os de la filial Chascom\u00fas de la Sociedad Argentina de Escritores filial Chascom\u00fas (S.A.D.E.CH.) convoca al Certamen Regional De Cuento Breve y Poes\u00eda, el que se ajustar\u00e1 al siguiente reglamento:<\/p>\n<p>Podr\u00e1n participar todos aquellos escritores de habla castellana que se domicilien en el Municipio de Chascom\u00fas y el Municipio de Dolores \u2013 Rep\u00fablica Argentina con una \u00fanica obra por g\u00e9nero (cuento breve o poes\u00eda). Se establecen tres categor\u00edas por edades: A) de 6 a 12 a\u00f1os; B) de 13 a 17 a\u00f1os y C) A partir de los 18 a\u00f1os.<\/p>\n<p>El tema ser\u00e1 libre y los trabajos deber\u00e1n ser in\u00e9ditos.<\/p>\n<blockquote>\n<h3>Los trabajos se recibir\u00e1n desde el 1\u00ba de mayo de 2019 hasta el 15 de julio de 2019: a) Personalmente en Obligado 142 de Chascom\u00fas; b) Por correo a: Obligado 142 de Chascom\u00fas (C.P. 7130) \u2013 Pcia. de Buenos Aires- Argentina, consider\u00e1ndose v\u00e1lida la fecha del matasello postal; c) Por correo electr\u00f3nico a certamensadech@gmail.com<\/h3>\n<\/blockquote>\n<p>La fecha de cierre es impostergable.<\/p>\n<p>7) El Jurado ser\u00e1 integrado por escritores de Chascom\u00fas, escritores invitados de la regi\u00f3n cultural del Salado y escritores invitados. El jurado se expedir\u00e1 el 24 de agosto de 2019 (D\u00eda del Lector) y los premios se entregar\u00e1n en fecha a confirmar, en el acto de celebraci\u00f3n del aniversario de S.A.D.E.CH., y ser\u00e1 comunicado oportunamente a los ganadores.<\/p>\n<p>Los trabajos premiados ser\u00e1n publicados en medios gr\u00e1ficos de Chascom\u00fas y de la regi\u00f3n y en las redes sociales. Se establecer\u00e1 1ro, 2do. y 3er. premio por g\u00e9nero y categor\u00eda, pudiendo el Jurado determinar menciones especiales. Los premios no podr\u00e1n quedar desiertos.<\/p>\n<p>Para la Categor\u00eda A) Los premios ser\u00e1n auspiciados por el Rotary Club de Chascom\u00fas.<br \/>\nPara la Categor\u00eda B) Los premios ser\u00e1n auspiciados por el Club de Leones de Chascom\u00fas.<br \/>\nPara la Categor\u00eda C) Los premios ser\u00e1n auspiciados por Librer\u00eda el Cubo de la ciudad de Chascom\u00fas.<br \/>\nA todos los premiados y mencionados les ser\u00e1n entregados los certificados correspondientes.<br \/>\nCualquier duda pueden consultar por mensaje de texto al tel\u00e9fono: 02241-15492789 o sadechascomus@yahoo.com.ar<\/p>\n<p>PUBLICADO POR EL FUERTE DIARIO<\/p>\n","protected":false},"excerpt":{"rendered":"<div class=\"mh-excerpt\"><p>Con motivo de celebrarse los 15 a\u00f1os de la filial Chascom\u00fas de la Sociedad Argentina de Escritores filial Chascom\u00fas (S.A.D.E.CH.) convoca al Certamen Regional De Cuento Breve y Poes\u00eda, el que se ajustar\u00e1 al siguiente <a class=\"mh-excerpt-more\" href=\"https:\/\/larevistadigital.com.ar\/blog\/concurso-literario-por-los-15-anos-de-sadech\/\" title=\"CONCURSO LITERARIO POR LOS 15 A\u00d1OS DE SADECH\">[Leer M\u00e1s]<\/a><\/p>\n<\/div>","protected":false},"author":3,"featured_media":11316,"comment_status":"open","ping_status":"open","sticky":false,"template":"","format":"standard","meta":{"_jetpack_memberships_contains_paid_content":false,"footnotes":"","jetpack_publicize_message":"","jetpack_publicize_feature_enabled":true,"jetpack_social_post_already_shared":true,"jetpack_social_options":{"image_generator_settings":{"template":"highway","default_image_id":0,"font":"","enabled":false},"version":2}},"categories":[15,50],"tags":[],"class_list":{"0":"post-11315","1":"post","2":"type-post","3":"status-publish","4":"format-standard","5":"has-post-thumbnail","7":"category-cultura","8":"category-interes-general"},"jetpack_publicize_connections":[],"jetpack_featured_media_url":"https:\/\/i0.wp.com\/larevistadigital.com.ar\/blog\/wp-content\/uploads\/wood-3157395_1920-1280x640.jpg?fit=1280%2C640&ssl=1","jetpack_sharing_enabled":true,"jetpack_shortlink":"https:\/\/wp.me\/p8qtrQ-2Wv","jetpack-related-posts":[{"id":28737,"url":"https:\/\/larevistadigital.com.ar\/blog\/alfredo-machin-es-el-nuevo-presidente-de-la-filial-chascomus-de-river-ramon-angel-diaz\/","url_meta":{"origin":11315,"position":0},"title":"ALFREDO MACHIN ES EL NUEVO PRESIDENTE DE LA FILIAL CHASCOM\u00daS DE RIVER \u00abRAM\u00d3N ANGEL D\u00cdAZ\u00bb","author":"Alejandro Sosa Ruda","date":"2 noviembre, 2022","format":false,"excerpt":"Se renovaron las autoridades en una asamblea. Alfredo Mach\u00edn es el nuevo presidente de la flamante Comisi\u00f3n Directiva. 2 de noviembre de 2022 CHASCOM\u00daS - Tras Asamblea de Socios Activos y Somos River, y por decisi\u00f3n un\u00e1nime, @alfremachin se convirti\u00f3 en nuevo presidente de la Filial Chascom\u00fas de River, \"Ram\u00f3n\u2026","rel":"","context":"En \u00abINTERES GENERAL\u00bb","block_context":{"text":"INTERES GENERAL","link":"https:\/\/larevistadigital.com.ar\/blog\/category\/interes-general\/"},"img":{"alt_text":"","src":"https:\/\/i0.wp.com\/larevistadigital.com.ar\/blog\/wp-content\/uploads\/PENA-RIVER.png?fit=928%2C538&ssl=1&resize=350%2C200","width":350,"height":200,"srcset":"https:\/\/i0.wp.com\/larevistadigital.com.ar\/blog\/wp-content\/uploads\/PENA-RIVER.png?fit=928%2C538&ssl=1&resize=350%2C200 1x, https:\/\/i0.wp.com\/larevistadigital.com.ar\/blog\/wp-content\/uploads\/PENA-RIVER.png?fit=928%2C538&ssl=1&resize=525%2C300 1.5x, https:\/\/i0.wp.com\/larevistadigital.com.ar\/blog\/wp-content\/uploads\/PENA-RIVER.png?fit=928%2C538&ssl=1&resize=700%2C400 2x"},"classes":[]},{"id":1213,"url":"https:\/\/larevistadigital.com.ar\/blog\/casi-un-centenar-de-corredores-en-la-noche-de-las-estrellas\/","url_meta":{"origin":11315,"position":1},"title":"Casi un centenar de corredores en \u201cLa Noche de las Estrellas\u201d","author":"editor","date":"14 marzo, 2017","format":false,"excerpt":"Desde la Plaza de laAutonom\u00eda de la ciudad de Lezama, a las 20horas del s\u00e1bado 11, pr\u00f3ximo pasado, largaron los competidores de la segunda edici\u00f3n local de la Noche de las Estrellas, organizada por Tricota Sport Argentina y auspiciada por la Municipalidad de Lezama. Casi un centenar de participantes se\u2026","rel":"","context":"En \u00abDEPORTES\u00bb","block_context":{"text":"DEPORTES","link":"https:\/\/larevistadigital.com.ar\/blog\/category\/deportes\/"},"img":{"alt_text":"","src":"https:\/\/i0.wp.com\/larevistadigital.com.ar\/blog\/wp-content\/uploads\/2017\/03\/NOCHE-DE-LAS-ESTRELLAS-1.jpg?fit=851%2C638&ssl=1&resize=350%2C200","width":350,"height":200,"srcset":"https:\/\/i0.wp.com\/larevistadigital.com.ar\/blog\/wp-content\/uploads\/2017\/03\/NOCHE-DE-LAS-ESTRELLAS-1.jpg?fit=851%2C638&ssl=1&resize=350%2C200 1x, https:\/\/i0.wp.com\/larevistadigital.com.ar\/blog\/wp-content\/uploads\/2017\/03\/NOCHE-DE-LAS-ESTRELLAS-1.jpg?fit=851%2C638&ssl=1&resize=525%2C300 1.5x, https:\/\/i0.wp.com\/larevistadigital.com.ar\/blog\/wp-content\/uploads\/2017\/03\/NOCHE-DE-LAS-ESTRELLAS-1.jpg?fit=851%2C638&ssl=1&resize=700%2C400 2x"},"classes":[]},{"id":13348,"url":"https:\/\/larevistadigital.com.ar\/blog\/el-listado-de-los-chicos-internados-en-el-hospital-de-chascomus\/","url_meta":{"origin":11315,"position":2},"title":"EL LISTADO DE LOS CHICOS INTERNADOS EN EL HOSPITAL DE CHASCOM\u00daS","author":"Alejandro Sosa Ruda","date":"28 noviembre, 2019","format":false,"excerpt":"El departamento de Prensa del Municipio de Chascom\u00fas, dio a conocer el listado de chicos internados en el Hospital Municipal San Vicente de Paul, el que a continuaci\u00f3n reproducimos: Nombre y Apellido EDAD Daiara Aguilar 11 a\u00f1os Godoy Yoel 11 a\u00f1os Olivares Dylan Vanacor Jonhatan Byerne Federico Gutierrez Nerea Valenzuela\u2026","rel":"","context":"En \u00abINTERES GENERAL\u00bb","block_context":{"text":"INTERES GENERAL","link":"https:\/\/larevistadigital.com.ar\/blog\/category\/interes-general\/"},"img":{"alt_text":"","src":"https:\/\/i0.wp.com\/larevistadigital.com.ar\/blog\/wp-content\/uploads\/2019112808413663551.jpg?fit=800%2C483&ssl=1&resize=350%2C200","width":350,"height":200,"srcset":"https:\/\/i0.wp.com\/larevistadigital.com.ar\/blog\/wp-content\/uploads\/2019112808413663551.jpg?fit=800%2C483&ssl=1&resize=350%2C200 1x, https:\/\/i0.wp.com\/larevistadigital.com.ar\/blog\/wp-content\/uploads\/2019112808413663551.jpg?fit=800%2C483&ssl=1&resize=525%2C300 1.5x, https:\/\/i0.wp.com\/larevistadigital.com.ar\/blog\/wp-content\/uploads\/2019112808413663551.jpg?fit=800%2C483&ssl=1&resize=700%2C400 2x"},"classes":[]},{"id":44088,"url":"https:\/\/larevistadigital.com.ar\/blog\/chascomus-continuan-los-trabajos-de-puesta-en-valor-del-teatro-municipal-brazzola\/","url_meta":{"origin":11315,"position":3},"title":"Chascom\u00fas: Contin\u00faan los trabajos de puesta en valor del Teatro Municipal Brazzola","author":"Alejandro Sosa Ruda","date":"20 febrero, 2026","format":false,"excerpt":"Esta semana se ejecuta la reconstrucci\u00f3n de la vereda como parte de un plan integral que se desarrollar\u00e1 en etapas durante los pr\u00f3ximos a\u00f1os. Trabajadores municipales contin\u00faan con las tareas destinadas a la recuperaci\u00f3n del Teatro Municipal Brazzola. Durante esta semana se llevan adelante labores de reconstrucci\u00f3n de la vereda\u2026","rel":"","context":"En \u00abCHASCOM\u00daS\u00bb","block_context":{"text":"CHASCOM\u00daS","link":"https:\/\/larevistadigital.com.ar\/blog\/category\/chascomus\/"},"img":{"alt_text":"","src":"https:\/\/i0.wp.com\/larevistadigital.com.ar\/blog\/wp-content\/uploads\/699893233a2c9.png?fit=668%2C445&ssl=1&resize=350%2C200","width":350,"height":200,"srcset":"https:\/\/i0.wp.com\/larevistadigital.com.ar\/blog\/wp-content\/uploads\/699893233a2c9.png?fit=668%2C445&ssl=1&resize=350%2C200 1x, https:\/\/i0.wp.com\/larevistadigital.com.ar\/blog\/wp-content\/uploads\/699893233a2c9.png?fit=668%2C445&ssl=1&resize=525%2C300 1.5x"},"classes":[]},{"id":13580,"url":"https:\/\/larevistadigital.com.ar\/blog\/chascomus-los-pincharratas-tuvieron-su-fiesta\/","url_meta":{"origin":11315,"position":4},"title":"CHASCOM\u00daS: LOS PINCHARRATAS TUVIERON SU FIESTA","author":"Alejandro Sosa Ruda","date":"10 diciembre, 2019","format":false,"excerpt":"La Filial \"Israel Damonte\" de simpatizantes chascomunenses del Club Estudiantes de La Plata organiz\u00f3 una cena en el sal\u00f3n de la Rural local. Se cont\u00f3 con la presencia entre otros, de Eduardo \"Bocha\" Flores ( campe\u00f3n intercontinental 1968), el Profesor Pablo Blanco ( PF de la Selecci\u00f3n de Sabella), y\u2026","rel":"","context":"En \u00abDEPORTES\u00bb","block_context":{"text":"DEPORTES","link":"https:\/\/larevistadigital.com.ar\/blog\/category\/deportes\/"},"img":{"alt_text":"","src":"https:\/\/i0.wp.com\/larevistadigital.com.ar\/blog\/wp-content\/uploads\/WhatsApp-Image-2019-12-07-at-12.03.17.jpeg?fit=391%2C329&ssl=1&resize=350%2C200","width":350,"height":200},"classes":[]},{"id":42178,"url":"https:\/\/larevistadigital.com.ar\/blog\/x-jornada-de-historia-de-chascomus\/","url_meta":{"origin":11315,"position":5},"title":"X Jornada de Historia de Chascom\u00fas","author":"Alejandro Sosa Ruda","date":"23 octubre, 2025","format":false,"excerpt":"Tienen como objeto conocer y difundir la historia de Chascom\u00fas, a trav\u00e9s de hechos, personajes, instituciones. 23\u00a0 de Octubre de 2025 CHASCOM\u00daS -\u00a0 \u00a0La Municipalidad de Chascom\u00fas invita a participar de las Jornadas de Historia local, que se organizan en conjunto con el Instituto Superior de Formaci\u00f3n Docente N\u00b0 98,\u2026","rel":"","context":"En \u00abCHASCOM\u00daS\u00bb","block_context":{"text":"CHASCOM\u00daS","link":"https:\/\/larevistadigital.com.ar\/blog\/category\/chascomus\/"},"img":{"alt_text":"","src":"https:\/\/i0.wp.com\/larevistadigital.com.ar\/blog\/wp-content\/uploads\/68fa58c1c3485.png?fit=668%2C445&ssl=1&resize=350%2C200","width":350,"height":200,"srcset":"https:\/\/i0.wp.com\/larevistadigital.com.ar\/blog\/wp-content\/uploads\/68fa58c1c3485.png?fit=668%2C445&ssl=1&resize=350%2C200 1x, https:\/\/i0.wp.com\/larevistadigital.com.ar\/blog\/wp-content\/uploads\/68fa58c1c3485.png?fit=668%2C445&ssl=1&resize=525%2C300 1.5x"},"classes":[]}],"_links":{"self":[{"href":"https:\/\/larevistadigital.com.ar\/blog\/wp-json\/wp\/v2\/posts\/11315","targetHints":{"allow":["GET"]}}],"collection":[{"href":"https:\/\/larevistadigital.com.ar\/blog\/wp-json\/wp\/v2\/posts"}],"about":[{"href":"https:\/\/larevistadigital.com.ar\/blog\/wp-json\/wp\/v2\/types\/post"}],"author":[{"embeddable":true,"href":"https:\/\/larevistadigital.com.ar\/blog\/wp-json\/wp\/v2\/users\/3"}],"replies":[{"embeddable":true,"href":"https:\/\/larevistadigital.com.ar\/blog\/wp-json\/wp\/v2\/comments?post=11315"}],"version-history":[{"count":1,"href":"https:\/\/larevistadigital.com.ar\/blog\/wp-json\/wp\/v2\/posts\/11315\/revisions"}],"predecessor-version":[{"id":11317,"href":"https:\/\/larevistadigital.com.ar\/blog\/wp-json\/wp\/v2\/posts\/11315\/revisions\/11317"}],"wp:featuredmedia":[{"embeddable":true,"href":"https:\/\/larevistadigital.com.ar\/blog\/wp-json\/wp\/v2\/media\/11316"}],"wp:attachment":[{"href":"https:\/\/larevistadigital.com.ar\/blog\/wp-json\/wp\/v2\/media?parent=11315"}],"wp:term":[{"taxonomy":"category","embeddable":true,"href":"https:\/\/larevistadigital.com.ar\/blog\/wp-json\/wp\/v2\/categories?post=11315"},{"taxonomy":"post_tag","embeddable":true,"href":"https:\/\/larevistadigital.com.ar\/blog\/wp-json\/wp\/v2\/tags?post=11315"}],"curies":[{"name":"wp","href":"https:\/\/api.w.org\/{rel}","templated":true}]}}