{"id":11319,"date":"2019-07-16T09:03:28","date_gmt":"2019-07-16T09:03:28","guid":{"rendered":"https:\/\/larevistadigital.com.ar\/blog\/?p=11319"},"modified":"2019-07-16T09:03:28","modified_gmt":"2019-07-16T09:03:28","slug":"lezama-se-cubrira-el-viernes-19-un-nuevo-puesto-de-trabajo-en-educacion-peon-de-cocina-para-el-recientemente-creado-comedor-de-la-horqueta","status":"publish","type":"post","link":"https:\/\/larevistadigital.com.ar\/blog\/lezama-se-cubrira-el-viernes-19-un-nuevo-puesto-de-trabajo-en-educacion-peon-de-cocina-para-el-recientemente-creado-comedor-de-la-horqueta\/","title":{"rendered":"LEZAMA: SE CUBRIR\u00c1 EL VIERNES 19 UN NUEVO PUESTO DE TRABAJO EN EDUCACI\u00d3N: PE\u00d3N DE COCINA PARA EL RECIENTEMENTE CREADO COMEDOR DE LA HORQUETA"},"content":{"rendered":"<p>El Consejo Escolar de Lezama informa a la comunidad que el d\u00eda viernes 19 de julio del corriente a\u00f1o, a las 14:00 horas, se realizar\u00e1 en su edificio (Blandengues N\u00b0 271) el acto p\u00fablico para la cobertura de 1 (UNO) cargo de Personal de Servicio (PE\u00d3N DE COCINA) para ser asignado a la Escuela Primaria N\u00b0 4 ubicada en el Paraje La Horqueta.<\/p>\n<p>En primer lugar se realizar\u00e1 la ronda del personal auxiliar con situaci\u00f3n de revista titular\/mensualizado, quedando posteriormente el cargo a mensualizar.<\/p>\n","protected":false},"excerpt":{"rendered":"<div class=\"mh-excerpt\"><p>El Consejo Escolar de Lezama informa a la comunidad que el d\u00eda viernes 19 de julio del corriente a\u00f1o, a las 14:00 horas, se realizar\u00e1 en su edificio (Blandengues N\u00b0 271) el acto p\u00fablico para <a class=\"mh-excerpt-more\" href=\"https:\/\/larevistadigital.com.ar\/blog\/lezama-se-cubrira-el-viernes-19-un-nuevo-puesto-de-trabajo-en-educacion-peon-de-cocina-para-el-recientemente-creado-comedor-de-la-horqueta\/\" title=\"LEZAMA: SE CUBRIR\u00c1 EL VIERNES 19 UN NUEVO PUESTO DE TRABAJO EN EDUCACI\u00d3N: PE\u00d3N DE COCINA PARA EL RECIENTEMENTE CREADO COMEDOR DE LA HORQUETA\">[Leer M\u00e1s]<\/a><\/p>\n<\/div>","protected":false},"author":3,"featured_media":11320,"comment_status":"open","ping_status":"open","sticky":false,"template":"","format":"standard","meta":{"_jetpack_memberships_contains_paid_content":false,"footnotes":"","jetpack_publicize_message":"","jetpack_publicize_feature_enabled":true,"jetpack_social_post_already_shared":true,"jetpack_social_options":{"image_generator_settings":{"template":"highway","default_image_id":0,"font":"","enabled":false},"version":2}},"categories":[7,51],"tags":[],"class_list":{"0":"post-11319","1":"post","2":"type-post","3":"status-publish","4":"format-standard","5":"has-post-thumbnail","7":"category-lezama","8":"category-regionales"},"jetpack_publicize_connections":[],"jetpack_featured_media_url":"https:\/\/i0.wp.com\/larevistadigital.com.ar\/blog\/wp-content\/uploads\/66787008_1501364086722954_6888553043663519744_n.jpg?fit=751%2C960&ssl=1","jetpack_sharing_enabled":true,"jetpack_shortlink":"https:\/\/wp.me\/p8qtrQ-2Wz","jetpack-related-posts":[{"id":8737,"url":"https:\/\/larevistadigital.com.ar\/blog\/lezama-se-cubrira-en-marzo-el-cargo-de-cocinero-para-el-nuevo-servicio-de-comedor-escolar-de-el-destino\/","url_meta":{"origin":11319,"position":0},"title":"LEZAMA: SE CUBRIR\u00c1 EN MARZO EL CARGO DE COCINERO PARA EL NUEVO SERVICIO DE COMEDOR ESCOLAR DE \u201cEL DESTINO\u201d","author":"Alejandro Sosa Ruda","date":"26 febrero, 2019","format":false,"excerpt":"El Consejo Escolar de Lezama comunica que el d\u00eda 19 de marzo, a las 14 horas, se realizar\u00e1 en el edificio (Blandengues 271) Ronda de Titulares de auxiliares para cubrir el cargo creado de cocinero para la EP N\u00b0 7 del paraje \"El Destino\". Los interesados deber\u00e1n concurrir con fotocopia\u2026","rel":"","context":"En \u00abLEZAMA\u00bb","block_context":{"text":"LEZAMA","link":"https:\/\/larevistadigital.com.ar\/blog\/category\/lezama\/"},"img":{"alt_text":"","src":"https:\/\/i0.wp.com\/larevistadigital.com.ar\/blog\/wp-content\/uploads\/2019\/02\/Screenshot_4.jpg?fit=728%2C478&ssl=1&resize=350%2C200","width":350,"height":200,"srcset":"https:\/\/i0.wp.com\/larevistadigital.com.ar\/blog\/wp-content\/uploads\/2019\/02\/Screenshot_4.jpg?fit=728%2C478&ssl=1&resize=350%2C200 1x, https:\/\/i0.wp.com\/larevistadigital.com.ar\/blog\/wp-content\/uploads\/2019\/02\/Screenshot_4.jpg?fit=728%2C478&ssl=1&resize=525%2C300 1.5x, https:\/\/i0.wp.com\/larevistadigital.com.ar\/blog\/wp-content\/uploads\/2019\/02\/Screenshot_4.jpg?fit=728%2C478&ssl=1&resize=700%2C400 2x"},"classes":[]},{"id":4033,"url":"https:\/\/larevistadigital.com.ar\/blog\/se-brindo-capacitacion-rcp-escuela-la-horqueta\/","url_meta":{"origin":11319,"position":1},"title":"Se brind\u00f3 capacitaci\u00f3n en RCP en escuela de La Horqueta","author":"admin","date":"24 noviembre, 2017","format":false,"excerpt":"El Centro de Atenci\u00f3n Primaria de la Salud \u201cSan Patricio\u201d de Lezama, ofreci\u00f3 una nueva capacitaci\u00f3n en Reanimaci\u00f3n Cardiopulmonar (RCP) y Primeros Auxilios, esta vez a la comunidad educativa de la Escuela Primaria N\u00b0 4 del paraje La Horqueta. El guardavidas e Instructor en Salvamento Fernando Urruty y el Dr.\u2026","rel":"","context":"En \u00abLEZAMA\u00bb","block_context":{"text":"LEZAMA","link":"https:\/\/larevistadigital.com.ar\/blog\/category\/lezama\/"},"img":{"alt_text":"","src":"https:\/\/i0.wp.com\/larevistadigital.com.ar\/blog\/wp-content\/uploads\/2017\/11\/RCP-EN-ESCUELA-RURAL-DE-LEZAMA.jpg?fit=1200%2C720&ssl=1&resize=350%2C200","width":350,"height":200,"srcset":"https:\/\/i0.wp.com\/larevistadigital.com.ar\/blog\/wp-content\/uploads\/2017\/11\/RCP-EN-ESCUELA-RURAL-DE-LEZAMA.jpg?fit=1200%2C720&ssl=1&resize=350%2C200 1x, https:\/\/i0.wp.com\/larevistadigital.com.ar\/blog\/wp-content\/uploads\/2017\/11\/RCP-EN-ESCUELA-RURAL-DE-LEZAMA.jpg?fit=1200%2C720&ssl=1&resize=525%2C300 1.5x, https:\/\/i0.wp.com\/larevistadigital.com.ar\/blog\/wp-content\/uploads\/2017\/11\/RCP-EN-ESCUELA-RURAL-DE-LEZAMA.jpg?fit=1200%2C720&ssl=1&resize=700%2C400 2x, https:\/\/i0.wp.com\/larevistadigital.com.ar\/blog\/wp-content\/uploads\/2017\/11\/RCP-EN-ESCUELA-RURAL-DE-LEZAMA.jpg?fit=1200%2C720&ssl=1&resize=1050%2C600 3x"},"classes":[]},{"id":18990,"url":"https:\/\/larevistadigital.com.ar\/blog\/lezama-importante-reunion-en-torno-a-la-regulacion-de-las-encadenadas\/","url_meta":{"origin":11319,"position":2},"title":"LEZAMA: IMPORTANTE REUNI\u00d3N EN TORNO A LA REGULACI\u00d3N DE LAS ENCADENADAS","author":"Alejandro Sosa Ruda","date":"23 febrero, 2021","format":false,"excerpt":"LEZAMA - El intendente interino Diego Mongay y el director de Turismo Bernardo Ampo mantuvieron una reuni\u00f3n en el palacio municipal con el Dr. Dar\u00edo Colautti, investigador del CONICET especializado en la ecolog\u00eda y el cultivo de peces de laguna, Manejo Sustentable de Recursos Naturales Renovables e integrante del equipo\u2026","rel":"","context":"En \u00abLEZAMA\u00bb","block_context":{"text":"LEZAMA","link":"https:\/\/larevistadigital.com.ar\/blog\/category\/lezama\/"},"img":{"alt_text":"","src":"https:\/\/i0.wp.com\/larevistadigital.com.ar\/blog\/wp-content\/uploads\/153486283_1999597706899587_78243222767642723_o.jpg?fit=1200%2C786&ssl=1&resize=350%2C200","width":350,"height":200,"srcset":"https:\/\/i0.wp.com\/larevistadigital.com.ar\/blog\/wp-content\/uploads\/153486283_1999597706899587_78243222767642723_o.jpg?fit=1200%2C786&ssl=1&resize=350%2C200 1x, https:\/\/i0.wp.com\/larevistadigital.com.ar\/blog\/wp-content\/uploads\/153486283_1999597706899587_78243222767642723_o.jpg?fit=1200%2C786&ssl=1&resize=525%2C300 1.5x, https:\/\/i0.wp.com\/larevistadigital.com.ar\/blog\/wp-content\/uploads\/153486283_1999597706899587_78243222767642723_o.jpg?fit=1200%2C786&ssl=1&resize=700%2C400 2x, https:\/\/i0.wp.com\/larevistadigital.com.ar\/blog\/wp-content\/uploads\/153486283_1999597706899587_78243222767642723_o.jpg?fit=1200%2C786&ssl=1&resize=1050%2C600 3x"},"classes":[]},{"id":8583,"url":"https:\/\/larevistadigital.com.ar\/blog\/lezama-durante-una-recorrida-el-intendente-mongay-aprecio-los-trabajos-de-alteo-en-caminos-rurales\/","url_meta":{"origin":11319,"position":3},"title":"LEZAMA: DURANTE UNA RECORRIDA EL INTENDENTE MONGAY APRECI\u00d3 LOS TRABAJOS DE ALTEO EN CAMINOS RURALES","author":"Alejandro Sosa Ruda","date":"19 febrero, 2019","format":false,"excerpt":"\u2022 Ante la cercan\u00eda del inicio de clases el municipio prioriza los accesos a escuelas rurales. En la ma\u00f1ana de ayer el Intendente interino Diego Mongay, acompa\u00f1ado por el Sr. Luis Hatrick, recorri\u00f3 parajes del distrito donde se realizan trabajos de alteo, zanjeo y perfilado de caminos. El Jefe comunal\u2026","rel":"","context":"En \u00abLEZAMA\u00bb","block_context":{"text":"LEZAMA","link":"https:\/\/larevistadigital.com.ar\/blog\/category\/lezama\/"},"img":{"alt_text":"","src":"https:\/\/i0.wp.com\/larevistadigital.com.ar\/blog\/wp-content\/uploads\/2019\/02\/52602773_1407613709431326_1138221072798187520_n.jpg?fit=960%2C720&ssl=1&resize=350%2C200","width":350,"height":200,"srcset":"https:\/\/i0.wp.com\/larevistadigital.com.ar\/blog\/wp-content\/uploads\/2019\/02\/52602773_1407613709431326_1138221072798187520_n.jpg?fit=960%2C720&ssl=1&resize=350%2C200 1x, https:\/\/i0.wp.com\/larevistadigital.com.ar\/blog\/wp-content\/uploads\/2019\/02\/52602773_1407613709431326_1138221072798187520_n.jpg?fit=960%2C720&ssl=1&resize=525%2C300 1.5x, https:\/\/i0.wp.com\/larevistadigital.com.ar\/blog\/wp-content\/uploads\/2019\/02\/52602773_1407613709431326_1138221072798187520_n.jpg?fit=960%2C720&ssl=1&resize=700%2C400 2x"},"classes":[]},{"id":17424,"url":"https:\/\/larevistadigital.com.ar\/blog\/lezama-el-viernes-quedara-inaugurada-la-obra-de-pavimentacion-de-calle-rivadavia\/","url_meta":{"origin":11319,"position":4},"title":"LEZAMA: EL VIERNES QUEDAR\u00c1 INAUGURADA LA OBRA DE PAVIMENTACI\u00d3N DE CALLE RIVADAVIA","author":"Alejandro Sosa Ruda","date":"4 noviembre, 2020","format":false,"excerpt":"Se trata de la Cuadra N\u00ba 48 realizada por la gesti\u00f3n municipal en los \u00faltimos cuatro a\u00f1os. Mientras est\u00e1 en ejecuci\u00f3n el pavimento de la calle Pe\u00f1aloza, y se cumplen los plazos de obra en Hern\u00e1ndez y Clara Laborde, el intendente municipal\u00a0Lalo Harispe\u00a0dejar\u00e1 inaugurada este viernes 6 de noviembre la\u2026","rel":"","context":"En \u00abLEZAMA\u00bb","block_context":{"text":"LEZAMA","link":"https:\/\/larevistadigital.com.ar\/blog\/category\/lezama\/"},"img":{"alt_text":"","src":"https:\/\/i0.wp.com\/larevistadigital.com.ar\/blog\/wp-content\/uploads\/123309214_1911684432357582_4498986109427593921_o.jpg?fit=960%2C642&ssl=1&resize=350%2C200","width":350,"height":200,"srcset":"https:\/\/i0.wp.com\/larevistadigital.com.ar\/blog\/wp-content\/uploads\/123309214_1911684432357582_4498986109427593921_o.jpg?fit=960%2C642&ssl=1&resize=350%2C200 1x, https:\/\/i0.wp.com\/larevistadigital.com.ar\/blog\/wp-content\/uploads\/123309214_1911684432357582_4498986109427593921_o.jpg?fit=960%2C642&ssl=1&resize=525%2C300 1.5x, https:\/\/i0.wp.com\/larevistadigital.com.ar\/blog\/wp-content\/uploads\/123309214_1911684432357582_4498986109427593921_o.jpg?fit=960%2C642&ssl=1&resize=700%2C400 2x"},"classes":[]},{"id":10059,"url":"https:\/\/larevistadigital.com.ar\/blog\/lezama-se-realiza-el-cambio-de-cubierta-en-el-jardin-901\/","url_meta":{"origin":11319,"position":5},"title":"LEZAMA: SE REALIZA EL CAMBIO DE CUBIERTA EN EL JARD\u00cdN 901","author":"Alejandro Sosa Ruda","date":"8 mayo, 2019","format":false,"excerpt":"Confirm\u00f3 el Consejo Escolar que ya est\u00e1 en etapa de ejecuci\u00f3n la obra de cambio total de la cubierta en el edificio del Jard\u00edn de Infantes N\u00b0 901, ubicado en calle Presidente Per\u00f3n de nuestra ciudad. Dos meses atr\u00e1s, el organismo de educaci\u00f3n hab\u00eda realizado la convocatoria para cotizar la\u2026","rel":"","context":"En \u00abLEZAMA\u00bb","block_context":{"text":"LEZAMA","link":"https:\/\/larevistadigital.com.ar\/blog\/category\/lezama\/"},"img":{"alt_text":"","src":"https:\/\/i0.wp.com\/larevistadigital.com.ar\/blog\/wp-content\/uploads\/2019\/05\/59841988_1454352771424086_4813613338913144832_o.jpg?fit=1200%2C561&ssl=1&resize=350%2C200","width":350,"height":200,"srcset":"https:\/\/i0.wp.com\/larevistadigital.com.ar\/blog\/wp-content\/uploads\/2019\/05\/59841988_1454352771424086_4813613338913144832_o.jpg?fit=1200%2C561&ssl=1&resize=350%2C200 1x, https:\/\/i0.wp.com\/larevistadigital.com.ar\/blog\/wp-content\/uploads\/2019\/05\/59841988_1454352771424086_4813613338913144832_o.jpg?fit=1200%2C561&ssl=1&resize=525%2C300 1.5x, https:\/\/i0.wp.com\/larevistadigital.com.ar\/blog\/wp-content\/uploads\/2019\/05\/59841988_1454352771424086_4813613338913144832_o.jpg?fit=1200%2C561&ssl=1&resize=700%2C400 2x, https:\/\/i0.wp.com\/larevistadigital.com.ar\/blog\/wp-content\/uploads\/2019\/05\/59841988_1454352771424086_4813613338913144832_o.jpg?fit=1200%2C561&ssl=1&resize=1050%2C600 3x"},"classes":[]}],"_links":{"self":[{"href":"https:\/\/larevistadigital.com.ar\/blog\/wp-json\/wp\/v2\/posts\/11319","targetHints":{"allow":["GET"]}}],"collection":[{"href":"https:\/\/larevistadigital.com.ar\/blog\/wp-json\/wp\/v2\/posts"}],"about":[{"href":"https:\/\/larevistadigital.com.ar\/blog\/wp-json\/wp\/v2\/types\/post"}],"author":[{"embeddable":true,"href":"https:\/\/larevistadigital.com.ar\/blog\/wp-json\/wp\/v2\/users\/3"}],"replies":[{"embeddable":true,"href":"https:\/\/larevistadigital.com.ar\/blog\/wp-json\/wp\/v2\/comments?post=11319"}],"version-history":[{"count":1,"href":"https:\/\/larevistadigital.com.ar\/blog\/wp-json\/wp\/v2\/posts\/11319\/revisions"}],"predecessor-version":[{"id":11321,"href":"https:\/\/larevistadigital.com.ar\/blog\/wp-json\/wp\/v2\/posts\/11319\/revisions\/11321"}],"wp:featuredmedia":[{"embeddable":true,"href":"https:\/\/larevistadigital.com.ar\/blog\/wp-json\/wp\/v2\/media\/11320"}],"wp:attachment":[{"href":"https:\/\/larevistadigital.com.ar\/blog\/wp-json\/wp\/v2\/media?parent=11319"}],"wp:term":[{"taxonomy":"category","embeddable":true,"href":"https:\/\/larevistadigital.com.ar\/blog\/wp-json\/wp\/v2\/categories?post=11319"},{"taxonomy":"post_tag","embeddable":true,"href":"https:\/\/larevistadigital.com.ar\/blog\/wp-json\/wp\/v2\/tags?post=11319"}],"curies":[{"name":"wp","href":"https:\/\/api.w.org\/{rel}","templated":true}]}}