{"id":11322,"date":"2019-07-16T09:20:31","date_gmt":"2019-07-16T09:20:31","guid":{"rendered":"https:\/\/larevistadigital.com.ar\/blog\/?p=11322"},"modified":"2019-07-16T09:20:31","modified_gmt":"2019-07-16T09:20:31","slug":"dolores-violento-accidente-en-quadri-y-bucetich","status":"publish","type":"post","link":"https:\/\/larevistadigital.com.ar\/blog\/dolores-violento-accidente-en-quadri-y-bucetich\/","title":{"rendered":"DOLORES: VIOLENTO ACCIDENTE EN QUADRI Y BUCETICH"},"content":{"rendered":"<p>En la madrugada de ayer se produjo un fuerte accidente de tr\u00e1nsito en la ciudad.<\/p>\n<blockquote>\n<h3>En esta oportunidad fue en la esquina de las calles Ing. Quadri y Vucetich; cuando por causas que se tratan de establecer chocaron un Peugeot 408 y una camioneta Ford Ranger.<\/h3>\n<\/blockquote>\n<p><img data-recalc-dims=\"1\" loading=\"lazy\" decoding=\"async\" class=\"size-full wp-image-11324 aligncenter\" src=\"https:\/\/i0.wp.com\/larevistadigital.com.ar\/blog\/wp-content\/uploads\/Accidente-Noticiero-Diario-660x330.jpg?resize=660%2C330&#038;ssl=1\" alt=\"\" width=\"660\" height=\"330\" srcset=\"https:\/\/i0.wp.com\/larevistadigital.com.ar\/blog\/wp-content\/uploads\/Accidente-Noticiero-Diario-660x330.jpg?resize=660%2C330&amp;ssl=1 660w, https:\/\/i0.wp.com\/larevistadigital.com.ar\/blog\/wp-content\/uploads\/Accidente-Noticiero-Diario-660x330.jpg?resize=300%2C150&amp;ssl=1 300w\" sizes=\"auto, (max-width: 660px) 100vw, 660px\" \/><\/p>\n<p>Afortunadamente y pese al fuerte golpe, no hubo que lamentar heridos, s\u00f3lo importantes da\u00f1os materiales en los veh\u00edculos.<\/p>\n","protected":false},"excerpt":{"rendered":"<div class=\"mh-excerpt\"><p>En la madrugada de ayer se produjo un fuerte accidente de tr\u00e1nsito en la ciudad. En esta oportunidad fue en la esquina de las calles Ing. Quadri y Vucetich; cuando por causas que se tratan <a class=\"mh-excerpt-more\" href=\"https:\/\/larevistadigital.com.ar\/blog\/dolores-violento-accidente-en-quadri-y-bucetich\/\" title=\"DOLORES: VIOLENTO ACCIDENTE EN QUADRI Y BUCETICH\">[Leer M\u00e1s]<\/a><\/p>\n<\/div>","protected":false},"author":3,"featured_media":11323,"comment_status":"open","ping_status":"open","sticky":false,"template":"","format":"standard","meta":{"_jetpack_memberships_contains_paid_content":false,"footnotes":"","jetpack_publicize_message":"","jetpack_publicize_feature_enabled":true,"jetpack_social_post_already_shared":true,"jetpack_social_options":{"image_generator_settings":{"template":"highway","default_image_id":0,"font":"","enabled":false},"version":2}},"categories":[51],"tags":[],"class_list":{"0":"post-11322","1":"post","2":"type-post","3":"status-publish","4":"format-standard","5":"has-post-thumbnail","7":"category-regionales"},"jetpack_publicize_connections":[],"jetpack_featured_media_url":"https:\/\/i0.wp.com\/larevistadigital.com.ar\/blog\/wp-content\/uploads\/Accidente1-Noticiero-Diario.jpg?fit=700%2C525&ssl=1","jetpack_sharing_enabled":true,"jetpack_shortlink":"https:\/\/wp.me\/p8qtrQ-2WC","jetpack-related-posts":[{"id":9461,"url":"https:\/\/larevistadigital.com.ar\/blog\/dolores-joven-motociclista-sufrio-un-grave-accidente-ahora-hay-cadena-de-oracion-por-su-salud\/","url_meta":{"origin":11322,"position":0},"title":"DOLORES: JOVEN MOTOCICLISTA SUFRI\u00d3 UN GRAVE ACCIDENTE, AHORA HAY CADENA DE ORACI\u00d3N POR SU SALUD","author":"Alejandro Sosa Ruda","date":"31 marzo, 2019","format":false,"excerpt":"Un joven perdi\u00f3 el control de su motocicleta\u00a0 Honda Wave 110 y choc\u00f3 violentamente contra un \u00e1rbol, por causas que se tratan de establecer. El hecho habr\u00eda sucedido aproximadamente a las 5:00 AM de este domingo en calle ing, Quadri al 1000, y el estado que reviste el muchacho es\u2026","rel":"","context":"En \u00abDOLORES\u00bb","block_context":{"text":"DOLORES","link":"https:\/\/larevistadigital.com.ar\/blog\/category\/dolores\/"},"img":{"alt_text":"","src":"https:\/\/i0.wp.com\/larevistadigital.com.ar\/blog\/wp-content\/uploads\/2019\/03\/Screenshot_2-17.jpg?fit=855%2C553&ssl=1&resize=350%2C200","width":350,"height":200,"srcset":"https:\/\/i0.wp.com\/larevistadigital.com.ar\/blog\/wp-content\/uploads\/2019\/03\/Screenshot_2-17.jpg?fit=855%2C553&ssl=1&resize=350%2C200 1x, https:\/\/i0.wp.com\/larevistadigital.com.ar\/blog\/wp-content\/uploads\/2019\/03\/Screenshot_2-17.jpg?fit=855%2C553&ssl=1&resize=525%2C300 1.5x, https:\/\/i0.wp.com\/larevistadigital.com.ar\/blog\/wp-content\/uploads\/2019\/03\/Screenshot_2-17.jpg?fit=855%2C553&ssl=1&resize=700%2C400 2x"},"classes":[]},{"id":22540,"url":"https:\/\/larevistadigital.com.ar\/blog\/fuerte-accidente-con-vuelco-en-el-kilometro-115-de-la-ruta-2\/","url_meta":{"origin":11322,"position":1},"title":"FUERTE ACCIDENTE CON VUELCO EN EL KIL\u00d3METRO 115 DE LA RUTA 2","author":"Alejandro Sosa Ruda","date":"31 octubre, 2021","format":false,"excerpt":"CHASCOM\u00daS -\u00a0 Cerca del mediod\u00eda, se produjo un fuerte accidente a la altura del KM 115 de la Autov\u00eda 2, en donde despist\u00f3 y volc\u00f3 una camioneta Peugeot Partner Patagonia. En el veh\u00edculo viajaban 4 personas, resultando dos ilesas y dos mujeres que fueron trasladadas al Hospital Municipal San Vicente\u2026","rel":"","context":"En \u00abDESTACADAS\u00bb","block_context":{"text":"DESTACADAS","link":"https:\/\/larevistadigital.com.ar\/blog\/category\/destacadas\/"},"img":{"alt_text":"","src":"https:\/\/i0.wp.com\/larevistadigital.com.ar\/blog\/wp-content\/uploads\/ACCIDENTE-RUTA-PORTADA.jpg?fit=800%2C815&ssl=1&resize=350%2C200","width":350,"height":200,"srcset":"https:\/\/i0.wp.com\/larevistadigital.com.ar\/blog\/wp-content\/uploads\/ACCIDENTE-RUTA-PORTADA.jpg?fit=800%2C815&ssl=1&resize=350%2C200 1x, https:\/\/i0.wp.com\/larevistadigital.com.ar\/blog\/wp-content\/uploads\/ACCIDENTE-RUTA-PORTADA.jpg?fit=800%2C815&ssl=1&resize=525%2C300 1.5x, https:\/\/i0.wp.com\/larevistadigital.com.ar\/blog\/wp-content\/uploads\/ACCIDENTE-RUTA-PORTADA.jpg?fit=800%2C815&ssl=1&resize=700%2C400 2x"},"classes":[]},{"id":25415,"url":"https:\/\/larevistadigital.com.ar\/blog\/dolores-fuerte-accidente-con-dos-heridos\/","url_meta":{"origin":11322,"position":2},"title":"DOLORES: FUERTE ACCIDENTE CON DOS HERIDOS","author":"Alejandro Sosa Ruda","date":"26 mayo, 2022","format":false,"excerpt":"DOLORES -\u00a0 Un accidente de importancia, se produjo ayer\u00a0en la esquina de las calles Olabarr\u00eda y Chascom\u00fas de Dolores. Por cuestiones que se trataban\u00a0de establecer\u00a0chocaron una camioneta EcoSport y un autom\u00f3vil Peugeot.\u00a0Por el fuerte impacto el auto qued\u00f3 sobre la vereda a unos metros de donde se produjo el choque.\u2026","rel":"","context":"En \u00abPOLICIALES\u00bb","block_context":{"text":"POLICIALES","link":"https:\/\/larevistadigital.com.ar\/blog\/category\/policiales\/"},"img":{"alt_text":"","src":"https:\/\/i0.wp.com\/larevistadigital.com.ar\/blog\/wp-content\/uploads\/accidente-dolores.jpg?fit=1140%2C716&ssl=1&resize=350%2C200","width":350,"height":200,"srcset":"https:\/\/i0.wp.com\/larevistadigital.com.ar\/blog\/wp-content\/uploads\/accidente-dolores.jpg?fit=1140%2C716&ssl=1&resize=350%2C200 1x, https:\/\/i0.wp.com\/larevistadigital.com.ar\/blog\/wp-content\/uploads\/accidente-dolores.jpg?fit=1140%2C716&ssl=1&resize=525%2C300 1.5x, https:\/\/i0.wp.com\/larevistadigital.com.ar\/blog\/wp-content\/uploads\/accidente-dolores.jpg?fit=1140%2C716&ssl=1&resize=700%2C400 2x, https:\/\/i0.wp.com\/larevistadigital.com.ar\/blog\/wp-content\/uploads\/accidente-dolores.jpg?fit=1140%2C716&ssl=1&resize=1050%2C600 3x"},"classes":[]},{"id":13985,"url":"https:\/\/larevistadigital.com.ar\/blog\/tres-heridos-tras-fuerte-accidente-en-la-ruta-63\/","url_meta":{"origin":11322,"position":3},"title":"TRES HERIDOS TRAS FUERTE ACCIDENTE EN LA RUTA 63","author":"Alejandro Sosa Ruda","date":"4 enero, 2020","format":false,"excerpt":"Seis autos protagonizaron un accidente de tr\u00e1nsito, ocurri\u00f3 en el kil\u00f3metro 29 de la Ruta 63, cerca de Esquina de Crotto. Debido al choque en cadena,\u00a0\u00a0tres personas debieron ser trasladadas al Hospital San Roque\u00a0de la ciudad de Dolores. El tr\u00e1nsito debi\u00f3 ser reducido y trabajaron en el lugar efectivos de\u2026","rel":"","context":"En \u00abREGIONALES\u00bb","block_context":{"text":"REGIONALES","link":"https:\/\/larevistadigital.com.ar\/blog\/category\/regionales\/"},"img":{"alt_text":"","src":"https:\/\/i0.wp.com\/larevistadigital.com.ar\/blog\/wp-content\/uploads\/f520143615082bd4a6e6194bdb9b13e3b6e62f1c.jpg?fit=1140%2C855&ssl=1&resize=350%2C200","width":350,"height":200,"srcset":"https:\/\/i0.wp.com\/larevistadigital.com.ar\/blog\/wp-content\/uploads\/f520143615082bd4a6e6194bdb9b13e3b6e62f1c.jpg?fit=1140%2C855&ssl=1&resize=350%2C200 1x, https:\/\/i0.wp.com\/larevistadigital.com.ar\/blog\/wp-content\/uploads\/f520143615082bd4a6e6194bdb9b13e3b6e62f1c.jpg?fit=1140%2C855&ssl=1&resize=525%2C300 1.5x, https:\/\/i0.wp.com\/larevistadigital.com.ar\/blog\/wp-content\/uploads\/f520143615082bd4a6e6194bdb9b13e3b6e62f1c.jpg?fit=1140%2C855&ssl=1&resize=700%2C400 2x, https:\/\/i0.wp.com\/larevistadigital.com.ar\/blog\/wp-content\/uploads\/f520143615082bd4a6e6194bdb9b13e3b6e62f1c.jpg?fit=1140%2C855&ssl=1&resize=1050%2C600 3x"},"classes":[]},{"id":14265,"url":"https:\/\/larevistadigital.com.ar\/blog\/fuerte-accidente-en-la-ruta-11-hay-cuatro-heridos\/","url_meta":{"origin":11322,"position":4},"title":"FUERTE ACCIDENTE EN LA RUTA 11, HAY CUATRO HERIDOS","author":"Alejandro Sosa Ruda","date":"19 enero, 2020","format":false,"excerpt":"El choque se produjo esta madrugada en General Lavalle Tres veh\u00edculos fueron protagonistas de un fuerte accidente en el kil\u00f3metro 286 de la Ruta 11 en jurisdicci\u00f3n de General Lavalle. Por cuestiones que se tratan de establecer chocaron un Audi, que se dirig\u00eda hacia la Costa Atl\u00e1ntica con un Peugeot\u2026","rel":"","context":"En \u00abREGIONALES\u00bb","block_context":{"text":"REGIONALES","link":"https:\/\/larevistadigital.com.ar\/blog\/category\/regionales\/"},"img":{"alt_text":"","src":"https:\/\/i0.wp.com\/larevistadigital.com.ar\/blog\/wp-content\/uploads\/6cd5ac345b13a46b367ca1bbe42871306efc1410.jpg?fit=675%2C900&ssl=1&resize=350%2C200","width":350,"height":200,"srcset":"https:\/\/i0.wp.com\/larevistadigital.com.ar\/blog\/wp-content\/uploads\/6cd5ac345b13a46b367ca1bbe42871306efc1410.jpg?fit=675%2C900&ssl=1&resize=350%2C200 1x, https:\/\/i0.wp.com\/larevistadigital.com.ar\/blog\/wp-content\/uploads\/6cd5ac345b13a46b367ca1bbe42871306efc1410.jpg?fit=675%2C900&ssl=1&resize=525%2C300 1.5x"},"classes":[]},{"id":13005,"url":"https:\/\/larevistadigital.com.ar\/blog\/choco-un-auto-estacionado-y-se-dio-a-la-fuga\/","url_meta":{"origin":11322,"position":5},"title":"CHOC\u00d3 UN AUTO ESTACIONADO Y SE DIO A LA FUGA","author":"Alejandro Sosa Ruda","date":"3 noviembre, 2019","format":false,"excerpt":"DOLORES - Un autom\u00f3vil marca Peugeot color gris, que se Hallaba estacionado en\u00a0 la calle Buenos Aires al 1150, sufri\u00f3 da\u00f1os cuando un sujeto que manejaba otro veh\u00edculo lo choc\u00f3 y se dio a la fuga. El rodado, que ser\u00eda una camioneta perdi\u00f3 el control e impact\u00f3 la parte trasera\u2026","rel":"","context":"En \u00abDOLORES\u00bb","block_context":{"text":"DOLORES","link":"https:\/\/larevistadigital.com.ar\/blog\/category\/dolores\/"},"img":{"alt_text":"","src":"https:\/\/i0.wp.com\/larevistadigital.com.ar\/blog\/wp-content\/uploads\/Screenshot_2-56.jpg?fit=858%2C513&ssl=1&resize=350%2C200","width":350,"height":200,"srcset":"https:\/\/i0.wp.com\/larevistadigital.com.ar\/blog\/wp-content\/uploads\/Screenshot_2-56.jpg?fit=858%2C513&ssl=1&resize=350%2C200 1x, https:\/\/i0.wp.com\/larevistadigital.com.ar\/blog\/wp-content\/uploads\/Screenshot_2-56.jpg?fit=858%2C513&ssl=1&resize=525%2C300 1.5x, https:\/\/i0.wp.com\/larevistadigital.com.ar\/blog\/wp-content\/uploads\/Screenshot_2-56.jpg?fit=858%2C513&ssl=1&resize=700%2C400 2x"},"classes":[]}],"_links":{"self":[{"href":"https:\/\/larevistadigital.com.ar\/blog\/wp-json\/wp\/v2\/posts\/11322","targetHints":{"allow":["GET"]}}],"collection":[{"href":"https:\/\/larevistadigital.com.ar\/blog\/wp-json\/wp\/v2\/posts"}],"about":[{"href":"https:\/\/larevistadigital.com.ar\/blog\/wp-json\/wp\/v2\/types\/post"}],"author":[{"embeddable":true,"href":"https:\/\/larevistadigital.com.ar\/blog\/wp-json\/wp\/v2\/users\/3"}],"replies":[{"embeddable":true,"href":"https:\/\/larevistadigital.com.ar\/blog\/wp-json\/wp\/v2\/comments?post=11322"}],"version-history":[{"count":1,"href":"https:\/\/larevistadigital.com.ar\/blog\/wp-json\/wp\/v2\/posts\/11322\/revisions"}],"predecessor-version":[{"id":11325,"href":"https:\/\/larevistadigital.com.ar\/blog\/wp-json\/wp\/v2\/posts\/11322\/revisions\/11325"}],"wp:featuredmedia":[{"embeddable":true,"href":"https:\/\/larevistadigital.com.ar\/blog\/wp-json\/wp\/v2\/media\/11323"}],"wp:attachment":[{"href":"https:\/\/larevistadigital.com.ar\/blog\/wp-json\/wp\/v2\/media?parent=11322"}],"wp:term":[{"taxonomy":"category","embeddable":true,"href":"https:\/\/larevistadigital.com.ar\/blog\/wp-json\/wp\/v2\/categories?post=11322"},{"taxonomy":"post_tag","embeddable":true,"href":"https:\/\/larevistadigital.com.ar\/blog\/wp-json\/wp\/v2\/tags?post=11322"}],"curies":[{"name":"wp","href":"https:\/\/api.w.org\/{rel}","templated":true}]}}