{"id":11326,"date":"2019-07-16T09:37:19","date_gmt":"2019-07-16T09:37:19","guid":{"rendered":"https:\/\/larevistadigital.com.ar\/blog\/?p=11326"},"modified":"2019-07-16T09:37:19","modified_gmt":"2019-07-16T09:37:19","slug":"detenido-se-fuga-de-un-patrullero-porque-aparentemente-se-durmieron-los-policias","status":"publish","type":"post","link":"https:\/\/larevistadigital.com.ar\/blog\/detenido-se-fuga-de-un-patrullero-porque-aparentemente-se-durmieron-los-policias\/","title":{"rendered":"DETENIDO SE FUGA  DE UN PATRULLERO PORQUE APARENTEMENTE SE DURMIERON LOS POLIC\u00cdAS"},"content":{"rendered":"<p>Una c\u00e1mara de seguridad de los Tribunales de Lomas de Zamora pudo captar c\u00f3mo un joven que estaba detenido en un patrullero escap\u00f3 esposado cuando el m\u00f3vil se detuvo.<\/p>\n<p>Por el hecho ins\u00f3lito, los dos polic\u00edas que lo custodiaban, <strong>Angel Rossi y Nicol\u00e1s Cabrera<\/strong>, quienes prestaban servicios en la comisaria de Ciudad Evita, quedaron desafectados de sus cargos.<\/p>\n<blockquote>\n<h3>La fuga tuvo lugar la madrugada del lunes en la entrada a los tribunales de Lomas, en Per\u00f3n y Larroque, de Banfield y la secuencia qued\u00f3 registrada en una c\u00e1mara de seguridad.<\/h3>\n<\/blockquote>\n<p>Fuente policiales informaron que el detenido era un joven de 18 a\u00f1os, identificado como <strong>Franco Antonio Alderete<\/strong>, que estaba detenido desde el s\u00e1bado en la comisar\u00eda de Ramos Mej\u00eda, acusado de robo agravado por el uso de arma de fuego\u00a0 y tenencia ilegal de un arma de uso civil.<\/p>\n<p>El sospechoso estaba a disposici\u00f3n de la Unidad Funcional de Instrucci\u00f3n (UFI) descentralizada 1 de La Matanza que dispuso que fuese alojado en la c\u00e1rcel de Sierra Chica, para lo cual, los polic\u00edas deb\u00edan llevarlo primero hasta los tribunales de Lomas de Zamora desde donde el personal de Traslado de Detenidos lo depositar\u00edan en ese penal.<\/p>\n<p><span class=\"embed-youtube\" style=\"text-align:center; display: block;\"><iframe loading=\"lazy\" class=\"youtube-player\" width=\"640\" height=\"360\" src=\"https:\/\/www.youtube.com\/embed\/HgHLLfQ7Zco?version=3&#038;rel=1&#038;showsearch=0&#038;showinfo=1&#038;iv_load_policy=1&#038;fs=1&#038;hl=es-ES&#038;autohide=2&#038;wmode=transparent\" allowfullscreen=\"true\" style=\"border:0;\" sandbox=\"allow-scripts allow-same-origin allow-popups allow-presentation allow-popups-to-escape-sandbox\"><\/iframe><\/span><\/p>\n<p>FUENTE DLN<\/p>\n","protected":false},"excerpt":{"rendered":"<div class=\"mh-excerpt\"><p>Una c\u00e1mara de seguridad de los Tribunales de Lomas de Zamora pudo captar c\u00f3mo un joven que estaba detenido en un patrullero escap\u00f3 esposado cuando el m\u00f3vil se detuvo. Por el hecho ins\u00f3lito, los dos <a class=\"mh-excerpt-more\" href=\"https:\/\/larevistadigital.com.ar\/blog\/detenido-se-fuga-de-un-patrullero-porque-aparentemente-se-durmieron-los-policias\/\" title=\"DETENIDO SE FUGA  DE UN PATRULLERO PORQUE APARENTEMENTE SE DURMIERON LOS POLIC\u00cdAS\">[Leer M\u00e1s]<\/a><\/p>\n<\/div>","protected":false},"author":3,"featured_media":11327,"comment_status":"open","ping_status":"open","sticky":false,"template":"","format":"standard","meta":{"_jetpack_memberships_contains_paid_content":false,"footnotes":"","jetpack_publicize_message":"","jetpack_publicize_feature_enabled":true,"jetpack_social_post_already_shared":true,"jetpack_social_options":{"image_generator_settings":{"template":"highway","default_image_id":0,"font":"","enabled":false},"version":2}},"categories":[50],"tags":[],"class_list":{"0":"post-11326","1":"post","2":"type-post","3":"status-publish","4":"format-standard","5":"has-post-thumbnail","7":"category-interes-general"},"jetpack_publicize_connections":[],"jetpack_featured_media_url":"https:\/\/i0.wp.com\/larevistadigital.com.ar\/blog\/wp-content\/uploads\/0006015301.jpg?fit=750%2C422&ssl=1","jetpack_sharing_enabled":true,"jetpack_shortlink":"https:\/\/wp.me\/p8qtrQ-2WG","jetpack-related-posts":[{"id":28744,"url":"https:\/\/larevistadigital.com.ar\/blog\/descontrol-total-insulto-a-policias-escapo-en-su-auto-y-fue-detenido-luego-de-chocar-a-un-patrullero\/","url_meta":{"origin":11326,"position":0},"title":"DESCONTROL TOTAL: INSULT\u00d3 A POLIC\u00cdAS, ESCAP\u00d3 EN SU AUTO Y FUE DETENIDO LUEGO DE CHOCAR A UN PATRULLERO","author":"Alejandro Sosa Ruda","date":"2 noviembre, 2022","format":false,"excerpt":"El hombre de 53 a\u00f1os fue atrapado en avenida Constituci\u00f3n y Ricardo Palma. Fue imputado de da\u00f1o y resistencia a la autoridad. 2 de noviembre de 2022 Un\u00a0hombre de 53 a\u00f1os\u00a0fue detenido este martes a la tarde despu\u00e9s de una intensa persecuci\u00f3n que termin\u00f3 en la avenida Constituci\u00f3n y Ricardo\u2026","rel":"","context":"En \u00abPOLICIALES\u00bb","block_context":{"text":"POLICIALES","link":"https:\/\/larevistadigital.com.ar\/blog\/category\/policiales\/"},"img":{"alt_text":"","src":"https:\/\/i0.wp.com\/larevistadigital.com.ar\/blog\/wp-content\/uploads\/Captura-de-pantalla-2022-11-02-115549.png?fit=808%2C392&ssl=1&resize=350%2C200","width":350,"height":200,"srcset":"https:\/\/i0.wp.com\/larevistadigital.com.ar\/blog\/wp-content\/uploads\/Captura-de-pantalla-2022-11-02-115549.png?fit=808%2C392&ssl=1&resize=350%2C200 1x, https:\/\/i0.wp.com\/larevistadigital.com.ar\/blog\/wp-content\/uploads\/Captura-de-pantalla-2022-11-02-115549.png?fit=808%2C392&ssl=1&resize=525%2C300 1.5x, https:\/\/i0.wp.com\/larevistadigital.com.ar\/blog\/wp-content\/uploads\/Captura-de-pantalla-2022-11-02-115549.png?fit=808%2C392&ssl=1&resize=700%2C400 2x"},"classes":[]},{"id":22203,"url":"https:\/\/larevistadigital.com.ar\/blog\/dos-patrulleros-chocaron-persiguiendo-a-un-ladron-y-4-policias-resultaron-heridos\/","url_meta":{"origin":11326,"position":1},"title":"DOS PATRULLEROS CHOCARON PERSIGUIENDO A UN LADR\u00d3N, Y 4 POLIC\u00cdAS RESULTARON HERIDOS","author":"Alejandro Sosa Ruda","date":"30 septiembre, 2021","format":false,"excerpt":"El hecho se origin\u00f3 a partir del robo de una camioneta Jos\u00e9 C. Paz. En el intento de fuga, el delincuente embisti\u00f3 a los m\u00f3viles que lo persegu\u00edan. Finalmente, el ladr\u00f3n fue detenido. Como consecuencia de los choques, cuatro polic\u00edas sufrieron heridas de diversa consideraci\u00f3n y fueron trasladados al hospital\u2026","rel":"","context":"En \u00abPOLICIALES\u00bb","block_context":{"text":"POLICIALES","link":"https:\/\/larevistadigital.com.ar\/blog\/category\/policiales\/"},"img":{"alt_text":"","src":"https:\/\/i0.wp.com\/larevistadigital.com.ar\/blog\/wp-content\/uploads\/Captura-de-pantalla-2021-09-30-203233.jpg?fit=982%2C573&ssl=1&resize=350%2C200","width":350,"height":200,"srcset":"https:\/\/i0.wp.com\/larevistadigital.com.ar\/blog\/wp-content\/uploads\/Captura-de-pantalla-2021-09-30-203233.jpg?fit=982%2C573&ssl=1&resize=350%2C200 1x, https:\/\/i0.wp.com\/larevistadigital.com.ar\/blog\/wp-content\/uploads\/Captura-de-pantalla-2021-09-30-203233.jpg?fit=982%2C573&ssl=1&resize=525%2C300 1.5x, https:\/\/i0.wp.com\/larevistadigital.com.ar\/blog\/wp-content\/uploads\/Captura-de-pantalla-2021-09-30-203233.jpg?fit=982%2C573&ssl=1&resize=700%2C400 2x"},"classes":[]},{"id":15550,"url":"https:\/\/larevistadigital.com.ar\/blog\/ataca-e-hiere-en-la-cabeza-a-su-padre-con-un-cuchillo-fue-detenido\/","url_meta":{"origin":11326,"position":2},"title":"ATACA E HIERE EN LA CABEZA A  SU PADRE CON UN CUCHILLO. FUE DETENIDO","author":"Alejandro Sosa Ruda","date":"8 junio, 2020","format":false,"excerpt":"Un joven de 24 a\u00f1os atac\u00f3 hoy con un cuchillo a su padre de 60 en Ringuelet y por el hecho fue detenido el agresor, mientras que la v\u00edctima result\u00f3 con heridas cortantes en el cuero cabelludo. El ataque sucedi\u00f3 en 133 bis y 518 cuando por razones que se\u2026","rel":"","context":"En \u00abPOLICIALES\u00bb","block_context":{"text":"POLICIALES","link":"https:\/\/larevistadigital.com.ar\/blog\/category\/policiales\/"},"img":{"alt_text":"","src":"https:\/\/i0.wp.com\/larevistadigital.com.ar\/blog\/wp-content\/uploads\/20200608135018_whatsapp_image_2020_06_08_at_13_49_48.jpeg?fit=880%2C586&ssl=1&resize=350%2C200","width":350,"height":200,"srcset":"https:\/\/i0.wp.com\/larevistadigital.com.ar\/blog\/wp-content\/uploads\/20200608135018_whatsapp_image_2020_06_08_at_13_49_48.jpeg?fit=880%2C586&ssl=1&resize=350%2C200 1x, https:\/\/i0.wp.com\/larevistadigital.com.ar\/blog\/wp-content\/uploads\/20200608135018_whatsapp_image_2020_06_08_at_13_49_48.jpeg?fit=880%2C586&ssl=1&resize=525%2C300 1.5x, https:\/\/i0.wp.com\/larevistadigital.com.ar\/blog\/wp-content\/uploads\/20200608135018_whatsapp_image_2020_06_08_at_13_49_48.jpeg?fit=880%2C586&ssl=1&resize=700%2C400 2x"},"classes":[]},{"id":45196,"url":"https:\/\/larevistadigital.com.ar\/blog\/estaba-haciendo-willy-casi-atropella-a-una-familia-y-fue-aprehendido-y-alojado-en-batan\/","url_meta":{"origin":11326,"position":3},"title":"Estaba haciendo \u00abwilly\u00bb, casi atropella a una familia, y fue aprehendido y alojado en Bat\u00e1n","author":"Alejandro Sosa Ruda","date":"18 abril, 2026","format":false,"excerpt":"El joven de 29 a\u00f1os huy\u00f3 de la polic\u00eda, subi\u00f3 a la vereda y termin\u00f3 escondi\u00e9ndose en una vivienda. Qued\u00f3 detenido en Bat\u00e1n. 18 de abril de 2026 MAR DEL PLATA -\u00a0 \u00a0Un motociclista de 29 a\u00f1os fue detenido tras protagonizar una peligrosa persecuci\u00f3n en el barrio Libertad, donde realiz\u00f3\u2026","rel":"","context":"En \u00abPOLICIALES\u00bb","block_context":{"text":"POLICIALES","link":"https:\/\/larevistadigital.com.ar\/blog\/category\/policiales\/"},"img":{"alt_text":"","src":"https:\/\/i0.wp.com\/larevistadigital.com.ar\/blog\/wp-content\/uploads\/Captura-de-pantalla-2026-04-18-210909.jpg?fit=725%2C520&ssl=1&resize=350%2C200","width":350,"height":200,"srcset":"https:\/\/i0.wp.com\/larevistadigital.com.ar\/blog\/wp-content\/uploads\/Captura-de-pantalla-2026-04-18-210909.jpg?fit=725%2C520&ssl=1&resize=350%2C200 1x, https:\/\/i0.wp.com\/larevistadigital.com.ar\/blog\/wp-content\/uploads\/Captura-de-pantalla-2026-04-18-210909.jpg?fit=725%2C520&ssl=1&resize=525%2C300 1.5x, https:\/\/i0.wp.com\/larevistadigital.com.ar\/blog\/wp-content\/uploads\/Captura-de-pantalla-2026-04-18-210909.jpg?fit=725%2C520&ssl=1&resize=700%2C400 2x"},"classes":[]},{"id":15788,"url":"https:\/\/larevistadigital.com.ar\/blog\/video-increible-sancionan-a-policias-por-jugar-a-pinchar-un-globo-con-el-patrullero\/","url_meta":{"origin":11326,"position":4},"title":"[VIDEO] INCRE\u00cdBLE. SANCIONAN A POLIC\u00cdAS POR \u00abJUGAR A PINCHAR UN GLOBO CON EL PATRULLERO\u00bb","author":"Alejandro Sosa Ruda","date":"24 junio, 2020","format":false,"excerpt":"El Ministerio de Seguridad confirm\u00f3 la sanci\u00f3n disciplinaria contra los tres uniformados que fueron filmados mientras realizaban una tarea ins\u00f3lita. Las imagenes se viralizaron r\u00e1pidamente, pero de manera confusa: algunos aseguraban\u00a0que hab\u00eda ocurrido en La Plata, otros en Lomas del Mirador. Finalmente, el Ministerio de Seguridad aclar\u00f3 que los hechos\u2026","rel":"","context":"En \u00abINTERES GENERAL\u00bb","block_context":{"text":"INTERES GENERAL","link":"https:\/\/larevistadigital.com.ar\/blog\/category\/interes-general\/"},"img":{"alt_text":"","src":"https:\/\/i0.wp.com\/larevistadigital.com.ar\/blog\/wp-content\/uploads\/unnamed-7.jpg?fit=512%2C281&ssl=1&resize=350%2C200","width":350,"height":200},"classes":[]},{"id":24345,"url":"https:\/\/larevistadigital.com.ar\/blog\/lo-traiciono-la-pasion-con-pedido-de-captura-fue-a-ver-a-estudiantes-y-termino-preso\/","url_meta":{"origin":11326,"position":5},"title":"LO TRAICION\u00d3 LA PASI\u00d3N: CON PEDIDO DE CAPTURA FUE A VER A ESTUDIANTES Y TERMIN\u00d3 PRESO","author":"Alejandro Sosa Ruda","date":"4 marzo, 2022","format":false,"excerpt":"Un joven fue detenido en el estadio Uno cuando quiso ingresar para ver el partido anoche. Ten\u00eda una captura activa por un homicidio en grado de tentativa LA PLATA -\u00a0 Un joven de 22 a\u00f1os fue detenido anoche en el acceso al estadio Uno de La Plata cuando intent\u00f3 ingresar\u2026","rel":"","context":"En \u00abINTERES GENERAL\u00bb","block_context":{"text":"INTERES GENERAL","link":"https:\/\/larevistadigital.com.ar\/blog\/category\/interes-general\/"},"img":{"alt_text":"","src":"https:\/\/i0.wp.com\/larevistadigital.com.ar\/blog\/wp-content\/uploads\/4d4e66c9fe7cddf0a21f0ac2993e27e23b154a62.jpg?fit=437%2C900&ssl=1&resize=350%2C200","width":350,"height":200},"classes":[]}],"_links":{"self":[{"href":"https:\/\/larevistadigital.com.ar\/blog\/wp-json\/wp\/v2\/posts\/11326","targetHints":{"allow":["GET"]}}],"collection":[{"href":"https:\/\/larevistadigital.com.ar\/blog\/wp-json\/wp\/v2\/posts"}],"about":[{"href":"https:\/\/larevistadigital.com.ar\/blog\/wp-json\/wp\/v2\/types\/post"}],"author":[{"embeddable":true,"href":"https:\/\/larevistadigital.com.ar\/blog\/wp-json\/wp\/v2\/users\/3"}],"replies":[{"embeddable":true,"href":"https:\/\/larevistadigital.com.ar\/blog\/wp-json\/wp\/v2\/comments?post=11326"}],"version-history":[{"count":1,"href":"https:\/\/larevistadigital.com.ar\/blog\/wp-json\/wp\/v2\/posts\/11326\/revisions"}],"predecessor-version":[{"id":11328,"href":"https:\/\/larevistadigital.com.ar\/blog\/wp-json\/wp\/v2\/posts\/11326\/revisions\/11328"}],"wp:featuredmedia":[{"embeddable":true,"href":"https:\/\/larevistadigital.com.ar\/blog\/wp-json\/wp\/v2\/media\/11327"}],"wp:attachment":[{"href":"https:\/\/larevistadigital.com.ar\/blog\/wp-json\/wp\/v2\/media?parent=11326"}],"wp:term":[{"taxonomy":"category","embeddable":true,"href":"https:\/\/larevistadigital.com.ar\/blog\/wp-json\/wp\/v2\/categories?post=11326"},{"taxonomy":"post_tag","embeddable":true,"href":"https:\/\/larevistadigital.com.ar\/blog\/wp-json\/wp\/v2\/tags?post=11326"}],"curies":[{"name":"wp","href":"https:\/\/api.w.org\/{rel}","templated":true}]}}