{"id":11331,"date":"2019-07-16T10:28:21","date_gmt":"2019-07-16T10:28:21","guid":{"rendered":"https:\/\/larevistadigital.com.ar\/blog\/?p=11331"},"modified":"2019-07-16T10:41:18","modified_gmt":"2019-07-16T10:41:18","slug":"el-gobierno-creo-el-servicio-civico-voluntario-estara-a-cargo-de-gendarmeria-y-sera-para-jovenes-de-16-a-20-anos","status":"publish","type":"post","link":"https:\/\/larevistadigital.com.ar\/blog\/el-gobierno-creo-el-servicio-civico-voluntario-estara-a-cargo-de-gendarmeria-y-sera-para-jovenes-de-16-a-20-anos\/","title":{"rendered":"EL GOBIERNO CRE\u00d3 EL SERVICIO C\u00cdVICO VOLUNTARIO. ESTAR\u00c1 A CARGO DE GENDARMER\u00cdA Y SER\u00c1 PARA J\u00d3VENES DE 16 A 20 A\u00d1OS"},"content":{"rendered":"<h2><em>El objetivo es capacitar a hombres y mujeres en \u00abvalores democr\u00e1ticos y republicanos\u00bb. El Ministerio de Seguridad anunci\u00f3 la medida en el Bolet\u00edn Oficial. \u00abApunta al horizonte de j\u00f3venes NiNi\u00bb, afirmaron fuentes oficiales<\/em><\/h2>\n<div class=\"row pb-content-type-text\">\n<div class=\"col-xs-12 col-print-12\">\n<p class=\"element element-paragraph\">A trav\u00e9s de la Resoluci\u00f3n 598\/2019, el Ministerio de Seguridad de la Naci\u00f3n cre\u00f3 el \u00ab<strong>Servicio C\u00edvico Voluntario en Valores<\/strong>\u00ab, una serie de talleres dirigidos a j\u00f3venes de 16 a 20 a\u00f1os e impartidos por Gendarmer\u00eda Nacional, cuyo objetivo principal es \u00ab<strong>brindar capacitaci\u00f3n en valores democr\u00e1ticos y republicanos<\/strong>\u00ab.<\/p>\n<\/div>\n<\/div>\n<div class=\"row pb-content-type-text\">\n<div class=\"col-xs-12 col-print-12\">\n<blockquote>\n<h3 class=\"element element-paragraph\">Desde el entorno de la ministra Patricia Bullrich afirmaron a este medio que se trata de una medida de \u00abcontenci\u00f3n, voluntaria, tiene como objetivo la orientaci\u00f3n vocacional de la gente; el objetivo es el horizonte de j\u00f3venes NiNi, en valores de responsabilidad\u00bb.<\/h3>\n<\/blockquote>\n<\/div>\n<\/div>\n<div class=\"row pb-content-type-text\">\n<div class=\"col-xs-12 col-print-12\">\n<p class=\"element element-paragraph\">En el texto de la resoluci\u00f3n, y sus anexos, se explica que los interesados podr\u00e1n anotarse de \u00abmanera voluntaria\u00bb y comenzar\u00e1 a implementarse \u00aba trav\u00e9s de experiencias piloto, que ser\u00e1n desarrolladas hasta el 31 de diciembre de 2019\u00bb en distintos establecimientos ya establecidos por Seguridad y por Gendarmer\u00eda.<\/p>\n<div class=\"row pb-content-type-text\">\n<div class=\"col-xs-12 col-print-12\">\n<p class=\"element element-paragraph\"><strong><em>\u00abEl Servicio C\u00edvico Voluntario en Valores tendr\u00e1 por objeto brindar capacitaci\u00f3n en valores democr\u00e1ticos y republicanos, fomento del compromiso personal y para con la comunidad, h\u00e1bitos responsables, est\u00edmulo a la finalizaci\u00f3n del ciclo educativo obligatorio y la promoci\u00f3n del desarrollo de habilidades para el trabajo, culturales, de oficios y deportes\u00bb<\/em><\/strong>, explic\u00f3 la resoluci\u00f3n.<\/p>\n<\/div>\n<\/div>\n<div class=\"row pb-content-type-text\">\n<div class=\"col-xs-12 col-print-12\">\n<blockquote>\n<h3 class=\"element element-paragraph\">Entre otros de los objetivos de la iniciativa, se cuenta la oferta de cursos \u00abque permitan adquirir nuevas destrezas y habilidades\u00bb, \u00abfomentar la inclusi\u00f3n, educaci\u00f3n, superaci\u00f3n y liderazgo en b\u00fasqueda de la cohesi\u00f3n social\u00bb y \u00abbrindar herramientas que permitan la futura elecci\u00f3n profesional\u00bb. Asimismo, buscar\u00e1n \u00abgenerar el sentido de responsabilidad entre los voluntarios en relaci\u00f3n con sus deberes c\u00edvicos\u00bb y \u00abfomentar el desarrollo de distintas capacidades que los fortalecer\u00e1n para la autonom\u00eda y madurez integral\u00bb.<\/h3>\n<\/blockquote>\n<\/div>\n<\/div>\n<div class=\"row pb-content-type-text\">\n<div class=\"col-xs-12 col-print-12\">\n<p class=\"element element-paragraph\">Una de las justificaciones para crear el Servicio es que\u00a0<strong><em>\u00abnace como una herramienta para\u00a0brindar oportunidades de formaci\u00f3n a los j\u00f3venes\u00a0a trav\u00e9s de los valores democr\u00e1ticos y republicanos, que suponen compromiso c\u00edvico para que conozcan sus derechos y sus responsabilidades, sus capacidades y potencialidades personales, el sentido del deber, la capacitaci\u00f3n en nuevas destrezas y habilidades, el compromiso con el bien com\u00fan y el est\u00edmulo a capacitarse continuamente, como herramientas para fortalecer su propia valoraci\u00f3n, como personas capaces de generar un impacto positivo en su comunidad\u00bb<\/em><\/strong>.<\/p>\n<div class=\"row pb-content-type-text\">\n<div class=\"col-xs-12 col-print-12\">\n<p class=\"element element-paragraph\">Entre otras disposiciones, se resolvi\u00f3 que la Gendarmer\u00eda establecer\u00e1 la duraci\u00f3n y periodicidad de cada m\u00f3dulo y que el dise\u00f1o del Servicio estar\u00e1 a cargo del Ministerio. <em><strong>\u00abSer\u00e1n utilizados la infraestructura y los recursos humanos que se consideren necesarios para el desarrollo del objeto de la presente\u00bb<\/strong><\/em>, resalt\u00f3 el texto.<\/p>\n<\/div>\n<\/div>\n<div class=\"row pb-content-type-text\">\n<div class=\"col-xs-12 col-print-12\">\n<p class=\"element element-paragraph\">En ese sentido, el Ministerio <strong><em>\u00abdeterminar\u00e1 a trav\u00e9s de sus \u00e1reas competentes la articulaci\u00f3n con profesionales, universidades y organizaciones de la sociedad civil que considere adecuados, para el acompa\u00f1amiento y monitoreo del Servicio\u00bb<\/em><\/strong>.<\/p>\n<div class=\"row pb-content-type-text\">\n<div class=\"col-xs-12 col-print-12\">\n<h3 class=\"element element-paragraph\"><strong>Los establecimientos a emplearse en el desarrollo de las experiencias piloto\u00a0son<\/strong>:<\/h3>\n<\/div>\n<\/div>\n<div class=\"row pb-content-type-text\">\n<div class=\"col-xs-12 col-print-12\">\n<p class=\"element element-paragraph\">1) Comando de Regi\u00f3n I \u00abCampo de Mayo\u00bb, Provincia de Buenos Aires.<\/p>\n<\/div>\n<\/div>\n<div class=\"row pb-content-type-text\">\n<div class=\"col-xs-12 col-print-12\">\n<p class=\"element element-paragraph\">2) Instituto de Capacitaci\u00f3n Especializada \u00abCabo Juan Adolfo Romero\u00bb,<br \/>\nCiudad de Mercedes, Provincia de Buenos Aires.<\/p>\n<\/div>\n<\/div>\n<div class=\"row pb-content-type-text\">\n<div class=\"col-xs-12 col-print-12\">\n<p class=\"element element-paragraph\">3) Escuela de Suboficiales \u00abCabo Ra\u00fal Remberto Cuello\u00bb, Ciudad de Jes\u00fas<br \/>\nMar\u00eda, Provincia de C\u00f3rdoba.<\/p>\n<\/div>\n<\/div>\n<div class=\"row pb-content-type-text\">\n<div class=\"col-xs-12 col-print-12\">\n<p class=\"element element-paragraph\">4) Agrupaci\u00f3n XVII \u00abSantiago del Estero\u00bb, Provincia de Santiago del Estero.<\/p>\n<\/div>\n<\/div>\n<div class=\"row pb-content-type-text\">\n<div class=\"col-xs-12 col-print-12\">\n<p class=\"element element-paragraph\">5) Escuadr\u00f3n N\u00b0 34 \u00abCabo Primero Marciano Ver\u00f3n\u00bb, Ciudad de San Carlos<br \/>\nde Bariloche, Provincia de R\u00edo Negro.<\/p>\n<\/div>\n<\/div>\n<div class=\"row pb-content-type-text\">\n<div class=\"col-xs-12 col-print-12\">\n<p class=\"element element-paragraph\">6) Casa de Retiro Cura Brochero, Barrio La Bastilla, Gonz\u00e1lez Cat\u00e1n,<br \/>\nProvincia de Buenos Aires<\/p>\n<p>FUENTE: INFOBAE<\/p>\n<\/div>\n<\/div>\n<\/div>\n<\/div>\n<\/div>\n<\/div>\n<\/div>\n<\/div>\n","protected":false},"excerpt":{"rendered":"<div class=\"mh-excerpt\"><p>El objetivo es capacitar a hombres y mujeres en \u00abvalores democr\u00e1ticos y republicanos\u00bb. El Ministerio de Seguridad anunci\u00f3 la medida en el Bolet\u00edn Oficial. \u00abApunta al horizonte de j\u00f3venes NiNi\u00bb, afirmaron fuentes oficiales A trav\u00e9s <a class=\"mh-excerpt-more\" href=\"https:\/\/larevistadigital.com.ar\/blog\/el-gobierno-creo-el-servicio-civico-voluntario-estara-a-cargo-de-gendarmeria-y-sera-para-jovenes-de-16-a-20-anos\/\" title=\"EL GOBIERNO CRE\u00d3 EL SERVICIO C\u00cdVICO VOLUNTARIO. ESTAR\u00c1 A CARGO DE GENDARMER\u00cdA Y SER\u00c1 PARA J\u00d3VENES DE 16 A 20 A\u00d1OS\">[Leer M\u00e1s]<\/a><\/p>\n<\/div>","protected":false},"author":3,"featured_media":11332,"comment_status":"open","ping_status":"open","sticky":false,"template":"","format":"standard","meta":{"_jetpack_memberships_contains_paid_content":false,"footnotes":"","jetpack_publicize_message":"","jetpack_publicize_feature_enabled":true,"jetpack_social_post_already_shared":true,"jetpack_social_options":{"image_generator_settings":{"template":"highway","default_image_id":0,"font":"","enabled":false},"version":2}},"categories":[41],"tags":[],"class_list":{"0":"post-11331","1":"post","2":"type-post","3":"status-publish","4":"format-standard","5":"has-post-thumbnail","7":"category-destacadas"},"jetpack_publicize_connections":[],"jetpack_featured_media_url":"https:\/\/i0.wp.com\/larevistadigital.com.ar\/blog\/wp-content\/uploads\/20190429174732_personajes-destacados-2018-patricia-bullrich.jpg?fit=887%2C554&ssl=1","jetpack_sharing_enabled":true,"jetpack_shortlink":"https:\/\/wp.me\/p8qtrQ-2WL","jetpack-related-posts":[{"id":28523,"url":"https:\/\/larevistadigital.com.ar\/blog\/charla-para-jovenes-chascomunenses-aspirantes-a-ingresar-a-la-policia-bonaerense\/","url_meta":{"origin":11331,"position":0},"title":"CHARLA PARA J\u00d3VENES CHASCOMUNENSES ASPIRANTES A INGRESAR A LA POLIC\u00cdA BONAERENSE","author":"Alejandro Sosa Ruda","date":"19 octubre, 2022","format":false,"excerpt":"La reuni\u00f3n informativa fue organizada por la Secretar\u00eda de Seguridad Ciudadana y asistieron 33 j\u00f3venes interesados en ingresar a la fuerza p\u00fablica provincial. 19 de octubre de 2022 CHASCOM\u00daS -\u00a0 La actividad forma parte del Programa de Formaci\u00f3n Municipal implementado por la Subsecretar\u00eda de Formaci\u00f3n y Desarrollo Profesional del Ministerio\u2026","rel":"","context":"En \u00abCHASCOM\u00daS\u00bb","block_context":{"text":"CHASCOM\u00daS","link":"https:\/\/larevistadigital.com.ar\/blog\/category\/chascomus\/"},"img":{"alt_text":"","src":"https:\/\/i0.wp.com\/larevistadigital.com.ar\/blog\/wp-content\/uploads\/charla-policia.jpg?fit=900%2C585&ssl=1&resize=350%2C200","width":350,"height":200,"srcset":"https:\/\/i0.wp.com\/larevistadigital.com.ar\/blog\/wp-content\/uploads\/charla-policia.jpg?fit=900%2C585&ssl=1&resize=350%2C200 1x, https:\/\/i0.wp.com\/larevistadigital.com.ar\/blog\/wp-content\/uploads\/charla-policia.jpg?fit=900%2C585&ssl=1&resize=525%2C300 1.5x, https:\/\/i0.wp.com\/larevistadigital.com.ar\/blog\/wp-content\/uploads\/charla-policia.jpg?fit=900%2C585&ssl=1&resize=700%2C400 2x"},"classes":[]},{"id":38188,"url":"https:\/\/larevistadigital.com.ar\/blog\/javier-gaston-presento-en-lalin-el-proyecto-chascomus-km0-de-la-democracia\/","url_meta":{"origin":11331,"position":1},"title":"Javier Gast\u00f3n present\u00f3 en Lal\u00edn el proyecto \u201cChascom\u00fas KM0 de la Democracia\u201d","author":"Alejandro Sosa Ruda","date":"9 diciembre, 2024","format":false,"excerpt":"En el Concejo de la ciudad gallega, brind\u00f3 detalles de la iniciativa que busca destacar el legado de Ra\u00fal Alfons\u00edn y fortalecer los valores democr\u00e1ticos. 09 de diciembre de 2024 CHASCOM\u00daS -\u00a0 \u00a0El intendente Javier Gast\u00f3n inici\u00f3 su viaje oficial a Europa con una agenda enfocada en promover los valores\u2026","rel":"","context":"En \u00abCHASCOM\u00daS\u00bb","block_context":{"text":"CHASCOM\u00daS","link":"https:\/\/larevistadigital.com.ar\/blog\/category\/chascomus\/"},"img":{"alt_text":"","src":"https:\/\/i0.wp.com\/larevistadigital.com.ar\/blog\/wp-content\/uploads\/67572cf2a6226.png?fit=668%2C445&ssl=1&resize=350%2C200","width":350,"height":200,"srcset":"https:\/\/i0.wp.com\/larevistadigital.com.ar\/blog\/wp-content\/uploads\/67572cf2a6226.png?fit=668%2C445&ssl=1&resize=350%2C200 1x, https:\/\/i0.wp.com\/larevistadigital.com.ar\/blog\/wp-content\/uploads\/67572cf2a6226.png?fit=668%2C445&ssl=1&resize=525%2C300 1.5x"},"classes":[]},{"id":28728,"url":"https:\/\/larevistadigital.com.ar\/blog\/tras-dos-anos-sin-actividad-joven-parlamentario-sesiono-en-el-concejo-deliberante\/","url_meta":{"origin":11331,"position":2},"title":"TRAS DOS A\u00d1OS SIN ACTIVIDAD, \u00abJOVEN PARLAMENTARIO\u00bb SESION\u00d3 EN EL CONCEJO DELIBERANTE","author":"Alejandro Sosa Ruda","date":"1 noviembre, 2022","format":false,"excerpt":"Con once proyectos presentados por alumnos de cinco escuelas secundarias del distrito, durante la ma\u00f1ana del martes se llev\u00f3 a cabo en el recinto del legislativo local una nueva instancia del programa que busca promover en los j\u00f3venes los valores democr\u00e1ticos, el derecho a participar en los temas comunitarios y\u2026","rel":"","context":"En \u00abCHASCOM\u00daS\u00bb","block_context":{"text":"CHASCOM\u00daS","link":"https:\/\/larevistadigital.com.ar\/blog\/category\/chascomus\/"},"img":{"alt_text":"","src":"https:\/\/i0.wp.com\/larevistadigital.com.ar\/blog\/wp-content\/uploads\/a.png?fit=700%2C494&ssl=1&resize=350%2C200","width":350,"height":200,"srcset":"https:\/\/i0.wp.com\/larevistadigital.com.ar\/blog\/wp-content\/uploads\/a.png?fit=700%2C494&ssl=1&resize=350%2C200 1x, https:\/\/i0.wp.com\/larevistadigital.com.ar\/blog\/wp-content\/uploads\/a.png?fit=700%2C494&ssl=1&resize=525%2C300 1.5x, https:\/\/i0.wp.com\/larevistadigital.com.ar\/blog\/wp-content\/uploads\/a.png?fit=700%2C494&ssl=1&resize=700%2C400 2x"},"classes":[]},{"id":37414,"url":"https:\/\/larevistadigital.com.ar\/blog\/chascomus-cierre-del-programa-lideres-con-jovenes-de-escuelas-secundarias\/","url_meta":{"origin":11331,"position":3},"title":"Chascom\u00fas: Cierre del programa \u201cL\u00edderes\u201d con j\u00f3venes de escuelas secundarias","author":"Alejandro Sosa Ruda","date":"3 octubre, 2024","format":false,"excerpt":"M\u00e1s de 500 estudiantes participaron en jornadas de reflexi\u00f3n sobre el cuidado integral organizadas por la Municipalidad. 03 de Octubre de 2024 CHASCOM\u00daS -\u00a0 Esta semana concluy\u00f3 el ciclo del programa \"L\u00edderes\", una propuesta que busca promover la reflexi\u00f3n y el di\u00e1logo entre j\u00f3venes de tercer a\u00f1o de escuelas secundarias.\u2026","rel":"","context":"En \u00abCHASCOM\u00daS\u00bb","block_context":{"text":"CHASCOM\u00daS","link":"https:\/\/larevistadigital.com.ar\/blog\/category\/chascomus\/"},"img":{"alt_text":"","src":"https:\/\/i0.wp.com\/larevistadigital.com.ar\/blog\/wp-content\/uploads\/67003aa8ac655.png?fit=668%2C445&ssl=1&resize=350%2C200","width":350,"height":200,"srcset":"https:\/\/i0.wp.com\/larevistadigital.com.ar\/blog\/wp-content\/uploads\/67003aa8ac655.png?fit=668%2C445&ssl=1&resize=350%2C200 1x, https:\/\/i0.wp.com\/larevistadigital.com.ar\/blog\/wp-content\/uploads\/67003aa8ac655.png?fit=668%2C445&ssl=1&resize=525%2C300 1.5x"},"classes":[]},{"id":40060,"url":"https:\/\/larevistadigital.com.ar\/blog\/lucio-alfonsin-siempre-es-importante-la-participacion-de-los-jovenes-y-adolescentes\/","url_meta":{"origin":11331,"position":4},"title":"Lucio Alfons\u00edn: \u201csiempre es importante la participaci\u00f3n de los j\u00f3venes y adolescentes\u201d","author":"Alejandro Sosa Ruda","date":"12 junio, 2025","format":false,"excerpt":"J\u00f3venes de Envi\u00f3n de los barrios San Cayetano y 30 de Mayo trabajan en dos proyectos para participar de una nueva edici\u00f3n del programa Futuro Memoria. 12 de Junio de 2025 CHASCOM\u00daS -\u00a0 Los j\u00f3venes del grupo Envi\u00f3n de los barrios 30 de Mayo y San Cayetano participan del concurso\u2026","rel":"","context":"En \u00abCHASCOM\u00daS\u00bb","block_context":{"text":"CHASCOM\u00daS","link":"https:\/\/larevistadigital.com.ar\/blog\/category\/chascomus\/"},"img":{"alt_text":"","src":"https:\/\/i0.wp.com\/larevistadigital.com.ar\/blog\/wp-content\/uploads\/684b164e11b20.png?fit=668%2C445&ssl=1&resize=350%2C200","width":350,"height":200,"srcset":"https:\/\/i0.wp.com\/larevistadigital.com.ar\/blog\/wp-content\/uploads\/684b164e11b20.png?fit=668%2C445&ssl=1&resize=350%2C200 1x, https:\/\/i0.wp.com\/larevistadigital.com.ar\/blog\/wp-content\/uploads\/684b164e11b20.png?fit=668%2C445&ssl=1&resize=525%2C300 1.5x"},"classes":[]},{"id":22052,"url":"https:\/\/larevistadigital.com.ar\/blog\/22052-2\/","url_meta":{"origin":11331,"position":5},"title":"ANIBAL FERN\u00c1NDEZ MANTENDR\u00c1 LAS CUATRO C\u00daPULAS DE LA POLIC\u00cdA","author":"Alejandro Sosa Ruda","date":"20 septiembre, 2021","format":false,"excerpt":"El flamante ministro de Seguridad de la Naci\u00f3n afirm\u00f3 que no quiere a la Polic\u00eda Federal en la calle. Sus definiciones pol\u00edticas An\u00edbal Fern\u00e1ndez, que reemplazar\u00e1 a\u00a0Sabina Frederic\u00a0al frente del ministerio de Seguridad a partir de este lunes, dijo que\u00a0va a sostener a las c\u00fapulas de las cuatro fuerzas federales:\u2026","rel":"","context":"En \u00abINTERES GENERAL\u00bb","block_context":{"text":"INTERES GENERAL","link":"https:\/\/larevistadigital.com.ar\/blog\/category\/interes-general\/"},"img":{"alt_text":"","src":"https:\/\/i0.wp.com\/larevistadigital.com.ar\/blog\/wp-content\/uploads\/anibal-fernandez-canibales-c5n.jpg?fit=1200%2C675&ssl=1&resize=350%2C200","width":350,"height":200,"srcset":"https:\/\/i0.wp.com\/larevistadigital.com.ar\/blog\/wp-content\/uploads\/anibal-fernandez-canibales-c5n.jpg?fit=1200%2C675&ssl=1&resize=350%2C200 1x, https:\/\/i0.wp.com\/larevistadigital.com.ar\/blog\/wp-content\/uploads\/anibal-fernandez-canibales-c5n.jpg?fit=1200%2C675&ssl=1&resize=525%2C300 1.5x, https:\/\/i0.wp.com\/larevistadigital.com.ar\/blog\/wp-content\/uploads\/anibal-fernandez-canibales-c5n.jpg?fit=1200%2C675&ssl=1&resize=700%2C400 2x, https:\/\/i0.wp.com\/larevistadigital.com.ar\/blog\/wp-content\/uploads\/anibal-fernandez-canibales-c5n.jpg?fit=1200%2C675&ssl=1&resize=1050%2C600 3x"},"classes":[]}],"_links":{"self":[{"href":"https:\/\/larevistadigital.com.ar\/blog\/wp-json\/wp\/v2\/posts\/11331","targetHints":{"allow":["GET"]}}],"collection":[{"href":"https:\/\/larevistadigital.com.ar\/blog\/wp-json\/wp\/v2\/posts"}],"about":[{"href":"https:\/\/larevistadigital.com.ar\/blog\/wp-json\/wp\/v2\/types\/post"}],"author":[{"embeddable":true,"href":"https:\/\/larevistadigital.com.ar\/blog\/wp-json\/wp\/v2\/users\/3"}],"replies":[{"embeddable":true,"href":"https:\/\/larevistadigital.com.ar\/blog\/wp-json\/wp\/v2\/comments?post=11331"}],"version-history":[{"count":3,"href":"https:\/\/larevistadigital.com.ar\/blog\/wp-json\/wp\/v2\/posts\/11331\/revisions"}],"predecessor-version":[{"id":11335,"href":"https:\/\/larevistadigital.com.ar\/blog\/wp-json\/wp\/v2\/posts\/11331\/revisions\/11335"}],"wp:featuredmedia":[{"embeddable":true,"href":"https:\/\/larevistadigital.com.ar\/blog\/wp-json\/wp\/v2\/media\/11332"}],"wp:attachment":[{"href":"https:\/\/larevistadigital.com.ar\/blog\/wp-json\/wp\/v2\/media?parent=11331"}],"wp:term":[{"taxonomy":"category","embeddable":true,"href":"https:\/\/larevistadigital.com.ar\/blog\/wp-json\/wp\/v2\/categories?post=11331"},{"taxonomy":"post_tag","embeddable":true,"href":"https:\/\/larevistadigital.com.ar\/blog\/wp-json\/wp\/v2\/tags?post=11331"}],"curies":[{"name":"wp","href":"https:\/\/api.w.org\/{rel}","templated":true}]}}