{"id":11336,"date":"2019-07-16T11:53:14","date_gmt":"2019-07-16T11:53:14","guid":{"rendered":"https:\/\/larevistadigital.com.ar\/blog\/?p=11336"},"modified":"2019-07-16T11:53:14","modified_gmt":"2019-07-16T11:53:14","slug":"eva-bricio-la-candidata-de-consenso-federal-reivindico-las-prioridades-de-la-gente","status":"publish","type":"post","link":"https:\/\/larevistadigital.com.ar\/blog\/eva-bricio-la-candidata-de-consenso-federal-reivindico-las-prioridades-de-la-gente\/","title":{"rendered":"EVA BRICIO: LA CANDIDATA DE CONSENSO FEDERAL REIVINDIC\u00d3 LAS PRIORIDADES DE LA GENTE"},"content":{"rendered":"<h2><em><strong>La precandidata a concejal reivindic\u00f3 la figura del aspirante a intendente\u2008Pedro Ignacio G\u00f3rriz. Se refiri\u00f3 a los proyectos que piensan desarrollar si llegan al gobierno municipal. Manifest\u00f3 considerarse honrada por haber sido convocada para participar de estos comicios. Resalt\u00f3 a la pol\u00edtica como herramienta de transformaci\u00f3n de la sociedad.<\/strong><\/em><\/h2>\n<p><strong>Eva Marcela Bricio<\/strong>, precandidata en segundo lugar a concejala por el Frente Consenso Federal 2020 que propicia la candidatura presidencial de\u00a0 <strong>Roberto Lavagna<\/strong>, fue entrevistada en el programa radial \u201cDos por M\u00e1s\u201d, donde se refiri\u00f3 a lo que es la campa\u00f1a electoral que propone a Ignacio G\u00f3rriz para Intendente, de cara a las elecciones primarias del 11 de agosto, en la que la lista de la que es parte deber\u00e1 dirimir mayor\u00edas con la que propone a <strong>Mar\u00eda Beatriz De Le\u00f3n<\/strong> como intendente de la ciudad.<\/p>\n<p><strong>Eva Bricio<\/strong> indic\u00f3 apunt\u00f3 que su gran anhelo es poder impulsar a la pol\u00edtica como motor para transformar la realidad de la comunidad.<br \/>\nA su vez, la precandidata a concejal se\u00f1al\u00f3 que hoy es un premio el poder participar de esta contienda; <strong><em>\u201c\u2026lo \u00fanico que me interesa es que la gente tenga la misma realidad, que todos puedan tener oportunidades y que se logre estar mejor\u2026\u201d<\/em><\/strong>.<\/p>\n<blockquote>\n<h3>Entre una de las propuestas, se\u00f1al\u00f3 que apuntan a crear guarder\u00edas en barrios con necesidades, como es el caso del San Cayetano, donde los accesos son dif\u00edciles en \u00e9pocas de lluvias y no pueden ingresar los veh\u00edculos.<\/h3>\n<\/blockquote>\n<p>En cuanto a la participaci\u00f3n de la mujer en la pol\u00edtica, se\u00f1al\u00f3 que <em><strong>\u201c\u2026es importante, porque tenemos otra visi\u00f3n de las cosas\u2026\u201d<\/strong><\/em>.<br \/>\nCuando tuvo que defender su lista, expres\u00f3 que lo que m\u00e1s le llam\u00f3 la atenci\u00f3n es que es la gente que trabaja en distintas actividades y ayuda a los vecinos.<\/p>\n<p><strong><em>\u201c\u2026Estoy de acuerdo en varias cosas que ha hecho Gast\u00f3n, pero hay prioridades, como que las calles est\u00e9n en condiciones para que ingresen los veh\u00edculos a los barrios, por ejemplo\u2026\u201d<\/em><\/strong>, consider\u00f3 <strong>Bricio<\/strong>.<\/p>\n<p>PUBLICADO POR EL FUERTE<\/p>\n","protected":false},"excerpt":{"rendered":"<div class=\"mh-excerpt\"><p>La precandidata a concejal reivindic\u00f3 la figura del aspirante a intendente\u2008Pedro Ignacio G\u00f3rriz. Se refiri\u00f3 a los proyectos que piensan desarrollar si llegan al gobierno municipal. Manifest\u00f3 considerarse honrada por haber sido convocada para participar <a class=\"mh-excerpt-more\" href=\"https:\/\/larevistadigital.com.ar\/blog\/eva-bricio-la-candidata-de-consenso-federal-reivindico-las-prioridades-de-la-gente\/\" title=\"EVA BRICIO: LA CANDIDATA DE CONSENSO FEDERAL REIVINDIC\u00d3 LAS PRIORIDADES DE LA GENTE\">[Leer M\u00e1s]<\/a><\/p>\n<\/div>","protected":false},"author":3,"featured_media":11337,"comment_status":"open","ping_status":"open","sticky":false,"template":"","format":"standard","meta":{"_jetpack_memberships_contains_paid_content":false,"footnotes":"","jetpack_publicize_message":"","jetpack_publicize_feature_enabled":true,"jetpack_social_post_already_shared":true,"jetpack_social_options":{"image_generator_settings":{"template":"highway","default_image_id":0,"font":"","enabled":false},"version":2}},"categories":[6,23],"tags":[],"class_list":{"0":"post-11336","1":"post","2":"type-post","3":"status-publish","4":"format-standard","5":"has-post-thumbnail","7":"category-chascomus","8":"category-politica-local"},"jetpack_publicize_connections":[],"jetpack_featured_media_url":"https:\/\/i0.wp.com\/larevistadigital.com.ar\/blog\/wp-content\/uploads\/bricio_15dejuliode2019_elfuerte.jpg?fit=737%2C415&ssl=1","jetpack_sharing_enabled":true,"jetpack_shortlink":"https:\/\/wp.me\/p8qtrQ-2WQ","jetpack-related-posts":[{"id":10704,"url":"https:\/\/larevistadigital.com.ar\/blog\/chascomus-la-lista-de-lavagna-a-nivel-local-encabezada-por-ignacio-gorriz\/","url_meta":{"origin":11336,"position":0},"title":"CHASCOM\u00daS: LA LISTA DE LAVAGNA A NIVEL LOCAL, ENCABEZADA POR IGNACIO G\u00d3RRIZ","author":"Alejandro Sosa Ruda","date":"22 junio, 2019","format":false,"excerpt":"En el espacio que lleva a Roberto Lavagna como candidato a Presidente de la naci\u00f3n, tambi\u00e9n armaron su lista local, a la que tuvimos acceso y a continuaci\u00f3n reproducimos. Intendente: Ignacio G\u00f3rriz CONCEJALES: 1\u00b0 Leonardo Moyano 2\u00b0 Eva Bricio 3\u00b0 Guillermo Ban\u00e9gas 4\u00b0 Sof\u00eda Otero Bertoletti 5\u00b0 Facundo Girandola 6\u00b0\u2026","rel":"","context":"En \u00abPOLITICA\u00bb","block_context":{"text":"POLITICA","link":"https:\/\/larevistadigital.com.ar\/blog\/category\/politica\/"},"img":{"alt_text":"","src":"https:\/\/i0.wp.com\/larevistadigital.com.ar\/blog\/wp-content\/uploads\/eoperonismo_27demarzode2019_elfuerte.jpg?fit=1200%2C754&ssl=1&resize=350%2C200","width":350,"height":200,"srcset":"https:\/\/i0.wp.com\/larevistadigital.com.ar\/blog\/wp-content\/uploads\/eoperonismo_27demarzode2019_elfuerte.jpg?fit=1200%2C754&ssl=1&resize=350%2C200 1x, https:\/\/i0.wp.com\/larevistadigital.com.ar\/blog\/wp-content\/uploads\/eoperonismo_27demarzode2019_elfuerte.jpg?fit=1200%2C754&ssl=1&resize=525%2C300 1.5x, https:\/\/i0.wp.com\/larevistadigital.com.ar\/blog\/wp-content\/uploads\/eoperonismo_27demarzode2019_elfuerte.jpg?fit=1200%2C754&ssl=1&resize=700%2C400 2x, https:\/\/i0.wp.com\/larevistadigital.com.ar\/blog\/wp-content\/uploads\/eoperonismo_27demarzode2019_elfuerte.jpg?fit=1200%2C754&ssl=1&resize=1050%2C600 3x"},"classes":[]},{"id":12652,"url":"https:\/\/larevistadigital.com.ar\/blog\/concenso-federal-queremos-aportar-ideas-y-controlar-al-proximo-intendente\/","url_meta":{"origin":11336,"position":1},"title":"CONCENSO FEDERAL: \u00abQUEREMOS APORTAR IDEAS Y CONTROLAR AL PR\u00d3XIMO INTENDENTE\u00bb","author":"Alejandro Sosa Ruda","date":"16 octubre, 2019","format":false,"excerpt":"Los candidatos de Consenso Federal, espacio que promueve a Roberto Lavagna como Presidente participaron de una charla\/debate con estudiantes secundarios. Desde el espacio de \"Concenso Federal\", nos hacen llegar una gacetilla de prensa que a continuaci\u00f3n reproducimos: En el marco de la elecciones generales a desarrollarse el venidero 27 de\u2026","rel":"","context":"En \u00abINTERES GENERAL\u00bb","block_context":{"text":"INTERES GENERAL","link":"https:\/\/larevistadigital.com.ar\/blog\/category\/interes-general\/"},"img":{"alt_text":"","src":"https:\/\/i0.wp.com\/larevistadigital.com.ar\/blog\/wp-content\/uploads\/gorriz_07deagostode2019_elfuerte.jpg?fit=737%2C415&ssl=1&resize=350%2C200","width":350,"height":200,"srcset":"https:\/\/i0.wp.com\/larevistadigital.com.ar\/blog\/wp-content\/uploads\/gorriz_07deagostode2019_elfuerte.jpg?fit=737%2C415&ssl=1&resize=350%2C200 1x, https:\/\/i0.wp.com\/larevistadigital.com.ar\/blog\/wp-content\/uploads\/gorriz_07deagostode2019_elfuerte.jpg?fit=737%2C415&ssl=1&resize=525%2C300 1.5x, https:\/\/i0.wp.com\/larevistadigital.com.ar\/blog\/wp-content\/uploads\/gorriz_07deagostode2019_elfuerte.jpg?fit=737%2C415&ssl=1&resize=700%2C400 2x"},"classes":[]},{"id":32331,"url":"https:\/\/larevistadigital.com.ar\/blog\/ignacio-gorriz-con-el-gobernador-kicillof\/","url_meta":{"origin":11336,"position":2},"title":"IGNACIO GORRIZ CON EL GOBERNADOR KICILLOF","author":"Alejandro Sosa Ruda","date":"10 julio, 2023","format":false,"excerpt":"El pasado mi\u00e9rcoles en la ciudad de La Plata, el precandidato a Intendente por el Frente Uni\u00f3n por la Patria en Chascom\u00fas, Ignacio Gorriz, se hizo presente en lo que fuera la reuni\u00f3n y foto oficial de campa\u00f1a electoral. 10 de julio de 2023 El gobernador y precandidato para las\u2026","rel":"","context":"En \u00abPOLITICA LOCAL\u00bb","block_context":{"text":"POLITICA LOCAL","link":"https:\/\/larevistadigital.com.ar\/blog\/category\/politica\/politica-local\/"},"img":{"alt_text":"","src":"https:\/\/i0.wp.com\/larevistadigital.com.ar\/blog\/wp-content\/uploads\/Kicilof-Gorriz.jpeg?fit=1200%2C800&ssl=1&resize=350%2C200","width":350,"height":200,"srcset":"https:\/\/i0.wp.com\/larevistadigital.com.ar\/blog\/wp-content\/uploads\/Kicilof-Gorriz.jpeg?fit=1200%2C800&ssl=1&resize=350%2C200 1x, https:\/\/i0.wp.com\/larevistadigital.com.ar\/blog\/wp-content\/uploads\/Kicilof-Gorriz.jpeg?fit=1200%2C800&ssl=1&resize=525%2C300 1.5x, https:\/\/i0.wp.com\/larevistadigital.com.ar\/blog\/wp-content\/uploads\/Kicilof-Gorriz.jpeg?fit=1200%2C800&ssl=1&resize=700%2C400 2x, https:\/\/i0.wp.com\/larevistadigital.com.ar\/blog\/wp-content\/uploads\/Kicilof-Gorriz.jpeg?fit=1200%2C800&ssl=1&resize=1050%2C600 3x"},"classes":[]},{"id":11821,"url":"https:\/\/larevistadigital.com.ar\/blog\/los-numeros-finales-en-chascomus-que-dieron-como-amplio-ganador-a-javier-gaston\/","url_meta":{"origin":11336,"position":3},"title":"LOS N\u00daMEROS FINALES EN CHASCOM\u00daS, QUE DIERON COMO AMPLIO GANADOR A JAVIER GAST\u00d3N","author":"Alejandro Sosa Ruda","date":"12 agosto, 2019","format":false,"excerpt":"El \"Chapa\" consigui\u00f3 la suma de 14.615 votos, mientras Santiago Dos Santos obtuvo 5.349, ganando la interna sobre Osvaldo Battisacchi que logr\u00f3 2421. Ignacio G\u00f3rriz con 639 sufragios super\u00f3 en la interna de Consenso Federal a Beatriz de Le\u00f3n obtuvo 442 \u2013 El Frente de Izquierda y los Trabajadores con\u2026","rel":"","context":"En \u00abINTERES GENERAL\u00bb","block_context":{"text":"INTERES GENERAL","link":"https:\/\/larevistadigital.com.ar\/blog\/category\/interes-general\/"},"img":{"alt_text":"","src":"https:\/\/i0.wp.com\/larevistadigital.com.ar\/blog\/wp-content\/uploads\/gaston_12deagostode2019_elfuerte.jpg?fit=737%2C415&ssl=1&resize=350%2C200","width":350,"height":200,"srcset":"https:\/\/i0.wp.com\/larevistadigital.com.ar\/blog\/wp-content\/uploads\/gaston_12deagostode2019_elfuerte.jpg?fit=737%2C415&ssl=1&resize=350%2C200 1x, https:\/\/i0.wp.com\/larevistadigital.com.ar\/blog\/wp-content\/uploads\/gaston_12deagostode2019_elfuerte.jpg?fit=737%2C415&ssl=1&resize=525%2C300 1.5x, https:\/\/i0.wp.com\/larevistadigital.com.ar\/blog\/wp-content\/uploads\/gaston_12deagostode2019_elfuerte.jpg?fit=737%2C415&ssl=1&resize=700%2C400 2x"},"classes":[]},{"id":12736,"url":"https:\/\/larevistadigital.com.ar\/blog\/chascomus-gorriz-confia-en-lograr-ingresar-un-concejal\/","url_meta":{"origin":11336,"position":4},"title":"CHASCOM\u00daS: GORRIZ CONF\u00cdA EN LOGRAR INGRESAR UN CONCEJAL","author":"Alejandro Sosa Ruda","date":"21 octubre, 2019","format":false,"excerpt":"El candidato a Intendente Ignacio G\u00f3rriz, fue entrevistado en el programa radial Dos por M\u00e1s, donde se refiri\u00f3 a lo que ser\u00e1n las elecciones del 27 de octubre. Rescat\u00f3 el grupo humano que se form\u00f3, y dijo que m\u00e1s all\u00e1 de lo que suceda en las urnas, seguir\u00e1n trabajando. \u201c\u2026Creemos\u2026","rel":"","context":"En \u00abCHASCOM\u00daS\u00bb","block_context":{"text":"CHASCOM\u00daS","link":"https:\/\/larevistadigital.com.ar\/blog\/category\/chascomus\/"},"img":{"alt_text":"","src":"https:\/\/i0.wp.com\/larevistadigital.com.ar\/blog\/wp-content\/uploads\/eoperonismo_27demarzode2019_elfuerte.jpg?fit=1200%2C754&ssl=1&resize=350%2C200","width":350,"height":200,"srcset":"https:\/\/i0.wp.com\/larevistadigital.com.ar\/blog\/wp-content\/uploads\/eoperonismo_27demarzode2019_elfuerte.jpg?fit=1200%2C754&ssl=1&resize=350%2C200 1x, https:\/\/i0.wp.com\/larevistadigital.com.ar\/blog\/wp-content\/uploads\/eoperonismo_27demarzode2019_elfuerte.jpg?fit=1200%2C754&ssl=1&resize=525%2C300 1.5x, https:\/\/i0.wp.com\/larevistadigital.com.ar\/blog\/wp-content\/uploads\/eoperonismo_27demarzode2019_elfuerte.jpg?fit=1200%2C754&ssl=1&resize=700%2C400 2x, https:\/\/i0.wp.com\/larevistadigital.com.ar\/blog\/wp-content\/uploads\/eoperonismo_27demarzode2019_elfuerte.jpg?fit=1200%2C754&ssl=1&resize=1050%2C600 3x"},"classes":[]},{"id":11570,"url":"https:\/\/larevistadigital.com.ar\/blog\/ignacio-gorriz-destaco-la-importancia-de-los-jubilados-municipales\/","url_meta":{"origin":11336,"position":5},"title":"IGNACIO G\u00d3RRIZ DESTAC\u00d3 LA IMPORTANCIA DE LOS JUBILADOS MUNICIPALES","author":"Alejandro Sosa Ruda","date":"28 julio, 2019","format":false,"excerpt":"Hoy tienen problemas, no es justo mirar para otro lado\u2019\u2019. Manifest\u00f3 que crear\u00e1 una direcci\u00f3n espec\u00edfica para atender y dar soluciones El pre candidato a Intendente por Consenso Federal, Lista 137 A Gente Progresista, Ignacio G\u00f3rriz, se refiri\u00f3 a los distintos problemas que padecen actualmente los agentes municipales que se\u2026","rel":"","context":"En \u00abINTERES GENERAL\u00bb","block_context":{"text":"INTERES GENERAL","link":"https:\/\/larevistadigital.com.ar\/blog\/category\/interes-general\/"},"img":{"alt_text":"","src":"https:\/\/i0.wp.com\/larevistadigital.com.ar\/blog\/wp-content\/uploads\/garriz_28dejuliode2019_elfuerte.jpg?fit=737%2C415&ssl=1&resize=350%2C200","width":350,"height":200,"srcset":"https:\/\/i0.wp.com\/larevistadigital.com.ar\/blog\/wp-content\/uploads\/garriz_28dejuliode2019_elfuerte.jpg?fit=737%2C415&ssl=1&resize=350%2C200 1x, https:\/\/i0.wp.com\/larevistadigital.com.ar\/blog\/wp-content\/uploads\/garriz_28dejuliode2019_elfuerte.jpg?fit=737%2C415&ssl=1&resize=525%2C300 1.5x, https:\/\/i0.wp.com\/larevistadigital.com.ar\/blog\/wp-content\/uploads\/garriz_28dejuliode2019_elfuerte.jpg?fit=737%2C415&ssl=1&resize=700%2C400 2x"},"classes":[]}],"_links":{"self":[{"href":"https:\/\/larevistadigital.com.ar\/blog\/wp-json\/wp\/v2\/posts\/11336","targetHints":{"allow":["GET"]}}],"collection":[{"href":"https:\/\/larevistadigital.com.ar\/blog\/wp-json\/wp\/v2\/posts"}],"about":[{"href":"https:\/\/larevistadigital.com.ar\/blog\/wp-json\/wp\/v2\/types\/post"}],"author":[{"embeddable":true,"href":"https:\/\/larevistadigital.com.ar\/blog\/wp-json\/wp\/v2\/users\/3"}],"replies":[{"embeddable":true,"href":"https:\/\/larevistadigital.com.ar\/blog\/wp-json\/wp\/v2\/comments?post=11336"}],"version-history":[{"count":1,"href":"https:\/\/larevistadigital.com.ar\/blog\/wp-json\/wp\/v2\/posts\/11336\/revisions"}],"predecessor-version":[{"id":11338,"href":"https:\/\/larevistadigital.com.ar\/blog\/wp-json\/wp\/v2\/posts\/11336\/revisions\/11338"}],"wp:featuredmedia":[{"embeddable":true,"href":"https:\/\/larevistadigital.com.ar\/blog\/wp-json\/wp\/v2\/media\/11337"}],"wp:attachment":[{"href":"https:\/\/larevistadigital.com.ar\/blog\/wp-json\/wp\/v2\/media?parent=11336"}],"wp:term":[{"taxonomy":"category","embeddable":true,"href":"https:\/\/larevistadigital.com.ar\/blog\/wp-json\/wp\/v2\/categories?post=11336"},{"taxonomy":"post_tag","embeddable":true,"href":"https:\/\/larevistadigital.com.ar\/blog\/wp-json\/wp\/v2\/tags?post=11336"}],"curies":[{"name":"wp","href":"https:\/\/api.w.org\/{rel}","templated":true}]}}