{"id":11341,"date":"2019-07-16T21:06:53","date_gmt":"2019-07-16T21:06:53","guid":{"rendered":"https:\/\/larevistadigital.com.ar\/blog\/?p=11341"},"modified":"2019-07-16T21:06:53","modified_gmt":"2019-07-16T21:06:53","slug":"chascomus-fueron-adjudicadas-las-obras-de-la-senda-peatonal-costera-y-la-pavimentacion-de-las-calles-bolivia-malvinas-argentinas-y-grito-de-dolores","status":"publish","type":"post","link":"https:\/\/larevistadigital.com.ar\/blog\/chascomus-fueron-adjudicadas-las-obras-de-la-senda-peatonal-costera-y-la-pavimentacion-de-las-calles-bolivia-malvinas-argentinas-y-grito-de-dolores\/","title":{"rendered":"CHASCOM\u00daS: FUERON ADJUDICADAS LAS OBRAS DE LA SENDA PEATONAL COSTERA Y LA PAVIMENTACI\u00d3N DE LAS CALLES BOLIVIA, MALVINAS ARGENTINAS Y GRITO DE DOLORES"},"content":{"rendered":"<p>Primeramente la Licitaci\u00f3n P\u00fablica N\u00ba 3\/2019 de \u201cPavimentaci\u00f3n de calle Bolivia, Grito de Dolores y Malvinas Argentinas\u201d fue otorgada a la firma <strong>OCSA S.A<\/strong> por un monto de<strong> $14.204.294.73.<\/strong><\/p>\n<p>Los tramos a asfaltar ser\u00e1n Bolivia entre Machado y Grito de Dolores, Grito de Dolores entre Presidente Alfons\u00edn y Garay y Malvinas Argentinas entre Castelar e Inmigrantes \u00c1rabes.<\/p>\n<p>Esta obra est\u00e1 enmarca dentro del Plan Integral de Pavimentaci\u00f3n impulsado por la Municipalidad con el objetivo de brindar una mejor accesibilidad para las familias de La Noria, Ipor\u00e1 y Las Casuarinas y reorganizar el tr\u00e1nsito en la zona.<\/p>\n<p>A su vez, la empresa local <strong>Playa Construcciones<\/strong> fue la adjudicataria de la Licitaci\u00f3n P\u00fablica N\u00ba 4\/2019 para la obra <strong>\u201cSenda peatonal costera\u201d por un total de $2.851.856.67.<\/strong><\/p>\n<p>Esta intervenci\u00f3n apunta a poner en valor nuestro espacio p\u00fablico para incentivar el uso recreativo, deportivo, la preservaci\u00f3n y recupero de la vista hacia la laguna, el acompa\u00f1amiento del entorno hacia una ciudad de pr\u00e1cticas saludables, el reordenamiento del tr\u00e1nsito e incorporaci\u00f3n de mobiliario urbano, entre otras acciones.<\/p>\n<p>Cabe destacar que en los pr\u00f3ximos d\u00edas se proceder\u00e1 a la firma de los contratos y luego iniciar\u00e1n las obras correspondientes.<\/p>\n","protected":false},"excerpt":{"rendered":"<div class=\"mh-excerpt\"><p>Primeramente la Licitaci\u00f3n P\u00fablica N\u00ba 3\/2019 de \u201cPavimentaci\u00f3n de calle Bolivia, Grito de Dolores y Malvinas Argentinas\u201d fue otorgada a la firma OCSA S.A por un monto de $14.204.294.73. Los tramos a asfaltar ser\u00e1n Bolivia <a class=\"mh-excerpt-more\" href=\"https:\/\/larevistadigital.com.ar\/blog\/chascomus-fueron-adjudicadas-las-obras-de-la-senda-peatonal-costera-y-la-pavimentacion-de-las-calles-bolivia-malvinas-argentinas-y-grito-de-dolores\/\" title=\"CHASCOM\u00daS: FUERON ADJUDICADAS LAS OBRAS DE LA SENDA PEATONAL COSTERA Y LA PAVIMENTACI\u00d3N DE LAS CALLES BOLIVIA, MALVINAS ARGENTINAS Y GRITO DE DOLORES\">[Leer M\u00e1s]<\/a><\/p>\n<\/div>","protected":false},"author":3,"featured_media":11342,"comment_status":"open","ping_status":"open","sticky":false,"template":"","format":"standard","meta":{"_jetpack_memberships_contains_paid_content":false,"footnotes":"","jetpack_publicize_message":"","jetpack_publicize_feature_enabled":true,"jetpack_social_post_already_shared":true,"jetpack_social_options":{"image_generator_settings":{"template":"highway","default_image_id":0,"font":"","enabled":false},"version":2}},"categories":[50],"tags":[],"class_list":{"0":"post-11341","1":"post","2":"type-post","3":"status-publish","4":"format-standard","5":"has-post-thumbnail","7":"category-interes-general"},"jetpack_publicize_connections":[],"jetpack_featured_media_url":"https:\/\/i0.wp.com\/larevistadigital.com.ar\/blog\/wp-content\/uploads\/67256928_2549197598434443_2248039144615837696_o.jpg?fit=1870%2C1250&ssl=1","jetpack_sharing_enabled":true,"jetpack_shortlink":"https:\/\/wp.me\/p8qtrQ-2WV","jetpack-related-posts":[{"id":10274,"url":"https:\/\/larevistadigital.com.ar\/blog\/chascomus-se-encuentra-abierta-la-licitacion-publica-para-la-pavimentacion-de-las-calles-bolivia-grito-de-dolores-y-malvinas-argentinas\/","url_meta":{"origin":11341,"position":0},"title":"CHASCOM\u00daS: SE ENCUENTRA ABIERTA LA LICITACI\u00d3N P\u00daBLICA PARA LA PAVIMENTACI\u00d3N DE LAS CALLES BOLIVIA, GRITO DE DOLORES Y MALVINAS ARGENTINAS","author":"Alejandro Sosa Ruda","date":"22 mayo, 2019","format":false,"excerpt":"En el marco del Plan integral de Pavimentaci\u00f3n impulsado por la Municipalidad, se recuerda que hasta el pr\u00f3ximo 28 de mayo se podr\u00e1 retirar el pliego de bases y condiciones para llevar adelante esta importante obra en distintos barrios de nuestra ciudad. Las calles a asfaltar ser\u00e1n Bolivia entre Machado\u2026","rel":"","context":"En \u00abPOLITICA\u00bb","block_context":{"text":"POLITICA","link":"https:\/\/larevistadigital.com.ar\/blog\/category\/politica\/"},"img":{"alt_text":"","src":"https:\/\/i0.wp.com\/larevistadigital.com.ar\/blog\/wp-content\/uploads\/2019\/05\/2019_05_21_15_29_33_5378113.jpg?fit=600%2C402&ssl=1&resize=350%2C200","width":350,"height":200,"srcset":"https:\/\/i0.wp.com\/larevistadigital.com.ar\/blog\/wp-content\/uploads\/2019\/05\/2019_05_21_15_29_33_5378113.jpg?fit=600%2C402&ssl=1&resize=350%2C200 1x, https:\/\/i0.wp.com\/larevistadigital.com.ar\/blog\/wp-content\/uploads\/2019\/05\/2019_05_21_15_29_33_5378113.jpg?fit=600%2C402&ssl=1&resize=525%2C300 1.5x"},"classes":[]},{"id":43934,"url":"https:\/\/larevistadigital.com.ar\/blog\/chascomus-corte-de-calles-durante-los-festejos-del-carnaval-infantil\/","url_meta":{"origin":11341,"position":1},"title":"Chascom\u00fas: Corte de calles durante los festejos del Carnaval Infantil","author":"Alejandro Sosa Ruda","date":"11 febrero, 2026","format":false,"excerpt":"Desde este viernes 13 hasta el lunes 16, las calles cercanas al cors\u00f3dromo de la Avenida Alfons\u00edn permanecer\u00e1n cortadas al tr\u00e1nsito a partir de las 18 y hasta que finalice la celebraci\u00f3n. 11 de febrero de 2026 CHASCOM\u00daS\u00a0 -\u00a0 \u00a0Con motivo de realizarse el desfile del carnaval infantil las calles\u2026","rel":"","context":"En \u00abCHASCOM\u00daS\u00bb","block_context":{"text":"CHASCOM\u00daS","link":"https:\/\/larevistadigital.com.ar\/blog\/category\/chascomus\/"},"img":{"alt_text":"","src":"https:\/\/i0.wp.com\/larevistadigital.com.ar\/blog\/wp-content\/uploads\/698cbc36af065.png?fit=668%2C445&ssl=1&resize=350%2C200","width":350,"height":200,"srcset":"https:\/\/i0.wp.com\/larevistadigital.com.ar\/blog\/wp-content\/uploads\/698cbc36af065.png?fit=668%2C445&ssl=1&resize=350%2C200 1x, https:\/\/i0.wp.com\/larevistadigital.com.ar\/blog\/wp-content\/uploads\/698cbc36af065.png?fit=668%2C445&ssl=1&resize=525%2C300 1.5x"},"classes":[]},{"id":10855,"url":"https:\/\/larevistadigital.com.ar\/blog\/menor-de-edad-trasladado-a-dolores\/","url_meta":{"origin":11341,"position":2},"title":"MENOR DE EDAD TRASLADADO A DOLORES","author":"Alejandro Sosa Ruda","date":"28 junio, 2019","format":false,"excerpt":"Un menor de diecis\u00e9is a\u00f1os, con frondosos antecedentes, fue trasladado al centro de contenci\u00f3n del menor de Dolores. Esto ocurri\u00f3 ayer, tras ser detenido en el marco de la investigaci\u00f3n por un robo que tuvo lugar el martes en Grito de Dolores al 400. Dispuestos por la justicia, la polic\u00eda\u2026","rel":"","context":"En \u00abPOLICIALES\u00bb","block_context":{"text":"POLICIALES","link":"https:\/\/larevistadigital.com.ar\/blog\/category\/policiales\/"},"img":{"alt_text":"","src":"https:\/\/i0.wp.com\/larevistadigital.com.ar\/blog\/wp-content\/uploads\/menor-detenido3.jpg?fit=1200%2C719&ssl=1&resize=350%2C200","width":350,"height":200,"srcset":"https:\/\/i0.wp.com\/larevistadigital.com.ar\/blog\/wp-content\/uploads\/menor-detenido3.jpg?fit=1200%2C719&ssl=1&resize=350%2C200 1x, https:\/\/i0.wp.com\/larevistadigital.com.ar\/blog\/wp-content\/uploads\/menor-detenido3.jpg?fit=1200%2C719&ssl=1&resize=525%2C300 1.5x, https:\/\/i0.wp.com\/larevistadigital.com.ar\/blog\/wp-content\/uploads\/menor-detenido3.jpg?fit=1200%2C719&ssl=1&resize=700%2C400 2x, https:\/\/i0.wp.com\/larevistadigital.com.ar\/blog\/wp-content\/uploads\/menor-detenido3.jpg?fit=1200%2C719&ssl=1&resize=1050%2C600 3x"},"classes":[]},{"id":7183,"url":"https:\/\/larevistadigital.com.ar\/blog\/chascomus-vecinos-de-calle-grito-de-dolores-dicen-que-en-cada-lluvia-se-inunda-todo\/","url_meta":{"origin":11341,"position":3},"title":"CHASCOM\u00daS: VECINOS DE CALLE GRITO DE DOLORES DICEN QUE EN CADA LLUVIA SE INUNDA TODO","author":"Alejandro Sosa Ruda","date":"14 diciembre, 2018","format":false,"excerpt":"Si bien durante el d\u00eda de ayer llovi\u00f3 bastante, y de manera ininterrumpida, algunos vecinos de calle Grito de Dolores de la ciudad de Chascom\u00fas han hecho llegar su reclamo porque sostienen que esto sucede en cada oportunidad que llueve. Las fotos que nos han enviado, son de calle\u00a0 Grito\u2026","rel":"","context":"En \u00abCHASCOM\u00daS\u00bb","block_context":{"text":"CHASCOM\u00daS","link":"https:\/\/larevistadigital.com.ar\/blog\/category\/chascomus\/"},"img":{"alt_text":"","src":"https:\/\/i0.wp.com\/larevistadigital.com.ar\/blog\/wp-content\/uploads\/2018\/12\/48360484_2145741329023069_6153115279489499136_n.jpg?fit=1200%2C900&ssl=1&resize=350%2C200","width":350,"height":200,"srcset":"https:\/\/i0.wp.com\/larevistadigital.com.ar\/blog\/wp-content\/uploads\/2018\/12\/48360484_2145741329023069_6153115279489499136_n.jpg?fit=1200%2C900&ssl=1&resize=350%2C200 1x, https:\/\/i0.wp.com\/larevistadigital.com.ar\/blog\/wp-content\/uploads\/2018\/12\/48360484_2145741329023069_6153115279489499136_n.jpg?fit=1200%2C900&ssl=1&resize=525%2C300 1.5x, https:\/\/i0.wp.com\/larevistadigital.com.ar\/blog\/wp-content\/uploads\/2018\/12\/48360484_2145741329023069_6153115279489499136_n.jpg?fit=1200%2C900&ssl=1&resize=700%2C400 2x, https:\/\/i0.wp.com\/larevistadigital.com.ar\/blog\/wp-content\/uploads\/2018\/12\/48360484_2145741329023069_6153115279489499136_n.jpg?fit=1200%2C900&ssl=1&resize=1050%2C600 3x"},"classes":[]},{"id":39684,"url":"https:\/\/larevistadigital.com.ar\/blog\/se-licitara-la-pavimentacion-de-28-cuadras-en-el-barrio-escribano\/","url_meta":{"origin":11341,"position":4},"title":"Se licitar\u00e1 la pavimentaci\u00f3n de 28 cuadras en el barrio Escribano","author":"Alejandro Sosa Ruda","date":"6 mayo, 2025","format":false,"excerpt":"La Municipalidad anunci\u00f3 el inicio del proceso licitatorio y, previamente, financiar\u00e1 una obra pluvial necesaria para dar continuidad al proyecto. 06 de Mayo de 2025 CHASCOM\u00daS -\u00a0 El intendente Javier Gast\u00f3n encabez\u00f3 una reuni\u00f3n con vecinos y vecinas del barrio Escribano, a quienes anunci\u00f3 el pr\u00f3ximo llamado a licitaci\u00f3n para\u2026","rel":"","context":"En \u00abCHASCOM\u00daS\u00bb","block_context":{"text":"CHASCOM\u00daS","link":"https:\/\/larevistadigital.com.ar\/blog\/category\/chascomus\/"},"img":{"alt_text":"","src":"https:\/\/i0.wp.com\/larevistadigital.com.ar\/blog\/wp-content\/uploads\/681a450c79f64.png?fit=668%2C445&ssl=1&resize=350%2C200","width":350,"height":200,"srcset":"https:\/\/i0.wp.com\/larevistadigital.com.ar\/blog\/wp-content\/uploads\/681a450c79f64.png?fit=668%2C445&ssl=1&resize=350%2C200 1x, https:\/\/i0.wp.com\/larevistadigital.com.ar\/blog\/wp-content\/uploads\/681a450c79f64.png?fit=668%2C445&ssl=1&resize=525%2C300 1.5x"},"classes":[]},{"id":28502,"url":"https:\/\/larevistadigital.com.ar\/blog\/inedito-mas-de-300-operativos-de-control-contra-las-carreras-de-motos-en-pilar-malvinas-argentinas-y-escobar\/","url_meta":{"origin":11341,"position":5},"title":"IN\u00c9DITO: M\u00c1S DE 300 OPERATIVOS DE CONTROL CONTRA LAS CARRERAS DE MOTOS EN PILAR, MALVINAS ARGENTINAS Y ESCOBAR","author":"Alejandro Sosa Ruda","date":"18 octubre, 2022","format":false,"excerpt":"A menos de un mes de conformar una mesa de trabajo para combatir las carreras ilegales en la provincia de Buenos Aires, el Ministerio de Transporte lanz\u00f3 un operativo sin precedentes. 18 de octubre de 2022 El\u00a0In\u00e9dito operativo de la Direcci\u00f3n provincial de Fiscalizaci\u00f3n, Control de Tr\u00e1nsito y la Seguridad\u2026","rel":"","context":"En \u00abINTERES GENERAL\u00bb","block_context":{"text":"INTERES GENERAL","link":"https:\/\/larevistadigital.com.ar\/blog\/category\/interes-general\/"},"img":{"alt_text":"","src":"https:\/\/i0.wp.com\/larevistadigital.com.ar\/blog\/wp-content\/uploads\/20221018100926_transporte-control-picadas.jpg?fit=880%2C512&ssl=1&resize=350%2C200","width":350,"height":200,"srcset":"https:\/\/i0.wp.com\/larevistadigital.com.ar\/blog\/wp-content\/uploads\/20221018100926_transporte-control-picadas.jpg?fit=880%2C512&ssl=1&resize=350%2C200 1x, https:\/\/i0.wp.com\/larevistadigital.com.ar\/blog\/wp-content\/uploads\/20221018100926_transporte-control-picadas.jpg?fit=880%2C512&ssl=1&resize=525%2C300 1.5x, https:\/\/i0.wp.com\/larevistadigital.com.ar\/blog\/wp-content\/uploads\/20221018100926_transporte-control-picadas.jpg?fit=880%2C512&ssl=1&resize=700%2C400 2x"},"classes":[]}],"_links":{"self":[{"href":"https:\/\/larevistadigital.com.ar\/blog\/wp-json\/wp\/v2\/posts\/11341","targetHints":{"allow":["GET"]}}],"collection":[{"href":"https:\/\/larevistadigital.com.ar\/blog\/wp-json\/wp\/v2\/posts"}],"about":[{"href":"https:\/\/larevistadigital.com.ar\/blog\/wp-json\/wp\/v2\/types\/post"}],"author":[{"embeddable":true,"href":"https:\/\/larevistadigital.com.ar\/blog\/wp-json\/wp\/v2\/users\/3"}],"replies":[{"embeddable":true,"href":"https:\/\/larevistadigital.com.ar\/blog\/wp-json\/wp\/v2\/comments?post=11341"}],"version-history":[{"count":1,"href":"https:\/\/larevistadigital.com.ar\/blog\/wp-json\/wp\/v2\/posts\/11341\/revisions"}],"predecessor-version":[{"id":11343,"href":"https:\/\/larevistadigital.com.ar\/blog\/wp-json\/wp\/v2\/posts\/11341\/revisions\/11343"}],"wp:featuredmedia":[{"embeddable":true,"href":"https:\/\/larevistadigital.com.ar\/blog\/wp-json\/wp\/v2\/media\/11342"}],"wp:attachment":[{"href":"https:\/\/larevistadigital.com.ar\/blog\/wp-json\/wp\/v2\/media?parent=11341"}],"wp:term":[{"taxonomy":"category","embeddable":true,"href":"https:\/\/larevistadigital.com.ar\/blog\/wp-json\/wp\/v2\/categories?post=11341"},{"taxonomy":"post_tag","embeddable":true,"href":"https:\/\/larevistadigital.com.ar\/blog\/wp-json\/wp\/v2\/tags?post=11341"}],"curies":[{"name":"wp","href":"https:\/\/api.w.org\/{rel}","templated":true}]}}