{"id":11345,"date":"2019-07-17T09:13:41","date_gmt":"2019-07-17T09:13:41","guid":{"rendered":"https:\/\/larevistadigital.com.ar\/blog\/?p=11345"},"modified":"2019-07-17T09:13:41","modified_gmt":"2019-07-17T09:13:41","slug":"lobos-un-nino-de-6-anos-perdio-la-vida-en-tragico-accidente","status":"publish","type":"post","link":"https:\/\/larevistadigital.com.ar\/blog\/lobos-un-nino-de-6-anos-perdio-la-vida-en-tragico-accidente\/","title":{"rendered":"LOBOS: UN NI\u00d1O DE 6 A\u00d1OS PERDI\u00d3 LA VIDA EN TR\u00c1GICO ACCIDENTE"},"content":{"rendered":"<p>Ayer por la tarde, un accidente\u00a0 en un establecimiento de tambo, ubicado a la vera de la Ruta Provincial 41, desencaden\u00f3 en la peor de las tragedias.<\/p>\n<blockquote>\n<h3>En el lugar, que se encuentra a dos kil\u00f3metros de la bajada de La Espada\u00f1a,\u00a0<strong>Hern\u00e1n Monzon<\/strong>, de 30 a\u00f1os, manejaba un tractor junto a su hijo de seis a\u00f1os.<\/h3>\n<\/blockquote>\n<p>Seg\u00fan trascendi\u00f3, cuando el hombre estaba alimentando a los animales, alrededor de las siete de la tarde, el peque\u00f1o se cay\u00f3 del tractor y fue pisado por el veh\u00edculo. El menor perdi\u00f3 la vida en el acto, y las causas que generaron su ca\u00edda a\u00fan se desconocen.<\/p>\n<p>FUENTE DLN<\/p>\n","protected":false},"excerpt":{"rendered":"<div class=\"mh-excerpt\"><p>Ayer por la tarde, un accidente\u00a0 en un establecimiento de tambo, ubicado a la vera de la Ruta Provincial 41, desencaden\u00f3 en la peor de las tragedias. En el lugar, que se encuentra a dos <a class=\"mh-excerpt-more\" href=\"https:\/\/larevistadigital.com.ar\/blog\/lobos-un-nino-de-6-anos-perdio-la-vida-en-tragico-accidente\/\" title=\"LOBOS: UN NI\u00d1O DE 6 A\u00d1OS PERDI\u00d3 LA VIDA EN TR\u00c1GICO ACCIDENTE\">[Leer M\u00e1s]<\/a><\/p>\n<\/div>","protected":false},"author":3,"featured_media":11346,"comment_status":"open","ping_status":"open","sticky":false,"template":"","format":"standard","meta":{"_jetpack_memberships_contains_paid_content":false,"footnotes":"","jetpack_publicize_message":"","jetpack_publicize_feature_enabled":true,"jetpack_social_post_already_shared":true,"jetpack_social_options":{"image_generator_settings":{"template":"highway","default_image_id":0,"font":"","enabled":false},"version":2}},"categories":[51],"tags":[],"class_list":{"0":"post-11345","1":"post","2":"type-post","3":"status-publish","4":"format-standard","5":"has-post-thumbnail","7":"category-regionales"},"jetpack_publicize_connections":[],"jetpack_featured_media_url":"https:\/\/i0.wp.com\/larevistadigital.com.ar\/blog\/wp-content\/uploads\/20190717_003246-1.jpg?fit=882%2C597&ssl=1","jetpack_sharing_enabled":true,"jetpack_shortlink":"https:\/\/wp.me\/p8qtrQ-2WZ","jetpack-related-posts":[{"id":22935,"url":"https:\/\/larevistadigital.com.ar\/blog\/una-familia-completa-perdio-la-vida-en-un-accidente-automovilistico\/","url_meta":{"origin":11345,"position":0},"title":"UNA FAMILIA COMPLETA PERDI\u00d3 LA VIDA EN UN ACCIDENTE AUTOMOVIL\u00cdSTICO","author":"Alejandro Sosa Ruda","date":"14 diciembre, 2021","format":false,"excerpt":"Ocurri\u00f3 en Guamin\u00ed. En el cruce de las rutas 33 y 60. Las v\u00edctimas fatales fueron identificadas como Pablo Conrado Stellato, de 34 a\u00f1os de edad; Alicia Genoveva Cedro, de 34 a\u00f1os; Jer\u00f3nimo Adriel Stellato, de 11 a\u00f1os, y Valentina Anabella Stellato, de 13 a\u00f1os. Un impactante accidente entre un\u2026","rel":"","context":"En \u00abPOLICIALES\u00bb","block_context":{"text":"POLICIALES","link":"https:\/\/larevistadigital.com.ar\/blog\/category\/policiales\/"},"img":{"alt_text":"","src":"https:\/\/i0.wp.com\/larevistadigital.com.ar\/blog\/wp-content\/uploads\/20211214180910_cho.jpg?fit=880%2C512&ssl=1&resize=350%2C200","width":350,"height":200,"srcset":"https:\/\/i0.wp.com\/larevistadigital.com.ar\/blog\/wp-content\/uploads\/20211214180910_cho.jpg?fit=880%2C512&ssl=1&resize=350%2C200 1x, https:\/\/i0.wp.com\/larevistadigital.com.ar\/blog\/wp-content\/uploads\/20211214180910_cho.jpg?fit=880%2C512&ssl=1&resize=525%2C300 1.5x, https:\/\/i0.wp.com\/larevistadigital.com.ar\/blog\/wp-content\/uploads\/20211214180910_cho.jpg?fit=880%2C512&ssl=1&resize=700%2C400 2x"},"classes":[]},{"id":34355,"url":"https:\/\/larevistadigital.com.ar\/blog\/tragico-accidente-un-joven-de-18-anos-perdio-la-vida-tras-caer-de-un-silo\/","url_meta":{"origin":11345,"position":1},"title":"TR\u00c1GICO ACCIDENTE: UN JOVEN DE 18 A\u00d1OS PERDI\u00d3 LA VIDA TRAS CAER DE UN SILO","author":"Alejandro Sosa Ruda","date":"4 noviembre, 2023","format":false,"excerpt":"El fatal suceso ocurri\u00f3 alrededor de las 8 de la ma\u00f1ana. El siniestro habr\u00eda sucedido cuando la v\u00edctima se subi\u00f3 al silo para ayudar a un vecino, perdiendo la estabilidad y cayendo. 4 de noviembre de 2023 PEDERNALES -\u00a0 Un joven de unos 18 a\u00f1os de edad perdi\u00f3 la vida\u2026","rel":"","context":"En \u00abINTERES GENERAL\u00bb","block_context":{"text":"INTERES GENERAL","link":"https:\/\/larevistadigital.com.ar\/blog\/category\/interes-general\/"},"img":{"alt_text":"","src":"https:\/\/i0.wp.com\/larevistadigital.com.ar\/blog\/wp-content\/uploads\/Movil-policia-cientifica-662x335.jpg?fit=662%2C335&ssl=1&resize=350%2C200","width":350,"height":200,"srcset":"https:\/\/i0.wp.com\/larevistadigital.com.ar\/blog\/wp-content\/uploads\/Movil-policia-cientifica-662x335.jpg?fit=662%2C335&ssl=1&resize=350%2C200 1x, https:\/\/i0.wp.com\/larevistadigital.com.ar\/blog\/wp-content\/uploads\/Movil-policia-cientifica-662x335.jpg?fit=662%2C335&ssl=1&resize=525%2C300 1.5x"},"classes":[]},{"id":41719,"url":"https:\/\/larevistadigital.com.ar\/blog\/tragedia-en-la-plata-un-joven-perdio-la-vida-tras-chocar-en-moto-contra-un-camion\/","url_meta":{"origin":11345,"position":2},"title":"Tragedia en La Plata: un joven perdi\u00f3 la vida tras chocar en moto contra un cami\u00f3n","author":"Alejandro Sosa Ruda","date":"3 octubre, 2025","format":false,"excerpt":"El accidente ocurri\u00f3 en la localidad de Etcheverry, en el cruce de la Ruta 215 y calle 238. La v\u00edctima ten\u00eda 21 a\u00f1os. En lo que va del a\u00f1o, ya murieron m\u00e1s de 60 personas en siniestros viales en la regi\u00f3n. 03 de octubre de 2025 LA PLATA -\u00a0 \u00a0Un\u2026","rel":"","context":"En \u00abPOLICIALES\u00bb","block_context":{"text":"POLICIALES","link":"https:\/\/larevistadigital.com.ar\/blog\/category\/policiales\/"},"img":{"alt_text":"","src":"https:\/\/i0.wp.com\/larevistadigital.com.ar\/blog\/wp-content\/uploads\/Captura-de-pantalla-2025-10-03-133433.jpg?fit=868%2C426&ssl=1&resize=350%2C200","width":350,"height":200,"srcset":"https:\/\/i0.wp.com\/larevistadigital.com.ar\/blog\/wp-content\/uploads\/Captura-de-pantalla-2025-10-03-133433.jpg?fit=868%2C426&ssl=1&resize=350%2C200 1x, https:\/\/i0.wp.com\/larevistadigital.com.ar\/blog\/wp-content\/uploads\/Captura-de-pantalla-2025-10-03-133433.jpg?fit=868%2C426&ssl=1&resize=525%2C300 1.5x, https:\/\/i0.wp.com\/larevistadigital.com.ar\/blog\/wp-content\/uploads\/Captura-de-pantalla-2025-10-03-133433.jpg?fit=868%2C426&ssl=1&resize=700%2C400 2x"},"classes":[]},{"id":1666,"url":"https:\/\/larevistadigital.com.ar\/blog\/tragico-accidente-se-cobro-la-vida-de-un-chascomunense\/","url_meta":{"origin":11345,"position":3},"title":"Tr\u00e1gico accidente se cobr\u00f3 la vida de un chascomunense","author":"editor","date":"27 marzo, 2017","format":false,"excerpt":"Ayer pasadas la una de la madrugada, se produjo un tr\u00e1gico accidente a la altura del kil\u00f3metro 132 de la Autov\u00eda 2, el cual le cost\u00f3 la vida a un vecino de nuestra ciudad, C\u00e9sar Alberto Guanciarrosa de 52 a\u00f1os. Cabe indicar que la v\u00edctima circulaba a bordo de un\u2026","rel":"","context":"En \u00abCHASCOM\u00daS\u00bb","block_context":{"text":"CHASCOM\u00daS","link":"https:\/\/larevistadigital.com.ar\/blog\/category\/chascomus\/"},"img":{"alt_text":"","src":"https:\/\/i0.wp.com\/larevistadigital.com.ar\/blog\/wp-content\/uploads\/2017\/03\/hospital_elfuerte_270317.jpg?fit=802%2C656&ssl=1&resize=350%2C200","width":350,"height":200,"srcset":"https:\/\/i0.wp.com\/larevistadigital.com.ar\/blog\/wp-content\/uploads\/2017\/03\/hospital_elfuerte_270317.jpg?fit=802%2C656&ssl=1&resize=350%2C200 1x, https:\/\/i0.wp.com\/larevistadigital.com.ar\/blog\/wp-content\/uploads\/2017\/03\/hospital_elfuerte_270317.jpg?fit=802%2C656&ssl=1&resize=525%2C300 1.5x, https:\/\/i0.wp.com\/larevistadigital.com.ar\/blog\/wp-content\/uploads\/2017\/03\/hospital_elfuerte_270317.jpg?fit=802%2C656&ssl=1&resize=700%2C400 2x"},"classes":[]},{"id":24038,"url":"https:\/\/larevistadigital.com.ar\/blog\/ensenada-un-operario-de-telecentro-cayo-desde-7-metros-de-altura-y-lucha-por-su-vida\/","url_meta":{"origin":11345,"position":4},"title":"ENSENADA: UN OPERARIO DE TELECENTRO CAY\u00d3 DESDE 7 METROS DE ALTURA Y LUCHA POR SU VIDA","author":"Alejandro Sosa Ruda","date":"16 febrero, 2022","format":false,"excerpt":"Ocurri\u00f3 este mi\u00e9rcoles por la ma\u00f1ana en Bolivia e Independencia. El obrero, de 23 a\u00f1os, sufri\u00f3 p\u00e9rdida de masa encef\u00e1lica y se encuentra en grave estado. LA PLATA -\u00a0 Un operario de Telecentro\u00a0de 23 a\u00f1os\u00a0se encuentra internado en grave estado tras haber sufrido un accidente laboral en la localidad de\u2026","rel":"","context":"En \u00abREGIONALES\u00bb","block_context":{"text":"REGIONALES","link":"https:\/\/larevistadigital.com.ar\/blog\/category\/regionales\/"},"img":{"alt_text":"","src":"https:\/\/i0.wp.com\/larevistadigital.com.ar\/blog\/wp-content\/uploads\/images-3.jpg?fit=900%2C446&ssl=1&resize=350%2C200","width":350,"height":200,"srcset":"https:\/\/i0.wp.com\/larevistadigital.com.ar\/blog\/wp-content\/uploads\/images-3.jpg?fit=900%2C446&ssl=1&resize=350%2C200 1x, https:\/\/i0.wp.com\/larevistadigital.com.ar\/blog\/wp-content\/uploads\/images-3.jpg?fit=900%2C446&ssl=1&resize=525%2C300 1.5x, https:\/\/i0.wp.com\/larevistadigital.com.ar\/blog\/wp-content\/uploads\/images-3.jpg?fit=900%2C446&ssl=1&resize=700%2C400 2x"},"classes":[]},{"id":32629,"url":"https:\/\/larevistadigital.com.ar\/blog\/ruta-7-muere-un-matrimonio-e-internan-a-su-hija-por-un-accidente\/","url_meta":{"origin":11345,"position":5},"title":"RUTA 7: MUERE UN MATRIMONIO E INTERNAN A SU HIJA POR UN ACCIDENTE","author":"Alejandro Sosa Ruda","date":"28 julio, 2023","format":false,"excerpt":"Ernesto Arrizabalaga, de 43 a\u00f1os, y Pamela Goestchi, de 35 a\u00f1os, viajaban junto a sus hijas de 7 y 11 a\u00f1os en el auto familiar, un Peogeot 2008. El auto impact\u00f3 contra la parte trasera de un cami\u00f3n. 27 de julio de 2023 JUNIN -\u00a0 El accidente ocurri\u00f3 este mi\u00e9rcoles\u2026","rel":"","context":"En \u00abPOLICIALES\u00bb","block_context":{"text":"POLICIALES","link":"https:\/\/larevistadigital.com.ar\/blog\/category\/policiales\/"},"img":{"alt_text":"","src":"https:\/\/i0.wp.com\/larevistadigital.com.ar\/blog\/wp-content\/uploads\/20230727163502_choque-3-1000x600-1.jpg?fit=880%2C512&ssl=1&resize=350%2C200","width":350,"height":200,"srcset":"https:\/\/i0.wp.com\/larevistadigital.com.ar\/blog\/wp-content\/uploads\/20230727163502_choque-3-1000x600-1.jpg?fit=880%2C512&ssl=1&resize=350%2C200 1x, https:\/\/i0.wp.com\/larevistadigital.com.ar\/blog\/wp-content\/uploads\/20230727163502_choque-3-1000x600-1.jpg?fit=880%2C512&ssl=1&resize=525%2C300 1.5x, https:\/\/i0.wp.com\/larevistadigital.com.ar\/blog\/wp-content\/uploads\/20230727163502_choque-3-1000x600-1.jpg?fit=880%2C512&ssl=1&resize=700%2C400 2x"},"classes":[]}],"_links":{"self":[{"href":"https:\/\/larevistadigital.com.ar\/blog\/wp-json\/wp\/v2\/posts\/11345","targetHints":{"allow":["GET"]}}],"collection":[{"href":"https:\/\/larevistadigital.com.ar\/blog\/wp-json\/wp\/v2\/posts"}],"about":[{"href":"https:\/\/larevistadigital.com.ar\/blog\/wp-json\/wp\/v2\/types\/post"}],"author":[{"embeddable":true,"href":"https:\/\/larevistadigital.com.ar\/blog\/wp-json\/wp\/v2\/users\/3"}],"replies":[{"embeddable":true,"href":"https:\/\/larevistadigital.com.ar\/blog\/wp-json\/wp\/v2\/comments?post=11345"}],"version-history":[{"count":1,"href":"https:\/\/larevistadigital.com.ar\/blog\/wp-json\/wp\/v2\/posts\/11345\/revisions"}],"predecessor-version":[{"id":11347,"href":"https:\/\/larevistadigital.com.ar\/blog\/wp-json\/wp\/v2\/posts\/11345\/revisions\/11347"}],"wp:featuredmedia":[{"embeddable":true,"href":"https:\/\/larevistadigital.com.ar\/blog\/wp-json\/wp\/v2\/media\/11346"}],"wp:attachment":[{"href":"https:\/\/larevistadigital.com.ar\/blog\/wp-json\/wp\/v2\/media?parent=11345"}],"wp:term":[{"taxonomy":"category","embeddable":true,"href":"https:\/\/larevistadigital.com.ar\/blog\/wp-json\/wp\/v2\/categories?post=11345"},{"taxonomy":"post_tag","embeddable":true,"href":"https:\/\/larevistadigital.com.ar\/blog\/wp-json\/wp\/v2\/tags?post=11345"}],"curies":[{"name":"wp","href":"https:\/\/api.w.org\/{rel}","templated":true}]}}