{"id":11348,"date":"2019-07-17T11:01:41","date_gmt":"2019-07-17T11:01:41","guid":{"rendered":"https:\/\/larevistadigital.com.ar\/blog\/?p=11348"},"modified":"2019-07-17T11:01:41","modified_gmt":"2019-07-17T11:01:41","slug":"ignacio-gorriz-en-chascomus-la-prioridad-debe-ser-generar-empleo-de-calidad-no-se-puede-motorizar-la-economia-con-kermesses","status":"publish","type":"post","link":"https:\/\/larevistadigital.com.ar\/blog\/ignacio-gorriz-en-chascomus-la-prioridad-debe-ser-generar-empleo-de-calidad-no-se-puede-motorizar-la-economia-con-kermesses\/","title":{"rendered":"IGNACIO GORRIZ: \u2018\u2019EN CHASCOM\u00daS LA PRIORIDAD DEBE SER GENERAR EMPLEO DE CALIDAD, NO SE PUEDE MOTORIZAR LA ECONOM\u00cdA CON KERMESSES.\u2019\u2019"},"content":{"rendered":"<p><strong>Ignacio G\u00f3rriz<\/strong>, candidato a Intendente por el sector de Consenso Federal, acompa\u00f1ado por el Ing.<strong> Juan Larrarte<\/strong> y dem\u00e1s integrantes de su equipo, concretaron una visita a la f\u00e1brica SEDA S.A. de la vecina ciudad de Lezama, a fines de interiorizarse sobre el proceso de fabricaci\u00f3n de alimentos balanceados para mascotas, uno de los rubros que opera la mencionada empresa.<\/p>\n<p>All\u00ed fueron recibidos por el gerente de la misma, <strong>Hugo A. Piperno<\/strong>, quien gentilmente procedi\u00f3 a guiarlos explicando las diferentes etapas en que se encar\u00f3 la matriz productiva referida.<\/p>\n<blockquote>\n<h3>SEDA S.A. comenz\u00f3 fabricando alimentos exclusivamente para otras marcas del mercado, proceso que dur\u00f3 aproximadamente 4 a\u00f1os. Luego, de manera paulatina incorporaron marcas propias para terminar, 8 a\u00f1os despu\u00e9s, dedicados \u00fanicamente a sus 4 marcas, diferenciadas en 16 presentaciones seg\u00fan las calidades.<\/h3>\n<\/blockquote>\n<p>Hoy SEDA S.A. alcanza el 4% del mercado nacional de alimentos para mascotas, trabajando al 100% de sus posibilidades de producci\u00f3n, con sus m\u00e1quinas operando las 24 horas, los 7 d\u00edas de la semana. El crecimiento de la empresa se mantiene entre el 10 y el 12% anual, llegando a fabricar hoy 180.000 kilos diarios de alimento.<\/p>\n<p>30 operarios con sueldos promedios de $70.000, m\u00e1s 4 vendedores para todo el pa\u00eds, constituyen la mano de obra ocupada, enmarcados todos en el convenio colectivo de trabajo del gremio de Aceiteros. Cabe destacar que la totalidad del personal habita en Lezama, Chascom\u00fas y zonas aleda\u00f1as.<\/p>\n<blockquote>\n<h3>El proceso de fabricaci\u00f3n se realiza \u00edntegramente en la empresa, desde la mezcla, cocci\u00f3n y saborizado de los productos, hasta su posterior envasado, quedando listos para enviar a las bocas de expendio.<\/h3>\n<\/blockquote>\n<p>Por \u00faltimo, <strong>G\u00f3rriz<\/strong> se interioriz\u00f3 acerca de la inversi\u00f3n requerida, calcul\u00e1ndose en menos de U$S 800.000 el costo completo de la maquinaria, de fabricaci\u00f3n absolutamente nacional.<\/p>\n<p><em><strong>\u2018\u2019Por eso hablamos de prioridades, no es chicana barata. Chascom\u00fas ha perdido en los \u00faltimos 4 a\u00f1os alrededor de 300 puestos de trabajo industriales. Es imposible de mensurar el da\u00f1o que se le hace a la econom\u00eda de una ciudad chica una p\u00e9rdida de este nivel. Y no vemos que la actual gesti\u00f3n tenga propuestas en ese sentido. Es imprescindible crear las condiciones para generar empleo genuino en Chascom\u00fas, es casi imperativo\u2019\u2019<\/strong><\/em>, expres\u00f3 el actual candidato a Intendente por el sector Consenso Federal.<\/p>\n<p>&nbsp;<\/p>\n","protected":false},"excerpt":{"rendered":"<div class=\"mh-excerpt\"><p>Ignacio G\u00f3rriz, candidato a Intendente por el sector de Consenso Federal, acompa\u00f1ado por el Ing. Juan Larrarte y dem\u00e1s integrantes de su equipo, concretaron una visita a la f\u00e1brica SEDA S.A. de la vecina ciudad <a class=\"mh-excerpt-more\" href=\"https:\/\/larevistadigital.com.ar\/blog\/ignacio-gorriz-en-chascomus-la-prioridad-debe-ser-generar-empleo-de-calidad-no-se-puede-motorizar-la-economia-con-kermesses\/\" title=\"IGNACIO GORRIZ: \u2018\u2019EN CHASCOM\u00daS LA PRIORIDAD DEBE SER GENERAR EMPLEO DE CALIDAD, NO SE PUEDE MOTORIZAR LA ECONOM\u00cdA CON KERMESSES.\u2019\u2019\">[Leer M\u00e1s]<\/a><\/p>\n<\/div>","protected":false},"author":3,"featured_media":11349,"comment_status":"open","ping_status":"open","sticky":false,"template":"","format":"standard","meta":{"_jetpack_memberships_contains_paid_content":false,"footnotes":"","jetpack_publicize_message":"","jetpack_publicize_feature_enabled":true,"jetpack_social_post_already_shared":true,"jetpack_social_options":{"image_generator_settings":{"template":"highway","default_image_id":0,"font":"","enabled":false},"version":2}},"categories":[50,12],"tags":[],"class_list":{"0":"post-11348","1":"post","2":"type-post","3":"status-publish","4":"format-standard","5":"has-post-thumbnail","7":"category-interes-general","8":"category-politica"},"jetpack_publicize_connections":[],"jetpack_featured_media_url":"https:\/\/i0.wp.com\/larevistadigital.com.ar\/blog\/wp-content\/uploads\/SEDA-1.jpg?fit=720%2C1262&ssl=1","jetpack_sharing_enabled":true,"jetpack_shortlink":"https:\/\/wp.me\/p8qtrQ-2X2","jetpack-related-posts":[{"id":10704,"url":"https:\/\/larevistadigital.com.ar\/blog\/chascomus-la-lista-de-lavagna-a-nivel-local-encabezada-por-ignacio-gorriz\/","url_meta":{"origin":11348,"position":0},"title":"CHASCOM\u00daS: LA LISTA DE LAVAGNA A NIVEL LOCAL, ENCABEZADA POR IGNACIO G\u00d3RRIZ","author":"Alejandro Sosa Ruda","date":"22 junio, 2019","format":false,"excerpt":"En el espacio que lleva a Roberto Lavagna como candidato a Presidente de la naci\u00f3n, tambi\u00e9n armaron su lista local, a la que tuvimos acceso y a continuaci\u00f3n reproducimos. Intendente: Ignacio G\u00f3rriz CONCEJALES: 1\u00b0 Leonardo Moyano 2\u00b0 Eva Bricio 3\u00b0 Guillermo Ban\u00e9gas 4\u00b0 Sof\u00eda Otero Bertoletti 5\u00b0 Facundo Girandola 6\u00b0\u2026","rel":"","context":"En \u00abPOLITICA\u00bb","block_context":{"text":"POLITICA","link":"https:\/\/larevistadigital.com.ar\/blog\/category\/politica\/"},"img":{"alt_text":"","src":"https:\/\/i0.wp.com\/larevistadigital.com.ar\/blog\/wp-content\/uploads\/eoperonismo_27demarzode2019_elfuerte.jpg?fit=1200%2C754&ssl=1&resize=350%2C200","width":350,"height":200,"srcset":"https:\/\/i0.wp.com\/larevistadigital.com.ar\/blog\/wp-content\/uploads\/eoperonismo_27demarzode2019_elfuerte.jpg?fit=1200%2C754&ssl=1&resize=350%2C200 1x, https:\/\/i0.wp.com\/larevistadigital.com.ar\/blog\/wp-content\/uploads\/eoperonismo_27demarzode2019_elfuerte.jpg?fit=1200%2C754&ssl=1&resize=525%2C300 1.5x, https:\/\/i0.wp.com\/larevistadigital.com.ar\/blog\/wp-content\/uploads\/eoperonismo_27demarzode2019_elfuerte.jpg?fit=1200%2C754&ssl=1&resize=700%2C400 2x, https:\/\/i0.wp.com\/larevistadigital.com.ar\/blog\/wp-content\/uploads\/eoperonismo_27demarzode2019_elfuerte.jpg?fit=1200%2C754&ssl=1&resize=1050%2C600 3x"},"classes":[]},{"id":32331,"url":"https:\/\/larevistadigital.com.ar\/blog\/ignacio-gorriz-con-el-gobernador-kicillof\/","url_meta":{"origin":11348,"position":1},"title":"IGNACIO GORRIZ CON EL GOBERNADOR KICILLOF","author":"Alejandro Sosa Ruda","date":"10 julio, 2023","format":false,"excerpt":"El pasado mi\u00e9rcoles en la ciudad de La Plata, el precandidato a Intendente por el Frente Uni\u00f3n por la Patria en Chascom\u00fas, Ignacio Gorriz, se hizo presente en lo que fuera la reuni\u00f3n y foto oficial de campa\u00f1a electoral. 10 de julio de 2023 El gobernador y precandidato para las\u2026","rel":"","context":"En \u00abPOLITICA LOCAL\u00bb","block_context":{"text":"POLITICA LOCAL","link":"https:\/\/larevistadigital.com.ar\/blog\/category\/politica\/politica-local\/"},"img":{"alt_text":"","src":"https:\/\/i0.wp.com\/larevistadigital.com.ar\/blog\/wp-content\/uploads\/Kicilof-Gorriz.jpeg?fit=1200%2C800&ssl=1&resize=350%2C200","width":350,"height":200,"srcset":"https:\/\/i0.wp.com\/larevistadigital.com.ar\/blog\/wp-content\/uploads\/Kicilof-Gorriz.jpeg?fit=1200%2C800&ssl=1&resize=350%2C200 1x, https:\/\/i0.wp.com\/larevistadigital.com.ar\/blog\/wp-content\/uploads\/Kicilof-Gorriz.jpeg?fit=1200%2C800&ssl=1&resize=525%2C300 1.5x, https:\/\/i0.wp.com\/larevistadigital.com.ar\/blog\/wp-content\/uploads\/Kicilof-Gorriz.jpeg?fit=1200%2C800&ssl=1&resize=700%2C400 2x, https:\/\/i0.wp.com\/larevistadigital.com.ar\/blog\/wp-content\/uploads\/Kicilof-Gorriz.jpeg?fit=1200%2C800&ssl=1&resize=1050%2C600 3x"},"classes":[]},{"id":11570,"url":"https:\/\/larevistadigital.com.ar\/blog\/ignacio-gorriz-destaco-la-importancia-de-los-jubilados-municipales\/","url_meta":{"origin":11348,"position":2},"title":"IGNACIO G\u00d3RRIZ DESTAC\u00d3 LA IMPORTANCIA DE LOS JUBILADOS MUNICIPALES","author":"Alejandro Sosa Ruda","date":"28 julio, 2019","format":false,"excerpt":"Hoy tienen problemas, no es justo mirar para otro lado\u2019\u2019. Manifest\u00f3 que crear\u00e1 una direcci\u00f3n espec\u00edfica para atender y dar soluciones El pre candidato a Intendente por Consenso Federal, Lista 137 A Gente Progresista, Ignacio G\u00f3rriz, se refiri\u00f3 a los distintos problemas que padecen actualmente los agentes municipales que se\u2026","rel":"","context":"En \u00abINTERES GENERAL\u00bb","block_context":{"text":"INTERES GENERAL","link":"https:\/\/larevistadigital.com.ar\/blog\/category\/interes-general\/"},"img":{"alt_text":"","src":"https:\/\/i0.wp.com\/larevistadigital.com.ar\/blog\/wp-content\/uploads\/garriz_28dejuliode2019_elfuerte.jpg?fit=737%2C415&ssl=1&resize=350%2C200","width":350,"height":200,"srcset":"https:\/\/i0.wp.com\/larevistadigital.com.ar\/blog\/wp-content\/uploads\/garriz_28dejuliode2019_elfuerte.jpg?fit=737%2C415&ssl=1&resize=350%2C200 1x, https:\/\/i0.wp.com\/larevistadigital.com.ar\/blog\/wp-content\/uploads\/garriz_28dejuliode2019_elfuerte.jpg?fit=737%2C415&ssl=1&resize=525%2C300 1.5x, https:\/\/i0.wp.com\/larevistadigital.com.ar\/blog\/wp-content\/uploads\/garriz_28dejuliode2019_elfuerte.jpg?fit=737%2C415&ssl=1&resize=700%2C400 2x"},"classes":[]},{"id":10846,"url":"https:\/\/larevistadigital.com.ar\/blog\/ignacio-gorriz-prometio-una-campana-limpia\/","url_meta":{"origin":11348,"position":3},"title":"IGNACIO GORRIZ PROMETI\u00d3 UNA CAMPA\u00d1A LIMPIA","author":"Alejandro Sosa Ruda","date":"28 junio, 2019","format":false,"excerpt":"Ignacio G\u00f3rriz, pre candidato a Intendente por el sector que promueve la f\u00f3rmula Roberto Lavagna-Juan Manuel Urtubey, expres\u00f3: \u201charemos una UNA CAMPA\u00d1A LIMPIA, expresando ideas, sugiriendo propuestas, exenta de cr\u00edticas malintencionadas y sin ataques personales.\u00a0 Adem\u00e1s, la decisi\u00f3n de todo el grupo que encabezo es irrevocable en el sentido de\u2026","rel":"","context":"En \u00abPOLITICA\u00bb","block_context":{"text":"POLITICA","link":"https:\/\/larevistadigital.com.ar\/blog\/category\/politica\/"},"img":{"alt_text":"","src":"https:\/\/i0.wp.com\/larevistadigital.com.ar\/blog\/wp-content\/uploads\/gorriz_28dejuniode2019_elfuerte.jpg?fit=737%2C415&ssl=1&resize=350%2C200","width":350,"height":200,"srcset":"https:\/\/i0.wp.com\/larevistadigital.com.ar\/blog\/wp-content\/uploads\/gorriz_28dejuniode2019_elfuerte.jpg?fit=737%2C415&ssl=1&resize=350%2C200 1x, https:\/\/i0.wp.com\/larevistadigital.com.ar\/blog\/wp-content\/uploads\/gorriz_28dejuniode2019_elfuerte.jpg?fit=737%2C415&ssl=1&resize=525%2C300 1.5x, https:\/\/i0.wp.com\/larevistadigital.com.ar\/blog\/wp-content\/uploads\/gorriz_28dejuniode2019_elfuerte.jpg?fit=737%2C415&ssl=1&resize=700%2C400 2x"},"classes":[]},{"id":12736,"url":"https:\/\/larevistadigital.com.ar\/blog\/chascomus-gorriz-confia-en-lograr-ingresar-un-concejal\/","url_meta":{"origin":11348,"position":4},"title":"CHASCOM\u00daS: GORRIZ CONF\u00cdA EN LOGRAR INGRESAR UN CONCEJAL","author":"Alejandro Sosa Ruda","date":"21 octubre, 2019","format":false,"excerpt":"El candidato a Intendente Ignacio G\u00f3rriz, fue entrevistado en el programa radial Dos por M\u00e1s, donde se refiri\u00f3 a lo que ser\u00e1n las elecciones del 27 de octubre. Rescat\u00f3 el grupo humano que se form\u00f3, y dijo que m\u00e1s all\u00e1 de lo que suceda en las urnas, seguir\u00e1n trabajando. \u201c\u2026Creemos\u2026","rel":"","context":"En \u00abCHASCOM\u00daS\u00bb","block_context":{"text":"CHASCOM\u00daS","link":"https:\/\/larevistadigital.com.ar\/blog\/category\/chascomus\/"},"img":{"alt_text":"","src":"https:\/\/i0.wp.com\/larevistadigital.com.ar\/blog\/wp-content\/uploads\/eoperonismo_27demarzode2019_elfuerte.jpg?fit=1200%2C754&ssl=1&resize=350%2C200","width":350,"height":200,"srcset":"https:\/\/i0.wp.com\/larevistadigital.com.ar\/blog\/wp-content\/uploads\/eoperonismo_27demarzode2019_elfuerte.jpg?fit=1200%2C754&ssl=1&resize=350%2C200 1x, https:\/\/i0.wp.com\/larevistadigital.com.ar\/blog\/wp-content\/uploads\/eoperonismo_27demarzode2019_elfuerte.jpg?fit=1200%2C754&ssl=1&resize=525%2C300 1.5x, https:\/\/i0.wp.com\/larevistadigital.com.ar\/blog\/wp-content\/uploads\/eoperonismo_27demarzode2019_elfuerte.jpg?fit=1200%2C754&ssl=1&resize=700%2C400 2x, https:\/\/i0.wp.com\/larevistadigital.com.ar\/blog\/wp-content\/uploads\/eoperonismo_27demarzode2019_elfuerte.jpg?fit=1200%2C754&ssl=1&resize=1050%2C600 3x"},"classes":[]},{"id":11478,"url":"https:\/\/larevistadigital.com.ar\/blog\/ignacio-gorriz-con-los-martilleros-hay-que-generar-lotes-con-servicios\/","url_meta":{"origin":11348,"position":5},"title":"IGNACIO GORRIZ CON LOS MARTILLEROS: \u00abHAY QUE GENERAR LOTES CON SERVICIOS\u00bb","author":"Alejandro Sosa Ruda","date":"24 julio, 2019","format":false,"excerpt":"Ignacio G\u00f3rriz, candidato a Intendente por Consenso Federal, indic\u00f3 que usar\u00e1 todos los mecanismos legales disponibles para que quienes no tienen vivienda puedan acceder al menos a un lote con servicios. En el marco de la campa\u00f1a electoral de cara a las pr\u00f3ximas elecciones PASO, el candidato a intendente por\u2026","rel":"","context":"En \u00abINTERES GENERAL\u00bb","block_context":{"text":"INTERES GENERAL","link":"https:\/\/larevistadigital.com.ar\/blog\/category\/interes-general\/"},"img":{"alt_text":"","src":"https:\/\/i0.wp.com\/larevistadigital.com.ar\/blog\/wp-content\/uploads\/Screenshot_2-25.jpg?fit=777%2C479&ssl=1&resize=350%2C200","width":350,"height":200,"srcset":"https:\/\/i0.wp.com\/larevistadigital.com.ar\/blog\/wp-content\/uploads\/Screenshot_2-25.jpg?fit=777%2C479&ssl=1&resize=350%2C200 1x, https:\/\/i0.wp.com\/larevistadigital.com.ar\/blog\/wp-content\/uploads\/Screenshot_2-25.jpg?fit=777%2C479&ssl=1&resize=525%2C300 1.5x, https:\/\/i0.wp.com\/larevistadigital.com.ar\/blog\/wp-content\/uploads\/Screenshot_2-25.jpg?fit=777%2C479&ssl=1&resize=700%2C400 2x"},"classes":[]}],"_links":{"self":[{"href":"https:\/\/larevistadigital.com.ar\/blog\/wp-json\/wp\/v2\/posts\/11348","targetHints":{"allow":["GET"]}}],"collection":[{"href":"https:\/\/larevistadigital.com.ar\/blog\/wp-json\/wp\/v2\/posts"}],"about":[{"href":"https:\/\/larevistadigital.com.ar\/blog\/wp-json\/wp\/v2\/types\/post"}],"author":[{"embeddable":true,"href":"https:\/\/larevistadigital.com.ar\/blog\/wp-json\/wp\/v2\/users\/3"}],"replies":[{"embeddable":true,"href":"https:\/\/larevistadigital.com.ar\/blog\/wp-json\/wp\/v2\/comments?post=11348"}],"version-history":[{"count":1,"href":"https:\/\/larevistadigital.com.ar\/blog\/wp-json\/wp\/v2\/posts\/11348\/revisions"}],"predecessor-version":[{"id":11350,"href":"https:\/\/larevistadigital.com.ar\/blog\/wp-json\/wp\/v2\/posts\/11348\/revisions\/11350"}],"wp:featuredmedia":[{"embeddable":true,"href":"https:\/\/larevistadigital.com.ar\/blog\/wp-json\/wp\/v2\/media\/11349"}],"wp:attachment":[{"href":"https:\/\/larevistadigital.com.ar\/blog\/wp-json\/wp\/v2\/media?parent=11348"}],"wp:term":[{"taxonomy":"category","embeddable":true,"href":"https:\/\/larevistadigital.com.ar\/blog\/wp-json\/wp\/v2\/categories?post=11348"},{"taxonomy":"post_tag","embeddable":true,"href":"https:\/\/larevistadigital.com.ar\/blog\/wp-json\/wp\/v2\/tags?post=11348"}],"curies":[{"name":"wp","href":"https:\/\/api.w.org\/{rel}","templated":true}]}}