{"id":11351,"date":"2019-07-17T14:12:26","date_gmt":"2019-07-17T14:12:26","guid":{"rendered":"https:\/\/larevistadigital.com.ar\/blog\/?p=11351"},"modified":"2019-07-17T14:12:26","modified_gmt":"2019-07-17T14:12:26","slug":"se-presento-proyecto-para-crear-un-fondo-de-apoyo-a-sociedades-de-fomento-y-asociaciones-vecinales","status":"publish","type":"post","link":"https:\/\/larevistadigital.com.ar\/blog\/se-presento-proyecto-para-crear-un-fondo-de-apoyo-a-sociedades-de-fomento-y-asociaciones-vecinales\/","title":{"rendered":"SE PRESENT\u00d3 PROYECTO PARA CREAR UN FONDO DE APOYO A SOCIEDADES DE FOMENTO Y ASOCIACIONES VECINALES"},"content":{"rendered":"<p class=\"yiv9186421822MsoNormal\">La ordenanza, impulsada por la concejal de Unidad Ciudadana-PJ, <strong>Ana Francese<\/strong>, \u00a0propone crear en el distrito de Chascom\u00fas, el \u201cFondo de apoyo a las Sociedades de Fomento y Asociaciones Vecinales\u201d con el objetivo de afianzar el desarrollo de las mismas, y poner en valor la tarea comunitaria, deportiva, cultural y social que desarrollan.<\/p>\n<p class=\"yiv9186421822MsoNormal\">En relaci\u00f3n a esta iniciativa, la edil expres\u00f3 que la propuesta surge a partir de reconocer y valorar el enorme esfuerzo que realizan las organizaciones de vecinos para mejorar las condiciones de vida de sus barrios, generando acciones solidarias, recreativas, culturales, conteniendo la crisis social de estos tiempos y haciendo lo imposible para aportar en el desarrollo de nuestros ni\u00f1os, ni\u00f1as, j\u00f3venes y comunidad en general. Tambi\u00e9n, articulando con el municipio y reclamando \u00a0ante las diferentes necesidades y la falta de servicios. Esta tarea tan importante se ha visto muy afectada en los \u00faltimos a\u00f1os, porque las instituciones han debido afrontar tarifazos, aumento de todos los servicios y gastos fijos, lo que ha generado complicaciones para su sostenimiento.<\/p>\n<blockquote>\n<h3 class=\"yiv9186421822MsoNormal\">El proyecto, que actualmente se encuentra en las comisiones de Reglamento y Presupuesto del H.C.D., declara a las Sociedades de Fomento y Asociaciones Vecinales \u201cde inter\u00e9s p\u00fablico y acreedoras de apoyo econ\u00f3mico Municipal\u201d y \u00a0fija una subvenci\u00f3n mensual de 40 m\u00f3dulos, equivalente en la actualidad a $ 5300 pesos aproximadamente, destinado a gastos corrientes.<\/h3>\n<\/blockquote>\n<p class=\"yiv9186421822MsoNormal\">En otro punto de la norma se prevee adem\u00e1s, que un porcentaje del Fondo se destine a ayudar a la concreci\u00f3n de proyectos para la construcci\u00f3n y mejoramiento de la infraestructura en las sedes vecinales existentes o por existir.<\/p>\n<p class=\"yiv9186421822MsoNormal\">Para finalizar, la concejala manifest\u00f3 que \u201capoyar y propiciar el desarrollo de las organizaciones de la comunidad, es fundamental si pretendemos construir una sociedad m\u00e1s participativa, m\u00e1s justa y democr\u00e1tica. Esta propuesta tiene un sentido pol\u00edtico muy profundo, porque es una manera de entender que todos y todas tenemos mucho para aportar en el desarrollo de nuestra \u00a0localidad. Valorar, escuchar y apoyar a las Sociedades de Fomento y Asociaciones vecinales es un modo de valorar el conocimiento y la inteligencia que cotidianamente aportan estas.<\/p>\n<div><\/div>\n","protected":false},"excerpt":{"rendered":"<div class=\"mh-excerpt\"><p>La ordenanza, impulsada por la concejal de Unidad Ciudadana-PJ, Ana Francese, \u00a0propone crear en el distrito de Chascom\u00fas, el \u201cFondo de apoyo a las Sociedades de Fomento y Asociaciones Vecinales\u201d con el objetivo de afianzar <a class=\"mh-excerpt-more\" href=\"https:\/\/larevistadigital.com.ar\/blog\/se-presento-proyecto-para-crear-un-fondo-de-apoyo-a-sociedades-de-fomento-y-asociaciones-vecinales\/\" title=\"SE PRESENT\u00d3 PROYECTO PARA CREAR UN FONDO DE APOYO A SOCIEDADES DE FOMENTO Y ASOCIACIONES VECINALES\">[Leer M\u00e1s]<\/a><\/p>\n<\/div>","protected":false},"author":3,"featured_media":11352,"comment_status":"open","ping_status":"open","sticky":false,"template":"","format":"standard","meta":{"_jetpack_memberships_contains_paid_content":false,"footnotes":"","jetpack_publicize_message":"","jetpack_publicize_feature_enabled":true,"jetpack_social_post_already_shared":true,"jetpack_social_options":{"image_generator_settings":{"template":"highway","default_image_id":0,"font":"","enabled":false},"version":2}},"categories":[6,12],"tags":[],"class_list":{"0":"post-11351","1":"post","2":"type-post","3":"status-publish","4":"format-standard","5":"has-post-thumbnail","7":"category-chascomus","8":"category-politica"},"jetpack_publicize_connections":[],"jetpack_featured_media_url":"https:\/\/i0.wp.com\/larevistadigital.com.ar\/blog\/wp-content\/uploads\/concejala-Ana-Francese.jpg?fit=531%2C598&ssl=1","jetpack_sharing_enabled":true,"jetpack_shortlink":"https:\/\/wp.me\/p8qtrQ-2X5","jetpack-related-posts":[{"id":11425,"url":"https:\/\/larevistadigital.com.ar\/blog\/11425-2\/","url_meta":{"origin":11351,"position":0},"title":"DESPIERTA INTER\u00c9S Y ESPERANZA EN LAS SOCIEDADES DE FOMENTO UN PROYECTO DE LA CONCEJAL ANA FRANCESE","author":"Alejandro Sosa Ruda","date":"21 julio, 2019","format":false,"excerpt":"La concejal Ana Francese inst\u00f3 a las autoridades de las distintas sociedades de fomento y juntas vecinales de la ciudad, a que hagan suyo el proyecto de ordenanza por ella elaborado, y que propicia generar un respaldo econ\u00f3mico concreto desde el estado municipal para dichas entidades, como manera de acompa\u00f1ar\u2026","rel":"","context":"En \u00abCHASCOM\u00daS\u00bb","block_context":{"text":"CHASCOM\u00daS","link":"https:\/\/larevistadigital.com.ar\/blog\/category\/chascomus\/"},"img":{"alt_text":"","src":"https:\/\/i0.wp.com\/larevistadigital.com.ar\/blog\/wp-content\/uploads\/annafrancesse_11dejuliode2108_elfuerte.jpg?fit=737%2C415&ssl=1&resize=350%2C200","width":350,"height":200,"srcset":"https:\/\/i0.wp.com\/larevistadigital.com.ar\/blog\/wp-content\/uploads\/annafrancesse_11dejuliode2108_elfuerte.jpg?fit=737%2C415&ssl=1&resize=350%2C200 1x, https:\/\/i0.wp.com\/larevistadigital.com.ar\/blog\/wp-content\/uploads\/annafrancesse_11dejuliode2108_elfuerte.jpg?fit=737%2C415&ssl=1&resize=525%2C300 1.5x, https:\/\/i0.wp.com\/larevistadigital.com.ar\/blog\/wp-content\/uploads\/annafrancesse_11dejuliode2108_elfuerte.jpg?fit=737%2C415&ssl=1&resize=700%2C400 2x"},"classes":[]},{"id":5910,"url":"https:\/\/larevistadigital.com.ar\/blog\/quieren-conformar-una-entidad-que-agrupe-a-las-entidades-vecinales\/","url_meta":{"origin":11351,"position":1},"title":"Quieren conformar una entidad que agrupe a las entidades vecinales","author":"admin","date":"25 junio, 2018","format":false,"excerpt":"Se reunir\u00edan el 14 de julio Un grupo de vecinos de la ciudad, ligados a entidades intermedias de Chascom\u00fas, se encuentran impulsando la idea de constituir lo que de darse, podr\u00eda denominarse como \u201cJunta distrital de vecinos de Chascom\u00fas\u201d. Para avanzar en esta propuesta, que busca generar un \u00e1mbito com\u00fan\u2026","rel":"","context":"En \u00abCHASCOM\u00daS\u00bb","block_context":{"text":"CHASCOM\u00daS","link":"https:\/\/larevistadigital.com.ar\/blog\/category\/chascomus\/"},"img":{"alt_text":"","src":"https:\/\/i0.wp.com\/larevistadigital.com.ar\/blog\/wp-content\/uploads\/2018\/05\/715x402_260256_20160519115347.jpg?fit=715%2C402&ssl=1&resize=350%2C200","width":350,"height":200,"srcset":"https:\/\/i0.wp.com\/larevistadigital.com.ar\/blog\/wp-content\/uploads\/2018\/05\/715x402_260256_20160519115347.jpg?fit=715%2C402&ssl=1&resize=350%2C200 1x, https:\/\/i0.wp.com\/larevistadigital.com.ar\/blog\/wp-content\/uploads\/2018\/05\/715x402_260256_20160519115347.jpg?fit=715%2C402&ssl=1&resize=525%2C300 1.5x, https:\/\/i0.wp.com\/larevistadigital.com.ar\/blog\/wp-content\/uploads\/2018\/05\/715x402_260256_20160519115347.jpg?fit=715%2C402&ssl=1&resize=700%2C400 2x"},"classes":[]},{"id":30245,"url":"https:\/\/larevistadigital.com.ar\/blog\/importante-galardon-para-el-festival-de-cine-de-chascomus\/","url_meta":{"origin":11351,"position":2},"title":"IMPORTANTE GALARD\u00d3N PARA EL FESTIVAL DE CINE DE CHASCOM\u00daS","author":"Alejandro Sosa Ruda","date":"25 febrero, 2023","format":false,"excerpt":"El Festival de Cine de Chascom\u00fas fue\u00a0 galardonado en el Plan de Fomento a la Producci\u00f3n Audiovisual Bonaerense. 25 de febrero de 2023 Dentro de la regi\u00f3n cinco y bajo la categor\u00eda \u201cDesarrollo de Proyecto de Festival de Cine Regional\u201d. Desde FCCh se\u00f1alaron que \u201ces un reconocimiento al trabajo que\u2026","rel":"","context":"En \u00abCULTURA\u00bb","block_context":{"text":"CULTURA","link":"https:\/\/larevistadigital.com.ar\/blog\/category\/cultura\/"},"img":{"alt_text":"","src":"https:\/\/i0.wp.com\/larevistadigital.com.ar\/blog\/wp-content\/uploads\/l.jpg?fit=1200%2C900&ssl=1&resize=350%2C200","width":350,"height":200,"srcset":"https:\/\/i0.wp.com\/larevistadigital.com.ar\/blog\/wp-content\/uploads\/l.jpg?fit=1200%2C900&ssl=1&resize=350%2C200 1x, https:\/\/i0.wp.com\/larevistadigital.com.ar\/blog\/wp-content\/uploads\/l.jpg?fit=1200%2C900&ssl=1&resize=525%2C300 1.5x, https:\/\/i0.wp.com\/larevistadigital.com.ar\/blog\/wp-content\/uploads\/l.jpg?fit=1200%2C900&ssl=1&resize=700%2C400 2x, https:\/\/i0.wp.com\/larevistadigital.com.ar\/blog\/wp-content\/uploads\/l.jpg?fit=1200%2C900&ssl=1&resize=1050%2C600 3x"},"classes":[]},{"id":40640,"url":"https:\/\/larevistadigital.com.ar\/blog\/chascomus-gran-jornada-cultural-para-las-infancias-en-el-barrio-jardin\/","url_meta":{"origin":11351,"position":3},"title":"Chascom\u00fas: Gran jornada cultural para las infancias en el Barrio Jard\u00edn","author":"Alejandro Sosa Ruda","date":"28 julio, 2025","format":false,"excerpt":"Cote Rossi, Vicepresidente del Instituto Cultural bonaerense, sostuvo: \u201dEs fundamental crear espacios para que toda la comunidad pueda disfrutar y compartir\". 28 de Julio de 2025 CHASCOM\u00daS\u00a0 -\u00a0 El s\u00e1bado por la tarde, la Sociedad de Fomento del Barrio Jard\u00edn fue la anfitriona de una maravillosa jornada para las infancias.\u2026","rel":"","context":"En \u00abCHASCOM\u00daS\u00bb","block_context":{"text":"CHASCOM\u00daS","link":"https:\/\/larevistadigital.com.ar\/blog\/category\/chascomus\/"},"img":{"alt_text":"","src":"https:\/\/i0.wp.com\/larevistadigital.com.ar\/blog\/wp-content\/uploads\/O4A1943-scaled.jpg?fit=1200%2C800&ssl=1&resize=350%2C200","width":350,"height":200,"srcset":"https:\/\/i0.wp.com\/larevistadigital.com.ar\/blog\/wp-content\/uploads\/O4A1943-scaled.jpg?fit=1200%2C800&ssl=1&resize=350%2C200 1x, https:\/\/i0.wp.com\/larevistadigital.com.ar\/blog\/wp-content\/uploads\/O4A1943-scaled.jpg?fit=1200%2C800&ssl=1&resize=525%2C300 1.5x, https:\/\/i0.wp.com\/larevistadigital.com.ar\/blog\/wp-content\/uploads\/O4A1943-scaled.jpg?fit=1200%2C800&ssl=1&resize=700%2C400 2x, https:\/\/i0.wp.com\/larevistadigital.com.ar\/blog\/wp-content\/uploads\/O4A1943-scaled.jpg?fit=1200%2C800&ssl=1&resize=1050%2C600 3x"},"classes":[]},{"id":41871,"url":"https:\/\/larevistadigital.com.ar\/blog\/chascomus-se-realizo-en-la-manana-del-jueves-a-beneficiarios-del-programa-provincial-de-fomento-a-la-fruticultura-este-jueves-por-la-manana-y-en-articulacion-con-el-area-agroecologia-y-biodiversidad\/","url_meta":{"origin":11351,"position":4},"title":"Chascom\u00fas: Se realiz\u00f3 en la ma\u00f1ana del jueves a beneficiarios del programa provincial de fomento a la fruticultura Este jueves por la ma\u00f1ana y en articulaci\u00f3n con el \u00e1rea Agroecolog\u00eda y Biodiversidad de la Municipalidad de Chascom\u00fas, se realiz\u00f3 la entrega de frutales a productores que presentaron un proyecto productivo al programa del Ministerio de Desarrollo Agrario.  Es as\u00ed que siete productores locales recibieron frutales por primera vez e incluso por segunda vez, al haber demostrado un correcto cuidado de los ejemplares anteriores. Las especies entregadas fueron c\u00edtricos, como naranja de jugo, limones y mandarinas. Tambi\u00e9n se entregaron membrillos, peras, duraznos, manzanos y nuez pecan.  El programa de fomento a la fruticultura, implementado por la Provincia de Buenos Aires por cuarto a\u00f1o consecutivo, busca fortalecer y diversificar la actividad productiva mediante la entrega de frutales a productores, cooperativas e instituciones, y tambi\u00e9n brinda la capacitaci\u00f3n t\u00e9cnica para impulsar el desarrollo sustentable y agroecol\u00f3gico con el objetivo de mejorar la productividad y el arraigo local.  Los proyectos que fueron presentados por los productores fueron evaluados por la provincia y dentro de sus objetivos fueron dar inicio a plantaciones o ampliar montes existentes bajo la adopci\u00f3n de pr\u00e1cticas sostenibles.","author":"Alejandro Sosa Ruda","date":"9 octubre, 2025","format":false,"excerpt":"Se realiz\u00f3 en la ma\u00f1ana del jueves a beneficiarios del programa provincial de fomento a la fruticultura 09 de Octubre de 2025 CHASCOM\u00daS -\u00a0 \u00a0Este jueves por la ma\u00f1ana y en articulaci\u00f3n con el \u00e1rea Agroecolog\u00eda y Biodiversidad de la Municipalidad de Chascom\u00fas, se realiz\u00f3 la entrega de frutales a\u2026","rel":"","context":"En \u00abCHASCOM\u00daS\u00bb","block_context":{"text":"CHASCOM\u00daS","link":"https:\/\/larevistadigital.com.ar\/blog\/category\/chascomus\/"},"img":{"alt_text":"","src":"https:\/\/i0.wp.com\/larevistadigital.com.ar\/blog\/wp-content\/uploads\/68e7e3447170d.png?fit=668%2C445&ssl=1&resize=350%2C200","width":350,"height":200,"srcset":"https:\/\/i0.wp.com\/larevistadigital.com.ar\/blog\/wp-content\/uploads\/68e7e3447170d.png?fit=668%2C445&ssl=1&resize=350%2C200 1x, https:\/\/i0.wp.com\/larevistadigital.com.ar\/blog\/wp-content\/uploads\/68e7e3447170d.png?fit=668%2C445&ssl=1&resize=525%2C300 1.5x"},"classes":[]},{"id":1591,"url":"https:\/\/larevistadigital.com.ar\/blog\/el-secretario-de-seguridad-local-reconoce-que-oficiales-de-policia-a-bordo-del-patrullero-duermen-en-horarios-laborales\/","url_meta":{"origin":11351,"position":5},"title":"El Secretario de Seguridad local reconoce que oficiales de polic\u00eda a bordo del patrullero duermen en horarios laborales","author":"editor","date":"24 marzo, 2017","format":false,"excerpt":"\u201cEstuvimos reunidos con el Secretario de Seguridad de la Municipalidad, Santiago Muscarello y con el Jefe de la Polic\u00eda Local. Le transmitimos las inquietudes vecinales sobre la grave situaci\u00f3n de inseguridad que padece nuestro barrio. Nos refer\u00eda de las dificultades existentes en la gesti\u00f3n, as\u00ed como el reconocimiento que oficiales\u2026","rel":"","context":"En \u00abCHASCOM\u00daS\u00bb","block_context":{"text":"CHASCOM\u00daS","link":"https:\/\/larevistadigital.com.ar\/blog\/category\/chascomus\/"},"img":{"alt_text":"","src":"https:\/\/i0.wp.com\/larevistadigital.com.ar\/blog\/wp-content\/uploads\/2017\/03\/OBISPADO-e1490368904849.jpg?fit=944%2C563&ssl=1&resize=350%2C200","width":350,"height":200,"srcset":"https:\/\/i0.wp.com\/larevistadigital.com.ar\/blog\/wp-content\/uploads\/2017\/03\/OBISPADO-e1490368904849.jpg?fit=944%2C563&ssl=1&resize=350%2C200 1x, https:\/\/i0.wp.com\/larevistadigital.com.ar\/blog\/wp-content\/uploads\/2017\/03\/OBISPADO-e1490368904849.jpg?fit=944%2C563&ssl=1&resize=525%2C300 1.5x, https:\/\/i0.wp.com\/larevistadigital.com.ar\/blog\/wp-content\/uploads\/2017\/03\/OBISPADO-e1490368904849.jpg?fit=944%2C563&ssl=1&resize=700%2C400 2x"},"classes":[]}],"_links":{"self":[{"href":"https:\/\/larevistadigital.com.ar\/blog\/wp-json\/wp\/v2\/posts\/11351","targetHints":{"allow":["GET"]}}],"collection":[{"href":"https:\/\/larevistadigital.com.ar\/blog\/wp-json\/wp\/v2\/posts"}],"about":[{"href":"https:\/\/larevistadigital.com.ar\/blog\/wp-json\/wp\/v2\/types\/post"}],"author":[{"embeddable":true,"href":"https:\/\/larevistadigital.com.ar\/blog\/wp-json\/wp\/v2\/users\/3"}],"replies":[{"embeddable":true,"href":"https:\/\/larevistadigital.com.ar\/blog\/wp-json\/wp\/v2\/comments?post=11351"}],"version-history":[{"count":1,"href":"https:\/\/larevistadigital.com.ar\/blog\/wp-json\/wp\/v2\/posts\/11351\/revisions"}],"predecessor-version":[{"id":11353,"href":"https:\/\/larevistadigital.com.ar\/blog\/wp-json\/wp\/v2\/posts\/11351\/revisions\/11353"}],"wp:featuredmedia":[{"embeddable":true,"href":"https:\/\/larevistadigital.com.ar\/blog\/wp-json\/wp\/v2\/media\/11352"}],"wp:attachment":[{"href":"https:\/\/larevistadigital.com.ar\/blog\/wp-json\/wp\/v2\/media?parent=11351"}],"wp:term":[{"taxonomy":"category","embeddable":true,"href":"https:\/\/larevistadigital.com.ar\/blog\/wp-json\/wp\/v2\/categories?post=11351"},{"taxonomy":"post_tag","embeddable":true,"href":"https:\/\/larevistadigital.com.ar\/blog\/wp-json\/wp\/v2\/tags?post=11351"}],"curies":[{"name":"wp","href":"https:\/\/api.w.org\/{rel}","templated":true}]}}