{"id":11355,"date":"2019-07-19T07:27:49","date_gmt":"2019-07-19T07:27:49","guid":{"rendered":"https:\/\/larevistadigital.com.ar\/blog\/?p=11355"},"modified":"2019-07-19T07:27:49","modified_gmt":"2019-07-19T07:27:49","slug":"mar-del-plata-atropellan-a-mujer-al-cruzar-la-calle-esta-grave","status":"publish","type":"post","link":"https:\/\/larevistadigital.com.ar\/blog\/mar-del-plata-atropellan-a-mujer-al-cruzar-la-calle-esta-grave\/","title":{"rendered":"MAR DEL PLATA: ATROPELLAN A MUJER AL CRUZAR LA CALLE. EST\u00c1 GRAVE"},"content":{"rendered":"<p>Una\u00a0<strong>mujer de 70 a\u00f1os\u00a0<\/strong>fue atropellada el jueves a la noche por una\u00a0<strong>camioneta\u00a0<\/strong>cuando cruzaba la calle y qued\u00f3\u00a0<strong>internada en grave estado\u00a0<\/strong>en el Hospital Interzonal General de Agudos (Higa). La v\u00edctima pudo ser identificada tres horas m\u00e1s tarde cuando sus\u00a0<strong>familiares llamaron a la comisar\u00eda primera\u00a0<\/strong>para alertar sobre su desaparici\u00f3n.<\/p>\n<p>Minutos despu\u00e9s de las diez de la noche y en circunstancias que a\u00fan no fueron esclarecidas una camioneta\u00a0<strong>Ford Eco Sport\u00a0<\/strong>conducida por un sujeto de 39 a\u00f1os arroll\u00f3 a la mujer en la esquina de Bol\u00edvar e Independencia.<\/p>\n<blockquote>\n<h3>La v\u00edctima fue asistida por personal m\u00e9dico en el lugar que\u00a0<strong>orden\u00f3 su traslado inmediato en una ambulancia del Same<\/strong>. \u00abEst\u00e1 en el \u00e1rea de terapia intensiva y presenta\u00a0<strong>traumatismo de cr\u00e1neo<\/strong>\u00bb confiaron fuentes oficiales a este medio.<\/h3>\n<\/blockquote>\n<p>Mientras personal de la comisar\u00eda primera terminaba las actuaciones solicitadas por la\u00a0<strong>fiscal\u00eda de Delitos Culposos<\/strong>, un llamado a esa dependencia permiti\u00f3 identificar a la v\u00edctima. Los familiares se hab\u00edan comunicado para reportar la\u00a0<strong>ausencia de la mujer\u00a0<\/strong>que vive en la zona cercana al lugar de siniestro.<\/p>\n<p>Desde la fiscal\u00eda ordenaron la\u00a0<strong>formaci\u00f3n de una causa por lesiones culposas<\/strong>, la realizaci\u00f3n de pericias y la devoluci\u00f3n del rodado.<\/p>\n","protected":false},"excerpt":{"rendered":"<div class=\"mh-excerpt\"><p>Una\u00a0mujer de 70 a\u00f1os\u00a0fue atropellada el jueves a la noche por una\u00a0camioneta\u00a0cuando cruzaba la calle y qued\u00f3\u00a0internada en grave estado\u00a0en el Hospital Interzonal General de Agudos (Higa). La v\u00edctima pudo ser identificada tres horas m\u00e1s <a class=\"mh-excerpt-more\" href=\"https:\/\/larevistadigital.com.ar\/blog\/mar-del-plata-atropellan-a-mujer-al-cruzar-la-calle-esta-grave\/\" title=\"MAR DEL PLATA: ATROPELLAN A MUJER AL CRUZAR LA CALLE. EST\u00c1 GRAVE\">[Leer M\u00e1s]<\/a><\/p>\n<\/div>","protected":false},"author":3,"featured_media":11356,"comment_status":"open","ping_status":"open","sticky":false,"template":"","format":"standard","meta":{"_jetpack_memberships_contains_paid_content":false,"footnotes":"","jetpack_publicize_message":"","jetpack_publicize_feature_enabled":true,"jetpack_social_post_already_shared":true,"jetpack_social_options":{"image_generator_settings":{"template":"highway","default_image_id":0,"font":"","enabled":false},"version":2}},"categories":[51],"tags":[],"class_list":{"0":"post-11355","1":"post","2":"type-post","3":"status-publish","4":"format-standard","5":"has-post-thumbnail","7":"category-regionales"},"jetpack_publicize_connections":[],"jetpack_featured_media_url":"https:\/\/i0.wp.com\/larevistadigital.com.ar\/blog\/wp-content\/uploads\/1563533596160.jpg?fit=1040%2C634&ssl=1","jetpack_sharing_enabled":true,"jetpack_shortlink":"https:\/\/wp.me\/p8qtrQ-2X9","jetpack-related-posts":[{"id":12042,"url":"https:\/\/larevistadigital.com.ar\/blog\/mar-del-plata-roban-camioneta-atropellan-y-matan-a-una-mujer\/","url_meta":{"origin":11355,"position":0},"title":"MAR DEL PLATA: ROBAN CAMIONETA, ATROPELLAN Y MATAN A UNA MUJER","author":"Alejandro Sosa Ruda","date":"13 septiembre, 2019","format":false,"excerpt":"Ocurri\u00f3 esta ma\u00f1ana en Gianelli y Gutenberg. La v\u00edctima tiene unos 40 a\u00f1os y a\u00fan no fue identificado. El veh\u00edculo hab\u00eda sido robado momentos antes y, tras escapar del lugar del siniestro, fue abandonado y ya fue encontrado por la polic\u00eda. Una\u00a0mujer de unos 40 a\u00f1os\u00a0muri\u00f3 esta ma\u00f1ana en el\u2026","rel":"","context":"En \u00abINTERES GENERAL\u00bb","block_context":{"text":"INTERES GENERAL","link":"https:\/\/larevistadigital.com.ar\/blog\/category\/interes-general\/"},"img":{"alt_text":"","src":"https:\/\/i0.wp.com\/larevistadigital.com.ar\/blog\/wp-content\/uploads\/Screenshot_2-35.jpg?fit=1004%2C642&ssl=1&resize=350%2C200","width":350,"height":200,"srcset":"https:\/\/i0.wp.com\/larevistadigital.com.ar\/blog\/wp-content\/uploads\/Screenshot_2-35.jpg?fit=1004%2C642&ssl=1&resize=350%2C200 1x, https:\/\/i0.wp.com\/larevistadigital.com.ar\/blog\/wp-content\/uploads\/Screenshot_2-35.jpg?fit=1004%2C642&ssl=1&resize=525%2C300 1.5x, https:\/\/i0.wp.com\/larevistadigital.com.ar\/blog\/wp-content\/uploads\/Screenshot_2-35.jpg?fit=1004%2C642&ssl=1&resize=700%2C400 2x"},"classes":[]},{"id":21324,"url":"https:\/\/larevistadigital.com.ar\/blog\/detienen-a-mujer-que-apunalo-a-su-pareja-con-una-tijera\/","url_meta":{"origin":11355,"position":1},"title":"DETIENEN A MUJER QUE APU\u00d1AL\u00d3 A SU PAREJA CON UNA TIJERA","author":"Alejandro Sosa Ruda","date":"30 julio, 2021","format":false,"excerpt":"Ocurri\u00f3 ayer a la noche. La v\u00edctima, de 33 a\u00f1os, fue hallada por la polic\u00eda herida de gravedad en la vereda de un hostel del barrio La Perla. La mujer, de 39 a\u00f1os, fue imputada por \"lesiones agravadas\" y la tijera utilizada como arma fue secuestrada. MAR DEL PLATA -\u00a0\u2026","rel":"","context":"En \u00abINTERES GENERAL\u00bb","block_context":{"text":"INTERES GENERAL","link":"https:\/\/larevistadigital.com.ar\/blog\/category\/interes-general\/"},"img":{"alt_text":"","src":"https:\/\/i0.wp.com\/larevistadigital.com.ar\/blog\/wp-content\/uploads\/Captura-de-pantalla-2021-07-30-123942.png?fit=1012%2C661&ssl=1&resize=350%2C200","width":350,"height":200,"srcset":"https:\/\/i0.wp.com\/larevistadigital.com.ar\/blog\/wp-content\/uploads\/Captura-de-pantalla-2021-07-30-123942.png?fit=1012%2C661&ssl=1&resize=350%2C200 1x, https:\/\/i0.wp.com\/larevistadigital.com.ar\/blog\/wp-content\/uploads\/Captura-de-pantalla-2021-07-30-123942.png?fit=1012%2C661&ssl=1&resize=525%2C300 1.5x, https:\/\/i0.wp.com\/larevistadigital.com.ar\/blog\/wp-content\/uploads\/Captura-de-pantalla-2021-07-30-123942.png?fit=1012%2C661&ssl=1&resize=700%2C400 2x"},"classes":[]},{"id":10445,"url":"https:\/\/larevistadigital.com.ar\/blog\/menor-murio-en-un-choque-y-allegados-balean-a-pariente-del-conductor\/","url_meta":{"origin":11355,"position":2},"title":"MENOR MURI\u00d3 EN UN CHOQUE, Y ALLEGADOS BALEAN A PARIENTE DEL CONDUCTOR","author":"Alejandro Sosa Ruda","date":"5 junio, 2019","format":false,"excerpt":"La v\u00edctima, de 16 a\u00f1os, falleci\u00f3 al ser embestido por un auto. El conductor escap\u00f3. Poco despu\u00e9s, allegados a la v\u00edctima balearon a una familiar del pr\u00f3fugo. Un menor de 16 a\u00f1os muri\u00f3 esta tarde luego de que la motocicleta en la que viajaba con otro joven fuera embestida por\u2026","rel":"","context":"En \u00abPOLICIALES\u00bb","block_context":{"text":"POLICIALES","link":"https:\/\/larevistadigital.com.ar\/blog\/category\/policiales\/"},"img":{"alt_text":"","src":"https:\/\/i0.wp.com\/larevistadigital.com.ar\/blog\/wp-content\/uploads\/HIGA01-1024x680.jpg?fit=1024%2C680&ssl=1&resize=350%2C200","width":350,"height":200,"srcset":"https:\/\/i0.wp.com\/larevistadigital.com.ar\/blog\/wp-content\/uploads\/HIGA01-1024x680.jpg?fit=1024%2C680&ssl=1&resize=350%2C200 1x, https:\/\/i0.wp.com\/larevistadigital.com.ar\/blog\/wp-content\/uploads\/HIGA01-1024x680.jpg?fit=1024%2C680&ssl=1&resize=525%2C300 1.5x, https:\/\/i0.wp.com\/larevistadigital.com.ar\/blog\/wp-content\/uploads\/HIGA01-1024x680.jpg?fit=1024%2C680&ssl=1&resize=700%2C400 2x"},"classes":[]},{"id":26464,"url":"https:\/\/larevistadigital.com.ar\/blog\/mar-del-plata-fue-detenido-por-dispararle-en-la-cara-a-su-ex-pareja\/","url_meta":{"origin":11355,"position":3},"title":"MAR DEL PLATA: FUE DETENIDO POR DISPARARLE EN LA CARA A SU EX PAREJA","author":"Alejandro Sosa Ruda","date":"11 julio, 2022","format":false,"excerpt":"Ocurri\u00f3 el domingo a la noche en Avenida Jacinto Peralta Ramos y Puan. La v\u00edctima tiene 36 a\u00f1os y qued\u00f3 internada en el Hospital Interzonal, mientras que el agresor, de 75, fue imputado por \"homicidio en grado de tentativa\". MAR DEL PLATA -\u00a0 Un hombre de 75 a\u00f1os\u00a0fue detenido el\u2026","rel":"","context":"En \u00abPOLICIALES\u00bb","block_context":{"text":"POLICIALES","link":"https:\/\/larevistadigital.com.ar\/blog\/category\/policiales\/"},"img":{"alt_text":"","src":"https:\/\/i0.wp.com\/larevistadigital.com.ar\/blog\/wp-content\/uploads\/Captura-de-pantalla-2022-07-11-114528.png?fit=618%2C455&ssl=1&resize=350%2C200","width":350,"height":200,"srcset":"https:\/\/i0.wp.com\/larevistadigital.com.ar\/blog\/wp-content\/uploads\/Captura-de-pantalla-2022-07-11-114528.png?fit=618%2C455&ssl=1&resize=350%2C200 1x, https:\/\/i0.wp.com\/larevistadigital.com.ar\/blog\/wp-content\/uploads\/Captura-de-pantalla-2022-07-11-114528.png?fit=618%2C455&ssl=1&resize=525%2C300 1.5x"},"classes":[]},{"id":21792,"url":"https:\/\/larevistadigital.com.ar\/blog\/mar-del-plata-desconocido-agredio-a-golpes-y-patadas-a-una-mujer-en-un-restaurant\/","url_meta":{"origin":11355,"position":4},"title":"MAR DEL PLATA: DESCONOCIDO AGREDI\u00d3 A GOLPES Y PATADAS A UNA MUJER EN UN RESTAURANT","author":"Alejandro Sosa Ruda","date":"30 agosto, 2021","format":false,"excerpt":"Un ins\u00f3lito episodio ocurri\u00f3\u00a0 en la localidad de Bat\u00e1n. La mujer, que qued\u00f3 inconsciente, no conoc\u00eda a su agresor. MAR DEL PLATA - Un violento episodio\u00a0se produjo durante la noche del domingo, cuando un sujeto golpe\u00f3 salvajemente a una mujer que se encontraba en un restaurant junto a su familia\u2026","rel":"","context":"En \u00abPOLICIALES\u00bb","block_context":{"text":"POLICIALES","link":"https:\/\/larevistadigital.com.ar\/blog\/category\/policiales\/"},"img":{"alt_text":"","src":"https:\/\/i0.wp.com\/larevistadigital.com.ar\/blog\/wp-content\/uploads\/AGRESOR.png?fit=1002%2C491&ssl=1&resize=350%2C200","width":350,"height":200,"srcset":"https:\/\/i0.wp.com\/larevistadigital.com.ar\/blog\/wp-content\/uploads\/AGRESOR.png?fit=1002%2C491&ssl=1&resize=350%2C200 1x, https:\/\/i0.wp.com\/larevistadigital.com.ar\/blog\/wp-content\/uploads\/AGRESOR.png?fit=1002%2C491&ssl=1&resize=525%2C300 1.5x, https:\/\/i0.wp.com\/larevistadigital.com.ar\/blog\/wp-content\/uploads\/AGRESOR.png?fit=1002%2C491&ssl=1&resize=700%2C400 2x"},"classes":[]},{"id":29087,"url":"https:\/\/larevistadigital.com.ar\/blog\/maschwitz-explosion-en-supermercado-una-mujer-esta-grave\/","url_meta":{"origin":11355,"position":5},"title":"MASCHWITZ: EXPLOSI\u00d3N EN SUPERMERCADO. UNA MUJER EST\u00c1 GRAVE.","author":"Alejandro Sosa Ruda","date":"26 noviembre, 2022","format":false,"excerpt":"El hecho ocurri\u00f3 sobre la ruta 26, camino a Dique Luj\u00e1n, por una fuga de gas. La v\u00edctima es de nacionalidad china y fue llevada en estado cr\u00edtico al hospital Erill, con quemaduras en casi todo su cuerpo. 26 de noviembre de 2022 ING. MASCHWITZ -\u00a0 Una explosi\u00f3n provocada por\u2026","rel":"","context":"En \u00abPOLICIALES\u00bb","block_context":{"text":"POLICIALES","link":"https:\/\/larevistadigital.com.ar\/blog\/category\/policiales\/"},"img":{"alt_text":"","src":"https:\/\/i0.wp.com\/larevistadigital.com.ar\/blog\/wp-content\/uploads\/20221125191257_super.jpg?fit=880%2C512&ssl=1&resize=350%2C200","width":350,"height":200,"srcset":"https:\/\/i0.wp.com\/larevistadigital.com.ar\/blog\/wp-content\/uploads\/20221125191257_super.jpg?fit=880%2C512&ssl=1&resize=350%2C200 1x, https:\/\/i0.wp.com\/larevistadigital.com.ar\/blog\/wp-content\/uploads\/20221125191257_super.jpg?fit=880%2C512&ssl=1&resize=525%2C300 1.5x, https:\/\/i0.wp.com\/larevistadigital.com.ar\/blog\/wp-content\/uploads\/20221125191257_super.jpg?fit=880%2C512&ssl=1&resize=700%2C400 2x"},"classes":[]}],"_links":{"self":[{"href":"https:\/\/larevistadigital.com.ar\/blog\/wp-json\/wp\/v2\/posts\/11355","targetHints":{"allow":["GET"]}}],"collection":[{"href":"https:\/\/larevistadigital.com.ar\/blog\/wp-json\/wp\/v2\/posts"}],"about":[{"href":"https:\/\/larevistadigital.com.ar\/blog\/wp-json\/wp\/v2\/types\/post"}],"author":[{"embeddable":true,"href":"https:\/\/larevistadigital.com.ar\/blog\/wp-json\/wp\/v2\/users\/3"}],"replies":[{"embeddable":true,"href":"https:\/\/larevistadigital.com.ar\/blog\/wp-json\/wp\/v2\/comments?post=11355"}],"version-history":[{"count":1,"href":"https:\/\/larevistadigital.com.ar\/blog\/wp-json\/wp\/v2\/posts\/11355\/revisions"}],"predecessor-version":[{"id":11357,"href":"https:\/\/larevistadigital.com.ar\/blog\/wp-json\/wp\/v2\/posts\/11355\/revisions\/11357"}],"wp:featuredmedia":[{"embeddable":true,"href":"https:\/\/larevistadigital.com.ar\/blog\/wp-json\/wp\/v2\/media\/11356"}],"wp:attachment":[{"href":"https:\/\/larevistadigital.com.ar\/blog\/wp-json\/wp\/v2\/media?parent=11355"}],"wp:term":[{"taxonomy":"category","embeddable":true,"href":"https:\/\/larevistadigital.com.ar\/blog\/wp-json\/wp\/v2\/categories?post=11355"},{"taxonomy":"post_tag","embeddable":true,"href":"https:\/\/larevistadigital.com.ar\/blog\/wp-json\/wp\/v2\/tags?post=11355"}],"curies":[{"name":"wp","href":"https:\/\/api.w.org\/{rel}","templated":true}]}}