{"id":11366,"date":"2019-07-19T08:05:10","date_gmt":"2019-07-19T08:05:10","guid":{"rendered":"https:\/\/larevistadigital.com.ar\/blog\/?p=11366"},"modified":"2019-07-19T08:05:10","modified_gmt":"2019-07-19T08:05:10","slug":"la-niebla-provoco-choque-en-cadena-en-la-ruta-un-muerto","status":"publish","type":"post","link":"https:\/\/larevistadigital.com.ar\/blog\/la-niebla-provoco-choque-en-cadena-en-la-ruta-un-muerto\/","title":{"rendered":"LA NIEBLA PROVOC\u00d3 CHOQUE EN CADENA EN LA RUTA. UN MUERTO"},"content":{"rendered":"<p>Un importante\u00a0<strong>choque en cadena a la altura del kil\u00f3metro 17.5 de la ruta nacional 226<\/strong>\u00a0dej\u00f3 el saldo de un muerto\u00a0y varias personas heridas. El hecho se registr\u00f3 este viernes minutos despu\u00e9s de las 7, momento en el que la visibilidad era pr\u00e1cticamente nula producto de la intensa niebla.<\/p>\n<p><img data-recalc-dims=\"1\" loading=\"lazy\" decoding=\"async\" class=\"alignnone size-full wp-image-11369\" src=\"https:\/\/i0.wp.com\/larevistadigital.com.ar\/blog\/wp-content\/uploads\/ACCIDENTE-RUTA-04.jpg?resize=1280%2C720&#038;ssl=1\" alt=\"\" width=\"1280\" height=\"720\" srcset=\"https:\/\/i0.wp.com\/larevistadigital.com.ar\/blog\/wp-content\/uploads\/ACCIDENTE-RUTA-04.jpg?w=1280&amp;ssl=1 1280w, https:\/\/i0.wp.com\/larevistadigital.com.ar\/blog\/wp-content\/uploads\/ACCIDENTE-RUTA-04.jpg?resize=300%2C169&amp;ssl=1 300w, https:\/\/i0.wp.com\/larevistadigital.com.ar\/blog\/wp-content\/uploads\/ACCIDENTE-RUTA-04.jpg?resize=768%2C432&amp;ssl=1 768w, https:\/\/i0.wp.com\/larevistadigital.com.ar\/blog\/wp-content\/uploads\/ACCIDENTE-RUTA-04.jpg?resize=1024%2C576&amp;ssl=1 1024w, https:\/\/i0.wp.com\/larevistadigital.com.ar\/blog\/wp-content\/uploads\/ACCIDENTE-RUTA-04.jpg?resize=678%2C381&amp;ssl=1 678w\" sizes=\"auto, (max-width: 1000px) 100vw, 1000px\" \/>Del siniestro participaron dos camiones y cinco autos, que chocaron en cadena\u00a0<strong>en la mano que va de Balcarce a Mar del Plata<\/strong>. Poco despu\u00e9s, en la v\u00eda contraria\u00a0y a la misma altura, otros dos veh\u00edculos\u00a0chocaron de la misma manera, aunque sin heridos de gravedad.<\/p>\n<blockquote>\n<h3><strong>La v\u00edctima fatal era un joven de 20 a\u00f1os, identificado como Lucas Calliani<\/strong>, que viajaba en el puesto del acompa\u00f1ante de uno de los camiones, y ser\u00eda el hijo del chofer. Por causas que a\u00fan se investigan, los camiones chocaron entre s\u00ed, y luego fueron impactando detr\u00e1s los restantes veh\u00edculos.\u00a0<strong>Uno de los rodados involucrados es un taxi que qued\u00f3 incrustado en la parte posterior de\u00a0uno de los veh\u00edculos de gran porte.\u00a0<\/strong>\u00abMe encontr\u00e9 con el cami\u00f3n cuando ya lo ten\u00eda encima, por suerte ven\u00eda despacio\u00bb, dijo el conductor.<\/h3>\n<\/blockquote>\n<p><img data-recalc-dims=\"1\" loading=\"lazy\" decoding=\"async\" class=\"alignnone size-full wp-image-11368\" src=\"https:\/\/i0.wp.com\/larevistadigital.com.ar\/blog\/wp-content\/uploads\/1563537781912.jpeg?resize=1280%2C780&#038;ssl=1\" alt=\"\" width=\"1280\" height=\"780\" srcset=\"https:\/\/i0.wp.com\/larevistadigital.com.ar\/blog\/wp-content\/uploads\/1563537781912.jpeg?w=1280&amp;ssl=1 1280w, https:\/\/i0.wp.com\/larevistadigital.com.ar\/blog\/wp-content\/uploads\/1563537781912.jpeg?resize=300%2C183&amp;ssl=1 300w, https:\/\/i0.wp.com\/larevistadigital.com.ar\/blog\/wp-content\/uploads\/1563537781912.jpeg?resize=768%2C468&amp;ssl=1 768w, https:\/\/i0.wp.com\/larevistadigital.com.ar\/blog\/wp-content\/uploads\/1563537781912.jpeg?resize=1024%2C624&amp;ssl=1 1024w\" sizes=\"auto, (max-width: 1000px) 100vw, 1000px\" \/>El cuerpo del hombre fallecido debi\u00f3 ser rescatado de la cabina por bomberos de voluntarios de Sierra de los Padres, que aportaron tres dotaciones para asistir a los heridos. En el lugar tambi\u00e9n hay\u00a0dos ambulancias del Same y el tr\u00e1nsito se desv\u00eda por la colectora.<\/p>\n","protected":false},"excerpt":{"rendered":"<div class=\"mh-excerpt\"><p>Un importante\u00a0choque en cadena a la altura del kil\u00f3metro 17.5 de la ruta nacional 226\u00a0dej\u00f3 el saldo de un muerto\u00a0y varias personas heridas. El hecho se registr\u00f3 este viernes minutos despu\u00e9s de las 7, momento <a class=\"mh-excerpt-more\" href=\"https:\/\/larevistadigital.com.ar\/blog\/la-niebla-provoco-choque-en-cadena-en-la-ruta-un-muerto\/\" title=\"LA NIEBLA PROVOC\u00d3 CHOQUE EN CADENA EN LA RUTA. UN MUERTO\">[Leer M\u00e1s]<\/a><\/p>\n<\/div>","protected":false},"author":3,"featured_media":11367,"comment_status":"open","ping_status":"open","sticky":false,"template":"","format":"standard","meta":{"_jetpack_memberships_contains_paid_content":false,"footnotes":"","jetpack_publicize_message":"","jetpack_publicize_feature_enabled":true,"jetpack_social_post_already_shared":true,"jetpack_social_options":{"image_generator_settings":{"template":"highway","default_image_id":0,"font":"","enabled":false},"version":2}},"categories":[41],"tags":[],"class_list":{"0":"post-11366","1":"post","2":"type-post","3":"status-publish","4":"format-standard","5":"has-post-thumbnail","7":"category-destacadas"},"jetpack_publicize_connections":[],"jetpack_featured_media_url":"https:\/\/i0.wp.com\/larevistadigital.com.ar\/blog\/wp-content\/uploads\/1563537867817.jpeg?fit=1280%2C780&ssl=1","jetpack_sharing_enabled":true,"jetpack_shortlink":"https:\/\/wp.me\/p8qtrQ-2Xk","jetpack-related-posts":[{"id":38298,"url":"https:\/\/larevistadigital.com.ar\/blog\/choque-multiple-en-la-autopista-cordoba-rosario-con-el-saldo-de-un-muerto\/","url_meta":{"origin":11366,"position":0},"title":"Choque m\u00faltiple en la autopista Cordoba-Rosario con el saldo de un muerto","author":"Alejandro Sosa Ruda","date":"15 diciembre, 2024","format":false,"excerpt":"Los hechos ocurrieron durante un temporal. 15 de Diciembre de 2024 Una decena de camiones, una camioneta, un auto y un colectivo lleno de pasajeros chocaron en cadena este jueves por la noche en la autopista Rosario-C\u00f3rdoba, en el kil\u00f3metro 396, a la altura de Tortugas, en medio de un\u2026","rel":"","context":"En \u00abINTERES GENERAL\u00bb","block_context":{"text":"INTERES GENERAL","link":"https:\/\/larevistadigital.com.ar\/blog\/category\/interes-general\/"},"img":{"alt_text":"","src":"https:\/\/i0.wp.com\/larevistadigital.com.ar\/blog\/wp-content\/uploads\/Captura-de-pantalla-2024-12-15-214637.png?fit=617%2C319&ssl=1&resize=350%2C200","width":350,"height":200,"srcset":"https:\/\/i0.wp.com\/larevistadigital.com.ar\/blog\/wp-content\/uploads\/Captura-de-pantalla-2024-12-15-214637.png?fit=617%2C319&ssl=1&resize=350%2C200 1x, https:\/\/i0.wp.com\/larevistadigital.com.ar\/blog\/wp-content\/uploads\/Captura-de-pantalla-2024-12-15-214637.png?fit=617%2C319&ssl=1&resize=525%2C300 1.5x"},"classes":[]},{"id":36445,"url":"https:\/\/larevistadigital.com.ar\/blog\/choque-en-la-ruta-11-con-el-saldo-de-un-muerto-y-tres-heridos\/","url_meta":{"origin":11366,"position":1},"title":"CHOQUE EN LA RUTA 11 CON EL SALDO DE UN MUERTO Y TRES HERIDOS","author":"Alejandro Sosa Ruda","date":"26 junio, 2024","format":false,"excerpt":"Ocurri\u00f3 en Mar Chiquita donde dos veh\u00edculos chocaron de frente. 26 de Junio de 2024 MAR CHIQUITA -\u00a0 \u00a0Un violento siniestro ocurri\u00f3 en la ruta 11 a la altura del kil\u00f3metro 480, en cercan\u00eda a Mar Chiquita, cuando un autom\u00f3vil Renault Kangoo y un Fiat Qubo chocaron de manera frontal,\u2026","rel":"","context":"En \u00abPOLICIALES\u00bb","block_context":{"text":"POLICIALES","link":"https:\/\/larevistadigital.com.ar\/blog\/category\/policiales\/"},"img":{"alt_text":"","src":"https:\/\/i0.wp.com\/larevistadigital.com.ar\/blog\/wp-content\/uploads\/2dc5e1f1e708c3dc97a8da97fcce3082102b1a71.png?fit=1140%2C708&ssl=1&resize=350%2C200","width":350,"height":200,"srcset":"https:\/\/i0.wp.com\/larevistadigital.com.ar\/blog\/wp-content\/uploads\/2dc5e1f1e708c3dc97a8da97fcce3082102b1a71.png?fit=1140%2C708&ssl=1&resize=350%2C200 1x, https:\/\/i0.wp.com\/larevistadigital.com.ar\/blog\/wp-content\/uploads\/2dc5e1f1e708c3dc97a8da97fcce3082102b1a71.png?fit=1140%2C708&ssl=1&resize=525%2C300 1.5x, https:\/\/i0.wp.com\/larevistadigital.com.ar\/blog\/wp-content\/uploads\/2dc5e1f1e708c3dc97a8da97fcce3082102b1a71.png?fit=1140%2C708&ssl=1&resize=700%2C400 2x, https:\/\/i0.wp.com\/larevistadigital.com.ar\/blog\/wp-content\/uploads\/2dc5e1f1e708c3dc97a8da97fcce3082102b1a71.png?fit=1140%2C708&ssl=1&resize=1050%2C600 3x"},"classes":[]},{"id":22856,"url":"https:\/\/larevistadigital.com.ar\/blog\/insolito-accidente-chocaron-dos-parapentes-en-el-limite-entre-brandsen-y-la-plata-un-muerto-y-un-herido\/","url_meta":{"origin":11366,"position":2},"title":"INS\u00d3LITO ACCIDENTE: CHOCARON DOS PARAPENTES EN EL L\u00cdMITE ENTRE BRANDSEN Y LA PLATA: UN MUERTO Y UN HERIDO","author":"Alejandro Sosa Ruda","date":"5 diciembre, 2021","format":false,"excerpt":"Ocurri\u00f3 en ruta 215 a la altura del kil\u00f3metro 35. En el lugar trabajan los servicios de emergencias. Dos pilotos de parapentes protagonizaron en la tarde de este viernes 3 de diciembre una tragedia sobre ruta 215 en el limite entre Brandsen\u00a0y La Plata, cuando por causas que se tratan\u2026","rel":"","context":"En \u00abPOLICIALES\u00bb","block_context":{"text":"POLICIALES","link":"https:\/\/larevistadigital.com.ar\/blog\/category\/policiales\/"},"img":{"alt_text":"","src":"https:\/\/i0.wp.com\/larevistadigital.com.ar\/blog\/wp-content\/uploads\/1638573123270.jpg?fit=1200%2C674&ssl=1&resize=350%2C200","width":350,"height":200,"srcset":"https:\/\/i0.wp.com\/larevistadigital.com.ar\/blog\/wp-content\/uploads\/1638573123270.jpg?fit=1200%2C674&ssl=1&resize=350%2C200 1x, https:\/\/i0.wp.com\/larevistadigital.com.ar\/blog\/wp-content\/uploads\/1638573123270.jpg?fit=1200%2C674&ssl=1&resize=525%2C300 1.5x, https:\/\/i0.wp.com\/larevistadigital.com.ar\/blog\/wp-content\/uploads\/1638573123270.jpg?fit=1200%2C674&ssl=1&resize=700%2C400 2x, https:\/\/i0.wp.com\/larevistadigital.com.ar\/blog\/wp-content\/uploads\/1638573123270.jpg?fit=1200%2C674&ssl=1&resize=1050%2C600 3x"},"classes":[]},{"id":28591,"url":"https:\/\/larevistadigital.com.ar\/blog\/zarate-cinco-heridos-en-un-choque-en-la-ruta-nacional-12\/","url_meta":{"origin":11366,"position":3},"title":"ZARATE: CINCO HERIDOS EN UN CHOQUE EN LA RUTA NACIONAL 12","author":"Alejandro Sosa Ruda","date":"25 octubre, 2022","format":false,"excerpt":"Ocurri\u00f3 cuando un micro de larga distancia, un cami\u00f3n y una camioneta chocaron en cadena. El siniestro se dio en inmediaciones de Isla Talavera, en la zona del delta bonaerense. Personal de seguridad vial y Gendarmer\u00eda Nacional facilitaron las tareas de asistencia y posterior remoci\u00f3n de los veh\u00edculos siniestrados. 25\u2026","rel":"","context":"En \u00abPOLITICA\u00bb","block_context":{"text":"POLITICA","link":"https:\/\/larevistadigital.com.ar\/blog\/category\/politica\/"},"img":{"alt_text":"","src":"https:\/\/i0.wp.com\/larevistadigital.com.ar\/blog\/wp-content\/uploads\/20221024183402_choque.jpg?fit=880%2C512&ssl=1&resize=350%2C200","width":350,"height":200,"srcset":"https:\/\/i0.wp.com\/larevistadigital.com.ar\/blog\/wp-content\/uploads\/20221024183402_choque.jpg?fit=880%2C512&ssl=1&resize=350%2C200 1x, https:\/\/i0.wp.com\/larevistadigital.com.ar\/blog\/wp-content\/uploads\/20221024183402_choque.jpg?fit=880%2C512&ssl=1&resize=525%2C300 1.5x, https:\/\/i0.wp.com\/larevistadigital.com.ar\/blog\/wp-content\/uploads\/20221024183402_choque.jpg?fit=880%2C512&ssl=1&resize=700%2C400 2x"},"classes":[]},{"id":8989,"url":"https:\/\/larevistadigital.com.ar\/blog\/violento-choque-en-la-ruta-2\/","url_meta":{"origin":11366,"position":4},"title":"VIOLENTO CHOQUE EN LA RUTA 2","author":"Alejandro Sosa Ruda","date":"10 marzo, 2019","format":false,"excerpt":"Esta tarde se produjo un fuerte accidente entre dos veh\u00ecculos que circulaban\u00a0por\u00a0la Ruta 2 a la altura del kil\u00f3metro 204. El siniestro fue protagonizado por un\u00a0Fiat Qubo y una Jeep Sport que, por cuestiones que se tratan de establecer chocaron a la altura del Paraje Los Sauquitos, Partido de Dolores.\u2026","rel":"","context":"En \u00abPOLICIALES\u00bb","block_context":{"text":"POLICIALES","link":"https:\/\/larevistadigital.com.ar\/blog\/category\/policiales\/"},"img":{"alt_text":"","src":"https:\/\/i0.wp.com\/larevistadigital.com.ar\/blog\/wp-content\/uploads\/2019\/03\/bf8576c643f72019acbaa44577dc6e217ca0213a.jpg?fit=1140%2C748&ssl=1&resize=350%2C200","width":350,"height":200,"srcset":"https:\/\/i0.wp.com\/larevistadigital.com.ar\/blog\/wp-content\/uploads\/2019\/03\/bf8576c643f72019acbaa44577dc6e217ca0213a.jpg?fit=1140%2C748&ssl=1&resize=350%2C200 1x, https:\/\/i0.wp.com\/larevistadigital.com.ar\/blog\/wp-content\/uploads\/2019\/03\/bf8576c643f72019acbaa44577dc6e217ca0213a.jpg?fit=1140%2C748&ssl=1&resize=525%2C300 1.5x, https:\/\/i0.wp.com\/larevistadigital.com.ar\/blog\/wp-content\/uploads\/2019\/03\/bf8576c643f72019acbaa44577dc6e217ca0213a.jpg?fit=1140%2C748&ssl=1&resize=700%2C400 2x, https:\/\/i0.wp.com\/larevistadigital.com.ar\/blog\/wp-content\/uploads\/2019\/03\/bf8576c643f72019acbaa44577dc6e217ca0213a.jpg?fit=1140%2C748&ssl=1&resize=1050%2C600 3x"},"classes":[]},{"id":19119,"url":"https:\/\/larevistadigital.com.ar\/blog\/dos-camiones-embistieron-animales-sueltos-en-la-ruta-29\/","url_meta":{"origin":11366,"position":5},"title":"DOS CAMIONES EMBISTIERON ANIMALES SUELTOS EN LA RUTA 29","author":"Alejandro Sosa Ruda","date":"2 marzo, 2021","format":false,"excerpt":"Como consecuencia de la niebla intensa, esta ma\u00f1ana colisionaron con animales sueltos dos camiones que transportaban vacunos, en ruta 29 a 3 kil\u00f3metros del acceso a Udaquiola. Los choferes de ambos transportes resultaron ilesos. De acuerdo a lo que public\u00f3 en sus redes sociales nuestro colega Emilio Quintana, de FM95,\u2026","rel":"","context":"En \u00abREGIONALES\u00bb","block_context":{"text":"REGIONALES","link":"https:\/\/larevistadigital.com.ar\/blog\/category\/regionales\/"},"img":{"alt_text":"","src":"https:\/\/i0.wp.com\/larevistadigital.com.ar\/blog\/wp-content\/uploads\/animales-sueltos.jpg?fit=982%2C551&ssl=1&resize=350%2C200","width":350,"height":200,"srcset":"https:\/\/i0.wp.com\/larevistadigital.com.ar\/blog\/wp-content\/uploads\/animales-sueltos.jpg?fit=982%2C551&ssl=1&resize=350%2C200 1x, https:\/\/i0.wp.com\/larevistadigital.com.ar\/blog\/wp-content\/uploads\/animales-sueltos.jpg?fit=982%2C551&ssl=1&resize=525%2C300 1.5x, https:\/\/i0.wp.com\/larevistadigital.com.ar\/blog\/wp-content\/uploads\/animales-sueltos.jpg?fit=982%2C551&ssl=1&resize=700%2C400 2x"},"classes":[]}],"_links":{"self":[{"href":"https:\/\/larevistadigital.com.ar\/blog\/wp-json\/wp\/v2\/posts\/11366","targetHints":{"allow":["GET"]}}],"collection":[{"href":"https:\/\/larevistadigital.com.ar\/blog\/wp-json\/wp\/v2\/posts"}],"about":[{"href":"https:\/\/larevistadigital.com.ar\/blog\/wp-json\/wp\/v2\/types\/post"}],"author":[{"embeddable":true,"href":"https:\/\/larevistadigital.com.ar\/blog\/wp-json\/wp\/v2\/users\/3"}],"replies":[{"embeddable":true,"href":"https:\/\/larevistadigital.com.ar\/blog\/wp-json\/wp\/v2\/comments?post=11366"}],"version-history":[{"count":1,"href":"https:\/\/larevistadigital.com.ar\/blog\/wp-json\/wp\/v2\/posts\/11366\/revisions"}],"predecessor-version":[{"id":11370,"href":"https:\/\/larevistadigital.com.ar\/blog\/wp-json\/wp\/v2\/posts\/11366\/revisions\/11370"}],"wp:featuredmedia":[{"embeddable":true,"href":"https:\/\/larevistadigital.com.ar\/blog\/wp-json\/wp\/v2\/media\/11367"}],"wp:attachment":[{"href":"https:\/\/larevistadigital.com.ar\/blog\/wp-json\/wp\/v2\/media?parent=11366"}],"wp:term":[{"taxonomy":"category","embeddable":true,"href":"https:\/\/larevistadigital.com.ar\/blog\/wp-json\/wp\/v2\/categories?post=11366"},{"taxonomy":"post_tag","embeddable":true,"href":"https:\/\/larevistadigital.com.ar\/blog\/wp-json\/wp\/v2\/tags?post=11366"}],"curies":[{"name":"wp","href":"https:\/\/api.w.org\/{rel}","templated":true}]}}