{"id":11371,"date":"2019-07-19T12:02:10","date_gmt":"2019-07-19T12:02:10","guid":{"rendered":"https:\/\/larevistadigital.com.ar\/blog\/?p=11371"},"modified":"2019-07-19T12:02:10","modified_gmt":"2019-07-19T12:02:10","slug":"luego-del-acuerdo-con-la-campora-aparecio-la-primera-publicidad-de-javier-gaston-con-alberto-y-cristina","status":"publish","type":"post","link":"https:\/\/larevistadigital.com.ar\/blog\/luego-del-acuerdo-con-la-campora-aparecio-la-primera-publicidad-de-javier-gaston-con-alberto-y-cristina\/","title":{"rendered":"LUEGO DEL ACUERDO CON LA CAMPORA, APARECI\u00d3 LA PRIMERA PUBLICIDAD DE JAVIER GAST\u00d3N CON ALBERTO Y CRISTINA"},"content":{"rendered":"<p>Luego de dimes y diretes, en donde hubo idas, vueltas, roscas, traiciones y v\u00edctimas que quedaron en el camino, apareci\u00f3 en la p\u00e1gina de facebook del \u00abFrente de Todos\u00bb la primera im\u00e1gen que muestra a <strong>Javier Gast\u00f3n<\/strong> como candidato a Intendente, junto a <strong>Alberto Fern\u00e1ndez<\/strong> y <strong>Cristina<\/strong>.<\/p>\n<p>La movida pergre\u00f1ada entre <strong>Sergio Massa<\/strong> y <strong>M\u00e1ximo Kirchner<\/strong>, jefe de la C\u00e1mpora, termin\u00f3 dejando afuera no solo al referente local <strong>Gabriel Macchi<\/strong>, sino a mucha gente que milit\u00f3 en el kirchnerismo durante muchos a\u00f1os y que adem\u00e1s se \u00abbanc\u00f3\u00bb los momentos m\u00e1s dif\u00edciles, poniendo el \u00abpecho a las balas\u00bb, lo que ha ocasionado much\u00edsimo descontento en el peronismo, pero tambi\u00e9n en el \u00e1mbito pol\u00edtico local y en muchos vecinos que vieron con molestia y decepci\u00f3n lo que consideraron una maniobra como m\u00ednimo injusta.<\/p>\n<blockquote>\n<h3>D\u00edas atr\u00e1s, los popes del gobierno local, encabezados por<strong> Javier Gast\u00f3n<\/strong> y <strong>Cipriano P\u00e9rez del Cerro<\/strong>, compartieron un asado con dirigentes y referentes de La C\u00e1mpora, en donde se habr\u00edan acordado el reparto de cargos, y lugares en un hipot\u00e9tico nuevo gobierno del \u00abChapa\u00bb.<\/h3>\n<\/blockquote>\n<p>La realidad del espacio, es confusa, y muchos seguidores se han mostrado enojados por distintos motivos. Por un lado est\u00e1n los adeptos al peronismo que ven la jugada como una simple movida oportunista, carente de ideolog\u00eda y convicci\u00f3n, que se hizo para hacerse de un espacio que no les pertenec\u00eda, dejando afuera a sus leg\u00edtimos militantes, y aprovechando simplemente la oportunidad en provecho propio.<\/p>\n<blockquote>\n<h3>\u00bfQu\u00e9 sienten algunos peronistas, cuando luego de a\u00f1os de poner el cuerpo y militar, ven como \u00absu espacio\u00bb se ve copado por quienes han criticado a su \u00abjefa\u00bb y coqueteado\u00a0 con Vidal ahora liderando un espacio que no es propio, qued\u00e1ndose con lugares que no le corresponden y decidiendo quienes juegan y quienes no? Sin dudas, deber\u00e1n sentirse vilmente usurpados.<\/h3>\n<\/blockquote>\n<figure id=\"attachment_11374\" aria-describedby=\"caption-attachment-11374\" style=\"width: 790px\" class=\"wp-caption aligncenter\"><img data-recalc-dims=\"1\" loading=\"lazy\" decoding=\"async\" class=\"size-full wp-image-11374\" src=\"https:\/\/i0.wp.com\/larevistadigital.com.ar\/blog\/wp-content\/uploads\/Screenshot_1-30.jpg?resize=790%2C753&#038;ssl=1\" alt=\"\" width=\"790\" height=\"753\" srcset=\"https:\/\/i0.wp.com\/larevistadigital.com.ar\/blog\/wp-content\/uploads\/Screenshot_1-30.jpg?w=790&amp;ssl=1 790w, https:\/\/i0.wp.com\/larevistadigital.com.ar\/blog\/wp-content\/uploads\/Screenshot_1-30.jpg?resize=300%2C286&amp;ssl=1 300w, https:\/\/i0.wp.com\/larevistadigital.com.ar\/blog\/wp-content\/uploads\/Screenshot_1-30.jpg?resize=768%2C732&amp;ssl=1 768w\" sizes=\"auto, (max-width: 790px) 100vw, 790px\" \/><figcaption id=\"caption-attachment-11374\" class=\"wp-caption-text\"><strong>ALGUNAS REACCIONES NEGATIVAS<\/strong><\/figcaption><\/figure>\n<p>Por el otro lado, est\u00e1n los que de ninguna manera votar\u00edan al espacio Kirchnerista, y el arreglo con la C\u00e1mpora los decidi\u00f3 a no acompa\u00f1ar a Javier Gast\u00f3n en su af\u00e1n reeleccionista.<\/p>\n<p>Luego, est\u00e1n los partidarios que no piensan avalar con su voto una decisi\u00f3n que no comparten, y que los aleja de <strong>Gast\u00f3n<\/strong>. Esto tambi\u00e9n ocurri\u00f3 cuando el vecinalismo decidi\u00f3 sumarse al espacio de <strong>Sergio Massa<\/strong>. Algunos se apartaron del espacio.<\/p>\n<p>Por \u00faltimo, est\u00e1 el vecino independiente, que en m\u00e1s de un caso, y a trav\u00e9s de las rede sociales ha manifestado su descontento, que provoca la intenci\u00f3n de no votar al actual Intendente.<\/p>\n<p>&nbsp;<\/p>\n<p>&nbsp;<\/p>\n<p>&nbsp;<\/p>\n<p>&nbsp;<\/p>\n","protected":false},"excerpt":{"rendered":"<div class=\"mh-excerpt\"><p>Luego de dimes y diretes, en donde hubo idas, vueltas, roscas, traiciones y v\u00edctimas que quedaron en el camino, apareci\u00f3 en la p\u00e1gina de facebook del \u00abFrente de Todos\u00bb la primera im\u00e1gen que muestra a <a class=\"mh-excerpt-more\" href=\"https:\/\/larevistadigital.com.ar\/blog\/luego-del-acuerdo-con-la-campora-aparecio-la-primera-publicidad-de-javier-gaston-con-alberto-y-cristina\/\" title=\"LUEGO DEL ACUERDO CON LA CAMPORA, APARECI\u00d3 LA PRIMERA PUBLICIDAD DE JAVIER GAST\u00d3N CON ALBERTO Y CRISTINA\">[Leer M\u00e1s]<\/a><\/p>\n<\/div>","protected":false},"author":3,"featured_media":11372,"comment_status":"open","ping_status":"open","sticky":false,"template":"","format":"standard","meta":{"_jetpack_memberships_contains_paid_content":false,"footnotes":"","jetpack_publicize_message":"","jetpack_publicize_feature_enabled":true,"jetpack_social_post_already_shared":true,"jetpack_social_options":{"image_generator_settings":{"template":"highway","default_image_id":0,"font":"","enabled":false},"version":2}},"categories":[6,12],"tags":[],"class_list":{"0":"post-11371","1":"post","2":"type-post","3":"status-publish","4":"format-standard","5":"has-post-thumbnail","7":"category-chascomus","8":"category-politica"},"jetpack_publicize_connections":[],"jetpack_featured_media_url":"https:\/\/i0.wp.com\/larevistadigital.com.ar\/blog\/wp-content\/uploads\/67832593_2487717961271210_6833079581075832832_o.jpg?fit=1280%2C907&ssl=1","jetpack_sharing_enabled":true,"jetpack_shortlink":"https:\/\/wp.me\/p8qtrQ-2Xp","jetpack-related-posts":[{"id":11481,"url":"https:\/\/larevistadigital.com.ar\/blog\/fuerte-apoyo-de-la-campora-a-javier-gaston-con-mesas-militancia-y-dirigentes-locales-en-las-calles-de-chascomus\/","url_meta":{"origin":11371,"position":0},"title":"FUERTE APOYO DE LA CAMPORA A JAVIER GAST\u00d3N,  CON MESAS, MILITANCIA Y DIRIGENTES LOCALES EN LAS CALLES DE CHASCOM\u00daS","author":"Alejandro Sosa Ruda","date":"25 julio, 2019","format":false,"excerpt":"En la tarde de hoy, un grupo de militantes de la agrupaci\u00f3n pol\u00edtica de M\u00e1ximo Kirchner, \"La Campora\" , \u00a0colocaron una mesa en la puerta de Banco Provincia de Chascom\u00fas, donde repartieron volantes e hicieron campa\u00f1a por la reelecci\u00f3n de Javier Gast\u00f3n como intendente de Chascom\u00fas, Axel Kicillof como gobernador,\u2026","rel":"","context":"En \u00abDESTACADAS\u00bb","block_context":{"text":"DESTACADAS","link":"https:\/\/larevistadigital.com.ar\/blog\/category\/destacadas\/"},"img":{"alt_text":"","src":"https:\/\/i0.wp.com\/larevistadigital.com.ar\/blog\/wp-content\/uploads\/frente-de-todos-chascomus-1.jpg?fit=775%2C678&ssl=1&resize=350%2C200","width":350,"height":200,"srcset":"https:\/\/i0.wp.com\/larevistadigital.com.ar\/blog\/wp-content\/uploads\/frente-de-todos-chascomus-1.jpg?fit=775%2C678&ssl=1&resize=350%2C200 1x, https:\/\/i0.wp.com\/larevistadigital.com.ar\/blog\/wp-content\/uploads\/frente-de-todos-chascomus-1.jpg?fit=775%2C678&ssl=1&resize=525%2C300 1.5x, https:\/\/i0.wp.com\/larevistadigital.com.ar\/blog\/wp-content\/uploads\/frente-de-todos-chascomus-1.jpg?fit=775%2C678&ssl=1&resize=700%2C400 2x"},"classes":[]},{"id":11600,"url":"https:\/\/larevistadigital.com.ar\/blog\/el-chapamovil-rodo-todo-el-fin-de-semana-en-chascomus-con-carteles-de-javier-gaston-junto-a-cristina-y-alberto\/","url_meta":{"origin":11371,"position":1},"title":"EL \u00abCHAPAM\u00d3VIL\u00bb ROD\u00d3 TODO EL FIN DE SEMANA EN CHASCOM\u00daS CON CARTELES DE JAVIER GASTON, JUNTO A CRISTINA Y ALBERTO","author":"Alejandro Sosa Ruda","date":"28 julio, 2019","format":false,"excerpt":"La campa\u00f1a arranc\u00f3 con mucha fuerza, y el Frente de Todos, comandado por el candidato a intendente Javier Gast\u00f3n y sobre todo la militancia de La Campora, han puesto de manifiesto en las calles de la ciudad de Chascom\u00fas que su arreglo de campa\u00f1a y posterior gobierno no se ha\u2026","rel":"","context":"En \u00abDESTACADAS\u00bb","block_context":{"text":"DESTACADAS","link":"https:\/\/larevistadigital.com.ar\/blog\/category\/destacadas\/"},"img":{"alt_text":"","src":"https:\/\/i0.wp.com\/larevistadigital.com.ar\/blog\/wp-content\/uploads\/chapamovil-chascomus.jpeg?fit=720%2C540&ssl=1&resize=350%2C200","width":350,"height":200,"srcset":"https:\/\/i0.wp.com\/larevistadigital.com.ar\/blog\/wp-content\/uploads\/chapamovil-chascomus.jpeg?fit=720%2C540&ssl=1&resize=350%2C200 1x, https:\/\/i0.wp.com\/larevistadigital.com.ar\/blog\/wp-content\/uploads\/chapamovil-chascomus.jpeg?fit=720%2C540&ssl=1&resize=525%2C300 1.5x, https:\/\/i0.wp.com\/larevistadigital.com.ar\/blog\/wp-content\/uploads\/chapamovil-chascomus.jpeg?fit=720%2C540&ssl=1&resize=700%2C400 2x"},"classes":[]},{"id":11791,"url":"https:\/\/larevistadigital.com.ar\/blog\/larramendy-nego-divisiones-y-reafirmo-la-presencia-de-la-campora-en-la-lista-y-un-futuro-segundo-mandato-de-javier-gaston\/","url_meta":{"origin":11371,"position":2},"title":"LARRAMENDY NEG\u00d3 DIVISI\u00d3NES, Y REAFIRM\u00d3 LA PRESENCIA DE LA CAMPORA EN LA LISTA Y UN FUTURO SEGUNDO MANDATO DE JAVIER GAST\u00d3N","author":"Alejandro Sosa Ruda","date":"9 agosto, 2019","format":false,"excerpt":"El candidato a concejal camporista sostuvo que vienen trabajando todos juntos en un marco de cordialidad y respeto H\u00e9ctor Larramendi, actual concejal fue entrevistado en la Radio FM 97,3 Por siempre y se refiri\u00f3 a las problem\u00e1ticas que se viven a nivel nacional, remarcando la mala situaci\u00f3n econ\u00f3mica que sufren\u2026","rel":"","context":"En \u00abINTERES GENERAL\u00bb","block_context":{"text":"INTERES GENERAL","link":"https:\/\/larevistadigital.com.ar\/blog\/category\/interes-general\/"},"img":{"alt_text":"","src":"https:\/\/i0.wp.com\/larevistadigital.com.ar\/blog\/wp-content\/uploads\/WhatsApp-Image-2019-08-07-at-19.48.36.jpeg?fit=720%2C402&ssl=1&resize=350%2C200","width":350,"height":200,"srcset":"https:\/\/i0.wp.com\/larevistadigital.com.ar\/blog\/wp-content\/uploads\/WhatsApp-Image-2019-08-07-at-19.48.36.jpeg?fit=720%2C402&ssl=1&resize=350%2C200 1x, https:\/\/i0.wp.com\/larevistadigital.com.ar\/blog\/wp-content\/uploads\/WhatsApp-Image-2019-08-07-at-19.48.36.jpeg?fit=720%2C402&ssl=1&resize=525%2C300 1.5x, https:\/\/i0.wp.com\/larevistadigital.com.ar\/blog\/wp-content\/uploads\/WhatsApp-Image-2019-08-07-at-19.48.36.jpeg?fit=720%2C402&ssl=1&resize=700%2C400 2x"},"classes":[]},{"id":11771,"url":"https:\/\/larevistadigital.com.ar\/blog\/hasta-que-punto-el-doble-juego-afectara-la-eleccion-de-javier-gaston\/","url_meta":{"origin":11371,"position":3},"title":"\u00bfHASTA QU\u00c9 PUNTO EL \u00abDOBLE JUEGO\u00bb AFECTAR\u00c1 LA ELECCI\u00d3N DE JAVIER GAST\u00d3N?","author":"Alejandro Sosa Ruda","date":"9 agosto, 2019","format":false,"excerpt":"Estamos pr\u00f3ximos a una nueva elecci\u00f3n. Una de las m\u00e1s importantes, ya que se trata de elegir Presidente, Gobernador e Intendente. Es decir, una elecci\u00f3n en la que se definir\u00e1n los distintos representantes de los poderes ejecutivos nacional, provincial y comunal que regir\u00e1n los destinos de los lugares que correspondan.\u2026","rel":"","context":"En \u00abDESTACADAS\u00bb","block_context":{"text":"DESTACADAS","link":"https:\/\/larevistadigital.com.ar\/blog\/category\/destacadas\/"},"img":{"alt_text":"","src":"https:\/\/i0.wp.com\/larevistadigital.com.ar\/blog\/wp-content\/uploads\/Screenshot_1-2-1.jpg?fit=624%2C334&ssl=1&resize=350%2C200","width":350,"height":200,"srcset":"https:\/\/i0.wp.com\/larevistadigital.com.ar\/blog\/wp-content\/uploads\/Screenshot_1-2-1.jpg?fit=624%2C334&ssl=1&resize=350%2C200 1x, https:\/\/i0.wp.com\/larevistadigital.com.ar\/blog\/wp-content\/uploads\/Screenshot_1-2-1.jpg?fit=624%2C334&ssl=1&resize=525%2C300 1.5x"},"classes":[]},{"id":10759,"url":"https:\/\/larevistadigital.com.ar\/blog\/chascomus-publicaron-en-facebook-la-lista-de-la-coalicion-entre-gaston-y-la-campora\/","url_meta":{"origin":11371,"position":4},"title":"CHASCOM\u00daS: PUBLICARON EN FACEBOOK LA LISTA DE LA COALICI\u00d3N ENTRE GAST\u00d3N Y LA C\u00c1MPORA","author":"Alejandro Sosa Ruda","date":"24 junio, 2019","format":false,"excerpt":"Finalmente, el oficialismo local public\u00f3 en las redes sociales la lista que acompa\u00f1ar\u00e1 la candidatura de Javier Gast\u00f3n en el Frente de Todos, para los comicios de este a\u00f1o. Luego de una pelea en la que el vecinalismo logr\u00f3 intercediendo ante Sergio Massa que convenci\u00f3 a M\u00e1ximo Kirchner a bajar\u2026","rel":"","context":"En \u00abPOLITICA\u00bb","block_context":{"text":"POLITICA","link":"https:\/\/larevistadigital.com.ar\/blog\/category\/politica\/"},"img":{"alt_text":"","src":"https:\/\/i0.wp.com\/larevistadigital.com.ar\/blog\/wp-content\/uploads\/0023187914.jpg?fit=1046%2C590&ssl=1&resize=350%2C200","width":350,"height":200,"srcset":"https:\/\/i0.wp.com\/larevistadigital.com.ar\/blog\/wp-content\/uploads\/0023187914.jpg?fit=1046%2C590&ssl=1&resize=350%2C200 1x, https:\/\/i0.wp.com\/larevistadigital.com.ar\/blog\/wp-content\/uploads\/0023187914.jpg?fit=1046%2C590&ssl=1&resize=525%2C300 1.5x, https:\/\/i0.wp.com\/larevistadigital.com.ar\/blog\/wp-content\/uploads\/0023187914.jpg?fit=1046%2C590&ssl=1&resize=700%2C400 2x"},"classes":[]},{"id":11666,"url":"https:\/\/larevistadigital.com.ar\/blog\/chascomus-el-chapamovil-llego-a-portales-provinciales-por-las-infracciones-que-comete\/","url_meta":{"origin":11371,"position":5},"title":"CHASCOM\u00daS: EL CHAPAM\u00d3VIL LLEG\u00d3 A PORTALES PROVINCIALES (POR LAS INFRACCIONES QUE COMETE)","author":"Alejandro Sosa Ruda","date":"31 julio, 2019","format":false,"excerpt":"Luego de sorprender a los vecinos de Chascom\u00fas con su presencia en barrios y calles de la ciudad, el \"Chapam\u00f3vil\" lleg\u00f3 a un portal provincial, en donde se destaca la presencia del mismo, pero no por lo original, ni por lo pintoresco, sin\u00f3 por la cantidad de infracciones que comete\u2026","rel":"","context":"En \u00abDESTACADAS\u00bb","block_context":{"text":"DESTACADAS","link":"https:\/\/larevistadigital.com.ar\/blog\/category\/destacadas\/"},"img":{"alt_text":"","src":"https:\/\/i0.wp.com\/larevistadigital.com.ar\/blog\/wp-content\/uploads\/Screenshot_2-29.jpg?fit=902%2C938&ssl=1&resize=350%2C200","width":350,"height":200,"srcset":"https:\/\/i0.wp.com\/larevistadigital.com.ar\/blog\/wp-content\/uploads\/Screenshot_2-29.jpg?fit=902%2C938&ssl=1&resize=350%2C200 1x, https:\/\/i0.wp.com\/larevistadigital.com.ar\/blog\/wp-content\/uploads\/Screenshot_2-29.jpg?fit=902%2C938&ssl=1&resize=525%2C300 1.5x, https:\/\/i0.wp.com\/larevistadigital.com.ar\/blog\/wp-content\/uploads\/Screenshot_2-29.jpg?fit=902%2C938&ssl=1&resize=700%2C400 2x"},"classes":[]}],"_links":{"self":[{"href":"https:\/\/larevistadigital.com.ar\/blog\/wp-json\/wp\/v2\/posts\/11371","targetHints":{"allow":["GET"]}}],"collection":[{"href":"https:\/\/larevistadigital.com.ar\/blog\/wp-json\/wp\/v2\/posts"}],"about":[{"href":"https:\/\/larevistadigital.com.ar\/blog\/wp-json\/wp\/v2\/types\/post"}],"author":[{"embeddable":true,"href":"https:\/\/larevistadigital.com.ar\/blog\/wp-json\/wp\/v2\/users\/3"}],"replies":[{"embeddable":true,"href":"https:\/\/larevistadigital.com.ar\/blog\/wp-json\/wp\/v2\/comments?post=11371"}],"version-history":[{"count":2,"href":"https:\/\/larevistadigital.com.ar\/blog\/wp-json\/wp\/v2\/posts\/11371\/revisions"}],"predecessor-version":[{"id":11375,"href":"https:\/\/larevistadigital.com.ar\/blog\/wp-json\/wp\/v2\/posts\/11371\/revisions\/11375"}],"wp:featuredmedia":[{"embeddable":true,"href":"https:\/\/larevistadigital.com.ar\/blog\/wp-json\/wp\/v2\/media\/11372"}],"wp:attachment":[{"href":"https:\/\/larevistadigital.com.ar\/blog\/wp-json\/wp\/v2\/media?parent=11371"}],"wp:term":[{"taxonomy":"category","embeddable":true,"href":"https:\/\/larevistadigital.com.ar\/blog\/wp-json\/wp\/v2\/categories?post=11371"},{"taxonomy":"post_tag","embeddable":true,"href":"https:\/\/larevistadigital.com.ar\/blog\/wp-json\/wp\/v2\/tags?post=11371"}],"curies":[{"name":"wp","href":"https:\/\/api.w.org\/{rel}","templated":true}]}}