{"id":11377,"date":"2019-07-19T17:04:52","date_gmt":"2019-07-19T17:04:52","guid":{"rendered":"https:\/\/larevistadigital.com.ar\/blog\/?p=11377"},"modified":"2019-07-19T17:04:52","modified_gmt":"2019-07-19T17:04:52","slug":"la-vtv-aumentaria-aproximadamente-un-30","status":"publish","type":"post","link":"https:\/\/larevistadigital.com.ar\/blog\/la-vtv-aumentaria-aproximadamente-un-30\/","title":{"rendered":"LA VTV AUMENTAR\u00cdA APROXIMADAMENTE UN 30%"},"content":{"rendered":"<h2><strong>La medida, dispuesta en una resoluci\u00f3n del Bolet\u00edn Oficial, establece un aumento del 26,4\u00a0 % que se implementar\u00e1 a partir de este viernes<\/strong>.<\/h2>\n<p>La verificaci\u00f3n t\u00e9cnica vehicular, que consiste en un r\u00e9gimen de inspecciones t\u00e9cnicas aranceladas, peri\u00f3dicas y obligatorias, aplicables a todos los veh\u00edculos matriculados en la provincia de\u00a0Buenos Aires, subir\u00e1 a partir del\u00a0 viernes un 26,4%.<\/p>\n<p><i><strong>\u201cAprobar, a partir de la fecha de publicaci\u00f3n de la presente, el valor m\u00e1ximo de la tarifa b\u00e1sica del servicio de verificaci\u00f3n t\u00e9cnica vehicular (\u00a0VTV) de la provincia de\u00a0Buenos Aires\u00a0en la suma de $ 916,35 m\u00e1s el Impuesto al Valor Agregado\u201d<\/strong>,\u00a0<\/i>inform\u00f3 el bolet\u00edn oficial, que lleva tambi\u00e9n la firma del ministro de\u00a0 Infraestructura,<strong> Roberto\u00a0 Gigante<\/strong><i>, en la Resoluci\u00f3n 1029.<\/i><\/p>\n<p>A partir de esta tarifa b\u00e1sica es que se reconfiguraron los montos de las dem\u00e1s categor\u00edas. Siendo as\u00ed, los motoveh\u00edculos pagar\u00e1n $332.64; los veh\u00edculos livianos $1.108.78; los veh\u00edculos de m\u00e1s de 2.500 kg. $1.995.81; los remolques y acoplados livianos $554.39; y los Remolques y acoplados de m\u00e1s de 2.500 kg. $997.91.<\/p>\n<p>Por otra parte, los que tengan la VTV vigente pagar\u00e1n los siguientes montos:\u00a0motoveh\u00edculos $166.32; veh\u00edculos livianos $ 1.025.62; veh\u00edculos de m\u00e1s de 2500 kg. $1.846.12; remolques y acoplados livianos $512.81; y remolques y acoplados de m\u00e1s de 2.500 kg. $923.06<\/p>\n","protected":false},"excerpt":{"rendered":"<div class=\"mh-excerpt\"><p>La medida, dispuesta en una resoluci\u00f3n del Bolet\u00edn Oficial, establece un aumento del 26,4\u00a0 % que se implementar\u00e1 a partir de este viernes. La verificaci\u00f3n t\u00e9cnica vehicular, que consiste en un r\u00e9gimen de inspecciones t\u00e9cnicas <a class=\"mh-excerpt-more\" href=\"https:\/\/larevistadigital.com.ar\/blog\/la-vtv-aumentaria-aproximadamente-un-30\/\" title=\"LA VTV AUMENTAR\u00cdA APROXIMADAMENTE UN 30%\">[Leer M\u00e1s]<\/a><\/p>\n<\/div>","protected":false},"author":3,"featured_media":11378,"comment_status":"open","ping_status":"open","sticky":false,"template":"","format":"standard","meta":{"_jetpack_memberships_contains_paid_content":false,"footnotes":"","jetpack_publicize_message":"","jetpack_publicize_feature_enabled":true,"jetpack_social_post_already_shared":true,"jetpack_social_options":{"image_generator_settings":{"template":"highway","default_image_id":0,"font":"","enabled":false},"version":2}},"categories":[50],"tags":[],"class_list":{"0":"post-11377","1":"post","2":"type-post","3":"status-publish","4":"format-standard","5":"has-post-thumbnail","7":"category-interes-general"},"jetpack_publicize_connections":[],"jetpack_featured_media_url":"https:\/\/i0.wp.com\/larevistadigital.com.ar\/blog\/wp-content\/uploads\/0030385135.jpg?fit=1000%2C540&ssl=1","jetpack_sharing_enabled":true,"jetpack_shortlink":"https:\/\/wp.me\/p8qtrQ-2Xv","jetpack-related-posts":[{"id":27364,"url":"https:\/\/larevistadigital.com.ar\/blog\/en-territorio-bonaerense-la-vtv-costara-un-4652-mas\/","url_meta":{"origin":11377,"position":0},"title":"EN TERRITORIO BONAERENSE LA VTV COSTAR\u00c1 UN 46,52% M\u00c1S","author":"Alejandro Sosa Ruda","date":"29 agosto, 2022","format":false,"excerpt":"En junio pasado las empresas concesionarias de la VTV, a trav\u00e9s de la C\u00e1mara Argentina de Verificadores de Automotores (CAVEA) hab\u00edam pedido a la Direcci\u00f3n Provincial de Verificaci\u00f3n T\u00e9cnica Vehicular una revisi\u00f3n extraordinaria de tarifas, en medio de la escalada inflacionaria. 29 de agosto de 2022 \u00a0El Gobierno bonaerense aprob\u00f3\u2026","rel":"","context":"En \u00abPOLITICA PROVINCIAL\u00bb","block_context":{"text":"POLITICA PROVINCIAL","link":"https:\/\/larevistadigital.com.ar\/blog\/category\/politica\/politica-provincial\/"},"img":{"alt_text":"","src":"https:\/\/i0.wp.com\/larevistadigital.com.ar\/blog\/wp-content\/uploads\/20220829185613_vtv.png?fit=880%2C512&ssl=1&resize=350%2C200","width":350,"height":200,"srcset":"https:\/\/i0.wp.com\/larevistadigital.com.ar\/blog\/wp-content\/uploads\/20220829185613_vtv.png?fit=880%2C512&ssl=1&resize=350%2C200 1x, https:\/\/i0.wp.com\/larevistadigital.com.ar\/blog\/wp-content\/uploads\/20220829185613_vtv.png?fit=880%2C512&ssl=1&resize=525%2C300 1.5x, https:\/\/i0.wp.com\/larevistadigital.com.ar\/blog\/wp-content\/uploads\/20220829185613_vtv.png?fit=880%2C512&ssl=1&resize=700%2C400 2x"},"classes":[]},{"id":30360,"url":"https:\/\/larevistadigital.com.ar\/blog\/algo-mas-anuncian-un-aumento-al-doble-de-la-vtv-en-la-pcia-de-bs-as\/","url_meta":{"origin":11377,"position":1},"title":"ALGO M\u00c1S?&#8230; ANUNCIAN UN AUMENTO AL DOBLE DE LA VTV EN LA PCIA. DE BS. AS.","author":"Alejandro Sosa Ruda","date":"3 marzo, 2023","format":false,"excerpt":"Los valores actualizados a partir de este mes son los siguientes: motocicletas: $ 1.512, veh\u00edculos de hasta 2500 kg: $ 5.040; veh\u00edculos de m\u00e1s de 2500 kg: $ 9.072. En tanto, los remolques, semirremolques y acoplados de hasta 2500 kg costar\u00e1n $ 2.520 y remolques, semirremolques y acoplados de m\u00e1s\u2026","rel":"","context":"En \u00abPOLITICA PROVINCIAL\u00bb","block_context":{"text":"POLITICA PROVINCIAL","link":"https:\/\/larevistadigital.com.ar\/blog\/category\/politica\/politica-provincial\/"},"img":{"alt_text":"","src":"https:\/\/i0.wp.com\/larevistadigital.com.ar\/blog\/wp-content\/uploads\/20230303171824_vtv-bahiablanca.jpg?fit=880%2C512&ssl=1&resize=350%2C200","width":350,"height":200,"srcset":"https:\/\/i0.wp.com\/larevistadigital.com.ar\/blog\/wp-content\/uploads\/20230303171824_vtv-bahiablanca.jpg?fit=880%2C512&ssl=1&resize=350%2C200 1x, https:\/\/i0.wp.com\/larevistadigital.com.ar\/blog\/wp-content\/uploads\/20230303171824_vtv-bahiablanca.jpg?fit=880%2C512&ssl=1&resize=525%2C300 1.5x, https:\/\/i0.wp.com\/larevistadigital.com.ar\/blog\/wp-content\/uploads\/20230303171824_vtv-bahiablanca.jpg?fit=880%2C512&ssl=1&resize=700%2C400 2x"},"classes":[]},{"id":23600,"url":"https:\/\/larevistadigital.com.ar\/blog\/malas-noticias-aumenta-la-vtv-para-las-verificaciones-2022\/","url_meta":{"origin":11377,"position":2},"title":"MALAS NOTICIAS: AUMENTA LA VTV PARA LAS VERIFICACIONES 2022","author":"Alejandro Sosa Ruda","date":"27 enero, 2022","format":false,"excerpt":"Las autoridades del Gobierno de la Provincia de Buenos Aires, comunicaron p\u00fablicamente y decretaron algunas pautas con respecto a turnos y precios en el tr\u00e1mite anual de verificaci\u00f3n. Tras la actualizaci\u00f3n de la modalidad de turnos, el servicio de verificaci\u00f3n t\u00e9cnica vehicular (VTV) de la provincia de Buenos Aires fij\u00f3\u2026","rel":"","context":"En \u00abINTERES GENERAL\u00bb","block_context":{"text":"INTERES GENERAL","link":"https:\/\/larevistadigital.com.ar\/blog\/category\/interes-general\/"},"img":{"alt_text":"","src":"https:\/\/i0.wp.com\/larevistadigital.com.ar\/blog\/wp-content\/uploads\/1643288855897.jpg?fit=1192%2C675&ssl=1&resize=350%2C200","width":350,"height":200,"srcset":"https:\/\/i0.wp.com\/larevistadigital.com.ar\/blog\/wp-content\/uploads\/1643288855897.jpg?fit=1192%2C675&ssl=1&resize=350%2C200 1x, https:\/\/i0.wp.com\/larevistadigital.com.ar\/blog\/wp-content\/uploads\/1643288855897.jpg?fit=1192%2C675&ssl=1&resize=525%2C300 1.5x, https:\/\/i0.wp.com\/larevistadigital.com.ar\/blog\/wp-content\/uploads\/1643288855897.jpg?fit=1192%2C675&ssl=1&resize=700%2C400 2x, https:\/\/i0.wp.com\/larevistadigital.com.ar\/blog\/wp-content\/uploads\/1643288855897.jpg?fit=1192%2C675&ssl=1&resize=1050%2C600 3x"},"classes":[]},{"id":38028,"url":"https:\/\/larevistadigital.com.ar\/blog\/la-vtv-vuelve-a-aumentar-en-diciembre-a-casi-54-mil-pesos\/","url_meta":{"origin":11377,"position":3},"title":"La VTV vuelve a aumentar en diciembre a casi 54 mil pesos","author":"Alejandro Sosa Ruda","date":"30 noviembre, 2024","format":false,"excerpt":"La Verificaci\u00f3n T\u00e9cnica Vehicular tendr\u00e1 otro incremento desde febrero del 2025. C\u00f3mo quedaron las tarifas. El siguiente aumento ser\u00e1 en febrero de 2025, 30 de Noviembre de 2024 El costo del tr\u00e1mite por la Verificaci\u00f3n T\u00e9cnica Vehicular (VTV) vuelve a aumentar desde el 1\u00b0 de diciembre un 21,83% y el\u2026","rel":"","context":"En \u00abINTERES GENERAL\u00bb","block_context":{"text":"INTERES GENERAL","link":"https:\/\/larevistadigital.com.ar\/blog\/category\/interes-general\/"},"img":{"alt_text":"","src":"https:\/\/i0.wp.com\/larevistadigital.com.ar\/blog\/wp-content\/uploads\/20241129200132_vtv-en-la-provincia-de-buenos-aires.jpg?fit=880%2C512&ssl=1&resize=350%2C200","width":350,"height":200,"srcset":"https:\/\/i0.wp.com\/larevistadigital.com.ar\/blog\/wp-content\/uploads\/20241129200132_vtv-en-la-provincia-de-buenos-aires.jpg?fit=880%2C512&ssl=1&resize=350%2C200 1x, https:\/\/i0.wp.com\/larevistadigital.com.ar\/blog\/wp-content\/uploads\/20241129200132_vtv-en-la-provincia-de-buenos-aires.jpg?fit=880%2C512&ssl=1&resize=525%2C300 1.5x, https:\/\/i0.wp.com\/larevistadigital.com.ar\/blog\/wp-content\/uploads\/20241129200132_vtv-en-la-provincia-de-buenos-aires.jpg?fit=880%2C512&ssl=1&resize=700%2C400 2x"},"classes":[]},{"id":32600,"url":"https:\/\/larevistadigital.com.ar\/blog\/atencion-cual-es-el-nuevo-requisito-obligatorio-para-pasar-la-vtv\/","url_meta":{"origin":11377,"position":4},"title":"ATENCI\u00d3N: \u00bfCU\u00c1L ES EL NUEVO REQUISITO OBLIGATORIO PARA PASAR LA VTV?","author":"Alejandro Sosa Ruda","date":"26 julio, 2023","format":false,"excerpt":"La medida busca agilizar y facilitar los mecanismo de la atenci\u00f3n y aplica a toda persona f\u00edsica o jur\u00eddica mayor de 18 a\u00f1os. 25 de julio de 2023 BUENOS AIRES -\u00a0 El Ministerio de Transporte de la provincia de Buenos Aires confirm\u00f3 la obligatoriedad de un nuevo requisito para realizar\u2026","rel":"","context":"En \u00abREGIONALES\u00bb","block_context":{"text":"REGIONALES","link":"https:\/\/larevistadigital.com.ar\/blog\/category\/regionales\/"},"img":{"alt_text":"","src":"https:\/\/i0.wp.com\/larevistadigital.com.ar\/blog\/wp-content\/uploads\/1638796600030.jpg?fit=1200%2C594&ssl=1&resize=350%2C200","width":350,"height":200,"srcset":"https:\/\/i0.wp.com\/larevistadigital.com.ar\/blog\/wp-content\/uploads\/1638796600030.jpg?fit=1200%2C594&ssl=1&resize=350%2C200 1x, https:\/\/i0.wp.com\/larevistadigital.com.ar\/blog\/wp-content\/uploads\/1638796600030.jpg?fit=1200%2C594&ssl=1&resize=525%2C300 1.5x, https:\/\/i0.wp.com\/larevistadigital.com.ar\/blog\/wp-content\/uploads\/1638796600030.jpg?fit=1200%2C594&ssl=1&resize=700%2C400 2x, https:\/\/i0.wp.com\/larevistadigital.com.ar\/blog\/wp-content\/uploads\/1638796600030.jpg?fit=1200%2C594&ssl=1&resize=1050%2C600 3x"},"classes":[]},{"id":23129,"url":"https:\/\/larevistadigital.com.ar\/blog\/el-gobierno-provincial-resolvio-que-la-vtv-sera-de-acuerdo-a-la-patente-como-se-instrumentara-y-cuanto-costara\/","url_meta":{"origin":11377,"position":5},"title":"EL GOBIERNO PROVINCIAL RESOLVI\u00d3 QUE LA VTV SER\u00c1 DE ACUERDO A LA PATENTE: \u00bfC\u00d3MO SE INSTRUMENTAR\u00c1 Y CU\u00c1NTO COSTAR\u00c1?","author":"Alejandro Sosa Ruda","date":"1 enero, 2022","format":false,"excerpt":"El Ministerio de Infraestructura y Servicios P\u00fablicos aprob\u00f3 el nuevo ordenamiento de concurrencia a la VTV por n\u00famero de patente. \u00bfY los precios? Mediante la Resoluci\u00f3n 2002\/2021 del\u00a0Gobierno de la Provincia de Buenos Aires, espec\u00edficamente el\u00a0Ministerio de Infraestructura y Servicios P\u00fablicos que comanda el ex intendente de Malvinas Argentinas, Leonardo\u2026","rel":"","context":"En \u00abINTERES GENERAL\u00bb","block_context":{"text":"INTERES GENERAL","link":"https:\/\/larevistadigital.com.ar\/blog\/category\/interes-general\/"},"img":{"alt_text":"","src":"https:\/\/i0.wp.com\/larevistadigital.com.ar\/blog\/wp-content\/uploads\/vtv-dic-2021.jpg?fit=887%2C475&ssl=1&resize=350%2C200","width":350,"height":200,"srcset":"https:\/\/i0.wp.com\/larevistadigital.com.ar\/blog\/wp-content\/uploads\/vtv-dic-2021.jpg?fit=887%2C475&ssl=1&resize=350%2C200 1x, https:\/\/i0.wp.com\/larevistadigital.com.ar\/blog\/wp-content\/uploads\/vtv-dic-2021.jpg?fit=887%2C475&ssl=1&resize=525%2C300 1.5x, https:\/\/i0.wp.com\/larevistadigital.com.ar\/blog\/wp-content\/uploads\/vtv-dic-2021.jpg?fit=887%2C475&ssl=1&resize=700%2C400 2x"},"classes":[]}],"_links":{"self":[{"href":"https:\/\/larevistadigital.com.ar\/blog\/wp-json\/wp\/v2\/posts\/11377","targetHints":{"allow":["GET"]}}],"collection":[{"href":"https:\/\/larevistadigital.com.ar\/blog\/wp-json\/wp\/v2\/posts"}],"about":[{"href":"https:\/\/larevistadigital.com.ar\/blog\/wp-json\/wp\/v2\/types\/post"}],"author":[{"embeddable":true,"href":"https:\/\/larevistadigital.com.ar\/blog\/wp-json\/wp\/v2\/users\/3"}],"replies":[{"embeddable":true,"href":"https:\/\/larevistadigital.com.ar\/blog\/wp-json\/wp\/v2\/comments?post=11377"}],"version-history":[{"count":1,"href":"https:\/\/larevistadigital.com.ar\/blog\/wp-json\/wp\/v2\/posts\/11377\/revisions"}],"predecessor-version":[{"id":11379,"href":"https:\/\/larevistadigital.com.ar\/blog\/wp-json\/wp\/v2\/posts\/11377\/revisions\/11379"}],"wp:featuredmedia":[{"embeddable":true,"href":"https:\/\/larevistadigital.com.ar\/blog\/wp-json\/wp\/v2\/media\/11378"}],"wp:attachment":[{"href":"https:\/\/larevistadigital.com.ar\/blog\/wp-json\/wp\/v2\/media?parent=11377"}],"wp:term":[{"taxonomy":"category","embeddable":true,"href":"https:\/\/larevistadigital.com.ar\/blog\/wp-json\/wp\/v2\/categories?post=11377"},{"taxonomy":"post_tag","embeddable":true,"href":"https:\/\/larevistadigital.com.ar\/blog\/wp-json\/wp\/v2\/tags?post=11377"}],"curies":[{"name":"wp","href":"https:\/\/api.w.org\/{rel}","templated":true}]}}