{"id":11381,"date":"2019-07-20T16:39:43","date_gmt":"2019-07-20T16:39:43","guid":{"rendered":"https:\/\/larevistadigital.com.ar\/blog\/?p=11381"},"modified":"2019-07-20T16:55:58","modified_gmt":"2019-07-20T16:55:58","slug":"murio-atacado-por-una-jauria","status":"publish","type":"post","link":"https:\/\/larevistadigital.com.ar\/blog\/murio-atacado-por-una-jauria\/","title":{"rendered":"MURI\u00d3 ATACADO POR UNA JAUR\u00cdA"},"content":{"rendered":"<h2><em>Ocurri\u00f3 esta madrugada, cuando un joven de 37 a\u00f1os fue atacado por varios canes. Sufri\u00f3 heridas de gravedad de y fue trasladado al HIGA, donde falleci\u00f3 esta ma\u00f1ana.<\/em><\/h2>\n<p>Un hombre de 37 a\u00f1os falleci\u00f3 esta ma\u00f1ana en el Hospital Interzonal General de Agudos (HIGA) como consecuencia de las heridas que sufri\u00f3 tras ser\u00a0atacado durante la madrugada por<strong>\u00a0una jaur\u00eda de pitbulls<\/strong>\u00a0en la vecina localidad de Miramar.<\/p>\n<p>La v\u00edctima fue identificada como\u00a0<strong>Adri\u00e1n Macauda, oriundo de Rosario,\u00a0<\/strong>y por su muerte la Justicia inici\u00f3 una causa por homicidio culposo, que qued\u00f3 a cargo de la Fiscal\u00eda N\u00b011.<\/p>\n<blockquote>\n<h3>El hecho se registr\u00f3 pasadas las 1.30 de la madrugada en calle 31 entre 68 y 70. Vecinos hab\u00edan llamado desesperados al 911 para solicitar ayuda ya que hab\u00edan advertido que un hombre hab\u00eda sido atacado por una jaur\u00eda de pitbulls de la zona.<\/h3>\n<\/blockquote>\n<p>Personal del Comando de Patrullas fue inmediatamente hasta el lugar y al llegar encontr\u00f3 a la v\u00edctima tendida en el suela herida de gravedad, por lo que lo trasladaron de urgencia al nosocomio de Miramar.<\/p>\n<p>Por la gravedad de las heridas,\u00a0<strong>Macauda\u00a0<\/strong>fue derivado al Hospital Interzonal, donde a poco de llegar falleci\u00f3.<\/p>\n<p>FUENTE LA CAPITAL<\/p>\n","protected":false},"excerpt":{"rendered":"<div class=\"mh-excerpt\"><p>Ocurri\u00f3 esta madrugada, cuando un joven de 37 a\u00f1os fue atacado por varios canes. Sufri\u00f3 heridas de gravedad de y fue trasladado al HIGA, donde falleci\u00f3 esta ma\u00f1ana. Un hombre de 37 a\u00f1os falleci\u00f3 esta <a class=\"mh-excerpt-more\" href=\"https:\/\/larevistadigital.com.ar\/blog\/murio-atacado-por-una-jauria\/\" title=\"MURI\u00d3 ATACADO POR UNA JAUR\u00cdA\">[Leer M\u00e1s]<\/a><\/p>\n<\/div>","protected":false},"author":3,"featured_media":11382,"comment_status":"open","ping_status":"open","sticky":false,"template":"","format":"standard","meta":{"_jetpack_memberships_contains_paid_content":false,"footnotes":"","jetpack_publicize_message":"","jetpack_publicize_feature_enabled":true,"jetpack_social_post_already_shared":true,"jetpack_social_options":{"image_generator_settings":{"template":"highway","default_image_id":0,"font":"","enabled":false},"version":2}},"categories":[51],"tags":[],"class_list":{"0":"post-11381","1":"post","2":"type-post","3":"status-publish","4":"format-standard","5":"has-post-thumbnail","7":"category-regionales"},"jetpack_publicize_connections":[],"jetpack_featured_media_url":"https:\/\/i0.wp.com\/larevistadigital.com.ar\/blog\/wp-content\/uploads\/MIRAMAR-PITBULLS-1024x576.jpg?fit=1024%2C576&ssl=1","jetpack_sharing_enabled":true,"jetpack_shortlink":"https:\/\/wp.me\/p8qtrQ-2Xz","jetpack-related-posts":[{"id":24960,"url":"https:\/\/larevistadigital.com.ar\/blog\/hombre-muere-atacado-por-una-jauria\/","url_meta":{"origin":11381,"position":0},"title":"HOMBRE MUERE ATACADO POR UNA JAUR\u00cdA","author":"Alejandro Sosa Ruda","date":"4 abril, 2022","format":false,"excerpt":"Sucedi\u00f3 en San Juan. La v\u00edctima ten\u00eda 53 a\u00f1os y estaba trabajando en un predio de tratamiento de residuos. Lo atacaron al menos 10 animales. Sus compa\u00f1eros lograron rescataron, pero falleci\u00f3 camino al hospital. Un hombre de 53 a\u00f1os muri\u00f3 ayer tras ser atacado por al menos 10 perros callejeros\u2026","rel":"","context":"En \u00abINTERES GENERAL\u00bb","block_context":{"text":"INTERES GENERAL","link":"https:\/\/larevistadigital.com.ar\/blog\/category\/interes-general\/"},"img":{"alt_text":"","src":"https:\/\/i0.wp.com\/larevistadigital.com.ar\/blog\/wp-content\/uploads\/e23f9f6a37422bb05a2963ee5a6b7fb8d1f77599.png?fit=1140%2C636&ssl=1&resize=350%2C200","width":350,"height":200,"srcset":"https:\/\/i0.wp.com\/larevistadigital.com.ar\/blog\/wp-content\/uploads\/e23f9f6a37422bb05a2963ee5a6b7fb8d1f77599.png?fit=1140%2C636&ssl=1&resize=350%2C200 1x, https:\/\/i0.wp.com\/larevistadigital.com.ar\/blog\/wp-content\/uploads\/e23f9f6a37422bb05a2963ee5a6b7fb8d1f77599.png?fit=1140%2C636&ssl=1&resize=525%2C300 1.5x, https:\/\/i0.wp.com\/larevistadigital.com.ar\/blog\/wp-content\/uploads\/e23f9f6a37422bb05a2963ee5a6b7fb8d1f77599.png?fit=1140%2C636&ssl=1&resize=700%2C400 2x, https:\/\/i0.wp.com\/larevistadigital.com.ar\/blog\/wp-content\/uploads\/e23f9f6a37422bb05a2963ee5a6b7fb8d1f77599.png?fit=1140%2C636&ssl=1&resize=1050%2C600 3x"},"classes":[]},{"id":9012,"url":"https:\/\/larevistadigital.com.ar\/blog\/mar-del-plata-ataque-a-tiros-en-la-calle-un-muerto-y-dos-heridos\/","url_meta":{"origin":11381,"position":1},"title":"MAR DEL PLATA: ATAQUE A TIROS EN LA CALLE. UN MUERTO Y DOS HERIDOS","author":"Alejandro Sosa Ruda","date":"12 marzo, 2019","format":false,"excerpt":"El ataque ocurri\u00f3 el domingo a la madrugada en el barrio General San Mart\u00edn. Omar Romad\u00e1n muri\u00f3 en el HIGA y otras dos personas quedaron\u00a0internadas. El noveno homicidio del a\u00f1o en Mar del Plata se confirm\u00f3 el domingo en el Hospital Interzonal General de Agudos (HIGA) cuando m\u00e1s all\u00e1 de\u2026","rel":"","context":"En \u00abPOLICIALES\u00bb","block_context":{"text":"POLICIALES","link":"https:\/\/larevistadigital.com.ar\/blog\/category\/policiales\/"},"img":{"alt_text":"","src":"https:\/\/i0.wp.com\/larevistadigital.com.ar\/blog\/wp-content\/uploads\/2019\/03\/1447176298971.jpg?fit=800%2C488&ssl=1&resize=350%2C200","width":350,"height":200,"srcset":"https:\/\/i0.wp.com\/larevistadigital.com.ar\/blog\/wp-content\/uploads\/2019\/03\/1447176298971.jpg?fit=800%2C488&ssl=1&resize=350%2C200 1x, https:\/\/i0.wp.com\/larevistadigital.com.ar\/blog\/wp-content\/uploads\/2019\/03\/1447176298971.jpg?fit=800%2C488&ssl=1&resize=525%2C300 1.5x, https:\/\/i0.wp.com\/larevistadigital.com.ar\/blog\/wp-content\/uploads\/2019\/03\/1447176298971.jpg?fit=800%2C488&ssl=1&resize=700%2C400 2x"},"classes":[]},{"id":18370,"url":"https:\/\/larevistadigital.com.ar\/blog\/benito-juarez-muere-docente-atacada-por-jauria-de-perros\/","url_meta":{"origin":11381,"position":2},"title":"BENITO JUAREZ: MUERE DOCENTE ATACADA POR JAUR\u00cdA DE PERROS","author":"Alejandro Sosa Ruda","date":"28 diciembre, 2020","format":false,"excerpt":"La mujer de 58 a\u00f1os falleci\u00f3 como consecuencia de las heridas provocadas por los animales e intentan encontrar a los due\u00f1os. Una mujer muri\u00f3 tras ser atacada por una jaur\u00eda de perros en la localidad de\u00a0Benito Ju\u00e1rez, al sur de la provincia de Buenos Aires. La v\u00edctima, identificada como Sara\u2026","rel":"","context":"En \u00abINTERES GENERAL\u00bb","block_context":{"text":"INTERES GENERAL","link":"https:\/\/larevistadigital.com.ar\/blog\/category\/interes-general\/"},"img":{"alt_text":"","src":"https:\/\/i0.wp.com\/larevistadigital.com.ar\/blog\/wp-content\/uploads\/conmocion-benito-juarez-foto-lavozdetandil.jpg?fit=1140%2C640&ssl=1&resize=350%2C200","width":350,"height":200,"srcset":"https:\/\/i0.wp.com\/larevistadigital.com.ar\/blog\/wp-content\/uploads\/conmocion-benito-juarez-foto-lavozdetandil.jpg?fit=1140%2C640&ssl=1&resize=350%2C200 1x, https:\/\/i0.wp.com\/larevistadigital.com.ar\/blog\/wp-content\/uploads\/conmocion-benito-juarez-foto-lavozdetandil.jpg?fit=1140%2C640&ssl=1&resize=525%2C300 1.5x, https:\/\/i0.wp.com\/larevistadigital.com.ar\/blog\/wp-content\/uploads\/conmocion-benito-juarez-foto-lavozdetandil.jpg?fit=1140%2C640&ssl=1&resize=700%2C400 2x, https:\/\/i0.wp.com\/larevistadigital.com.ar\/blog\/wp-content\/uploads\/conmocion-benito-juarez-foto-lavozdetandil.jpg?fit=1140%2C640&ssl=1&resize=1050%2C600 3x"},"classes":[]},{"id":18108,"url":"https:\/\/larevistadigital.com.ar\/blog\/mar-del-plata-asesinan-a-golpes-a-un-hombre-en-el-barrio-las-heras\/","url_meta":{"origin":11381,"position":3},"title":"MAR DEL PLATA: ASESINAN A GOLPES A UN HOMBRE, EN EL BARRIO LAS HERAS","author":"Alejandro Sosa Ruda","date":"14 diciembre, 2020","format":false,"excerpt":"Fue encontrado inconsciente en la calle y muri\u00f3 poco despu\u00e9s. Investigan las circunstancias en que se produjo el asesinato. Un\u00a0hombre de 27 a\u00f1os\u00a0fue asesinado a golpes en la v\u00eda p\u00fablica. El sujeto fue hallado el s\u00e1bado en el barrio Las Heras, inconsciente, y pocas horas despu\u00e9s muri\u00f3 producto del ataque.\u2026","rel":"","context":"En \u00abPOLICIALES\u00bb","block_context":{"text":"POLICIALES","link":"https:\/\/larevistadigital.com.ar\/blog\/category\/policiales\/"},"img":{"alt_text":"","src":"https:\/\/i0.wp.com\/larevistadigital.com.ar\/blog\/wp-content\/uploads\/Screenshot_1-176.jpg?fit=1004%2C563&ssl=1&resize=350%2C200","width":350,"height":200,"srcset":"https:\/\/i0.wp.com\/larevistadigital.com.ar\/blog\/wp-content\/uploads\/Screenshot_1-176.jpg?fit=1004%2C563&ssl=1&resize=350%2C200 1x, https:\/\/i0.wp.com\/larevistadigital.com.ar\/blog\/wp-content\/uploads\/Screenshot_1-176.jpg?fit=1004%2C563&ssl=1&resize=525%2C300 1.5x, https:\/\/i0.wp.com\/larevistadigital.com.ar\/blog\/wp-content\/uploads\/Screenshot_1-176.jpg?fit=1004%2C563&ssl=1&resize=700%2C400 2x"},"classes":[]},{"id":28190,"url":"https:\/\/larevistadigital.com.ar\/blog\/bolivar-una-nena-de-10-anos-fue-atacada-por-una-jauria-esta-grave\/","url_meta":{"origin":11381,"position":4},"title":"BOLIVAR: UNA NENA DE 10 A\u00d1OS FUE ATACADA POR UNA JAURIA. EST\u00c1 GRAVE","author":"Alejandro Sosa Ruda","date":"30 septiembre, 2022","format":false,"excerpt":"Su nombre es Alison Gruich y vive en el campo, en la ciudad de Bol\u00edvar. Tras ser operada de urgencia en un hospital local, la derivaron al Garrahan. Permanece internada en grave estado. 30 de septiembre de 2022 BOLIVAR -\u00a0 Una ni\u00f1a\u00a0de 10 a\u00f1os fue\u00a0atacada por una jaur\u00eda\u00a0en el partido\u2026","rel":"","context":"En \u00abPOLICIALES\u00bb","block_context":{"text":"POLICIALES","link":"https:\/\/larevistadigital.com.ar\/blog\/category\/policiales\/"},"img":{"alt_text":"","src":"https:\/\/i0.wp.com\/larevistadigital.com.ar\/blog\/wp-content\/uploads\/GKP32HR3ZRDLVIEJETIAW6T6QI.jpg?fit=1200%2C672&ssl=1&resize=350%2C200","width":350,"height":200,"srcset":"https:\/\/i0.wp.com\/larevistadigital.com.ar\/blog\/wp-content\/uploads\/GKP32HR3ZRDLVIEJETIAW6T6QI.jpg?fit=1200%2C672&ssl=1&resize=350%2C200 1x, https:\/\/i0.wp.com\/larevistadigital.com.ar\/blog\/wp-content\/uploads\/GKP32HR3ZRDLVIEJETIAW6T6QI.jpg?fit=1200%2C672&ssl=1&resize=525%2C300 1.5x, https:\/\/i0.wp.com\/larevistadigital.com.ar\/blog\/wp-content\/uploads\/GKP32HR3ZRDLVIEJETIAW6T6QI.jpg?fit=1200%2C672&ssl=1&resize=700%2C400 2x, https:\/\/i0.wp.com\/larevistadigital.com.ar\/blog\/wp-content\/uploads\/GKP32HR3ZRDLVIEJETIAW6T6QI.jpg?fit=1200%2C672&ssl=1&resize=1050%2C600 3x"},"classes":[]},{"id":9724,"url":"https:\/\/larevistadigital.com.ar\/blog\/un-hombre-murio-atacado-por-un-ave-enorme-que-era-su-mascota\/","url_meta":{"origin":11381,"position":5},"title":"UN HOMBRE MURI\u00d3 ATACADO POR UN AVE ENORME QUE ERA SU MASCOTA","author":"Alejandro Sosa Ruda","date":"15 abril, 2019","format":false,"excerpt":"Un casuario, un ex\u00f3tico p\u00e1jaro gigante originario de Australia y Nueva Gu\u00ednea, asesin\u00f3 a un hombre de 75 a\u00f1os que lo alojaba en su granja de Florida, Estados Unidos. El ave, considerada una de las m\u00e1s letales del mundo por sus poderosas garras, se sinti\u00f3 intimidado por el hombre que\u2026","rel":"","context":"En \u00abCURIOSAS\u00bb","block_context":{"text":"CURIOSAS","link":"https:\/\/larevistadigital.com.ar\/blog\/category\/curiosas\/"},"img":{"alt_text":"","src":"https:\/\/i0.wp.com\/larevistadigital.com.ar\/blog\/wp-content\/uploads\/2019\/04\/Aves-curiosas-el-Casuario-de-Ceram-1.jpg?fit=1080%2C1080&ssl=1&resize=350%2C200","width":350,"height":200,"srcset":"https:\/\/i0.wp.com\/larevistadigital.com.ar\/blog\/wp-content\/uploads\/2019\/04\/Aves-curiosas-el-Casuario-de-Ceram-1.jpg?fit=1080%2C1080&ssl=1&resize=350%2C200 1x, https:\/\/i0.wp.com\/larevistadigital.com.ar\/blog\/wp-content\/uploads\/2019\/04\/Aves-curiosas-el-Casuario-de-Ceram-1.jpg?fit=1080%2C1080&ssl=1&resize=525%2C300 1.5x, https:\/\/i0.wp.com\/larevistadigital.com.ar\/blog\/wp-content\/uploads\/2019\/04\/Aves-curiosas-el-Casuario-de-Ceram-1.jpg?fit=1080%2C1080&ssl=1&resize=700%2C400 2x, https:\/\/i0.wp.com\/larevistadigital.com.ar\/blog\/wp-content\/uploads\/2019\/04\/Aves-curiosas-el-Casuario-de-Ceram-1.jpg?fit=1080%2C1080&ssl=1&resize=1050%2C600 3x"},"classes":[]}],"_links":{"self":[{"href":"https:\/\/larevistadigital.com.ar\/blog\/wp-json\/wp\/v2\/posts\/11381","targetHints":{"allow":["GET"]}}],"collection":[{"href":"https:\/\/larevistadigital.com.ar\/blog\/wp-json\/wp\/v2\/posts"}],"about":[{"href":"https:\/\/larevistadigital.com.ar\/blog\/wp-json\/wp\/v2\/types\/post"}],"author":[{"embeddable":true,"href":"https:\/\/larevistadigital.com.ar\/blog\/wp-json\/wp\/v2\/users\/3"}],"replies":[{"embeddable":true,"href":"https:\/\/larevistadigital.com.ar\/blog\/wp-json\/wp\/v2\/comments?post=11381"}],"version-history":[{"count":3,"href":"https:\/\/larevistadigital.com.ar\/blog\/wp-json\/wp\/v2\/posts\/11381\/revisions"}],"predecessor-version":[{"id":11385,"href":"https:\/\/larevistadigital.com.ar\/blog\/wp-json\/wp\/v2\/posts\/11381\/revisions\/11385"}],"wp:featuredmedia":[{"embeddable":true,"href":"https:\/\/larevistadigital.com.ar\/blog\/wp-json\/wp\/v2\/media\/11382"}],"wp:attachment":[{"href":"https:\/\/larevistadigital.com.ar\/blog\/wp-json\/wp\/v2\/media?parent=11381"}],"wp:term":[{"taxonomy":"category","embeddable":true,"href":"https:\/\/larevistadigital.com.ar\/blog\/wp-json\/wp\/v2\/categories?post=11381"},{"taxonomy":"post_tag","embeddable":true,"href":"https:\/\/larevistadigital.com.ar\/blog\/wp-json\/wp\/v2\/tags?post=11381"}],"curies":[{"name":"wp","href":"https:\/\/api.w.org\/{rel}","templated":true}]}}