{"id":11386,"date":"2019-07-20T20:26:41","date_gmt":"2019-07-20T20:26:41","guid":{"rendered":"https:\/\/larevistadigital.com.ar\/blog\/?p=11386"},"modified":"2019-07-20T21:18:28","modified_gmt":"2019-07-20T21:18:28","slug":"visito-chascomus-el-candidato-a-gobernador-de-roberto-lavagna","status":"publish","type":"post","link":"https:\/\/larevistadigital.com.ar\/blog\/visito-chascomus-el-candidato-a-gobernador-de-roberto-lavagna\/","title":{"rendered":"VISIT\u00d3 CHASCOM\u00daS EL CANDIDATO A GOBERNADOR DE ROBERTO LAVAGNA"},"content":{"rendered":"<p><strong>EDUARDO \u201cBALI\u201d BUCCA, EX INTNEDENTE DE BOL\u00cdVAR MANTUVO ENCUENTRO CON LA PRENSA, SE REUNIO CON LOS CANDIDATOS IGNACIO GORRIZ, LEO MOYANO, EVA BRICCIO, LA PRIMERA CANDIDATA A CONSEJERA ESCOLAR CLAUDIA QUIROGA Y DEMAS INTEGRANTES DE LA LISTA. TUVO UN CALIDO ENCUENTRO CON JUAN CARLOS HAEDO, VISITO UNA FABRICA DE CALZADO, BOMBEROS VOLUNTARIOS, LOS TALLERES DEL DIARIO EL ARGENTINO Y EL HONORABLE CONCEJO DELIBERANTE.\u00a0<\/strong><\/p>\n<p>El actual Diputado Nacional y precandidato a Gobernador por la Lista 137 que encabezan <strong>Roberto Lavagna<\/strong> y <strong>Juan Manuel Urtubey<\/strong>, llego a Chascom\u00fas donde se reuni\u00f3 con la militancia del espacio, converso sobre la campa\u00f1a con <strong>G\u00f3rriz<\/strong> y <strong>Moyano<\/strong>, para luego, en las instalaciones del A.C.A. recibi\u00f3 a la prensa, dialogando con los periodistas locales, respondiendo ante las preguntas que formularon los colegas. Como integrantes de la lista y desde el \u00e1mbito gremial, estuvieron presentes <strong>Facundo Girandola<\/strong> y <strong>Sof\u00eda Otero Bertoletti del peronismo local.<\/strong><\/p>\n<blockquote>\n<h3><img data-recalc-dims=\"1\" loading=\"lazy\" decoding=\"async\" class=\"alignnone size-full wp-image-11391\" src=\"https:\/\/i0.wp.com\/larevistadigital.com.ar\/blog\/wp-content\/uploads\/WhatsApp-Image-2019-07-20-at-21.11.13.jpeg?resize=1280%2C903&#038;ssl=1\" alt=\"\" width=\"1280\" height=\"903\" srcset=\"https:\/\/i0.wp.com\/larevistadigital.com.ar\/blog\/wp-content\/uploads\/WhatsApp-Image-2019-07-20-at-21.11.13.jpeg?w=1280&amp;ssl=1 1280w, https:\/\/i0.wp.com\/larevistadigital.com.ar\/blog\/wp-content\/uploads\/WhatsApp-Image-2019-07-20-at-21.11.13.jpeg?resize=300%2C212&amp;ssl=1 300w, https:\/\/i0.wp.com\/larevistadigital.com.ar\/blog\/wp-content\/uploads\/WhatsApp-Image-2019-07-20-at-21.11.13.jpeg?resize=768%2C542&amp;ssl=1 768w, https:\/\/i0.wp.com\/larevistadigital.com.ar\/blog\/wp-content\/uploads\/WhatsApp-Image-2019-07-20-at-21.11.13.jpeg?resize=1024%2C722&amp;ssl=1 1024w\" sizes=\"auto, (max-width: 1000px) 100vw, 1000px\" \/>Tambi\u00e9n particip\u00f3 del encuentro en el ACA, el chascomunense y candidato a Senador por la 8va. secci\u00f3n, <strong>Pablo Otero<\/strong> y el candidato a Diputado nacional por la provincia de Buenos Aires, <strong>Facundo Logarzo.<\/strong><\/h3>\n<\/blockquote>\n<p>Luego recibi\u00f3 al m\u00faltiple campe\u00f3n de ciclismo, <strong>Juan Carlos Haedo<\/strong>, con quien intercambiaron an\u00e9cdotas y opiniones sobre el deporte de la bicicleta, ya que <strong>Bucca<\/strong> es un gran deportista, para luego visitar el vel\u00f3dromo local.<\/p>\n<blockquote>\n<h3>El m\u00e9dico de Bol\u00edvar, preocupado por el devenir del sector industrial y de las pymes, visito junto a <strong>Ignacio G\u00f3rriz<\/strong>, la f\u00e1brica de calzados La Espa\u00f1ola y se interiorizo sobre la problem\u00e1tica que est\u00e1 atravesando la empresa de nanotecnolog\u00eda y dem\u00e1s industrias de Chascom\u00fas.<\/h3>\n<\/blockquote>\n<p>En horas m\u00e1s tarde visito el recinto del Honorable Concejo Deliberante, queriendo conocer la banca que hab\u00eda sido ocupada por el ex Presidente Ra\u00fal Alfons\u00edn, cuando fue concejal de la ciudad.<\/p>\n<p>&nbsp;<\/p>\n<figure id=\"attachment_11389\" aria-describedby=\"caption-attachment-11389\" style=\"width: 581px\" class=\"wp-caption aligncenter\"><img data-recalc-dims=\"1\" loading=\"lazy\" decoding=\"async\" class=\"size-full wp-image-11389\" src=\"https:\/\/i0.wp.com\/larevistadigital.com.ar\/blog\/wp-content\/uploads\/WhatsApp-Image-2019-07-20-at-20.28.20.jpeg?resize=581%2C1032&#038;ssl=1\" alt=\"\" width=\"581\" height=\"1032\" srcset=\"https:\/\/i0.wp.com\/larevistadigital.com.ar\/blog\/wp-content\/uploads\/WhatsApp-Image-2019-07-20-at-20.28.20.jpeg?w=581&amp;ssl=1 581w, https:\/\/i0.wp.com\/larevistadigital.com.ar\/blog\/wp-content\/uploads\/WhatsApp-Image-2019-07-20-at-20.28.20.jpeg?resize=169%2C300&amp;ssl=1 169w, https:\/\/i0.wp.com\/larevistadigital.com.ar\/blog\/wp-content\/uploads\/WhatsApp-Image-2019-07-20-at-20.28.20.jpeg?resize=576%2C1024&amp;ssl=1 576w\" sizes=\"auto, (max-width: 581px) 100vw, 581px\" \/><figcaption id=\"caption-attachment-11389\" class=\"wp-caption-text\"><strong>BUCCA EN LA HIST\u00d3RICA BANCA DE ALFONS\u00cdN<\/strong><\/figcaption><\/figure>\n<figure id=\"attachment_11388\" aria-describedby=\"caption-attachment-11388\" style=\"width: 622px\" class=\"wp-caption aligncenter\"><img data-recalc-dims=\"1\" loading=\"lazy\" decoding=\"async\" class=\"size-full wp-image-11388\" src=\"https:\/\/i0.wp.com\/larevistadigital.com.ar\/blog\/wp-content\/uploads\/WhatsApp-Image-2019-07-20-at-20.28.21.jpeg?resize=622%2C1280&#038;ssl=1\" alt=\"\" width=\"622\" height=\"1280\" srcset=\"https:\/\/i0.wp.com\/larevistadigital.com.ar\/blog\/wp-content\/uploads\/WhatsApp-Image-2019-07-20-at-20.28.21.jpeg?w=622&amp;ssl=1 622w, https:\/\/i0.wp.com\/larevistadigital.com.ar\/blog\/wp-content\/uploads\/WhatsApp-Image-2019-07-20-at-20.28.21.jpeg?resize=146%2C300&amp;ssl=1 146w, https:\/\/i0.wp.com\/larevistadigital.com.ar\/blog\/wp-content\/uploads\/WhatsApp-Image-2019-07-20-at-20.28.21.jpeg?resize=498%2C1024&amp;ssl=1 498w\" sizes=\"auto, (max-width: 622px) 100vw, 622px\" \/><figcaption id=\"caption-attachment-11388\" class=\"wp-caption-text\"><strong>LOS PRECANDIDATOS PABLO OTERO (SENADOR) Y FACUNDO LOGARZO (DIPUTADO)<\/strong><\/figcaption><\/figure>\n<p>Entre las \u00faltimas actividades visito el cuartel de Bomberos, donde fue recibido por miembros de la Comisi\u00f3n Directiva y Cuerpo Activo, para culminar visitando al decano de los medios gr\u00e1ficos locales, diario \u201cEl Argentino\u201d.<\/p>\n<p><strong>\u00a0<\/strong><\/p>\n","protected":false},"excerpt":{"rendered":"<div class=\"mh-excerpt\"><p>EDUARDO \u201cBALI\u201d BUCCA, EX INTNEDENTE DE BOL\u00cdVAR MANTUVO ENCUENTRO CON LA PRENSA, SE REUNIO CON LOS CANDIDATOS IGNACIO GORRIZ, LEO MOYANO, EVA BRICCIO, LA PRIMERA CANDIDATA A CONSEJERA ESCOLAR CLAUDIA QUIROGA Y DEMAS INTEGRANTES DE <a class=\"mh-excerpt-more\" href=\"https:\/\/larevistadigital.com.ar\/blog\/visito-chascomus-el-candidato-a-gobernador-de-roberto-lavagna\/\" title=\"VISIT\u00d3 CHASCOM\u00daS EL CANDIDATO A GOBERNADOR DE ROBERTO LAVAGNA\">[Leer M\u00e1s]<\/a><\/p>\n<\/div>","protected":false},"author":3,"featured_media":11393,"comment_status":"open","ping_status":"open","sticky":false,"template":"","format":"standard","meta":{"_jetpack_memberships_contains_paid_content":false,"footnotes":"","jetpack_publicize_message":"","jetpack_publicize_feature_enabled":true,"jetpack_social_post_already_shared":true,"jetpack_social_options":{"image_generator_settings":{"template":"highway","default_image_id":0,"font":"","enabled":false},"version":2}},"categories":[50,12],"tags":[],"class_list":{"0":"post-11386","1":"post","2":"type-post","3":"status-publish","4":"format-standard","5":"has-post-thumbnail","7":"category-interes-general","8":"category-politica"},"jetpack_publicize_connections":[],"jetpack_featured_media_url":"https:\/\/i0.wp.com\/larevistadigital.com.ar\/blog\/wp-content\/uploads\/WhatsApp-Image-2019-07-20-at-21.11.24.jpeg?fit=1280%2C850&ssl=1","jetpack_sharing_enabled":true,"jetpack_shortlink":"https:\/\/wp.me\/p8qtrQ-2XE","jetpack-related-posts":[{"id":10704,"url":"https:\/\/larevistadigital.com.ar\/blog\/chascomus-la-lista-de-lavagna-a-nivel-local-encabezada-por-ignacio-gorriz\/","url_meta":{"origin":11386,"position":0},"title":"CHASCOM\u00daS: LA LISTA DE LAVAGNA A NIVEL LOCAL, ENCABEZADA POR IGNACIO G\u00d3RRIZ","author":"Alejandro Sosa Ruda","date":"22 junio, 2019","format":false,"excerpt":"En el espacio que lleva a Roberto Lavagna como candidato a Presidente de la naci\u00f3n, tambi\u00e9n armaron su lista local, a la que tuvimos acceso y a continuaci\u00f3n reproducimos. Intendente: Ignacio G\u00f3rriz CONCEJALES: 1\u00b0 Leonardo Moyano 2\u00b0 Eva Bricio 3\u00b0 Guillermo Ban\u00e9gas 4\u00b0 Sof\u00eda Otero Bertoletti 5\u00b0 Facundo Girandola 6\u00b0\u2026","rel":"","context":"En \u00abPOLITICA\u00bb","block_context":{"text":"POLITICA","link":"https:\/\/larevistadigital.com.ar\/blog\/category\/politica\/"},"img":{"alt_text":"","src":"https:\/\/i0.wp.com\/larevistadigital.com.ar\/blog\/wp-content\/uploads\/eoperonismo_27demarzode2019_elfuerte.jpg?fit=1200%2C754&ssl=1&resize=350%2C200","width":350,"height":200,"srcset":"https:\/\/i0.wp.com\/larevistadigital.com.ar\/blog\/wp-content\/uploads\/eoperonismo_27demarzode2019_elfuerte.jpg?fit=1200%2C754&ssl=1&resize=350%2C200 1x, https:\/\/i0.wp.com\/larevistadigital.com.ar\/blog\/wp-content\/uploads\/eoperonismo_27demarzode2019_elfuerte.jpg?fit=1200%2C754&ssl=1&resize=525%2C300 1.5x, https:\/\/i0.wp.com\/larevistadigital.com.ar\/blog\/wp-content\/uploads\/eoperonismo_27demarzode2019_elfuerte.jpg?fit=1200%2C754&ssl=1&resize=700%2C400 2x, https:\/\/i0.wp.com\/larevistadigital.com.ar\/blog\/wp-content\/uploads\/eoperonismo_27demarzode2019_elfuerte.jpg?fit=1200%2C754&ssl=1&resize=1050%2C600 3x"},"classes":[]},{"id":12652,"url":"https:\/\/larevistadigital.com.ar\/blog\/concenso-federal-queremos-aportar-ideas-y-controlar-al-proximo-intendente\/","url_meta":{"origin":11386,"position":1},"title":"CONCENSO FEDERAL: \u00abQUEREMOS APORTAR IDEAS Y CONTROLAR AL PR\u00d3XIMO INTENDENTE\u00bb","author":"Alejandro Sosa Ruda","date":"16 octubre, 2019","format":false,"excerpt":"Los candidatos de Consenso Federal, espacio que promueve a Roberto Lavagna como Presidente participaron de una charla\/debate con estudiantes secundarios. Desde el espacio de \"Concenso Federal\", nos hacen llegar una gacetilla de prensa que a continuaci\u00f3n reproducimos: En el marco de la elecciones generales a desarrollarse el venidero 27 de\u2026","rel":"","context":"En \u00abINTERES GENERAL\u00bb","block_context":{"text":"INTERES GENERAL","link":"https:\/\/larevistadigital.com.ar\/blog\/category\/interes-general\/"},"img":{"alt_text":"","src":"https:\/\/i0.wp.com\/larevistadigital.com.ar\/blog\/wp-content\/uploads\/gorriz_07deagostode2019_elfuerte.jpg?fit=737%2C415&ssl=1&resize=350%2C200","width":350,"height":200,"srcset":"https:\/\/i0.wp.com\/larevistadigital.com.ar\/blog\/wp-content\/uploads\/gorriz_07deagostode2019_elfuerte.jpg?fit=737%2C415&ssl=1&resize=350%2C200 1x, https:\/\/i0.wp.com\/larevistadigital.com.ar\/blog\/wp-content\/uploads\/gorriz_07deagostode2019_elfuerte.jpg?fit=737%2C415&ssl=1&resize=525%2C300 1.5x, https:\/\/i0.wp.com\/larevistadigital.com.ar\/blog\/wp-content\/uploads\/gorriz_07deagostode2019_elfuerte.jpg?fit=737%2C415&ssl=1&resize=700%2C400 2x"},"classes":[]},{"id":10008,"url":"https:\/\/larevistadigital.com.ar\/blog\/chascomus-gen-y-lavagnismo-arman-juntos-y-alfonsinismo-se-rompe-cambiemos\/","url_meta":{"origin":11386,"position":2},"title":"CHASCOM\u00daS: GEN Y LAVAGNISMO ARMAN JUNTOS (\u00bfY ALFONSINISMO?) \u00bfSE ROMPE CAMBIEMOS?","author":"Alejandro Sosa Ruda","date":"6 mayo, 2019","format":false,"excerpt":"El partido GEN que preside Margarita Stolbizer, el peronismo nucleado bajo las figuras de Roberto Lavagna y Miguel Pichetto, el partido Socialista del gobernador Miguel Lifschitz, los sectores radicales que encabezan Ricardo Alfons\u00edn, como tambi\u00e9n Juan Manuel Casella y Federico Storani, se vienen reuniendo en busca de una concentraci\u00f3n, donde\u2026","rel":"","context":"En \u00abCHASCOM\u00daS\u00bb","block_context":{"text":"CHASCOM\u00daS","link":"https:\/\/larevistadigital.com.ar\/blog\/category\/chascomus\/"},"img":{"alt_text":"","src":"https:\/\/i0.wp.com\/larevistadigital.com.ar\/blog\/wp-content\/uploads\/2019\/05\/WhatsApp-Image-2019-05-05-at-21.04.28.jpeg?fit=1200%2C592&ssl=1&resize=350%2C200","width":350,"height":200,"srcset":"https:\/\/i0.wp.com\/larevistadigital.com.ar\/blog\/wp-content\/uploads\/2019\/05\/WhatsApp-Image-2019-05-05-at-21.04.28.jpeg?fit=1200%2C592&ssl=1&resize=350%2C200 1x, https:\/\/i0.wp.com\/larevistadigital.com.ar\/blog\/wp-content\/uploads\/2019\/05\/WhatsApp-Image-2019-05-05-at-21.04.28.jpeg?fit=1200%2C592&ssl=1&resize=525%2C300 1.5x, https:\/\/i0.wp.com\/larevistadigital.com.ar\/blog\/wp-content\/uploads\/2019\/05\/WhatsApp-Image-2019-05-05-at-21.04.28.jpeg?fit=1200%2C592&ssl=1&resize=700%2C400 2x, https:\/\/i0.wp.com\/larevistadigital.com.ar\/blog\/wp-content\/uploads\/2019\/05\/WhatsApp-Image-2019-05-05-at-21.04.28.jpeg?fit=1200%2C592&ssl=1&resize=1050%2C600 3x"},"classes":[]},{"id":12837,"url":"https:\/\/larevistadigital.com.ar\/blog\/el-candidato-a-concejal-leo-moyano-voto-temprano\/","url_meta":{"origin":11386,"position":3},"title":"El CANDIDATO A CONCEJAL LEO MOYANO, VOT\u00d3 TEMPRANO","author":"Alejandro Sosa Ruda","date":"27 octubre, 2019","format":false,"excerpt":"Leo Moyano, candidato a Concejal por el frente liderado por Roberto Lavagna concurri\u00f3 aproximadamente a las 9:00 hs. a cumplir con su deber c\u00edvico y emitir su sufragio. Moyano, de sport y muy contento, vot\u00f3 en la escuela Municipal 2, ante las muestras de afecto de los presentes.","rel":"","context":"En \u00abCHASCOM\u00daS\u00bb","block_context":{"text":"CHASCOM\u00daS","link":"https:\/\/larevistadigital.com.ar\/blog\/category\/chascomus\/"},"img":{"alt_text":"","src":"https:\/\/i0.wp.com\/larevistadigital.com.ar\/blog\/wp-content\/uploads\/WhatsApp-Image-2019-10-27-at-11.27.06.jpeg?fit=1080%2C1080&ssl=1&resize=350%2C200","width":350,"height":200,"srcset":"https:\/\/i0.wp.com\/larevistadigital.com.ar\/blog\/wp-content\/uploads\/WhatsApp-Image-2019-10-27-at-11.27.06.jpeg?fit=1080%2C1080&ssl=1&resize=350%2C200 1x, https:\/\/i0.wp.com\/larevistadigital.com.ar\/blog\/wp-content\/uploads\/WhatsApp-Image-2019-10-27-at-11.27.06.jpeg?fit=1080%2C1080&ssl=1&resize=525%2C300 1.5x, https:\/\/i0.wp.com\/larevistadigital.com.ar\/blog\/wp-content\/uploads\/WhatsApp-Image-2019-10-27-at-11.27.06.jpeg?fit=1080%2C1080&ssl=1&resize=700%2C400 2x, https:\/\/i0.wp.com\/larevistadigital.com.ar\/blog\/wp-content\/uploads\/WhatsApp-Image-2019-10-27-at-11.27.06.jpeg?fit=1080%2C1080&ssl=1&resize=1050%2C600 3x"},"classes":[]},{"id":10846,"url":"https:\/\/larevistadigital.com.ar\/blog\/ignacio-gorriz-prometio-una-campana-limpia\/","url_meta":{"origin":11386,"position":4},"title":"IGNACIO GORRIZ PROMETI\u00d3 UNA CAMPA\u00d1A LIMPIA","author":"Alejandro Sosa Ruda","date":"28 junio, 2019","format":false,"excerpt":"Ignacio G\u00f3rriz, pre candidato a Intendente por el sector que promueve la f\u00f3rmula Roberto Lavagna-Juan Manuel Urtubey, expres\u00f3: \u201charemos una UNA CAMPA\u00d1A LIMPIA, expresando ideas, sugiriendo propuestas, exenta de cr\u00edticas malintencionadas y sin ataques personales.\u00a0 Adem\u00e1s, la decisi\u00f3n de todo el grupo que encabezo es irrevocable en el sentido de\u2026","rel":"","context":"En \u00abPOLITICA\u00bb","block_context":{"text":"POLITICA","link":"https:\/\/larevistadigital.com.ar\/blog\/category\/politica\/"},"img":{"alt_text":"","src":"https:\/\/i0.wp.com\/larevistadigital.com.ar\/blog\/wp-content\/uploads\/gorriz_28dejuniode2019_elfuerte.jpg?fit=737%2C415&ssl=1&resize=350%2C200","width":350,"height":200,"srcset":"https:\/\/i0.wp.com\/larevistadigital.com.ar\/blog\/wp-content\/uploads\/gorriz_28dejuniode2019_elfuerte.jpg?fit=737%2C415&ssl=1&resize=350%2C200 1x, https:\/\/i0.wp.com\/larevistadigital.com.ar\/blog\/wp-content\/uploads\/gorriz_28dejuniode2019_elfuerte.jpg?fit=737%2C415&ssl=1&resize=525%2C300 1.5x, https:\/\/i0.wp.com\/larevistadigital.com.ar\/blog\/wp-content\/uploads\/gorriz_28dejuniode2019_elfuerte.jpg?fit=737%2C415&ssl=1&resize=700%2C400 2x"},"classes":[]},{"id":32331,"url":"https:\/\/larevistadigital.com.ar\/blog\/ignacio-gorriz-con-el-gobernador-kicillof\/","url_meta":{"origin":11386,"position":5},"title":"IGNACIO GORRIZ CON EL GOBERNADOR KICILLOF","author":"Alejandro Sosa Ruda","date":"10 julio, 2023","format":false,"excerpt":"El pasado mi\u00e9rcoles en la ciudad de La Plata, el precandidato a Intendente por el Frente Uni\u00f3n por la Patria en Chascom\u00fas, Ignacio Gorriz, se hizo presente en lo que fuera la reuni\u00f3n y foto oficial de campa\u00f1a electoral. 10 de julio de 2023 El gobernador y precandidato para las\u2026","rel":"","context":"En \u00abPOLITICA LOCAL\u00bb","block_context":{"text":"POLITICA LOCAL","link":"https:\/\/larevistadigital.com.ar\/blog\/category\/politica\/politica-local\/"},"img":{"alt_text":"","src":"https:\/\/i0.wp.com\/larevistadigital.com.ar\/blog\/wp-content\/uploads\/Kicilof-Gorriz.jpeg?fit=1200%2C800&ssl=1&resize=350%2C200","width":350,"height":200,"srcset":"https:\/\/i0.wp.com\/larevistadigital.com.ar\/blog\/wp-content\/uploads\/Kicilof-Gorriz.jpeg?fit=1200%2C800&ssl=1&resize=350%2C200 1x, https:\/\/i0.wp.com\/larevistadigital.com.ar\/blog\/wp-content\/uploads\/Kicilof-Gorriz.jpeg?fit=1200%2C800&ssl=1&resize=525%2C300 1.5x, https:\/\/i0.wp.com\/larevistadigital.com.ar\/blog\/wp-content\/uploads\/Kicilof-Gorriz.jpeg?fit=1200%2C800&ssl=1&resize=700%2C400 2x, https:\/\/i0.wp.com\/larevistadigital.com.ar\/blog\/wp-content\/uploads\/Kicilof-Gorriz.jpeg?fit=1200%2C800&ssl=1&resize=1050%2C600 3x"},"classes":[]}],"_links":{"self":[{"href":"https:\/\/larevistadigital.com.ar\/blog\/wp-json\/wp\/v2\/posts\/11386","targetHints":{"allow":["GET"]}}],"collection":[{"href":"https:\/\/larevistadigital.com.ar\/blog\/wp-json\/wp\/v2\/posts"}],"about":[{"href":"https:\/\/larevistadigital.com.ar\/blog\/wp-json\/wp\/v2\/types\/post"}],"author":[{"embeddable":true,"href":"https:\/\/larevistadigital.com.ar\/blog\/wp-json\/wp\/v2\/users\/3"}],"replies":[{"embeddable":true,"href":"https:\/\/larevistadigital.com.ar\/blog\/wp-json\/wp\/v2\/comments?post=11386"}],"version-history":[{"count":4,"href":"https:\/\/larevistadigital.com.ar\/blog\/wp-json\/wp\/v2\/posts\/11386\/revisions"}],"predecessor-version":[{"id":11398,"href":"https:\/\/larevistadigital.com.ar\/blog\/wp-json\/wp\/v2\/posts\/11386\/revisions\/11398"}],"wp:featuredmedia":[{"embeddable":true,"href":"https:\/\/larevistadigital.com.ar\/blog\/wp-json\/wp\/v2\/media\/11393"}],"wp:attachment":[{"href":"https:\/\/larevistadigital.com.ar\/blog\/wp-json\/wp\/v2\/media?parent=11386"}],"wp:term":[{"taxonomy":"category","embeddable":true,"href":"https:\/\/larevistadigital.com.ar\/blog\/wp-json\/wp\/v2\/categories?post=11386"},{"taxonomy":"post_tag","embeddable":true,"href":"https:\/\/larevistadigital.com.ar\/blog\/wp-json\/wp\/v2\/tags?post=11386"}],"curies":[{"name":"wp","href":"https:\/\/api.w.org\/{rel}","templated":true}]}}