{"id":11395,"date":"2019-07-20T21:17:01","date_gmt":"2019-07-20T21:17:01","guid":{"rendered":"https:\/\/larevistadigital.com.ar\/blog\/?p=11395"},"modified":"2019-07-20T21:17:01","modified_gmt":"2019-07-20T21:17:01","slug":"operativo-especial-en-las-rutas-a-la-costa-por-las-vacaciones-de-invierno","status":"publish","type":"post","link":"https:\/\/larevistadigital.com.ar\/blog\/operativo-especial-en-las-rutas-a-la-costa-por-las-vacaciones-de-invierno\/","title":{"rendered":"OPERATIVO ESPECIAL EN LAS RUTAS A LA COSTA POR LAS VACACIONES DE INVIERNO"},"content":{"rendered":"<p dir=\"ltr\">Ante el comienzo de las vacaciones de invierno, AUBASA dispuso un operativo especial que incluye m\u00e1s m\u00f3viles de asistencia, puestos de atenci\u00f3n sanitaria y un cambio en el cronograma de trabajos para facilitar el tr\u00e1nsito a quienes viajen hacia la Costa Atl\u00e1ntica.<\/p>\n<p dir=\"ltr\">As\u00ed es que la empresa destin\u00f3 a la autopista Buenos Aires La Plata, Autov\u00eda 2\u00a0 y las rutas 11, 63, 56 y 74 un total de 23 m\u00f3viles de asistencia vial y nueve gr\u00faas que estar\u00e1n a disposici\u00f3n del servicio a los usuarios. Adem\u00e1s el operativo cuenta con un total de 15 ambulancias que se encuentran distribuidas de manera estrat\u00e9gica para acudir r\u00e1pidamente en caso de siniestro vial.<\/p>\n<p>AUBASA instal\u00f3 adem\u00e1s junto al ministerio de Salud y Same Provincia puestos sanitarios para atenci\u00f3n primaria en Ruta 2 en Samboromb\u00f3n (km 90), Dolores (km 203), Mar del Plata y en Ruta 11 en Caril\u00f3 (km 400).<\/p>\n<p dir=\"ltr\">Obras<\/p>\n<p>El cronograma de obras ser\u00e1 modificado para no entorpecer el tr\u00e1nsito. De esta manera la obra de repavimentaci\u00f3n de Ruta 2 entre los km 51 y 57 suspende sus trabajos durante el fin de semana y retoman las obras el lunes al mediod\u00eda.<\/p>\n<p dir=\"ltr\">El mismo esquema de trabajo se dar\u00e1 en Ruta 2 entre Dolores y General Guido, donde la obra de repavimentaci\u00f3n en esa zona no estar\u00e1 activa durante el fin de semana.<\/p>\n<p dir=\"ltr\">En Ruta 11 contin\u00faa el trabajo sobre los puentes de Arroyo Las V\u00edboras y Canal 9, donde rige una restricci\u00f3n a la circulaci\u00f3n del tr\u00e1nsito pesado en el tramo que va desde Pipinas a Esquina de Croto.<\/p>\n<p dir=\"ltr\">En tanto en Ruta 63 ya no hay afectaci\u00f3n del tr\u00e1nsito dado que esta semana concluyeron los trabajos de repavimentaci\u00f3n entre los km 0 y 10, a la altura de Dolores.<\/p>\n<p dir=\"ltr\">Los usuarios contar\u00e1n con informaci\u00f3n permanente sobre el estado del tr\u00e1nsito a trav\u00e9s de la cuenta de Twitter de AUBASA ( @au_ba_sa ) y a lo largo de toda la traza por Radio 2 107.1, adem\u00e1s de la carteler\u00eda variable distribuida en diferentes puntos de la traza.<\/p>\n<p dir=\"ltr\">AUBASA reitera las recomendaciones antes de emprender el viaje<\/p>\n<p dir=\"ltr\">\n\u00b7\u00a0 \u00a0 \u00a0 Descansar bien antes de viajar<\/p>\n<p dir=\"ltr\">\u00b7\u00a0 \u00a0 \u00a0 Respetar las velocidades m\u00e1ximas y la distancia entre veh\u00edculos<\/p>\n<p dir=\"ltr\">\u00b7\u00a0 \u00a0 \u00a0 Usar el cintur\u00f3n de seguridad<\/p>\n<p dir=\"ltr\">\u00b7\u00a0 \u00a0 \u00a0 Circular con las luces bajas encendidas<\/p>\n<p dir=\"ltr\">\u00b7\u00a0 \u00a0 \u00a0 No realizar adelantamientos peligrosos<\/p>\n<p dir=\"ltr\">\u00b7\u00a0 \u00a0 \u00a0 No usar el celular al volante<\/p>\n<p>\u00b7\u00a0 \u00a0 \u00a0 No ingerir alcohol si conduce<span style=\"font-size: large\">.<\/span><\/p>\n<p>FUENTE AUBASA<\/p>\n","protected":false},"excerpt":{"rendered":"<div class=\"mh-excerpt\"><p>Ante el comienzo de las vacaciones de invierno, AUBASA dispuso un operativo especial que incluye m\u00e1s m\u00f3viles de asistencia, puestos de atenci\u00f3n sanitaria y un cambio en el cronograma de trabajos para facilitar el tr\u00e1nsito <a class=\"mh-excerpt-more\" href=\"https:\/\/larevistadigital.com.ar\/blog\/operativo-especial-en-las-rutas-a-la-costa-por-las-vacaciones-de-invierno\/\" title=\"OPERATIVO ESPECIAL EN LAS RUTAS A LA COSTA POR LAS VACACIONES DE INVIERNO\">[Leer M\u00e1s]<\/a><\/p>\n<\/div>","protected":false},"author":3,"featured_media":11396,"comment_status":"open","ping_status":"open","sticky":false,"template":"","format":"standard","meta":{"_jetpack_memberships_contains_paid_content":false,"footnotes":"","jetpack_publicize_message":"","jetpack_publicize_feature_enabled":true,"jetpack_social_post_already_shared":true,"jetpack_social_options":{"image_generator_settings":{"template":"highway","default_image_id":0,"font":"","enabled":false},"version":2}},"categories":[50],"tags":[],"class_list":{"0":"post-11395","1":"post","2":"type-post","3":"status-publish","4":"format-standard","5":"has-post-thumbnail","7":"category-interes-general"},"jetpack_publicize_connections":[],"jetpack_featured_media_url":"https:\/\/i0.wp.com\/larevistadigital.com.ar\/blog\/wp-content\/uploads\/MG_2884.jpg?fit=1280%2C853&ssl=1","jetpack_sharing_enabled":true,"jetpack_shortlink":"https:\/\/wp.me\/p8qtrQ-2XN","jetpack-related-posts":[{"id":5366,"url":"https:\/\/larevistadigital.com.ar\/blog\/semana-santa-operativo-de-seguridad-y-asistencia-vial-en-todas-las-rutas-a-la-costa-atlantica\/","url_meta":{"origin":11395,"position":0},"title":"SEMANA SANTA: Operativo de seguridad y asistencia vial en todas las rutas a la Costa Atl\u00e1ntica","author":"admin","date":"29 marzo, 2018","format":false,"excerpt":"Este fin de semana largo de Pascuas,\u00a0AUBASA\u00a0informa que desplegar\u00e1 un operativo de seguridad y asistencia vial en todas las rutas que van a a la Costa. Asi es que la empresa concesionaria de la autopista Buenos Aires La Plata, la Autov\u00eda2\u00a0 y las rutas 11, 63, 56 y 74 desplegar\u00e1\u2026","rel":"","context":"En \u00abCHASCOM\u00daS\u00bb","block_context":{"text":"CHASCOM\u00daS","link":"https:\/\/larevistadigital.com.ar\/blog\/category\/chascomus\/"},"img":{"alt_text":"","src":"https:\/\/i0.wp.com\/larevistadigital.com.ar\/blog\/wp-content\/uploads\/2018\/03\/DSC_0293a-1.jpg?fit=1200%2C634&ssl=1&resize=350%2C200","width":350,"height":200,"srcset":"https:\/\/i0.wp.com\/larevistadigital.com.ar\/blog\/wp-content\/uploads\/2018\/03\/DSC_0293a-1.jpg?fit=1200%2C634&ssl=1&resize=350%2C200 1x, https:\/\/i0.wp.com\/larevistadigital.com.ar\/blog\/wp-content\/uploads\/2018\/03\/DSC_0293a-1.jpg?fit=1200%2C634&ssl=1&resize=525%2C300 1.5x, https:\/\/i0.wp.com\/larevistadigital.com.ar\/blog\/wp-content\/uploads\/2018\/03\/DSC_0293a-1.jpg?fit=1200%2C634&ssl=1&resize=700%2C400 2x, https:\/\/i0.wp.com\/larevistadigital.com.ar\/blog\/wp-content\/uploads\/2018\/03\/DSC_0293a-1.jpg?fit=1200%2C634&ssl=1&resize=1050%2C600 3x"},"classes":[]},{"id":13200,"url":"https:\/\/larevistadigital.com.ar\/blog\/aumento-un-27-la-cantidad-de-autos-hacia-la-costa-atlantica\/","url_meta":{"origin":11395,"position":1},"title":"AUMENT\u00d3 UN 27% LA CANTIDAD DE AUTOS HACIA LA COSTA ATL\u00c1NTICA","author":"Alejandro Sosa Ruda","date":"17 noviembre, 2019","format":false,"excerpt":"Seg\u00fan registros de AUBASA, un total de 141.952\u00a0 autos pasaron hacia la Costa por las estaciones de peaje distribuidas en las rutas del Corredor del Atl\u00e1ntico en el inicio del Fin de Semana largo del 18 de noviembre. Esta cifra representa un 27 % m\u00e1s que en 2018, donde se\u2026","rel":"","context":"En \u00abINTERES GENERAL\u00bb","block_context":{"text":"INTERES GENERAL","link":"https:\/\/larevistadigital.com.ar\/blog\/category\/interes-general\/"},"img":{"alt_text":"","src":"https:\/\/i0.wp.com\/larevistadigital.com.ar\/blog\/wp-content\/uploads\/Transito-a-la-Costa-1.jpg?fit=1200%2C634&ssl=1&resize=350%2C200","width":350,"height":200,"srcset":"https:\/\/i0.wp.com\/larevistadigital.com.ar\/blog\/wp-content\/uploads\/Transito-a-la-Costa-1.jpg?fit=1200%2C634&ssl=1&resize=350%2C200 1x, https:\/\/i0.wp.com\/larevistadigital.com.ar\/blog\/wp-content\/uploads\/Transito-a-la-Costa-1.jpg?fit=1200%2C634&ssl=1&resize=525%2C300 1.5x, https:\/\/i0.wp.com\/larevistadigital.com.ar\/blog\/wp-content\/uploads\/Transito-a-la-Costa-1.jpg?fit=1200%2C634&ssl=1&resize=700%2C400 2x, https:\/\/i0.wp.com\/larevistadigital.com.ar\/blog\/wp-content\/uploads\/Transito-a-la-Costa-1.jpg?fit=1200%2C634&ssl=1&resize=1050%2C600 3x"},"classes":[]},{"id":26013,"url":"https:\/\/larevistadigital.com.ar\/blog\/se-infracciono-durante-el-fin-de-semana-largo-a-40-banquineros-con-multas-de-hasta-123-400\/","url_meta":{"origin":11395,"position":2},"title":"SE INFRACCION\u00d3 DURANTE EL FIN DE SEMANA LARGO A 40 BANQUINEROS CON MULTAS DE HASTA $123.400.-","author":"Alejandro Sosa Ruda","date":"21 junio, 2022","format":false,"excerpt":"El operativo vial se realiz\u00f3 en las rutas rumbo a la Costa Atl\u00e1ntica. Destacaron que hubo una importante merma en el n\u00famero de infractores. La\u00a0Agencia Nacional de Seguridad Vial\u00a0(ANSV) mont\u00f3 un importante operativo de control y detect\u00f3 entre el jueves y el lunes\u00a0un total de 40 conductores\u00a0que transitaban por las\u2026","rel":"","context":"En \u00abDESTACADAS\u00bb","block_context":{"text":"DESTACADAS","link":"https:\/\/larevistadigital.com.ar\/blog\/category\/destacadas\/"},"img":{"alt_text":"","src":"https:\/\/i0.wp.com\/larevistadigital.com.ar\/blog\/wp-content\/uploads\/628dfade0934897d2b6c9b3b2591638eb0fbf31f.jpg?fit=1140%2C599&ssl=1&resize=350%2C200","width":350,"height":200,"srcset":"https:\/\/i0.wp.com\/larevistadigital.com.ar\/blog\/wp-content\/uploads\/628dfade0934897d2b6c9b3b2591638eb0fbf31f.jpg?fit=1140%2C599&ssl=1&resize=350%2C200 1x, https:\/\/i0.wp.com\/larevistadigital.com.ar\/blog\/wp-content\/uploads\/628dfade0934897d2b6c9b3b2591638eb0fbf31f.jpg?fit=1140%2C599&ssl=1&resize=525%2C300 1.5x, https:\/\/i0.wp.com\/larevistadigital.com.ar\/blog\/wp-content\/uploads\/628dfade0934897d2b6c9b3b2591638eb0fbf31f.jpg?fit=1140%2C599&ssl=1&resize=700%2C400 2x, https:\/\/i0.wp.com\/larevistadigital.com.ar\/blog\/wp-content\/uploads\/628dfade0934897d2b6c9b3b2591638eb0fbf31f.jpg?fit=1140%2C599&ssl=1&resize=1050%2C600 3x"},"classes":[]},{"id":14382,"url":"https:\/\/larevistadigital.com.ar\/blog\/por-el-fin-de-semana-viajan-mas-de-2500-autos-por-hora-hacia-la-costa-atlantica\/","url_meta":{"origin":11395,"position":3},"title":"POR EL FIN DE SEMANA VIAJAN M\u00c1S DE 2500 AUTOS POR HORA HACIA LA COSTA ATL\u00c1NTICA","author":"Alejandro Sosa Ruda","date":"26 enero, 2020","format":false,"excerpt":"Con tr\u00e1nsito intenso, buen tiempo y algunas demoras en zona de Samboromb\u00f3n, Lezama y Castelli,\u00a0AUBASA\u00a0registra un importante paso de veh\u00edculos hacia la Costa Atl\u00e1ntica en la ma\u00f1ana de este s\u00e1bado. La empresa estatal concesionaria de la Autopista Buenos Aires La Plata y las rutas del Corredor del Atl\u00e1ntico inform\u00f3 que\u2026","rel":"","context":"En \u00abINTERES GENERAL\u00bb","block_context":{"text":"INTERES GENERAL","link":"https:\/\/larevistadigital.com.ar\/blog\/category\/interes-general\/"},"img":{"alt_text":"","src":"https:\/\/i0.wp.com\/larevistadigital.com.ar\/blog\/wp-content\/uploads\/Transito-Ruta-1.jpeg?fit=1200%2C656&ssl=1&resize=350%2C200","width":350,"height":200,"srcset":"https:\/\/i0.wp.com\/larevistadigital.com.ar\/blog\/wp-content\/uploads\/Transito-Ruta-1.jpeg?fit=1200%2C656&ssl=1&resize=350%2C200 1x, https:\/\/i0.wp.com\/larevistadigital.com.ar\/blog\/wp-content\/uploads\/Transito-Ruta-1.jpeg?fit=1200%2C656&ssl=1&resize=525%2C300 1.5x, https:\/\/i0.wp.com\/larevistadigital.com.ar\/blog\/wp-content\/uploads\/Transito-Ruta-1.jpeg?fit=1200%2C656&ssl=1&resize=700%2C400 2x, https:\/\/i0.wp.com\/larevistadigital.com.ar\/blog\/wp-content\/uploads\/Transito-Ruta-1.jpeg?fit=1200%2C656&ssl=1&resize=1050%2C600 3x"},"classes":[]},{"id":41837,"url":"https:\/\/larevistadigital.com.ar\/blog\/finalizaron-las-obras-de-mejoras-y-repavimentacion-de-la-ruta-provincial-63\/","url_meta":{"origin":11395,"position":4},"title":"Finalizaron las obras de mejoras y repavimentaci\u00f3n de la Ruta Provincial 63","author":"Alejandro Sosa Ruda","date":"8 octubre, 2025","format":false,"excerpt":"El Ministerio de Infraestructura y Servicios P\u00fablicos de la Provincia de Buenos Aires concluy\u00f3 los trabajos de mejora y repavimentaci\u00f3n en un tramo de 29,5 kil\u00f3metros de la Ruta Provincial 63, que conecta las localidades de Tordillo y Dolores. Estas obras optimizan la circulaci\u00f3n y la seguridad vial de miles\u2026","rel":"","context":"En \u00abREGIONALES\u00bb","block_context":{"text":"REGIONALES","link":"https:\/\/larevistadigital.com.ar\/blog\/category\/regionales\/"},"img":{"alt_text":"","src":"https:\/\/i0.wp.com\/larevistadigital.com.ar\/blog\/wp-content\/uploads\/20251008191548_repavimentacion-ruta-provincial-63-dolores-tordillo.jpg?fit=880%2C512&ssl=1&resize=350%2C200","width":350,"height":200,"srcset":"https:\/\/i0.wp.com\/larevistadigital.com.ar\/blog\/wp-content\/uploads\/20251008191548_repavimentacion-ruta-provincial-63-dolores-tordillo.jpg?fit=880%2C512&ssl=1&resize=350%2C200 1x, https:\/\/i0.wp.com\/larevistadigital.com.ar\/blog\/wp-content\/uploads\/20251008191548_repavimentacion-ruta-provincial-63-dolores-tordillo.jpg?fit=880%2C512&ssl=1&resize=525%2C300 1.5x, https:\/\/i0.wp.com\/larevistadigital.com.ar\/blog\/wp-content\/uploads\/20251008191548_repavimentacion-ruta-provincial-63-dolores-tordillo.jpg?fit=880%2C512&ssl=1&resize=700%2C400 2x"},"classes":[]},{"id":39783,"url":"https:\/\/larevistadigital.com.ar\/blog\/tragedia-en-la-ruta-11-un-choque-frontal-dejo-un-muerto-y-un-herido-grave-cerca-de-mar-azul\/","url_meta":{"origin":11395,"position":5},"title":"Tragedia en la Ruta 11: un choque frontal dej\u00f3 un muerto y un herido grave cerca de Mar Azul","author":"Alejandro Sosa Ruda","date":"19 mayo, 2025","format":false,"excerpt":"\u00a0dEl conductor de un Volkswagen Gol falleci\u00f3 en el acto tras impactar de frente con una camioneta Ford Ranger. El hecho ocurri\u00f3 el s\u00e1bado por la noche y a\u00fan investigan las causas del siniestro. 19 de Mayo de 2025 MAR AZUL -\u00a0 Un nuevo siniestro vial en la Ruta Provincial\u2026","rel":"","context":"En \u00abPOLICIALES\u00bb","block_context":{"text":"POLICIALES","link":"https:\/\/larevistadigital.com.ar\/blog\/category\/policiales\/"},"img":{"alt_text":"","src":"https:\/\/i0.wp.com\/larevistadigital.com.ar\/blog\/wp-content\/uploads\/ef08c4d89ca94c90426cf2b021a5f8d0cd5977b8.jpeg?fit=1125%2C900&ssl=1&resize=350%2C200","width":350,"height":200,"srcset":"https:\/\/i0.wp.com\/larevistadigital.com.ar\/blog\/wp-content\/uploads\/ef08c4d89ca94c90426cf2b021a5f8d0cd5977b8.jpeg?fit=1125%2C900&ssl=1&resize=350%2C200 1x, https:\/\/i0.wp.com\/larevistadigital.com.ar\/blog\/wp-content\/uploads\/ef08c4d89ca94c90426cf2b021a5f8d0cd5977b8.jpeg?fit=1125%2C900&ssl=1&resize=525%2C300 1.5x, https:\/\/i0.wp.com\/larevistadigital.com.ar\/blog\/wp-content\/uploads\/ef08c4d89ca94c90426cf2b021a5f8d0cd5977b8.jpeg?fit=1125%2C900&ssl=1&resize=700%2C400 2x, https:\/\/i0.wp.com\/larevistadigital.com.ar\/blog\/wp-content\/uploads\/ef08c4d89ca94c90426cf2b021a5f8d0cd5977b8.jpeg?fit=1125%2C900&ssl=1&resize=1050%2C600 3x"},"classes":[]}],"_links":{"self":[{"href":"https:\/\/larevistadigital.com.ar\/blog\/wp-json\/wp\/v2\/posts\/11395","targetHints":{"allow":["GET"]}}],"collection":[{"href":"https:\/\/larevistadigital.com.ar\/blog\/wp-json\/wp\/v2\/posts"}],"about":[{"href":"https:\/\/larevistadigital.com.ar\/blog\/wp-json\/wp\/v2\/types\/post"}],"author":[{"embeddable":true,"href":"https:\/\/larevistadigital.com.ar\/blog\/wp-json\/wp\/v2\/users\/3"}],"replies":[{"embeddable":true,"href":"https:\/\/larevistadigital.com.ar\/blog\/wp-json\/wp\/v2\/comments?post=11395"}],"version-history":[{"count":1,"href":"https:\/\/larevistadigital.com.ar\/blog\/wp-json\/wp\/v2\/posts\/11395\/revisions"}],"predecessor-version":[{"id":11397,"href":"https:\/\/larevistadigital.com.ar\/blog\/wp-json\/wp\/v2\/posts\/11395\/revisions\/11397"}],"wp:featuredmedia":[{"embeddable":true,"href":"https:\/\/larevistadigital.com.ar\/blog\/wp-json\/wp\/v2\/media\/11396"}],"wp:attachment":[{"href":"https:\/\/larevistadigital.com.ar\/blog\/wp-json\/wp\/v2\/media?parent=11395"}],"wp:term":[{"taxonomy":"category","embeddable":true,"href":"https:\/\/larevistadigital.com.ar\/blog\/wp-json\/wp\/v2\/categories?post=11395"},{"taxonomy":"post_tag","embeddable":true,"href":"https:\/\/larevistadigital.com.ar\/blog\/wp-json\/wp\/v2\/tags?post=11395"}],"curies":[{"name":"wp","href":"https:\/\/api.w.org\/{rel}","templated":true}]}}