{"id":11399,"date":"2019-07-20T21:34:06","date_gmt":"2019-07-20T21:34:06","guid":{"rendered":"https:\/\/larevistadigital.com.ar\/blog\/?p=11399"},"modified":"2019-07-20T21:34:06","modified_gmt":"2019-07-20T21:34:06","slug":"brandsen-delincuente-intento-robar-y-termino-herido-en-enfrentamiento-con-la-policia","status":"publish","type":"post","link":"https:\/\/larevistadigital.com.ar\/blog\/brandsen-delincuente-intento-robar-y-termino-herido-en-enfrentamiento-con-la-policia\/","title":{"rendered":"BRANDSEN: DELINCUENTE INTENT\u00d3 ROBAR, Y TERMIN\u00d3 HERIDO EN ENFRENTAMIENTO CON LA POLIC\u00cdA"},"content":{"rendered":"<p>Pasado el mediod\u00eda de este s\u00e1bado 20 de Julio, el sistema de emergencias 911 recibi\u00f3 la alerta de un sujeto que estar\u00eda intentando cometer un robo a punta de pistola en una quinta de ruta 6 a la altura del kil\u00f3metro 34, por lo que llegan al lugar efectivos de la comisar\u00eda de Olmos y del CPR de Brandsen, quienes visualizan que el delincuente se daba a la fuga.<\/p>\n<p><strong>Le dan la voz de alto y el malviviente le apunta con el arma a los informados por lo que estos efect\u00faan un disparo y lo hieren.<\/strong><\/p>\n<p>El sujeto fue trasladado al hospital Melchor Romero de La Plata y se encuentra fuera de peligro. Una vez terminadas las curaciones, quedar\u00e1 detenido.<\/p>\n<p>FUENTE E IM\u00c1GEN:DLN<\/p>\n","protected":false},"excerpt":{"rendered":"<div class=\"mh-excerpt\"><p>Pasado el mediod\u00eda de este s\u00e1bado 20 de Julio, el sistema de emergencias 911 recibi\u00f3 la alerta de un sujeto que estar\u00eda intentando cometer un robo a punta de pistola en una quinta de ruta <a class=\"mh-excerpt-more\" href=\"https:\/\/larevistadigital.com.ar\/blog\/brandsen-delincuente-intento-robar-y-termino-herido-en-enfrentamiento-con-la-policia\/\" title=\"BRANDSEN: DELINCUENTE INTENT\u00d3 ROBAR, Y TERMIN\u00d3 HERIDO EN ENFRENTAMIENTO CON LA POLIC\u00cdA\">[Leer M\u00e1s]<\/a><\/p>\n<\/div>","protected":false},"author":3,"featured_media":11400,"comment_status":"open","ping_status":"open","sticky":false,"template":"","format":"standard","meta":{"_jetpack_memberships_contains_paid_content":false,"footnotes":"","jetpack_publicize_message":"","jetpack_publicize_feature_enabled":true,"jetpack_social_post_already_shared":true,"jetpack_social_options":{"image_generator_settings":{"template":"highway","default_image_id":0,"font":"","enabled":false},"version":2}},"categories":[44,51],"tags":[],"class_list":{"0":"post-11399","1":"post","2":"type-post","3":"status-publish","4":"format-standard","5":"has-post-thumbnail","7":"category-policiales","8":"category-regionales"},"jetpack_publicize_connections":[],"jetpack_featured_media_url":"https:\/\/i0.wp.com\/larevistadigital.com.ar\/blog\/wp-content\/uploads\/IMG-20190720-WA0014_wm.jpg?fit=1024%2C768&ssl=1","jetpack_sharing_enabled":true,"jetpack_shortlink":"https:\/\/wp.me\/p8qtrQ-2XR","jetpack-related-posts":[{"id":11646,"url":"https:\/\/larevistadigital.com.ar\/blog\/brandsen-fue-a-atenderse-al-hospital-y-le-robo-el-celular-al-medico\/","url_meta":{"origin":11399,"position":0},"title":"BRANDSEN: FUE A ATENDERSE AL HOSPITAL Y LE ROB\u00d3 EL CELULAR AL M\u00c9DICO","author":"Alejandro Sosa Ruda","date":"31 julio, 2019","format":false,"excerpt":"Lograron detener al delincuente de 43 a\u00f1os siguiendo el GPS del celular. En la tarde de este martes 30 de Julio, una persona oriunda de esta ciudad\u00a0ingres\u00f3 a la guardia del Hospital Municipal Francisco Caram, por distintos malestares. Finalizada la revisi\u00f3n m\u00e9dica, el paciente se retira y el m\u00e9dico se\u2026","rel":"","context":"En \u00abREGIONALES\u00bb","block_context":{"text":"REGIONALES","link":"https:\/\/larevistadigital.com.ar\/blog\/category\/regionales\/"},"img":{"alt_text":"","src":"https:\/\/i0.wp.com\/larevistadigital.com.ar\/blog\/wp-content\/uploads\/Incluir-Salud_2.jpg?fit=640%2C560&ssl=1&resize=350%2C200","width":350,"height":200,"srcset":"https:\/\/i0.wp.com\/larevistadigital.com.ar\/blog\/wp-content\/uploads\/Incluir-Salud_2.jpg?fit=640%2C560&ssl=1&resize=350%2C200 1x, https:\/\/i0.wp.com\/larevistadigital.com.ar\/blog\/wp-content\/uploads\/Incluir-Salud_2.jpg?fit=640%2C560&ssl=1&resize=525%2C300 1.5x"},"classes":[]},{"id":12076,"url":"https:\/\/larevistadigital.com.ar\/blog\/brandsen-cae-delincuente-buscado-por-robo\/","url_meta":{"origin":11399,"position":1},"title":"BRANDSEN: CAE DELINCUENTE BUSCADO POR ROBO","author":"Alejandro Sosa Ruda","date":"15 septiembre, 2019","format":false,"excerpt":"En la tarde de este s\u00e1bado 14 de septiembre, tras reunir material f\u00edlmico, testimonios y dem\u00e1s, la polic\u00eda de la ciudad de Brandsen\u00a0allan\u00f3 y detuvo al acusado de robar una casa en calle Saavedra esquina Pueyrredon. \"Dando inicio de la presente investigaci\u00f3n con fecha 03 de Septiembre, tras haberse recepcionado\u2026","rel":"","context":"En \u00abREGIONALES\u00bb","block_context":{"text":"REGIONALES","link":"https:\/\/larevistadigital.com.ar\/blog\/category\/regionales\/"},"img":{"alt_text":"","src":"https:\/\/i0.wp.com\/larevistadigital.com.ar\/blog\/wp-content\/uploads\/detenido-esposado.jpg?fit=1024%2C683&ssl=1&resize=350%2C200","width":350,"height":200,"srcset":"https:\/\/i0.wp.com\/larevistadigital.com.ar\/blog\/wp-content\/uploads\/detenido-esposado.jpg?fit=1024%2C683&ssl=1&resize=350%2C200 1x, https:\/\/i0.wp.com\/larevistadigital.com.ar\/blog\/wp-content\/uploads\/detenido-esposado.jpg?fit=1024%2C683&ssl=1&resize=525%2C300 1.5x, https:\/\/i0.wp.com\/larevistadigital.com.ar\/blog\/wp-content\/uploads\/detenido-esposado.jpg?fit=1024%2C683&ssl=1&resize=700%2C400 2x"},"classes":[]},{"id":8278,"url":"https:\/\/larevistadigital.com.ar\/blog\/brandsen-discuten-en-la-calle-saca-un-punal-y-los-ataca\/","url_meta":{"origin":11399,"position":2},"title":"BRANDSEN: DISCUTEN EN LA CALLE, SACA UN PU\u00d1AL Y LOS ATACA","author":"Alejandro Sosa Ruda","date":"10 febrero, 2019","format":false,"excerpt":"Ocurri\u00f3 en madrugada de este s\u00e1bado 9 de febrero en calle Pintos entre 11 y 12 del barrio Los Pinos. Lucas y Mat\u00edas\u00a0-ambos vecinos de Brandsen de 19 a\u00f1os de edad-,\u00a0acompa\u00f1an a tres amigas a sus casas en el barrio Los Pinos, cuando pasa un sujeto acompa\u00f1ado por qui\u00e9n ser\u00eda\u2026","rel":"","context":"En \u00abPOLICIALES\u00bb","block_context":{"text":"POLICIALES","link":"https:\/\/larevistadigital.com.ar\/blog\/category\/policiales\/"},"img":{"alt_text":"","src":"https:\/\/i0.wp.com\/larevistadigital.com.ar\/blog\/wp-content\/uploads\/2019\/02\/cuchillo-untar-sangre-artificial-superficie-piedra_23-2147895135.jpg?fit=626%2C417&ssl=1&resize=350%2C200","width":350,"height":200,"srcset":"https:\/\/i0.wp.com\/larevistadigital.com.ar\/blog\/wp-content\/uploads\/2019\/02\/cuchillo-untar-sangre-artificial-superficie-piedra_23-2147895135.jpg?fit=626%2C417&ssl=1&resize=350%2C200 1x, https:\/\/i0.wp.com\/larevistadigital.com.ar\/blog\/wp-content\/uploads\/2019\/02\/cuchillo-untar-sangre-artificial-superficie-piedra_23-2147895135.jpg?fit=626%2C417&ssl=1&resize=525%2C300 1.5x"},"classes":[]},{"id":10533,"url":"https:\/\/larevistadigital.com.ar\/blog\/operativo-cerrojo-detienen-en-samborombon-a-delincuente-que-robo-en-dolores\/","url_meta":{"origin":11399,"position":3},"title":"OPERATIVO CERROJO: DETIENEN EN SAMBOROMB\u00d3N A DELINCUENTE QUE ROB\u00d3 EN DOLORES","author":"Alejandro Sosa Ruda","date":"10 junio, 2019","format":false,"excerpt":"Personal del Destacamento de Polic\u00eda Vial de Samboromb\u00f3n en conjunto a efectivos del CPR de Brandsen, previa alerta radial de la base Operativa 911 aprehendi\u00f3 a un sujeto que viajaba en un \u00f3mnibus de la empresa Estrella-C\u00f3ndor con destino a la Capital Federal y hab\u00eda cometido un robo en la\u2026","rel":"","context":"En \u00abPOLICIALES\u00bb","block_context":{"text":"POLICIALES","link":"https:\/\/larevistadigital.com.ar\/blog\/category\/policiales\/"},"img":{"alt_text":"","src":"https:\/\/i0.wp.com\/larevistadigital.com.ar\/blog\/wp-content\/uploads\/Screenshot_2-6.jpg?fit=959%2C673&ssl=1&resize=350%2C200","width":350,"height":200,"srcset":"https:\/\/i0.wp.com\/larevistadigital.com.ar\/blog\/wp-content\/uploads\/Screenshot_2-6.jpg?fit=959%2C673&ssl=1&resize=350%2C200 1x, https:\/\/i0.wp.com\/larevistadigital.com.ar\/blog\/wp-content\/uploads\/Screenshot_2-6.jpg?fit=959%2C673&ssl=1&resize=525%2C300 1.5x, https:\/\/i0.wp.com\/larevistadigital.com.ar\/blog\/wp-content\/uploads\/Screenshot_2-6.jpg?fit=959%2C673&ssl=1&resize=700%2C400 2x"},"classes":[]},{"id":33464,"url":"https:\/\/larevistadigital.com.ar\/blog\/chascomus-durante-tareas-preventivas-la-policia-intercepto-un-sujeto-con-pedido-de-captura-por-robo-en-brandsen\/","url_meta":{"origin":11399,"position":4},"title":"CHASCOM\u00daS: DURANTE TAREAS PREVENTIVAS LA POLIC\u00cdA INTERCEPT\u00d3 UN SUJETO CON PEDIDO DE CAPTURA POR ROBO EN BRANDSEN","author":"Alejandro Sosa Ruda","date":"15 septiembre, 2023","format":false,"excerpt":"El sujeto ten\u00eda pedido de captura por Hurto. 15 de Septiembre de 2023 CHASCOM\u00daS -\u00a0 En horas de la madrugada personal policial de EPC Chascomus 1ra. continuando con las diferentes tareas preventivas realizando operativo de interceptacion selectiva de personas, lograron interceptar en Colombia y Ameghino a una persona de sexo\u2026","rel":"","context":"En \u00abCHASCOM\u00daS\u00bb","block_context":{"text":"CHASCOM\u00daS","link":"https:\/\/larevistadigital.com.ar\/blog\/category\/chascomus\/"},"img":{"alt_text":"","src":"https:\/\/i0.wp.com\/larevistadigital.com.ar\/blog\/wp-content\/uploads\/WhatsApp-Image-2023-09-15-at-09.30.22-e1694793939517.jpeg?fit=966%2C293&ssl=1&resize=350%2C200","width":350,"height":200,"srcset":"https:\/\/i0.wp.com\/larevistadigital.com.ar\/blog\/wp-content\/uploads\/WhatsApp-Image-2023-09-15-at-09.30.22-e1694793939517.jpeg?fit=966%2C293&ssl=1&resize=350%2C200 1x, https:\/\/i0.wp.com\/larevistadigital.com.ar\/blog\/wp-content\/uploads\/WhatsApp-Image-2023-09-15-at-09.30.22-e1694793939517.jpeg?fit=966%2C293&ssl=1&resize=525%2C300 1.5x, https:\/\/i0.wp.com\/larevistadigital.com.ar\/blog\/wp-content\/uploads\/WhatsApp-Image-2023-09-15-at-09.30.22-e1694793939517.jpeg?fit=966%2C293&ssl=1&resize=700%2C400 2x"},"classes":[]},{"id":24173,"url":"https:\/\/larevistadigital.com.ar\/blog\/vecino-descubre-a-un-delincuente-en-su-domicilio-y-tras-llamar-al-911-la-policia-pudo-detener-al-sujeto-antes-que-se-diera-a-la-fuga\/","url_meta":{"origin":11399,"position":5},"title":"VECINO DESCUBRE A UN DELINCUENTE EN SU DOMICILIO, Y TRAS LLAMAR AL 911 LA POLIC\u00cdA PUDO DETENER AL SUJETO ANTES QUE SE DIERA A LA FUGA","author":"Alejandro Sosa Ruda","date":"25 febrero, 2022","format":false,"excerpt":"CHASCOM\u00daS -\u00a0 Durante la ma\u00f1ana de hoy viernes, Juan Carlos, vecino de nuestra ciudad que en cercan\u00edas a su domicilio, m\u00e1s precisamente en calle Artigas al 200 que sucedi\u00f3 un hecho donde un individuo de sexo masculino ingres\u00f3 a una casa y aparentemente los moradores llamaron al 911, para solicitar\u2026","rel":"","context":"En \u00abINTERES GENERAL\u00bb","block_context":{"text":"INTERES GENERAL","link":"https:\/\/larevistadigital.com.ar\/blog\/category\/interes-general\/"},"img":{"alt_text":"","src":"","width":0,"height":0},"classes":[]}],"_links":{"self":[{"href":"https:\/\/larevistadigital.com.ar\/blog\/wp-json\/wp\/v2\/posts\/11399","targetHints":{"allow":["GET"]}}],"collection":[{"href":"https:\/\/larevistadigital.com.ar\/blog\/wp-json\/wp\/v2\/posts"}],"about":[{"href":"https:\/\/larevistadigital.com.ar\/blog\/wp-json\/wp\/v2\/types\/post"}],"author":[{"embeddable":true,"href":"https:\/\/larevistadigital.com.ar\/blog\/wp-json\/wp\/v2\/users\/3"}],"replies":[{"embeddable":true,"href":"https:\/\/larevistadigital.com.ar\/blog\/wp-json\/wp\/v2\/comments?post=11399"}],"version-history":[{"count":1,"href":"https:\/\/larevistadigital.com.ar\/blog\/wp-json\/wp\/v2\/posts\/11399\/revisions"}],"predecessor-version":[{"id":11401,"href":"https:\/\/larevistadigital.com.ar\/blog\/wp-json\/wp\/v2\/posts\/11399\/revisions\/11401"}],"wp:featuredmedia":[{"embeddable":true,"href":"https:\/\/larevistadigital.com.ar\/blog\/wp-json\/wp\/v2\/media\/11400"}],"wp:attachment":[{"href":"https:\/\/larevistadigital.com.ar\/blog\/wp-json\/wp\/v2\/media?parent=11399"}],"wp:term":[{"taxonomy":"category","embeddable":true,"href":"https:\/\/larevistadigital.com.ar\/blog\/wp-json\/wp\/v2\/categories?post=11399"},{"taxonomy":"post_tag","embeddable":true,"href":"https:\/\/larevistadigital.com.ar\/blog\/wp-json\/wp\/v2\/tags?post=11399"}],"curies":[{"name":"wp","href":"https:\/\/api.w.org\/{rel}","templated":true}]}}